{"id":80008,"date":"2022-11-11T16:58:41","date_gmt":"2022-11-11T16:58:41","guid":{"rendered":"http:\/\/www.noticiasradioreflejos.com.ar\/2021\/?p=80008"},"modified":"2022-11-11T16:58:41","modified_gmt":"2022-11-11T16:58:41","slug":"una-encuesta-en-institutos-de-ensenanza-revela-que-en-2023-habra-menos-matriculados-y-que-persisten-los-niveles-de-morosidad","status":"publish","type":"post","link":"https:\/\/www.noticiasradioreflejos.com.ar\/2021\/una-encuesta-en-institutos-de-ensenanza-revela-que-en-2023-habra-menos-matriculados-y-que-persisten-los-niveles-de-morosidad\/","title":{"rendered":"Una encuesta en institutos de ense\u00f1anza revela que en 2023 habr\u00e1 menos matriculados y que persisten los niveles de morosidad"},"content":{"rendered":"<p>A pocos d\u00edas de la finalizaci\u00f3n del ciclo lectivo 2022 y cuando el per\u00edodo de inscripci\u00f3n para el a\u00f1o 2023 est\u00e1 en pleno proceso, el 40% de los colegios privados de la provincia tiene menos matriculados que en 2022.<!--more--><\/p>\n<p>Seg\u00fan un relevamiento realizado por AIEPBA (Asociaci\u00f3n de Institutos de Ense\u00f1anza Privada de la Provincia de Buenos Aires) determina, adem\u00e1s, que el 60% de los establecimientos educativos no estatales de la provincia tienen retrasos en los pagos que alcanzan al 30% de los estudiantes.<\/p>\n<p>La entidad que agrupa a m\u00e1s de 2.300 centros de ense\u00f1anza de gesti\u00f3n no oficial en todo el territorio consult\u00f3 a los propietarios a trav\u00e9s de una encuesta y revel\u00f3 que apenas el 5% de los institutos tienen morosidad en menos del 12% de sus matriculados. El resto presenta demoras en el pago de los aranceles acordados con los padres de los alumnos.<\/p>\n<p>La consulta expone adem\u00e1s, que el 30% de los establecimientos presenta m\u00e1s morosidad que en 2021. Pero el 65% declara tener igual morosidad que en 2021, cuando se registr\u00f3 un pico hist\u00f3rico de falta de pago como consecuencia de las secuelas de la cuarentena por la pandemia de Covid-19.<\/p>\n<p>\u00abNos preocupan los retrasos en el cumplimiento de los compromisos pero tambi\u00e9n es un dato que alarma la ca\u00edda en el n\u00famero de inscriptos que tenemos para el a\u00f1o que viene. Si bien la matriculaci\u00f3n est\u00e1 en pleno proceso, hay una merma aproximada del 15 por ciento con respecto al mismo per\u00edodo del a\u00f1o pasado. Y el nivel inicial es el m\u00e1s afectado\u201d, dijo el Secretario Ejecutivo de AIEPBA, Mart\u00edn Zurita.<\/p>\n<p>Los jardines maternales son los que presentan menos morosidad. Un 50% de los consultados en esos niveles educativos registran un incremento en el porcentaje de cobrabilidad. Lo contrario ocurre con los establecimientos de educaci\u00f3n especial y en los centros de formaci\u00f3n profesional donde m\u00e1s del 50% de los propietarios admite que hay m\u00e1s retrasos en los pagos que en el a\u00f1o 2021.<\/p>\n<p>Pero hay otro dato que resulta elocuente: En la encuesta, el 41% de los colegios declar\u00f3  tener menos matriculados que en 2021. Los niveles maternal, inicial y primaria son los que tienen menos matriculaci\u00f3n y consultas.<\/p>\n<p>\u00abAdvertimos un corrimiento desde colegios con matr\u00edculas m\u00e1s altas -que ofrecen servicios educativos complementarios- hacia institutos que resultan m\u00e1s econ\u00f3micos. Y adem\u00e1s, este panorama se presenta luego de que la pandemia provoc\u00f3 el cierre de por lo menos 80 establecimientos en toda la Provincia. Eso representa casi 50 mil pupitres menos en el sistema privado de ense\u00f1anza\u00bb, coment\u00f3 Zurita.<\/p>\n<p>En inicial, jardines de infantes, el 48% de los consultados registra menos consultas e inscripciones para 2023 que las plazas que cubri\u00f3 en el presente ciclo lectivo.<br \/>\nEste a\u00f1o, los aumentos en los valores de los aranceles que autoriz\u00f3 la Provincia de Buenos Aires estuvieron por debajo del porcentaje de inflaci\u00f3n que inform\u00f3 el Indec y tambi\u00e9n fue menor al aumento otorgado a los docentes del sistema.<\/p>\n","protected":false},"excerpt":{"rendered":"<p>A pocos d\u00edas de la finalizaci\u00f3n del ciclo lectivo 2022 y cuando el per\u00edodo de inscripci\u00f3n para el a\u00f1o 2023 est\u00e1 en pleno proceso, el 40% de los colegios privados de la provincia tiene menos matriculados que en 2022.<\/p>\n","protected":false},"author":3,"featured_media":0,"comment_status":"closed","ping_status":"closed","sticky":false,"template":"","format":"standard","meta":{"footnotes":""},"categories":[34],"tags":[],"class_list":["post-80008","post","type-post","status-publish","format-standard","hentry","category-educacion"],"yoast_head":"<!-- This site is optimized with the Yoast SEO plugin v25.9 - https:\/\/yoast.com\/wordpress\/plugins\/seo\/ -->\n<title>Una encuesta en institutos de ense\u00f1anza revela que en 2023 habr\u00e1 menos matriculados y que persisten los niveles de morosidad - Noticias Radio Reflejos<\/title>\n<meta name=\"robots\" content=\"index, follow, max-snippet:-1, max-image-preview:large, max-video-preview:-1\" \/>\n<link rel=\"canonical\" href=\"https:\/\/www.noticiasradioreflejos.com.ar\/2021\/una-encuesta-en-institutos-de-ensenanza-revela-que-en-2023-habra-menos-matriculados-y-que-persisten-los-niveles-de-morosidad\/\" \/>\n<meta property=\"og:locale\" content=\"es_ES\" \/>\n<meta property=\"og:type\" content=\"article\" \/>\n<meta property=\"og:title\" content=\"Una encuesta en institutos de ense\u00f1anza revela que en 2023 habr\u00e1 menos matriculados y que persisten los niveles de morosidad - Noticias Radio Reflejos\" \/>\n<meta property=\"og:description\" content=\"A pocos d\u00edas de la finalizaci\u00f3n del ciclo lectivo 2022 y cuando el per\u00edodo de inscripci\u00f3n para el a\u00f1o 2023 est\u00e1 en pleno proceso, el 40% de los colegios privados de la provincia tiene menos matriculados que en 2022.\" \/>\n<meta property=\"og:url\" content=\"https:\/\/www.noticiasradioreflejos.com.ar\/2021\/una-encuesta-en-institutos-de-ensenanza-revela-que-en-2023-habra-menos-matriculados-y-que-persisten-los-niveles-de-morosidad\/\" \/>\n<meta property=\"og:site_name\" content=\"Noticias Radio Reflejos\" \/>\n<meta property=\"article:published_time\" content=\"2022-11-11T16:58:41+00:00\" \/>\n<meta property=\"og:image\" content=\"https:\/\/www.noticiasradioreflejos.com.ar\/2021\/wp-content\/uploads\/2021\/07\/logosol300x200.png\" \/>\n\t<meta property=\"og:image:width\" content=\"300\" \/>\n\t<meta property=\"og:image:height\" content=\"200\" \/>\n\t<meta property=\"og:image:type\" content=\"image\/png\" \/>\n<meta name=\"author\" content=\"Arnaldo Botto\" \/>\n<meta name=\"twitter:card\" content=\"summary_large_image\" \/>\n<script type=\"application\/ld+json\" class=\"yoast-schema-graph\">{\"@context\":\"https:\/\/schema.org\",\"@graph\":[{\"@type\":\"WebPage\",\"@id\":\"https:\/\/www.noticiasradioreflejos.com.ar\/2021\/una-encuesta-en-institutos-de-ensenanza-revela-que-en-2023-habra-menos-matriculados-y-que-persisten-los-niveles-de-morosidad\/\",\"url\":\"https:\/\/www.noticiasradioreflejos.com.ar\/2021\/una-encuesta-en-institutos-de-ensenanza-revela-que-en-2023-habra-menos-matriculados-y-que-persisten-los-niveles-de-morosidad\/\",\"name\":\"Una encuesta en institutos de ense\u00f1anza revela que en 2023 habr\u00e1 menos matriculados y que persisten los niveles de morosidad - Noticias Radio Reflejos\",\"isPartOf\":{\"@id\":\"https:\/\/www.noticiasradioreflejos.com.ar\/2021\/#website\"},\"datePublished\":\"2022-11-11T16:58:41+00:00\",\"author\":{\"@id\":\"https:\/\/www.noticiasradioreflejos.com.ar\/2021\/#\/schema\/person\/ad82545263dcc5ec0996818884fd5fb1\"},\"breadcrumb\":{\"@id\":\"https:\/\/www.noticiasradioreflejos.com.ar\/2021\/una-encuesta-en-institutos-de-ensenanza-revela-que-en-2023-habra-menos-matriculados-y-que-persisten-los-niveles-de-morosidad\/#breadcrumb\"},\"inLanguage\":\"es\",\"potentialAction\":[{\"@type\":\"ReadAction\",\"target\":[\"https:\/\/www.noticiasradioreflejos.com.ar\/2021\/una-encuesta-en-institutos-de-ensenanza-revela-que-en-2023-habra-menos-matriculados-y-que-persisten-los-niveles-de-morosidad\/\"]}]},{\"@type\":\"BreadcrumbList\",\"@id\":\"https:\/\/www.noticiasradioreflejos.com.ar\/2021\/una-encuesta-en-institutos-de-ensenanza-revela-que-en-2023-habra-menos-matriculados-y-que-persisten-los-niveles-de-morosidad\/#breadcrumb\",\"itemListElement\":[{\"@type\":\"ListItem\",\"position\":1,\"name\":\"Portada\",\"item\":\"https:\/\/www.noticiasradioreflejos.com.ar\/2021\/\"},{\"@type\":\"ListItem\",\"position\":2,\"name\":\"Una encuesta en institutos de ense\u00f1anza revela que en 2023 habr\u00e1 menos matriculados y que persisten los niveles de morosidad\"}]},{\"@type\":\"WebSite\",\"@id\":\"https:\/\/www.noticiasradioreflejos.com.ar\/2021\/#website\",\"url\":\"https:\/\/www.noticiasradioreflejos.com.ar\/2021\/\",\"name\":\"Noticias Radio Reflejos\",\"description\":\"Las noticias de mi comarca\",\"potentialAction\":[{\"@type\":\"SearchAction\",\"target\":{\"@type\":\"EntryPoint\",\"urlTemplate\":\"https:\/\/www.noticiasradioreflejos.com.ar\/2021\/?s={search_term_string}\"},\"query-input\":{\"@type\":\"PropertyValueSpecification\",\"valueRequired\":true,\"valueName\":\"search_term_string\"}}],\"inLanguage\":\"es\"},{\"@type\":\"Person\",\"@id\":\"https:\/\/www.noticiasradioreflejos.com.ar\/2021\/#\/schema\/person\/ad82545263dcc5ec0996818884fd5fb1\",\"name\":\"Arnaldo Botto\",\"image\":{\"@type\":\"ImageObject\",\"inLanguage\":\"es\",\"@id\":\"https:\/\/www.noticiasradioreflejos.com.ar\/2021\/#\/schema\/person\/image\/\",\"url\":\"https:\/\/secure.gravatar.com\/avatar\/55cb5e37c1efa326397366e6974cb338056df65cb50e7d64d1cf314e87504837?s=96&d=mm&r=g\",\"contentUrl\":\"https:\/\/secure.gravatar.com\/avatar\/55cb5e37c1efa326397366e6974cb338056df65cb50e7d64d1cf314e87504837?s=96&d=mm&r=g\",\"caption\":\"Arnaldo Botto\"},\"url\":\"https:\/\/www.noticiasradioreflejos.com.ar\/2021\/author\/arnaldo\/\"}]}<\/script>\n<!-- \/ Yoast SEO plugin. -->","yoast_head_json":{"title":"Una encuesta en institutos de ense\u00f1anza revela que en 2023 habr\u00e1 menos matriculados y que persisten los niveles de morosidad - Noticias Radio Reflejos","robots":{"index":"index","follow":"follow","max-snippet":"max-snippet:-1","max-image-preview":"max-image-preview:large","max-video-preview":"max-video-preview:-1"},"canonical":"https:\/\/www.noticiasradioreflejos.com.ar\/2021\/una-encuesta-en-institutos-de-ensenanza-revela-que-en-2023-habra-menos-matriculados-y-que-persisten-los-niveles-de-morosidad\/","og_locale":"es_ES","og_type":"article","og_title":"Una encuesta en institutos de ense\u00f1anza revela que en 2023 habr\u00e1 menos matriculados y que persisten los niveles de morosidad - Noticias Radio Reflejos","og_description":"A pocos d\u00edas de la finalizaci\u00f3n del ciclo lectivo 2022 y cuando el per\u00edodo de inscripci\u00f3n para el a\u00f1o 2023 est\u00e1 en pleno proceso, el 40% de los colegios privados de la provincia tiene menos matriculados que en 2022.","og_url":"https:\/\/www.noticiasradioreflejos.com.ar\/2021\/una-encuesta-en-institutos-de-ensenanza-revela-que-en-2023-habra-menos-matriculados-y-que-persisten-los-niveles-de-morosidad\/","og_site_name":"Noticias Radio Reflejos","article_published_time":"2022-11-11T16:58:41+00:00","og_image":[{"width":300,"height":200,"url":"https:\/\/www.noticiasradioreflejos.com.ar\/2021\/wp-content\/uploads\/2021\/07\/logosol300x200.png","type":"image\/png"}],"author":"Arnaldo Botto","twitter_card":"summary_large_image","schema":{"@context":"https:\/\/schema.org","@graph":[{"@type":"WebPage","@id":"https:\/\/www.noticiasradioreflejos.com.ar\/2021\/una-encuesta-en-institutos-de-ensenanza-revela-que-en-2023-habra-menos-matriculados-y-que-persisten-los-niveles-de-morosidad\/","url":"https:\/\/www.noticiasradioreflejos.com.ar\/2021\/una-encuesta-en-institutos-de-ensenanza-revela-que-en-2023-habra-menos-matriculados-y-que-persisten-los-niveles-de-morosidad\/","name":"Una encuesta en institutos de ense\u00f1anza revela que en 2023 habr\u00e1 menos matriculados y que persisten los niveles de morosidad - Noticias Radio Reflejos","isPartOf":{"@id":"https:\/\/www.noticiasradioreflejos.com.ar\/2021\/#website"},"datePublished":"2022-11-11T16:58:41+00:00","author":{"@id":"https:\/\/www.noticiasradioreflejos.com.ar\/2021\/#\/schema\/person\/ad82545263dcc5ec0996818884fd5fb1"},"breadcrumb":{"@id":"https:\/\/www.noticiasradioreflejos.com.ar\/2021\/una-encuesta-en-institutos-de-ensenanza-revela-que-en-2023-habra-menos-matriculados-y-que-persisten-los-niveles-de-morosidad\/#breadcrumb"},"inLanguage":"es","potentialAction":[{"@type":"ReadAction","target":["https:\/\/www.noticiasradioreflejos.com.ar\/2021\/una-encuesta-en-institutos-de-ensenanza-revela-que-en-2023-habra-menos-matriculados-y-que-persisten-los-niveles-de-morosidad\/"]}]},{"@type":"BreadcrumbList","@id":"https:\/\/www.noticiasradioreflejos.com.ar\/2021\/una-encuesta-en-institutos-de-ensenanza-revela-que-en-2023-habra-menos-matriculados-y-que-persisten-los-niveles-de-morosidad\/#breadcrumb","itemListElement":[{"@type":"ListItem","position":1,"name":"Portada","item":"https:\/\/www.noticiasradioreflejos.com.ar\/2021\/"},{"@type":"ListItem","position":2,"name":"Una encuesta en institutos de ense\u00f1anza revela que en 2023 habr\u00e1 menos matriculados y que persisten los niveles de morosidad"}]},{"@type":"WebSite","@id":"https:\/\/www.noticiasradioreflejos.com.ar\/2021\/#website","url":"https:\/\/www.noticiasradioreflejos.com.ar\/2021\/","name":"Noticias Radio Reflejos","description":"Las noticias de mi comarca","potentialAction":[{"@type":"SearchAction","target":{"@type":"EntryPoint","urlTemplate":"https:\/\/www.noticiasradioreflejos.com.ar\/2021\/?s={search_term_string}"},"query-input":{"@type":"PropertyValueSpecification","valueRequired":true,"valueName":"search_term_string"}}],"inLanguage":"es"},{"@type":"Person","@id":"https:\/\/www.noticiasradioreflejos.com.ar\/2021\/#\/schema\/person\/ad82545263dcc5ec0996818884fd5fb1","name":"Arnaldo Botto","image":{"@type":"ImageObject","inLanguage":"es","@id":"https:\/\/www.noticiasradioreflejos.com.ar\/2021\/#\/schema\/person\/image\/","url":"https:\/\/secure.gravatar.com\/avatar\/55cb5e37c1efa326397366e6974cb338056df65cb50e7d64d1cf314e87504837?s=96&d=mm&r=g","contentUrl":"https:\/\/secure.gravatar.com\/avatar\/55cb5e37c1efa326397366e6974cb338056df65cb50e7d64d1cf314e87504837?s=96&d=mm&r=g","caption":"Arnaldo Botto"},"url":"https:\/\/www.noticiasradioreflejos.com.ar\/2021\/author\/arnaldo\/"}]}},"_links":{"self":[{"href":"https:\/\/www.noticiasradioreflejos.com.ar\/2021\/wp-json\/wp\/v2\/posts\/80008","targetHints":{"allow":["GET"]}}],"collection":[{"href":"https:\/\/www.noticiasradioreflejos.com.ar\/2021\/wp-json\/wp\/v2\/posts"}],"about":[{"href":"https:\/\/www.noticiasradioreflejos.com.ar\/2021\/wp-json\/wp\/v2\/types\/post"}],"author":[{"embeddable":true,"href":"https:\/\/www.noticiasradioreflejos.com.ar\/2021\/wp-json\/wp\/v2\/users\/3"}],"replies":[{"embeddable":true,"href":"https:\/\/www.noticiasradioreflejos.com.ar\/2021\/wp-json\/wp\/v2\/comments?post=80008"}],"version-history":[{"count":1,"href":"https:\/\/www.noticiasradioreflejos.com.ar\/2021\/wp-json\/wp\/v2\/posts\/80008\/revisions"}],"predecessor-version":[{"id":80010,"href":"https:\/\/www.noticiasradioreflejos.com.ar\/2021\/wp-json\/wp\/v2\/posts\/80008\/revisions\/80010"}],"wp:attachment":[{"href":"https:\/\/www.noticiasradioreflejos.com.ar\/2021\/wp-json\/wp\/v2\/media?parent=80008"}],"wp:term":[{"taxonomy":"category","embeddable":true,"href":"https:\/\/www.noticiasradioreflejos.com.ar\/2021\/wp-json\/wp\/v2\/categories?post=80008"},{"taxonomy":"post_tag","embeddable":true,"href":"https:\/\/www.noticiasradioreflejos.com.ar\/2021\/wp-json\/wp\/v2\/tags?post=80008"}],"curies":[{"name":"wp","href":"https:\/\/api.w.org\/{rel}","templated":true}]}}