{"id":79984,"date":"2022-11-10T20:15:07","date_gmt":"2022-11-10T20:15:07","guid":{"rendered":"http:\/\/www.noticiasradioreflejos.com.ar\/2021\/?p=79984"},"modified":"2022-11-10T20:17:29","modified_gmt":"2022-11-10T20:17:29","slug":"se-llevara-adelante-una-visita-a-la-iglesia-de-lopez-lecube-a-fin-de-mes","status":"publish","type":"post","link":"https:\/\/www.noticiasradioreflejos.com.ar\/2021\/se-llevara-adelante-una-visita-a-la-iglesia-de-lopez-lecube-a-fin-de-mes\/","title":{"rendered":"Se llevar\u00e1 adelante una visita a la iglesia de L\u00f3pez Lecube a fin de mes"},"content":{"rendered":"<p>Con la misma se buscan recaudar fondos a beneficio de la gruta de la casita de Dios. Hay 18 lugares disponibles y ya se toman reservas.<!--more--><\/p>\n<p>En algunas semanas un contingente partir\u00e1 desde la comarca hasta L\u00f3pez Lecube, para visitar la emblem\u00e1tica iglesia que all\u00ed se encuentra. Dicha estructura, sorprendente al situarse en el medio de la meseta, guarda tanta belleza como misterio.<\/p>\n<p>Seg\u00fan cuenta la leyenda, quien fue el inversor m\u00e1ximo de la edificaci\u00f3n, la mand\u00f3 a hacer tras encomendarse a la virgen mientras lo persegu\u00eda un mal\u00f3n. Una cueva de vizcachas le sirvi\u00f3 de resguardo, y cumpliendo con su palabra, tiempo despu\u00e9s comenz\u00f3 su construcci\u00f3n.<\/p>\n<p>Sobre este viaje,<strong> Margarita Marto<\/strong>, una de sus impulsoras, explic\u00f3 que \u201cdesde la Capilla de Lourdes estamos organizando una visita a la iglesia Nuestra Se\u00f1ora del Carmen. Lo vamos a hacer el domingo 27 de noviembre, y vamos a ir a la iglesia, y despu\u00e9s de ah\u00ed, vamos a ir a comer a la laguna de Saavedra\u201d.<\/p>\n<p>Seg\u00fan remarc\u00f3 \u201cesto es a beneficio de la gruta de la casita de Dios. Son 18 asientos que tenemos disponibles. Deben entregar una se\u00f1a para reservar. Se pueden contactar al <strong>291 6491785<\/strong>. El valor de es <strong>cinco mil pesos<\/strong>, m\u00e1s la entrada a la laguna\u201d.<\/p>\n<p>&nbsp;<\/p>\n<p><strong>Foto Diario de PUAN<\/strong><\/p>\n","protected":false},"excerpt":{"rendered":"<p>Con la misma se buscan recaudar fondos a beneficio de la gruta de la casita de Dios. Hay 18 lugares disponibles y ya se toman reservas.<\/p>\n","protected":false},"author":3,"featured_media":0,"comment_status":"closed","ping_status":"closed","sticky":false,"template":"","format":"standard","meta":{"footnotes":""},"categories":[1],"tags":[],"class_list":["post-79984","post","type-post","status-publish","format-standard","hentry","category-sin-categoria"],"yoast_head":"<!-- This site is optimized with the Yoast SEO plugin v25.9 - https:\/\/yoast.com\/wordpress\/plugins\/seo\/ -->\n<title>Se llevar\u00e1 adelante una visita a la iglesia de L\u00f3pez Lecube a fin de mes - Noticias Radio Reflejos<\/title>\n<meta name=\"robots\" content=\"index, follow, max-snippet:-1, max-image-preview:large, max-video-preview:-1\" \/>\n<link rel=\"canonical\" href=\"https:\/\/www.noticiasradioreflejos.com.ar\/2021\/se-llevara-adelante-una-visita-a-la-iglesia-de-lopez-lecube-a-fin-de-mes\/\" \/>\n<meta property=\"og:locale\" content=\"es_ES\" \/>\n<meta property=\"og:type\" content=\"article\" \/>\n<meta property=\"og:title\" content=\"Se llevar\u00e1 adelante una visita a la iglesia de L\u00f3pez Lecube a fin de mes - Noticias Radio Reflejos\" \/>\n<meta property=\"og:description\" content=\"Con la misma se buscan recaudar fondos a beneficio de la gruta de la casita de Dios. Hay 18 lugares disponibles y ya se toman reservas.\" \/>\n<meta property=\"og:url\" content=\"https:\/\/www.noticiasradioreflejos.com.ar\/2021\/se-llevara-adelante-una-visita-a-la-iglesia-de-lopez-lecube-a-fin-de-mes\/\" \/>\n<meta property=\"og:site_name\" content=\"Noticias Radio Reflejos\" \/>\n<meta property=\"article:published_time\" content=\"2022-11-10T20:15:07+00:00\" \/>\n<meta property=\"article:modified_time\" content=\"2022-11-10T20:17:29+00:00\" \/>\n<meta property=\"og:image\" content=\"https:\/\/www.noticiasradioreflejos.com.ar\/2021\/wp-content\/uploads\/2021\/07\/logosol300x200.png\" \/>\n\t<meta property=\"og:image:width\" content=\"300\" \/>\n\t<meta property=\"og:image:height\" content=\"200\" \/>\n\t<meta property=\"og:image:type\" content=\"image\/png\" \/>\n<meta name=\"author\" content=\"Arnaldo Botto\" \/>\n<meta name=\"twitter:card\" content=\"summary_large_image\" \/>\n<script type=\"application\/ld+json\" class=\"yoast-schema-graph\">{\"@context\":\"https:\/\/schema.org\",\"@graph\":[{\"@type\":\"WebPage\",\"@id\":\"https:\/\/www.noticiasradioreflejos.com.ar\/2021\/se-llevara-adelante-una-visita-a-la-iglesia-de-lopez-lecube-a-fin-de-mes\/\",\"url\":\"https:\/\/www.noticiasradioreflejos.com.ar\/2021\/se-llevara-adelante-una-visita-a-la-iglesia-de-lopez-lecube-a-fin-de-mes\/\",\"name\":\"Se llevar\u00e1 adelante una visita a la iglesia de L\u00f3pez Lecube a fin de mes - Noticias Radio Reflejos\",\"isPartOf\":{\"@id\":\"https:\/\/www.noticiasradioreflejos.com.ar\/2021\/#website\"},\"datePublished\":\"2022-11-10T20:15:07+00:00\",\"dateModified\":\"2022-11-10T20:17:29+00:00\",\"author\":{\"@id\":\"https:\/\/www.noticiasradioreflejos.com.ar\/2021\/#\/schema\/person\/ad82545263dcc5ec0996818884fd5fb1\"},\"breadcrumb\":{\"@id\":\"https:\/\/www.noticiasradioreflejos.com.ar\/2021\/se-llevara-adelante-una-visita-a-la-iglesia-de-lopez-lecube-a-fin-de-mes\/#breadcrumb\"},\"inLanguage\":\"es\",\"potentialAction\":[{\"@type\":\"ReadAction\",\"target\":[\"https:\/\/www.noticiasradioreflejos.com.ar\/2021\/se-llevara-adelante-una-visita-a-la-iglesia-de-lopez-lecube-a-fin-de-mes\/\"]}]},{\"@type\":\"BreadcrumbList\",\"@id\":\"https:\/\/www.noticiasradioreflejos.com.ar\/2021\/se-llevara-adelante-una-visita-a-la-iglesia-de-lopez-lecube-a-fin-de-mes\/#breadcrumb\",\"itemListElement\":[{\"@type\":\"ListItem\",\"position\":1,\"name\":\"Portada\",\"item\":\"https:\/\/www.noticiasradioreflejos.com.ar\/2021\/\"},{\"@type\":\"ListItem\",\"position\":2,\"name\":\"Se llevar\u00e1 adelante una visita a la iglesia de L\u00f3pez Lecube a fin de mes\"}]},{\"@type\":\"WebSite\",\"@id\":\"https:\/\/www.noticiasradioreflejos.com.ar\/2021\/#website\",\"url\":\"https:\/\/www.noticiasradioreflejos.com.ar\/2021\/\",\"name\":\"Noticias Radio Reflejos\",\"description\":\"Las noticias de mi comarca\",\"potentialAction\":[{\"@type\":\"SearchAction\",\"target\":{\"@type\":\"EntryPoint\",\"urlTemplate\":\"https:\/\/www.noticiasradioreflejos.com.ar\/2021\/?s={search_term_string}\"},\"query-input\":{\"@type\":\"PropertyValueSpecification\",\"valueRequired\":true,\"valueName\":\"search_term_string\"}}],\"inLanguage\":\"es\"},{\"@type\":\"Person\",\"@id\":\"https:\/\/www.noticiasradioreflejos.com.ar\/2021\/#\/schema\/person\/ad82545263dcc5ec0996818884fd5fb1\",\"name\":\"Arnaldo Botto\",\"image\":{\"@type\":\"ImageObject\",\"inLanguage\":\"es\",\"@id\":\"https:\/\/www.noticiasradioreflejos.com.ar\/2021\/#\/schema\/person\/image\/\",\"url\":\"https:\/\/secure.gravatar.com\/avatar\/55cb5e37c1efa326397366e6974cb338056df65cb50e7d64d1cf314e87504837?s=96&d=mm&r=g\",\"contentUrl\":\"https:\/\/secure.gravatar.com\/avatar\/55cb5e37c1efa326397366e6974cb338056df65cb50e7d64d1cf314e87504837?s=96&d=mm&r=g\",\"caption\":\"Arnaldo Botto\"},\"url\":\"https:\/\/www.noticiasradioreflejos.com.ar\/2021\/author\/arnaldo\/\"}]}<\/script>\n<!-- \/ Yoast SEO plugin. -->","yoast_head_json":{"title":"Se llevar\u00e1 adelante una visita a la iglesia de L\u00f3pez Lecube a fin de mes - Noticias Radio Reflejos","robots":{"index":"index","follow":"follow","max-snippet":"max-snippet:-1","max-image-preview":"max-image-preview:large","max-video-preview":"max-video-preview:-1"},"canonical":"https:\/\/www.noticiasradioreflejos.com.ar\/2021\/se-llevara-adelante-una-visita-a-la-iglesia-de-lopez-lecube-a-fin-de-mes\/","og_locale":"es_ES","og_type":"article","og_title":"Se llevar\u00e1 adelante una visita a la iglesia de L\u00f3pez Lecube a fin de mes - Noticias Radio Reflejos","og_description":"Con la misma se buscan recaudar fondos a beneficio de la gruta de la casita de Dios. Hay 18 lugares disponibles y ya se toman reservas.","og_url":"https:\/\/www.noticiasradioreflejos.com.ar\/2021\/se-llevara-adelante-una-visita-a-la-iglesia-de-lopez-lecube-a-fin-de-mes\/","og_site_name":"Noticias Radio Reflejos","article_published_time":"2022-11-10T20:15:07+00:00","article_modified_time":"2022-11-10T20:17:29+00:00","og_image":[{"width":300,"height":200,"url":"https:\/\/www.noticiasradioreflejos.com.ar\/2021\/wp-content\/uploads\/2021\/07\/logosol300x200.png","type":"image\/png"}],"author":"Arnaldo Botto","twitter_card":"summary_large_image","schema":{"@context":"https:\/\/schema.org","@graph":[{"@type":"WebPage","@id":"https:\/\/www.noticiasradioreflejos.com.ar\/2021\/se-llevara-adelante-una-visita-a-la-iglesia-de-lopez-lecube-a-fin-de-mes\/","url":"https:\/\/www.noticiasradioreflejos.com.ar\/2021\/se-llevara-adelante-una-visita-a-la-iglesia-de-lopez-lecube-a-fin-de-mes\/","name":"Se llevar\u00e1 adelante una visita a la iglesia de L\u00f3pez Lecube a fin de mes - Noticias Radio Reflejos","isPartOf":{"@id":"https:\/\/www.noticiasradioreflejos.com.ar\/2021\/#website"},"datePublished":"2022-11-10T20:15:07+00:00","dateModified":"2022-11-10T20:17:29+00:00","author":{"@id":"https:\/\/www.noticiasradioreflejos.com.ar\/2021\/#\/schema\/person\/ad82545263dcc5ec0996818884fd5fb1"},"breadcrumb":{"@id":"https:\/\/www.noticiasradioreflejos.com.ar\/2021\/se-llevara-adelante-una-visita-a-la-iglesia-de-lopez-lecube-a-fin-de-mes\/#breadcrumb"},"inLanguage":"es","potentialAction":[{"@type":"ReadAction","target":["https:\/\/www.noticiasradioreflejos.com.ar\/2021\/se-llevara-adelante-una-visita-a-la-iglesia-de-lopez-lecube-a-fin-de-mes\/"]}]},{"@type":"BreadcrumbList","@id":"https:\/\/www.noticiasradioreflejos.com.ar\/2021\/se-llevara-adelante-una-visita-a-la-iglesia-de-lopez-lecube-a-fin-de-mes\/#breadcrumb","itemListElement":[{"@type":"ListItem","position":1,"name":"Portada","item":"https:\/\/www.noticiasradioreflejos.com.ar\/2021\/"},{"@type":"ListItem","position":2,"name":"Se llevar\u00e1 adelante una visita a la iglesia de L\u00f3pez Lecube a fin de mes"}]},{"@type":"WebSite","@id":"https:\/\/www.noticiasradioreflejos.com.ar\/2021\/#website","url":"https:\/\/www.noticiasradioreflejos.com.ar\/2021\/","name":"Noticias Radio Reflejos","description":"Las noticias de mi comarca","potentialAction":[{"@type":"SearchAction","target":{"@type":"EntryPoint","urlTemplate":"https:\/\/www.noticiasradioreflejos.com.ar\/2021\/?s={search_term_string}"},"query-input":{"@type":"PropertyValueSpecification","valueRequired":true,"valueName":"search_term_string"}}],"inLanguage":"es"},{"@type":"Person","@id":"https:\/\/www.noticiasradioreflejos.com.ar\/2021\/#\/schema\/person\/ad82545263dcc5ec0996818884fd5fb1","name":"Arnaldo Botto","image":{"@type":"ImageObject","inLanguage":"es","@id":"https:\/\/www.noticiasradioreflejos.com.ar\/2021\/#\/schema\/person\/image\/","url":"https:\/\/secure.gravatar.com\/avatar\/55cb5e37c1efa326397366e6974cb338056df65cb50e7d64d1cf314e87504837?s=96&d=mm&r=g","contentUrl":"https:\/\/secure.gravatar.com\/avatar\/55cb5e37c1efa326397366e6974cb338056df65cb50e7d64d1cf314e87504837?s=96&d=mm&r=g","caption":"Arnaldo Botto"},"url":"https:\/\/www.noticiasradioreflejos.com.ar\/2021\/author\/arnaldo\/"}]}},"_links":{"self":[{"href":"https:\/\/www.noticiasradioreflejos.com.ar\/2021\/wp-json\/wp\/v2\/posts\/79984","targetHints":{"allow":["GET"]}}],"collection":[{"href":"https:\/\/www.noticiasradioreflejos.com.ar\/2021\/wp-json\/wp\/v2\/posts"}],"about":[{"href":"https:\/\/www.noticiasradioreflejos.com.ar\/2021\/wp-json\/wp\/v2\/types\/post"}],"author":[{"embeddable":true,"href":"https:\/\/www.noticiasradioreflejos.com.ar\/2021\/wp-json\/wp\/v2\/users\/3"}],"replies":[{"embeddable":true,"href":"https:\/\/www.noticiasradioreflejos.com.ar\/2021\/wp-json\/wp\/v2\/comments?post=79984"}],"version-history":[{"count":3,"href":"https:\/\/www.noticiasradioreflejos.com.ar\/2021\/wp-json\/wp\/v2\/posts\/79984\/revisions"}],"predecessor-version":[{"id":79994,"href":"https:\/\/www.noticiasradioreflejos.com.ar\/2021\/wp-json\/wp\/v2\/posts\/79984\/revisions\/79994"}],"wp:attachment":[{"href":"https:\/\/www.noticiasradioreflejos.com.ar\/2021\/wp-json\/wp\/v2\/media?parent=79984"}],"wp:term":[{"taxonomy":"category","embeddable":true,"href":"https:\/\/www.noticiasradioreflejos.com.ar\/2021\/wp-json\/wp\/v2\/categories?post=79984"},{"taxonomy":"post_tag","embeddable":true,"href":"https:\/\/www.noticiasradioreflejos.com.ar\/2021\/wp-json\/wp\/v2\/tags?post=79984"}],"curies":[{"name":"wp","href":"https:\/\/api.w.org\/{rel}","templated":true}]}}