{"id":79969,"date":"2022-11-10T20:06:51","date_gmt":"2022-11-10T20:06:51","guid":{"rendered":"http:\/\/www.noticiasradioreflejos.com.ar\/2021\/?p=79969"},"modified":"2022-11-10T20:06:51","modified_gmt":"2022-11-10T20:06:51","slug":"pese-a-los-pronosticos-de-lluvia-la-feria-del-libro-va-a-seguir-como-esta-planeado","status":"publish","type":"post","link":"https:\/\/www.noticiasradioreflejos.com.ar\/2021\/pese-a-los-pronosticos-de-lluvia-la-feria-del-libro-va-a-seguir-como-esta-planeado\/","title":{"rendered":"Pese a los pron\u00f3sticos de lluvia la Feria del Libro \u201cva a seguir como est\u00e1 planeado\u201d"},"content":{"rendered":"<p>As\u00ed lo confirm\u00f3 Fernanda Tenca, una de las organizadoras de esta 12\u00b0 edici\u00f3n. \u201cAyer ya estuvimos en los galpones acomodando todo\u201d asegur\u00f3.<!--more--><\/p>\n<p><a title=\"Feria del Libro (2)\" href=\"https:\/\/www.flickr.com\/photos\/182279889@N02\/51702955631\/in\/photolist-2mLPapv-2mLQpnE-2mLQBTn-2mNgxiT-2nYp4V3-2nYrxUV\/\" data-flickr-embed=\"true\"><img loading=\"lazy\" decoding=\"async\" src=\"https:\/\/live.staticflickr.com\/65535\/51702955631_1cb7a0b960_c.jpg\" alt=\"Feria del Libro (2)\" width=\"800\" height=\"532\" \/><\/a><script async src=\"\/\/embedr.flickr.com\/assets\/client-code.js\" charset=\"utf-8\"><\/script><\/p>\n<p>Pese a los pron\u00f3sticos poco alentadores, desde la organizaci\u00f3n de la 12\u00b0 edici\u00f3n de la Feria del Libro le ponen optimismo al futuro inmediato, y consideran que el evento de igual forma ser\u00e1 una verdadera fiesta.<\/p>\n<p>Al respecto, una de las encargadas, Fernanda Tenca, asegur\u00f3 que \u201cla programaci\u00f3n sigue adelante, quiz\u00e1s con algunas reestructuraciones de horarios, porque muchas veces se dan actividades en simult\u00e1neo, entonces ahora que necesitaremos m\u00e1s los espacios cerrados, iremos acomodando sobre la marcha\u201d.<\/p>\n<p>Reafirmando esto solt\u00f3 que \u201cla fiesta cultural sigue en pie. Los artistas van a estar. Todo va a seguir como est\u00e1 planeado. Ayer ya estuvimos en los galpones acomodando los tablones. Agradecemos a la comisi\u00f3n de festejos de Saldungaray que nos facilit\u00f3 los tablones. Se arm\u00f3 un lindo equipo\u201d.<\/p>\n<p>&nbsp;<\/p>\n<p><a title=\"12 feria del libro (2)\" href=\"https:\/\/www.flickr.com\/photos\/182279889@N02\/52490893601\/in\/photolist-2mLPapv-2mLQpnE-2mLQBTn-2mNgxiT-2nYp4V3-2nYrxUV\/\" data-flickr-embed=\"true\"><img loading=\"lazy\" decoding=\"async\" src=\"https:\/\/live.staticflickr.com\/65535\/52490893601_4bce33835b_c.jpg\" alt=\"12 feria del libro (2)\" width=\"800\" height=\"566\" \/><\/a><script async src=\"\/\/embedr.flickr.com\/assets\/client-code.js\" charset=\"utf-8\"><\/script><\/p>\n<p>Dando detalles de las actividades, Tenca confirm\u00f3 que \u201cesto arranca ma\u00f1ana a las 10, empezamos a recibir las escuelas. Habr\u00e1 distintas actividades, talleres y t\u00edteres para los m\u00e1s chicos. Es el momento donde uno de los objetivos de la feria, que es integrar a las instituciones educativas, se lleva adelante\u201d.<\/p>\n<p>En esa l\u00ednea refiri\u00f3 que \u201cel s\u00e1bado y el domingo iniciamos a las 13 y las actividades comienzan a las 14. El s\u00e1bado se inicia con un taller literario, y paralelamente para los m\u00e1s chicos, una actividad para contar cuentos de animales y plantas nativas. El s\u00e1bado se cierra con una banda de cumbia que viene de Monte Hermoso, y otro grupo que llega desde Bah\u00eda Blanca\u201d.<\/p>\n<p>En otro pasaje de la charla afirm\u00f3 que \u201cgracias al aporte de todos los vecinos pudimos cubrir la totalidad de las cenas. Con el esfuerzo comunitario vemos que las cosas se van logrando, y eso hace que la gente se sienta parte de la feria. El que quiera aportar comida, puede caer directamente a la feria o me contacta al 291 5054987\u201d.<\/p>\n<p>Por \u00faltimo, y dando un pantallazo, sostuvo que \u201ceste a\u00f1o tenemos cerca de 50 puestos de libros, y a eso se sum\u00f3 una feria de artesanos con m\u00e1s de 20, aunque con el tema de la lluvia vamos a ver c\u00f3mo la manejamos, porque no tenemos lugar f\u00edsico para ponerlos en los galpones\u201d.<\/p>\n<p>&nbsp;<\/p>\n<p><iframe loading=\"lazy\" src=\"https:\/\/w.soundcloud.com\/player\/?url=https%3A\/\/api.soundcloud.com\/tracks\/1380097030&amp;color=%23ff5500&amp;auto_play=false&amp;hide_related=false&amp;show_comments=true&amp;show_user=true&amp;show_reposts=false&amp;show_teaser=true\" width=\"100%\" height=\"166\" frameborder=\"no\" scrolling=\"no\"><\/iframe><\/p>\n<div style=\"font-size: 10px; color: #cccccc; line-break: anywhere; word-break: normal; overflow: hidden; white-space: nowrap; text-overflow: ellipsis; font-family: Interstate,Lucida Grande,Lucida Sans Unicode,Lucida Sans,Garuda,Verdana,Tahoma,sans-serif; font-weight: 100;\"><a style=\"color: #cccccc; text-decoration: none;\" title=\"fmreflejos 103.7\" href=\"https:\/\/soundcloud.com\/fmreflejos-103-7\" target=\"_blank\" rel=\"noopener\">fmreflejos 103.7<\/a> \u00b7 <a style=\"color: #cccccc; text-decoration: none;\" title=\"Fernanda Tenca\" href=\"https:\/\/soundcloud.com\/fmreflejos-103-7\/fernanda-tenca-4\" target=\"_blank\" rel=\"noopener\">Fernanda Tenca<\/a><\/div>\n<p><a title=\"12 feria del libro (1)\" href=\"https:\/\/www.flickr.com\/photos\/182279889@N02\/52490409192\/in\/photolist-2mLPapv-2mLQpnE-2mLQBTn-2mNgxiT-2nYp4V3-2nYrxUV\/\" data-flickr-embed=\"true\"><img loading=\"lazy\" decoding=\"async\" src=\"https:\/\/live.staticflickr.com\/65535\/52490409192_b331a42c24_c.jpg\" alt=\"12 feria del libro (1)\" width=\"800\" height=\"568\" \/><\/a><\/p>\n","protected":false},"excerpt":{"rendered":"<p>As\u00ed lo confirm\u00f3 Fernanda Tenca, una de las organizadoras de esta 12\u00b0 edici\u00f3n. \u201cAyer ya estuvimos en los galpones acomodando todo\u201d asegur\u00f3.<\/p>\n","protected":false},"author":3,"featured_media":0,"comment_status":"closed","ping_status":"closed","sticky":false,"template":"","format":"standard","meta":{"footnotes":""},"categories":[35,34,26],"tags":[48],"class_list":["post-79969","post","type-post","status-publish","format-standard","hentry","category-cultura","category-educacion","category-sociedad","tag-destacada"],"yoast_head":"<!-- This site is optimized with the Yoast SEO plugin v25.9 - https:\/\/yoast.com\/wordpress\/plugins\/seo\/ -->\n<title>Pese a los pron\u00f3sticos de lluvia la Feria del Libro \u201cva a seguir como est\u00e1 planeado\u201d - Noticias Radio Reflejos<\/title>\n<meta name=\"robots\" content=\"index, follow, max-snippet:-1, max-image-preview:large, max-video-preview:-1\" \/>\n<link rel=\"canonical\" href=\"https:\/\/www.noticiasradioreflejos.com.ar\/2021\/pese-a-los-pronosticos-de-lluvia-la-feria-del-libro-va-a-seguir-como-esta-planeado\/\" \/>\n<meta property=\"og:locale\" content=\"es_ES\" \/>\n<meta property=\"og:type\" content=\"article\" \/>\n<meta property=\"og:title\" content=\"Pese a los pron\u00f3sticos de lluvia la Feria del Libro \u201cva a seguir como est\u00e1 planeado\u201d - Noticias Radio Reflejos\" \/>\n<meta property=\"og:description\" content=\"As\u00ed lo confirm\u00f3 Fernanda Tenca, una de las organizadoras de esta 12\u00b0 edici\u00f3n. \u201cAyer ya estuvimos en los galpones acomodando todo\u201d asegur\u00f3.\" \/>\n<meta property=\"og:url\" content=\"https:\/\/www.noticiasradioreflejos.com.ar\/2021\/pese-a-los-pronosticos-de-lluvia-la-feria-del-libro-va-a-seguir-como-esta-planeado\/\" \/>\n<meta property=\"og:site_name\" content=\"Noticias Radio Reflejos\" \/>\n<meta property=\"article:published_time\" content=\"2022-11-10T20:06:51+00:00\" \/>\n<meta property=\"og:image\" content=\"https:\/\/live.staticflickr.com\/65535\/51702955631_1cb7a0b960_c.jpg\" \/>\n<meta name=\"author\" content=\"Arnaldo Botto\" \/>\n<meta name=\"twitter:card\" content=\"summary_large_image\" \/>\n<script type=\"application\/ld+json\" class=\"yoast-schema-graph\">{\"@context\":\"https:\/\/schema.org\",\"@graph\":[{\"@type\":\"WebPage\",\"@id\":\"https:\/\/www.noticiasradioreflejos.com.ar\/2021\/pese-a-los-pronosticos-de-lluvia-la-feria-del-libro-va-a-seguir-como-esta-planeado\/\",\"url\":\"https:\/\/www.noticiasradioreflejos.com.ar\/2021\/pese-a-los-pronosticos-de-lluvia-la-feria-del-libro-va-a-seguir-como-esta-planeado\/\",\"name\":\"Pese a los pron\u00f3sticos de lluvia la Feria del Libro \u201cva a seguir como est\u00e1 planeado\u201d - Noticias Radio Reflejos\",\"isPartOf\":{\"@id\":\"https:\/\/www.noticiasradioreflejos.com.ar\/2021\/#website\"},\"primaryImageOfPage\":{\"@id\":\"https:\/\/www.noticiasradioreflejos.com.ar\/2021\/pese-a-los-pronosticos-de-lluvia-la-feria-del-libro-va-a-seguir-como-esta-planeado\/#primaryimage\"},\"image\":{\"@id\":\"https:\/\/www.noticiasradioreflejos.com.ar\/2021\/pese-a-los-pronosticos-de-lluvia-la-feria-del-libro-va-a-seguir-como-esta-planeado\/#primaryimage\"},\"thumbnailUrl\":\"https:\/\/live.staticflickr.com\/65535\/51702955631_1cb7a0b960_c.jpg\",\"datePublished\":\"2022-11-10T20:06:51+00:00\",\"author\":{\"@id\":\"https:\/\/www.noticiasradioreflejos.com.ar\/2021\/#\/schema\/person\/ad82545263dcc5ec0996818884fd5fb1\"},\"breadcrumb\":{\"@id\":\"https:\/\/www.noticiasradioreflejos.com.ar\/2021\/pese-a-los-pronosticos-de-lluvia-la-feria-del-libro-va-a-seguir-como-esta-planeado\/#breadcrumb\"},\"inLanguage\":\"es\",\"potentialAction\":[{\"@type\":\"ReadAction\",\"target\":[\"https:\/\/www.noticiasradioreflejos.com.ar\/2021\/pese-a-los-pronosticos-de-lluvia-la-feria-del-libro-va-a-seguir-como-esta-planeado\/\"]}]},{\"@type\":\"ImageObject\",\"inLanguage\":\"es\",\"@id\":\"https:\/\/www.noticiasradioreflejos.com.ar\/2021\/pese-a-los-pronosticos-de-lluvia-la-feria-del-libro-va-a-seguir-como-esta-planeado\/#primaryimage\",\"url\":\"https:\/\/live.staticflickr.com\/65535\/51702955631_1cb7a0b960_c.jpg\",\"contentUrl\":\"https:\/\/live.staticflickr.com\/65535\/51702955631_1cb7a0b960_c.jpg\"},{\"@type\":\"BreadcrumbList\",\"@id\":\"https:\/\/www.noticiasradioreflejos.com.ar\/2021\/pese-a-los-pronosticos-de-lluvia-la-feria-del-libro-va-a-seguir-como-esta-planeado\/#breadcrumb\",\"itemListElement\":[{\"@type\":\"ListItem\",\"position\":1,\"name\":\"Portada\",\"item\":\"https:\/\/www.noticiasradioreflejos.com.ar\/2021\/\"},{\"@type\":\"ListItem\",\"position\":2,\"name\":\"Pese a los pron\u00f3sticos de lluvia la Feria del Libro \u201cva a seguir como est\u00e1 planeado\u201d\"}]},{\"@type\":\"WebSite\",\"@id\":\"https:\/\/www.noticiasradioreflejos.com.ar\/2021\/#website\",\"url\":\"https:\/\/www.noticiasradioreflejos.com.ar\/2021\/\",\"name\":\"Noticias Radio Reflejos\",\"description\":\"Las noticias de mi comarca\",\"potentialAction\":[{\"@type\":\"SearchAction\",\"target\":{\"@type\":\"EntryPoint\",\"urlTemplate\":\"https:\/\/www.noticiasradioreflejos.com.ar\/2021\/?s={search_term_string}\"},\"query-input\":{\"@type\":\"PropertyValueSpecification\",\"valueRequired\":true,\"valueName\":\"search_term_string\"}}],\"inLanguage\":\"es\"},{\"@type\":\"Person\",\"@id\":\"https:\/\/www.noticiasradioreflejos.com.ar\/2021\/#\/schema\/person\/ad82545263dcc5ec0996818884fd5fb1\",\"name\":\"Arnaldo Botto\",\"image\":{\"@type\":\"ImageObject\",\"inLanguage\":\"es\",\"@id\":\"https:\/\/www.noticiasradioreflejos.com.ar\/2021\/#\/schema\/person\/image\/\",\"url\":\"https:\/\/secure.gravatar.com\/avatar\/55cb5e37c1efa326397366e6974cb338056df65cb50e7d64d1cf314e87504837?s=96&d=mm&r=g\",\"contentUrl\":\"https:\/\/secure.gravatar.com\/avatar\/55cb5e37c1efa326397366e6974cb338056df65cb50e7d64d1cf314e87504837?s=96&d=mm&r=g\",\"caption\":\"Arnaldo Botto\"},\"url\":\"https:\/\/www.noticiasradioreflejos.com.ar\/2021\/author\/arnaldo\/\"}]}<\/script>\n<!-- \/ Yoast SEO plugin. -->","yoast_head_json":{"title":"Pese a los pron\u00f3sticos de lluvia la Feria del Libro \u201cva a seguir como est\u00e1 planeado\u201d - Noticias Radio Reflejos","robots":{"index":"index","follow":"follow","max-snippet":"max-snippet:-1","max-image-preview":"max-image-preview:large","max-video-preview":"max-video-preview:-1"},"canonical":"https:\/\/www.noticiasradioreflejos.com.ar\/2021\/pese-a-los-pronosticos-de-lluvia-la-feria-del-libro-va-a-seguir-como-esta-planeado\/","og_locale":"es_ES","og_type":"article","og_title":"Pese a los pron\u00f3sticos de lluvia la Feria del Libro \u201cva a seguir como est\u00e1 planeado\u201d - Noticias Radio Reflejos","og_description":"As\u00ed lo confirm\u00f3 Fernanda Tenca, una de las organizadoras de esta 12\u00b0 edici\u00f3n. \u201cAyer ya estuvimos en los galpones acomodando todo\u201d asegur\u00f3.","og_url":"https:\/\/www.noticiasradioreflejos.com.ar\/2021\/pese-a-los-pronosticos-de-lluvia-la-feria-del-libro-va-a-seguir-como-esta-planeado\/","og_site_name":"Noticias Radio Reflejos","article_published_time":"2022-11-10T20:06:51+00:00","og_image":[{"url":"https:\/\/live.staticflickr.com\/65535\/51702955631_1cb7a0b960_c.jpg","type":"","width":"","height":""}],"author":"Arnaldo Botto","twitter_card":"summary_large_image","schema":{"@context":"https:\/\/schema.org","@graph":[{"@type":"WebPage","@id":"https:\/\/www.noticiasradioreflejos.com.ar\/2021\/pese-a-los-pronosticos-de-lluvia-la-feria-del-libro-va-a-seguir-como-esta-planeado\/","url":"https:\/\/www.noticiasradioreflejos.com.ar\/2021\/pese-a-los-pronosticos-de-lluvia-la-feria-del-libro-va-a-seguir-como-esta-planeado\/","name":"Pese a los pron\u00f3sticos de lluvia la Feria del Libro \u201cva a seguir como est\u00e1 planeado\u201d - Noticias Radio Reflejos","isPartOf":{"@id":"https:\/\/www.noticiasradioreflejos.com.ar\/2021\/#website"},"primaryImageOfPage":{"@id":"https:\/\/www.noticiasradioreflejos.com.ar\/2021\/pese-a-los-pronosticos-de-lluvia-la-feria-del-libro-va-a-seguir-como-esta-planeado\/#primaryimage"},"image":{"@id":"https:\/\/www.noticiasradioreflejos.com.ar\/2021\/pese-a-los-pronosticos-de-lluvia-la-feria-del-libro-va-a-seguir-como-esta-planeado\/#primaryimage"},"thumbnailUrl":"https:\/\/live.staticflickr.com\/65535\/51702955631_1cb7a0b960_c.jpg","datePublished":"2022-11-10T20:06:51+00:00","author":{"@id":"https:\/\/www.noticiasradioreflejos.com.ar\/2021\/#\/schema\/person\/ad82545263dcc5ec0996818884fd5fb1"},"breadcrumb":{"@id":"https:\/\/www.noticiasradioreflejos.com.ar\/2021\/pese-a-los-pronosticos-de-lluvia-la-feria-del-libro-va-a-seguir-como-esta-planeado\/#breadcrumb"},"inLanguage":"es","potentialAction":[{"@type":"ReadAction","target":["https:\/\/www.noticiasradioreflejos.com.ar\/2021\/pese-a-los-pronosticos-de-lluvia-la-feria-del-libro-va-a-seguir-como-esta-planeado\/"]}]},{"@type":"ImageObject","inLanguage":"es","@id":"https:\/\/www.noticiasradioreflejos.com.ar\/2021\/pese-a-los-pronosticos-de-lluvia-la-feria-del-libro-va-a-seguir-como-esta-planeado\/#primaryimage","url":"https:\/\/live.staticflickr.com\/65535\/51702955631_1cb7a0b960_c.jpg","contentUrl":"https:\/\/live.staticflickr.com\/65535\/51702955631_1cb7a0b960_c.jpg"},{"@type":"BreadcrumbList","@id":"https:\/\/www.noticiasradioreflejos.com.ar\/2021\/pese-a-los-pronosticos-de-lluvia-la-feria-del-libro-va-a-seguir-como-esta-planeado\/#breadcrumb","itemListElement":[{"@type":"ListItem","position":1,"name":"Portada","item":"https:\/\/www.noticiasradioreflejos.com.ar\/2021\/"},{"@type":"ListItem","position":2,"name":"Pese a los pron\u00f3sticos de lluvia la Feria del Libro \u201cva a seguir como est\u00e1 planeado\u201d"}]},{"@type":"WebSite","@id":"https:\/\/www.noticiasradioreflejos.com.ar\/2021\/#website","url":"https:\/\/www.noticiasradioreflejos.com.ar\/2021\/","name":"Noticias Radio Reflejos","description":"Las noticias de mi comarca","potentialAction":[{"@type":"SearchAction","target":{"@type":"EntryPoint","urlTemplate":"https:\/\/www.noticiasradioreflejos.com.ar\/2021\/?s={search_term_string}"},"query-input":{"@type":"PropertyValueSpecification","valueRequired":true,"valueName":"search_term_string"}}],"inLanguage":"es"},{"@type":"Person","@id":"https:\/\/www.noticiasradioreflejos.com.ar\/2021\/#\/schema\/person\/ad82545263dcc5ec0996818884fd5fb1","name":"Arnaldo Botto","image":{"@type":"ImageObject","inLanguage":"es","@id":"https:\/\/www.noticiasradioreflejos.com.ar\/2021\/#\/schema\/person\/image\/","url":"https:\/\/secure.gravatar.com\/avatar\/55cb5e37c1efa326397366e6974cb338056df65cb50e7d64d1cf314e87504837?s=96&d=mm&r=g","contentUrl":"https:\/\/secure.gravatar.com\/avatar\/55cb5e37c1efa326397366e6974cb338056df65cb50e7d64d1cf314e87504837?s=96&d=mm&r=g","caption":"Arnaldo Botto"},"url":"https:\/\/www.noticiasradioreflejos.com.ar\/2021\/author\/arnaldo\/"}]}},"_links":{"self":[{"href":"https:\/\/www.noticiasradioreflejos.com.ar\/2021\/wp-json\/wp\/v2\/posts\/79969","targetHints":{"allow":["GET"]}}],"collection":[{"href":"https:\/\/www.noticiasradioreflejos.com.ar\/2021\/wp-json\/wp\/v2\/posts"}],"about":[{"href":"https:\/\/www.noticiasradioreflejos.com.ar\/2021\/wp-json\/wp\/v2\/types\/post"}],"author":[{"embeddable":true,"href":"https:\/\/www.noticiasradioreflejos.com.ar\/2021\/wp-json\/wp\/v2\/users\/3"}],"replies":[{"embeddable":true,"href":"https:\/\/www.noticiasradioreflejos.com.ar\/2021\/wp-json\/wp\/v2\/comments?post=79969"}],"version-history":[{"count":2,"href":"https:\/\/www.noticiasradioreflejos.com.ar\/2021\/wp-json\/wp\/v2\/posts\/79969\/revisions"}],"predecessor-version":[{"id":79991,"href":"https:\/\/www.noticiasradioreflejos.com.ar\/2021\/wp-json\/wp\/v2\/posts\/79969\/revisions\/79991"}],"wp:attachment":[{"href":"https:\/\/www.noticiasradioreflejos.com.ar\/2021\/wp-json\/wp\/v2\/media?parent=79969"}],"wp:term":[{"taxonomy":"category","embeddable":true,"href":"https:\/\/www.noticiasradioreflejos.com.ar\/2021\/wp-json\/wp\/v2\/categories?post=79969"},{"taxonomy":"post_tag","embeddable":true,"href":"https:\/\/www.noticiasradioreflejos.com.ar\/2021\/wp-json\/wp\/v2\/tags?post=79969"}],"curies":[{"name":"wp","href":"https:\/\/api.w.org\/{rel}","templated":true}]}}