{"id":79926,"date":"2022-11-09T17:40:46","date_gmt":"2022-11-09T17:40:46","guid":{"rendered":"http:\/\/www.noticiasradioreflejos.com.ar\/2021\/?p=79926"},"modified":"2022-11-09T17:40:46","modified_gmt":"2022-11-09T17:40:46","slug":"informe-estadistico-enero-octubre-2022-sobre-situaciones-de-violencia-por-razones-de-genero","status":"publish","type":"post","link":"https:\/\/www.noticiasradioreflejos.com.ar\/2021\/informe-estadistico-enero-octubre-2022-sobre-situaciones-de-violencia-por-razones-de-genero\/","title":{"rendered":"Informe estad\u00edstico enero \u2013 octubre 2022 sobre situaciones de Violencia por Razones de G\u00e9nero"},"content":{"rendered":"<p>El \u00e1rea municipal de Violencia por Razones de G\u00e9nero (VPRG), da a conocer los datos estad\u00edsticos del periodo comprendido entre enero y octubre de 2022 del distrito de Tornquist.<!--more--><\/p>\n<p>Durante ese lapso de tiempo, ingresaron a las oficinas de la localidad cabecera y Sierra de la Ventana, un total 82 situaciones de VPRG, que se suman a los casos denunciados en a\u00f1os anteriores y que est\u00e1n siendo abordados desde los equipos interdisciplinarios, siendo hoy 180 las mujeres acompa\u00f1adas.<\/p>\n<p><a data-flickr-embed=\"true\" href=\"https:\/\/www.flickr.com\/photos\/182279889@N02\/52488944174\/in\/dateposted-public\/\" title=\"estoct22\"><img loading=\"lazy\" decoding=\"async\" src=\"https:\/\/live.staticflickr.com\/65535\/52488944174_9f2d6d66c5_c.jpg\" width=\"800\" height=\"800\" alt=\"estoct22\"><\/a><script async src=\"\/\/embedr.flickr.com\/assets\/client-code.js\" charset=\"utf-8\"><\/script><\/p>\n<p>Si bien la cantidad de casos que van ingresando est\u00e1 ligada a la densidad poblacional de cada localidad, las ciudades que presentaron nuevos ingresos fueron Tornquist, Sierra de la Ventana y Villa Ventana. Tambi\u00e9n tomaron contacto con el \u00e1rea de g\u00e9nero personas residentes en Bah\u00eda Blanca.<\/p>\n<p><a data-flickr-embed=\"true\" href=\"https:\/\/www.flickr.com\/photos\/182279889@N02\/52488172167\/in\/dateposted-public\/\" title=\"estoct22.1\"><img loading=\"lazy\" decoding=\"async\" src=\"https:\/\/live.staticflickr.com\/65535\/52488172167_8b7a8bc0e7_c.jpg\" width=\"800\" height=\"800\" alt=\"estoct22.1\"><\/a><script async src=\"\/\/embedr.flickr.com\/assets\/client-code.js\" charset=\"utf-8\"><\/script><\/p>\n<p>Seg\u00fan los gr\u00e1ficos, la psicol\u00f3gica, la f\u00edsica y la sexual ser\u00edan los tipos de violencia m\u00e1s mencionados al momento de exponer situaciones de VPRG, probablemente, porque son las m\u00e1s f\u00e1ciles de reconocer. Tambi\u00e9n, se registraron situaciones de violencia ambiental, espacial, digital, econ\u00f3mica y simb\u00f3lica.<\/p>\n<p><a data-flickr-embed=\"true\" href=\"https:\/\/www.flickr.com\/photos\/182279889@N02\/52488172217\/in\/dateposted-public\/\" title=\"estoct22.2\"><img loading=\"lazy\" decoding=\"async\" src=\"https:\/\/live.staticflickr.com\/65535\/52488172217_a2124c3279_c.jpg\" width=\"800\" height=\"800\" alt=\"estoct22.2\"><\/a><script async src=\"\/\/embedr.flickr.com\/assets\/client-code.js\" charset=\"utf-8\"><\/script><\/p>\n<p>Las violencias registradas tomaron lugar, mayormente, en el \u00e1mbito dom\u00e9stico, por lo que, el lugar m\u00e1s inseguro para las v\u00edctimas contin\u00faa siendo su propio hogar. Asimismo, se registraron situaciones de VPRG en el \u00e1mbito laboral, en los medios de comunicaci\u00f3n y en los espacios p\u00fablicos, donde sigue creciendo la cantidad de denuncias por acoso callejero.<\/p>\n<p><a data-flickr-embed=\"true\" href=\"https:\/\/www.flickr.com\/photos\/182279889@N02\/52488664721\/in\/dateposted-public\/\" title=\"estoct22.3\"><img loading=\"lazy\" decoding=\"async\" src=\"https:\/\/live.staticflickr.com\/65535\/52488664721_21734eaf57_c.jpg\" width=\"800\" height=\"800\" alt=\"estoct22.3\"><\/a><script async src=\"\/\/embedr.flickr.com\/assets\/client-code.js\" charset=\"utf-8\"><\/script><\/p>\n<p>El mayor porcentaje de Personas que Ejercen Agresi\u00f3n (PeA) est\u00e1 ocupado por la ex pareja y la pareja actual. Sin embargo, puede considerarse PeA cualquier persona que, en una relaci\u00f3n desigual de poder, ejerce violencia hacia una mujer o un ciudadano LGBTIQ+ por motivos de g\u00e9nero en cualquier \u00e1mbito.<\/p>\n<p>Si sufr\u00eds violencia por razones de g\u00e9nero o conoces a alguna persona que est\u00e9 en esta situaci\u00f3n, podes comunicarte con el \u00e1rea de Violencia por Razones de G\u00e9nero y saber qu\u00e9 pod\u00e9s hacer. <\/p>\n<p>Tornquist y todo el distrito: 2915759320<br \/>\nSierra de la Ventana y Saldungaray: 2915759315.<\/p>\n<p><a data-flickr-embed=\"true\" href=\"https:\/\/www.flickr.com\/photos\/182279889@N02\/52488664716\/in\/dateposted-public\/\" title=\"estoct22.5\"><img loading=\"lazy\" decoding=\"async\" src=\"https:\/\/live.staticflickr.com\/65535\/52488664716_7616ace1cd_c.jpg\" width=\"800\" height=\"800\" alt=\"estoct22.5\"><\/a><script async src=\"\/\/embedr.flickr.com\/assets\/client-code.js\" charset=\"utf-8\"><\/script><\/p>\n","protected":false},"excerpt":{"rendered":"<p>El \u00e1rea municipal de Violencia por Razones de G\u00e9nero (VPRG), da a conocer los datos estad\u00edsticos del periodo comprendido entre enero y octubre de 2022 del distrito de Tornquist.<\/p>\n","protected":false},"author":3,"featured_media":70136,"comment_status":"closed","ping_status":"closed","sticky":false,"template":"","format":"standard","meta":{"footnotes":""},"categories":[28,26],"tags":[],"class_list":["post-79926","post","type-post","status-publish","format-standard","has-post-thumbnail","hentry","category-municipales","category-sociedad"],"yoast_head":"<!-- This site is optimized with the Yoast SEO plugin v25.9 - https:\/\/yoast.com\/wordpress\/plugins\/seo\/ -->\n<title>Informe estad\u00edstico enero \u2013 octubre 2022 sobre situaciones de Violencia por Razones de G\u00e9nero - Noticias Radio Reflejos<\/title>\n<meta name=\"robots\" content=\"index, follow, max-snippet:-1, max-image-preview:large, max-video-preview:-1\" \/>\n<link rel=\"canonical\" href=\"https:\/\/www.noticiasradioreflejos.com.ar\/2021\/informe-estadistico-enero-octubre-2022-sobre-situaciones-de-violencia-por-razones-de-genero\/\" \/>\n<meta property=\"og:locale\" content=\"es_ES\" \/>\n<meta property=\"og:type\" content=\"article\" \/>\n<meta property=\"og:title\" content=\"Informe estad\u00edstico enero \u2013 octubre 2022 sobre situaciones de Violencia por Razones de G\u00e9nero - Noticias Radio Reflejos\" \/>\n<meta property=\"og:description\" content=\"El \u00e1rea municipal de Violencia por Razones de G\u00e9nero (VPRG), da a conocer los datos estad\u00edsticos del periodo comprendido entre enero y octubre de 2022 del distrito de Tornquist.\" \/>\n<meta property=\"og:url\" content=\"https:\/\/www.noticiasradioreflejos.com.ar\/2021\/informe-estadistico-enero-octubre-2022-sobre-situaciones-de-violencia-por-razones-de-genero\/\" \/>\n<meta property=\"og:site_name\" content=\"Noticias Radio Reflejos\" \/>\n<meta property=\"article:published_time\" content=\"2022-11-09T17:40:46+00:00\" \/>\n<meta property=\"og:image\" content=\"https:\/\/www.noticiasradioreflejos.com.ar\/2021\/wp-content\/uploads\/2022\/04\/concepto-acoso-sexual-o-violacion-sexual_33842-1508.webp\" \/>\n\t<meta property=\"og:image:width\" content=\"626\" \/>\n\t<meta property=\"og:image:height\" content=\"418\" \/>\n\t<meta property=\"og:image:type\" content=\"image\/webp\" \/>\n<meta name=\"author\" content=\"Arnaldo Botto\" \/>\n<meta name=\"twitter:card\" content=\"summary_large_image\" \/>\n<script type=\"application\/ld+json\" class=\"yoast-schema-graph\">{\"@context\":\"https:\/\/schema.org\",\"@graph\":[{\"@type\":\"WebPage\",\"@id\":\"https:\/\/www.noticiasradioreflejos.com.ar\/2021\/informe-estadistico-enero-octubre-2022-sobre-situaciones-de-violencia-por-razones-de-genero\/\",\"url\":\"https:\/\/www.noticiasradioreflejos.com.ar\/2021\/informe-estadistico-enero-octubre-2022-sobre-situaciones-de-violencia-por-razones-de-genero\/\",\"name\":\"Informe estad\u00edstico enero \u2013 octubre 2022 sobre situaciones de Violencia por Razones de G\u00e9nero - Noticias Radio Reflejos\",\"isPartOf\":{\"@id\":\"https:\/\/www.noticiasradioreflejos.com.ar\/2021\/#website\"},\"primaryImageOfPage\":{\"@id\":\"https:\/\/www.noticiasradioreflejos.com.ar\/2021\/informe-estadistico-enero-octubre-2022-sobre-situaciones-de-violencia-por-razones-de-genero\/#primaryimage\"},\"image\":{\"@id\":\"https:\/\/www.noticiasradioreflejos.com.ar\/2021\/informe-estadistico-enero-octubre-2022-sobre-situaciones-de-violencia-por-razones-de-genero\/#primaryimage\"},\"thumbnailUrl\":\"https:\/\/www.noticiasradioreflejos.com.ar\/2021\/wp-content\/uploads\/2022\/04\/concepto-acoso-sexual-o-violacion-sexual_33842-1508.webp\",\"datePublished\":\"2022-11-09T17:40:46+00:00\",\"author\":{\"@id\":\"https:\/\/www.noticiasradioreflejos.com.ar\/2021\/#\/schema\/person\/ad82545263dcc5ec0996818884fd5fb1\"},\"breadcrumb\":{\"@id\":\"https:\/\/www.noticiasradioreflejos.com.ar\/2021\/informe-estadistico-enero-octubre-2022-sobre-situaciones-de-violencia-por-razones-de-genero\/#breadcrumb\"},\"inLanguage\":\"es\",\"potentialAction\":[{\"@type\":\"ReadAction\",\"target\":[\"https:\/\/www.noticiasradioreflejos.com.ar\/2021\/informe-estadistico-enero-octubre-2022-sobre-situaciones-de-violencia-por-razones-de-genero\/\"]}]},{\"@type\":\"ImageObject\",\"inLanguage\":\"es\",\"@id\":\"https:\/\/www.noticiasradioreflejos.com.ar\/2021\/informe-estadistico-enero-octubre-2022-sobre-situaciones-de-violencia-por-razones-de-genero\/#primaryimage\",\"url\":\"https:\/\/www.noticiasradioreflejos.com.ar\/2021\/wp-content\/uploads\/2022\/04\/concepto-acoso-sexual-o-violacion-sexual_33842-1508.webp\",\"contentUrl\":\"https:\/\/www.noticiasradioreflejos.com.ar\/2021\/wp-content\/uploads\/2022\/04\/concepto-acoso-sexual-o-violacion-sexual_33842-1508.webp\",\"width\":626,\"height\":418},{\"@type\":\"BreadcrumbList\",\"@id\":\"https:\/\/www.noticiasradioreflejos.com.ar\/2021\/informe-estadistico-enero-octubre-2022-sobre-situaciones-de-violencia-por-razones-de-genero\/#breadcrumb\",\"itemListElement\":[{\"@type\":\"ListItem\",\"position\":1,\"name\":\"Portada\",\"item\":\"https:\/\/www.noticiasradioreflejos.com.ar\/2021\/\"},{\"@type\":\"ListItem\",\"position\":2,\"name\":\"Informe estad\u00edstico enero \u2013 octubre 2022 sobre situaciones de Violencia por Razones de G\u00e9nero\"}]},{\"@type\":\"WebSite\",\"@id\":\"https:\/\/www.noticiasradioreflejos.com.ar\/2021\/#website\",\"url\":\"https:\/\/www.noticiasradioreflejos.com.ar\/2021\/\",\"name\":\"Noticias Radio Reflejos\",\"description\":\"Las noticias de mi comarca\",\"potentialAction\":[{\"@type\":\"SearchAction\",\"target\":{\"@type\":\"EntryPoint\",\"urlTemplate\":\"https:\/\/www.noticiasradioreflejos.com.ar\/2021\/?s={search_term_string}\"},\"query-input\":{\"@type\":\"PropertyValueSpecification\",\"valueRequired\":true,\"valueName\":\"search_term_string\"}}],\"inLanguage\":\"es\"},{\"@type\":\"Person\",\"@id\":\"https:\/\/www.noticiasradioreflejos.com.ar\/2021\/#\/schema\/person\/ad82545263dcc5ec0996818884fd5fb1\",\"name\":\"Arnaldo Botto\",\"image\":{\"@type\":\"ImageObject\",\"inLanguage\":\"es\",\"@id\":\"https:\/\/www.noticiasradioreflejos.com.ar\/2021\/#\/schema\/person\/image\/\",\"url\":\"https:\/\/secure.gravatar.com\/avatar\/55cb5e37c1efa326397366e6974cb338056df65cb50e7d64d1cf314e87504837?s=96&d=mm&r=g\",\"contentUrl\":\"https:\/\/secure.gravatar.com\/avatar\/55cb5e37c1efa326397366e6974cb338056df65cb50e7d64d1cf314e87504837?s=96&d=mm&r=g\",\"caption\":\"Arnaldo Botto\"},\"url\":\"https:\/\/www.noticiasradioreflejos.com.ar\/2021\/author\/arnaldo\/\"}]}<\/script>\n<!-- \/ Yoast SEO plugin. -->","yoast_head_json":{"title":"Informe estad\u00edstico enero \u2013 octubre 2022 sobre situaciones de Violencia por Razones de G\u00e9nero - Noticias Radio Reflejos","robots":{"index":"index","follow":"follow","max-snippet":"max-snippet:-1","max-image-preview":"max-image-preview:large","max-video-preview":"max-video-preview:-1"},"canonical":"https:\/\/www.noticiasradioreflejos.com.ar\/2021\/informe-estadistico-enero-octubre-2022-sobre-situaciones-de-violencia-por-razones-de-genero\/","og_locale":"es_ES","og_type":"article","og_title":"Informe estad\u00edstico enero \u2013 octubre 2022 sobre situaciones de Violencia por Razones de G\u00e9nero - Noticias Radio Reflejos","og_description":"El \u00e1rea municipal de Violencia por Razones de G\u00e9nero (VPRG), da a conocer los datos estad\u00edsticos del periodo comprendido entre enero y octubre de 2022 del distrito de Tornquist.","og_url":"https:\/\/www.noticiasradioreflejos.com.ar\/2021\/informe-estadistico-enero-octubre-2022-sobre-situaciones-de-violencia-por-razones-de-genero\/","og_site_name":"Noticias Radio Reflejos","article_published_time":"2022-11-09T17:40:46+00:00","og_image":[{"width":626,"height":418,"url":"https:\/\/www.noticiasradioreflejos.com.ar\/2021\/wp-content\/uploads\/2022\/04\/concepto-acoso-sexual-o-violacion-sexual_33842-1508.webp","type":"image\/webp"}],"author":"Arnaldo Botto","twitter_card":"summary_large_image","schema":{"@context":"https:\/\/schema.org","@graph":[{"@type":"WebPage","@id":"https:\/\/www.noticiasradioreflejos.com.ar\/2021\/informe-estadistico-enero-octubre-2022-sobre-situaciones-de-violencia-por-razones-de-genero\/","url":"https:\/\/www.noticiasradioreflejos.com.ar\/2021\/informe-estadistico-enero-octubre-2022-sobre-situaciones-de-violencia-por-razones-de-genero\/","name":"Informe estad\u00edstico enero \u2013 octubre 2022 sobre situaciones de Violencia por Razones de G\u00e9nero - Noticias Radio Reflejos","isPartOf":{"@id":"https:\/\/www.noticiasradioreflejos.com.ar\/2021\/#website"},"primaryImageOfPage":{"@id":"https:\/\/www.noticiasradioreflejos.com.ar\/2021\/informe-estadistico-enero-octubre-2022-sobre-situaciones-de-violencia-por-razones-de-genero\/#primaryimage"},"image":{"@id":"https:\/\/www.noticiasradioreflejos.com.ar\/2021\/informe-estadistico-enero-octubre-2022-sobre-situaciones-de-violencia-por-razones-de-genero\/#primaryimage"},"thumbnailUrl":"https:\/\/www.noticiasradioreflejos.com.ar\/2021\/wp-content\/uploads\/2022\/04\/concepto-acoso-sexual-o-violacion-sexual_33842-1508.webp","datePublished":"2022-11-09T17:40:46+00:00","author":{"@id":"https:\/\/www.noticiasradioreflejos.com.ar\/2021\/#\/schema\/person\/ad82545263dcc5ec0996818884fd5fb1"},"breadcrumb":{"@id":"https:\/\/www.noticiasradioreflejos.com.ar\/2021\/informe-estadistico-enero-octubre-2022-sobre-situaciones-de-violencia-por-razones-de-genero\/#breadcrumb"},"inLanguage":"es","potentialAction":[{"@type":"ReadAction","target":["https:\/\/www.noticiasradioreflejos.com.ar\/2021\/informe-estadistico-enero-octubre-2022-sobre-situaciones-de-violencia-por-razones-de-genero\/"]}]},{"@type":"ImageObject","inLanguage":"es","@id":"https:\/\/www.noticiasradioreflejos.com.ar\/2021\/informe-estadistico-enero-octubre-2022-sobre-situaciones-de-violencia-por-razones-de-genero\/#primaryimage","url":"https:\/\/www.noticiasradioreflejos.com.ar\/2021\/wp-content\/uploads\/2022\/04\/concepto-acoso-sexual-o-violacion-sexual_33842-1508.webp","contentUrl":"https:\/\/www.noticiasradioreflejos.com.ar\/2021\/wp-content\/uploads\/2022\/04\/concepto-acoso-sexual-o-violacion-sexual_33842-1508.webp","width":626,"height":418},{"@type":"BreadcrumbList","@id":"https:\/\/www.noticiasradioreflejos.com.ar\/2021\/informe-estadistico-enero-octubre-2022-sobre-situaciones-de-violencia-por-razones-de-genero\/#breadcrumb","itemListElement":[{"@type":"ListItem","position":1,"name":"Portada","item":"https:\/\/www.noticiasradioreflejos.com.ar\/2021\/"},{"@type":"ListItem","position":2,"name":"Informe estad\u00edstico enero \u2013 octubre 2022 sobre situaciones de Violencia por Razones de G\u00e9nero"}]},{"@type":"WebSite","@id":"https:\/\/www.noticiasradioreflejos.com.ar\/2021\/#website","url":"https:\/\/www.noticiasradioreflejos.com.ar\/2021\/","name":"Noticias Radio Reflejos","description":"Las noticias de mi comarca","potentialAction":[{"@type":"SearchAction","target":{"@type":"EntryPoint","urlTemplate":"https:\/\/www.noticiasradioreflejos.com.ar\/2021\/?s={search_term_string}"},"query-input":{"@type":"PropertyValueSpecification","valueRequired":true,"valueName":"search_term_string"}}],"inLanguage":"es"},{"@type":"Person","@id":"https:\/\/www.noticiasradioreflejos.com.ar\/2021\/#\/schema\/person\/ad82545263dcc5ec0996818884fd5fb1","name":"Arnaldo Botto","image":{"@type":"ImageObject","inLanguage":"es","@id":"https:\/\/www.noticiasradioreflejos.com.ar\/2021\/#\/schema\/person\/image\/","url":"https:\/\/secure.gravatar.com\/avatar\/55cb5e37c1efa326397366e6974cb338056df65cb50e7d64d1cf314e87504837?s=96&d=mm&r=g","contentUrl":"https:\/\/secure.gravatar.com\/avatar\/55cb5e37c1efa326397366e6974cb338056df65cb50e7d64d1cf314e87504837?s=96&d=mm&r=g","caption":"Arnaldo Botto"},"url":"https:\/\/www.noticiasradioreflejos.com.ar\/2021\/author\/arnaldo\/"}]}},"_links":{"self":[{"href":"https:\/\/www.noticiasradioreflejos.com.ar\/2021\/wp-json\/wp\/v2\/posts\/79926","targetHints":{"allow":["GET"]}}],"collection":[{"href":"https:\/\/www.noticiasradioreflejos.com.ar\/2021\/wp-json\/wp\/v2\/posts"}],"about":[{"href":"https:\/\/www.noticiasradioreflejos.com.ar\/2021\/wp-json\/wp\/v2\/types\/post"}],"author":[{"embeddable":true,"href":"https:\/\/www.noticiasradioreflejos.com.ar\/2021\/wp-json\/wp\/v2\/users\/3"}],"replies":[{"embeddable":true,"href":"https:\/\/www.noticiasradioreflejos.com.ar\/2021\/wp-json\/wp\/v2\/comments?post=79926"}],"version-history":[{"count":1,"href":"https:\/\/www.noticiasradioreflejos.com.ar\/2021\/wp-json\/wp\/v2\/posts\/79926\/revisions"}],"predecessor-version":[{"id":79928,"href":"https:\/\/www.noticiasradioreflejos.com.ar\/2021\/wp-json\/wp\/v2\/posts\/79926\/revisions\/79928"}],"wp:featuredmedia":[{"embeddable":true,"href":"https:\/\/www.noticiasradioreflejos.com.ar\/2021\/wp-json\/wp\/v2\/media\/70136"}],"wp:attachment":[{"href":"https:\/\/www.noticiasradioreflejos.com.ar\/2021\/wp-json\/wp\/v2\/media?parent=79926"}],"wp:term":[{"taxonomy":"category","embeddable":true,"href":"https:\/\/www.noticiasradioreflejos.com.ar\/2021\/wp-json\/wp\/v2\/categories?post=79926"},{"taxonomy":"post_tag","embeddable":true,"href":"https:\/\/www.noticiasradioreflejos.com.ar\/2021\/wp-json\/wp\/v2\/tags?post=79926"}],"curies":[{"name":"wp","href":"https:\/\/api.w.org\/{rel}","templated":true}]}}