{"id":79922,"date":"2022-11-09T17:21:45","date_gmt":"2022-11-09T17:21:45","guid":{"rendered":"http:\/\/www.noticiasradioreflejos.com.ar\/2021\/?p=79922"},"modified":"2022-11-09T17:21:45","modified_gmt":"2022-11-09T17:21:45","slug":"se-nego-a-declarar-el-detenido-por-el-homicidio-de-tornquist","status":"publish","type":"post","link":"https:\/\/www.noticiasradioreflejos.com.ar\/2021\/se-nego-a-declarar-el-detenido-por-el-homicidio-de-tornquist\/","title":{"rendered":"Se neg\u00f3 a declarar el detenido por el homicidio de Tornquist."},"content":{"rendered":"<p>Este mediod\u00eda se llev\u00f3 a cabo la audiencia en la cual se le recibi\u00f3 declaraci\u00f3n como imputado a David \u00abHuesito\u00bb Aguado, quien fue detenido por orden del Juzgado de Garant\u00edas N\u00b02 y a pedido de la UFIJ N\u00b05, en relaci\u00f3n al homicidio de Axel Dami\u00e1n Rodr\u00edguez ocurrido en la localidad de Tornquist.<!--more--><\/p>\n<p>Seg\u00fan la investigaci\u00f3n, Aguado y la v\u00edctima se retiraron juntos de la casa de otra persona, luego haber discutido y de haberse originado una pelea entre ambos.<\/p>\n<p>Se logra confirmar que ambos salieron solos del lugar y finalmente hay registros que dan cuenta de la presencia de Aguado, solo, en inmediaciones del lugar donde apareci\u00f3 el cuerpo sin vida de Rodr\u00edguez.<\/p>\n<p>Esa circunstancia se logra determinar en la fecha que la v\u00edctima se registra como desaparecida, en concordancia con la data de muerte estipulada por los m\u00e9dicos que llevaron realizaron la autopsia.<\/p>\n","protected":false},"excerpt":{"rendered":"<p>Este mediod\u00eda se llev\u00f3 a cabo la audiencia en la cual se le recibi\u00f3 declaraci\u00f3n como imputado a David \u00abHuesito\u00bb Aguado, quien fue detenido por orden del Juzgado de Garant\u00edas N\u00b02 y a pedido de la UFIJ N\u00b05, en relaci\u00f3n al homicidio de Axel Dami\u00e1n Rodr\u00edguez ocurrido en la localidad de Tornquist.<\/p>\n","protected":false},"author":3,"featured_media":0,"comment_status":"closed","ping_status":"closed","sticky":false,"template":"","format":"standard","meta":{"footnotes":""},"categories":[57],"tags":[],"class_list":["post-79922","post","type-post","status-publish","format-standard","hentry","category-judiciales"],"yoast_head":"<!-- This site is optimized with the Yoast SEO plugin v25.9 - https:\/\/yoast.com\/wordpress\/plugins\/seo\/ -->\n<title>Se neg\u00f3 a declarar el detenido por el homicidio de Tornquist. - Noticias Radio Reflejos<\/title>\n<meta name=\"robots\" content=\"index, follow, max-snippet:-1, max-image-preview:large, max-video-preview:-1\" \/>\n<link rel=\"canonical\" href=\"https:\/\/www.noticiasradioreflejos.com.ar\/2021\/se-nego-a-declarar-el-detenido-por-el-homicidio-de-tornquist\/\" \/>\n<meta property=\"og:locale\" content=\"es_ES\" \/>\n<meta property=\"og:type\" content=\"article\" \/>\n<meta property=\"og:title\" content=\"Se neg\u00f3 a declarar el detenido por el homicidio de Tornquist. - Noticias Radio Reflejos\" \/>\n<meta property=\"og:description\" content=\"Este mediod\u00eda se llev\u00f3 a cabo la audiencia en la cual se le recibi\u00f3 declaraci\u00f3n como imputado a David \u00abHuesito\u00bb Aguado, quien fue detenido por orden del Juzgado de Garant\u00edas N\u00b02 y a pedido de la UFIJ N\u00b05, en relaci\u00f3n al homicidio de Axel Dami\u00e1n Rodr\u00edguez ocurrido en la localidad de Tornquist.\" \/>\n<meta property=\"og:url\" content=\"https:\/\/www.noticiasradioreflejos.com.ar\/2021\/se-nego-a-declarar-el-detenido-por-el-homicidio-de-tornquist\/\" \/>\n<meta property=\"og:site_name\" content=\"Noticias Radio Reflejos\" \/>\n<meta property=\"article:published_time\" content=\"2022-11-09T17:21:45+00:00\" \/>\n<meta property=\"og:image\" content=\"https:\/\/www.noticiasradioreflejos.com.ar\/2021\/wp-content\/uploads\/2021\/07\/logosol300x200.png\" \/>\n\t<meta property=\"og:image:width\" content=\"300\" \/>\n\t<meta property=\"og:image:height\" content=\"200\" \/>\n\t<meta property=\"og:image:type\" content=\"image\/png\" \/>\n<meta name=\"author\" content=\"Arnaldo Botto\" \/>\n<meta name=\"twitter:card\" content=\"summary_large_image\" \/>\n<script type=\"application\/ld+json\" class=\"yoast-schema-graph\">{\"@context\":\"https:\/\/schema.org\",\"@graph\":[{\"@type\":\"WebPage\",\"@id\":\"https:\/\/www.noticiasradioreflejos.com.ar\/2021\/se-nego-a-declarar-el-detenido-por-el-homicidio-de-tornquist\/\",\"url\":\"https:\/\/www.noticiasradioreflejos.com.ar\/2021\/se-nego-a-declarar-el-detenido-por-el-homicidio-de-tornquist\/\",\"name\":\"Se neg\u00f3 a declarar el detenido por el homicidio de Tornquist. - Noticias Radio Reflejos\",\"isPartOf\":{\"@id\":\"https:\/\/www.noticiasradioreflejos.com.ar\/2021\/#website\"},\"datePublished\":\"2022-11-09T17:21:45+00:00\",\"author\":{\"@id\":\"https:\/\/www.noticiasradioreflejos.com.ar\/2021\/#\/schema\/person\/ad82545263dcc5ec0996818884fd5fb1\"},\"breadcrumb\":{\"@id\":\"https:\/\/www.noticiasradioreflejos.com.ar\/2021\/se-nego-a-declarar-el-detenido-por-el-homicidio-de-tornquist\/#breadcrumb\"},\"inLanguage\":\"es\",\"potentialAction\":[{\"@type\":\"ReadAction\",\"target\":[\"https:\/\/www.noticiasradioreflejos.com.ar\/2021\/se-nego-a-declarar-el-detenido-por-el-homicidio-de-tornquist\/\"]}]},{\"@type\":\"BreadcrumbList\",\"@id\":\"https:\/\/www.noticiasradioreflejos.com.ar\/2021\/se-nego-a-declarar-el-detenido-por-el-homicidio-de-tornquist\/#breadcrumb\",\"itemListElement\":[{\"@type\":\"ListItem\",\"position\":1,\"name\":\"Portada\",\"item\":\"https:\/\/www.noticiasradioreflejos.com.ar\/2021\/\"},{\"@type\":\"ListItem\",\"position\":2,\"name\":\"Se neg\u00f3 a declarar el detenido por el homicidio de Tornquist.\"}]},{\"@type\":\"WebSite\",\"@id\":\"https:\/\/www.noticiasradioreflejos.com.ar\/2021\/#website\",\"url\":\"https:\/\/www.noticiasradioreflejos.com.ar\/2021\/\",\"name\":\"Noticias Radio Reflejos\",\"description\":\"Las noticias de mi comarca\",\"potentialAction\":[{\"@type\":\"SearchAction\",\"target\":{\"@type\":\"EntryPoint\",\"urlTemplate\":\"https:\/\/www.noticiasradioreflejos.com.ar\/2021\/?s={search_term_string}\"},\"query-input\":{\"@type\":\"PropertyValueSpecification\",\"valueRequired\":true,\"valueName\":\"search_term_string\"}}],\"inLanguage\":\"es\"},{\"@type\":\"Person\",\"@id\":\"https:\/\/www.noticiasradioreflejos.com.ar\/2021\/#\/schema\/person\/ad82545263dcc5ec0996818884fd5fb1\",\"name\":\"Arnaldo Botto\",\"image\":{\"@type\":\"ImageObject\",\"inLanguage\":\"es\",\"@id\":\"https:\/\/www.noticiasradioreflejos.com.ar\/2021\/#\/schema\/person\/image\/\",\"url\":\"https:\/\/secure.gravatar.com\/avatar\/55cb5e37c1efa326397366e6974cb338056df65cb50e7d64d1cf314e87504837?s=96&d=mm&r=g\",\"contentUrl\":\"https:\/\/secure.gravatar.com\/avatar\/55cb5e37c1efa326397366e6974cb338056df65cb50e7d64d1cf314e87504837?s=96&d=mm&r=g\",\"caption\":\"Arnaldo Botto\"},\"url\":\"https:\/\/www.noticiasradioreflejos.com.ar\/2021\/author\/arnaldo\/\"}]}<\/script>\n<!-- \/ Yoast SEO plugin. -->","yoast_head_json":{"title":"Se neg\u00f3 a declarar el detenido por el homicidio de Tornquist. - Noticias Radio Reflejos","robots":{"index":"index","follow":"follow","max-snippet":"max-snippet:-1","max-image-preview":"max-image-preview:large","max-video-preview":"max-video-preview:-1"},"canonical":"https:\/\/www.noticiasradioreflejos.com.ar\/2021\/se-nego-a-declarar-el-detenido-por-el-homicidio-de-tornquist\/","og_locale":"es_ES","og_type":"article","og_title":"Se neg\u00f3 a declarar el detenido por el homicidio de Tornquist. - Noticias Radio Reflejos","og_description":"Este mediod\u00eda se llev\u00f3 a cabo la audiencia en la cual se le recibi\u00f3 declaraci\u00f3n como imputado a David \u00abHuesito\u00bb Aguado, quien fue detenido por orden del Juzgado de Garant\u00edas N\u00b02 y a pedido de la UFIJ N\u00b05, en relaci\u00f3n al homicidio de Axel Dami\u00e1n Rodr\u00edguez ocurrido en la localidad de Tornquist.","og_url":"https:\/\/www.noticiasradioreflejos.com.ar\/2021\/se-nego-a-declarar-el-detenido-por-el-homicidio-de-tornquist\/","og_site_name":"Noticias Radio Reflejos","article_published_time":"2022-11-09T17:21:45+00:00","og_image":[{"width":300,"height":200,"url":"https:\/\/www.noticiasradioreflejos.com.ar\/2021\/wp-content\/uploads\/2021\/07\/logosol300x200.png","type":"image\/png"}],"author":"Arnaldo Botto","twitter_card":"summary_large_image","schema":{"@context":"https:\/\/schema.org","@graph":[{"@type":"WebPage","@id":"https:\/\/www.noticiasradioreflejos.com.ar\/2021\/se-nego-a-declarar-el-detenido-por-el-homicidio-de-tornquist\/","url":"https:\/\/www.noticiasradioreflejos.com.ar\/2021\/se-nego-a-declarar-el-detenido-por-el-homicidio-de-tornquist\/","name":"Se neg\u00f3 a declarar el detenido por el homicidio de Tornquist. - Noticias Radio Reflejos","isPartOf":{"@id":"https:\/\/www.noticiasradioreflejos.com.ar\/2021\/#website"},"datePublished":"2022-11-09T17:21:45+00:00","author":{"@id":"https:\/\/www.noticiasradioreflejos.com.ar\/2021\/#\/schema\/person\/ad82545263dcc5ec0996818884fd5fb1"},"breadcrumb":{"@id":"https:\/\/www.noticiasradioreflejos.com.ar\/2021\/se-nego-a-declarar-el-detenido-por-el-homicidio-de-tornquist\/#breadcrumb"},"inLanguage":"es","potentialAction":[{"@type":"ReadAction","target":["https:\/\/www.noticiasradioreflejos.com.ar\/2021\/se-nego-a-declarar-el-detenido-por-el-homicidio-de-tornquist\/"]}]},{"@type":"BreadcrumbList","@id":"https:\/\/www.noticiasradioreflejos.com.ar\/2021\/se-nego-a-declarar-el-detenido-por-el-homicidio-de-tornquist\/#breadcrumb","itemListElement":[{"@type":"ListItem","position":1,"name":"Portada","item":"https:\/\/www.noticiasradioreflejos.com.ar\/2021\/"},{"@type":"ListItem","position":2,"name":"Se neg\u00f3 a declarar el detenido por el homicidio de Tornquist."}]},{"@type":"WebSite","@id":"https:\/\/www.noticiasradioreflejos.com.ar\/2021\/#website","url":"https:\/\/www.noticiasradioreflejos.com.ar\/2021\/","name":"Noticias Radio Reflejos","description":"Las noticias de mi comarca","potentialAction":[{"@type":"SearchAction","target":{"@type":"EntryPoint","urlTemplate":"https:\/\/www.noticiasradioreflejos.com.ar\/2021\/?s={search_term_string}"},"query-input":{"@type":"PropertyValueSpecification","valueRequired":true,"valueName":"search_term_string"}}],"inLanguage":"es"},{"@type":"Person","@id":"https:\/\/www.noticiasradioreflejos.com.ar\/2021\/#\/schema\/person\/ad82545263dcc5ec0996818884fd5fb1","name":"Arnaldo Botto","image":{"@type":"ImageObject","inLanguage":"es","@id":"https:\/\/www.noticiasradioreflejos.com.ar\/2021\/#\/schema\/person\/image\/","url":"https:\/\/secure.gravatar.com\/avatar\/55cb5e37c1efa326397366e6974cb338056df65cb50e7d64d1cf314e87504837?s=96&d=mm&r=g","contentUrl":"https:\/\/secure.gravatar.com\/avatar\/55cb5e37c1efa326397366e6974cb338056df65cb50e7d64d1cf314e87504837?s=96&d=mm&r=g","caption":"Arnaldo Botto"},"url":"https:\/\/www.noticiasradioreflejos.com.ar\/2021\/author\/arnaldo\/"}]}},"_links":{"self":[{"href":"https:\/\/www.noticiasradioreflejos.com.ar\/2021\/wp-json\/wp\/v2\/posts\/79922","targetHints":{"allow":["GET"]}}],"collection":[{"href":"https:\/\/www.noticiasradioreflejos.com.ar\/2021\/wp-json\/wp\/v2\/posts"}],"about":[{"href":"https:\/\/www.noticiasradioreflejos.com.ar\/2021\/wp-json\/wp\/v2\/types\/post"}],"author":[{"embeddable":true,"href":"https:\/\/www.noticiasradioreflejos.com.ar\/2021\/wp-json\/wp\/v2\/users\/3"}],"replies":[{"embeddable":true,"href":"https:\/\/www.noticiasradioreflejos.com.ar\/2021\/wp-json\/wp\/v2\/comments?post=79922"}],"version-history":[{"count":1,"href":"https:\/\/www.noticiasradioreflejos.com.ar\/2021\/wp-json\/wp\/v2\/posts\/79922\/revisions"}],"predecessor-version":[{"id":79923,"href":"https:\/\/www.noticiasradioreflejos.com.ar\/2021\/wp-json\/wp\/v2\/posts\/79922\/revisions\/79923"}],"wp:attachment":[{"href":"https:\/\/www.noticiasradioreflejos.com.ar\/2021\/wp-json\/wp\/v2\/media?parent=79922"}],"wp:term":[{"taxonomy":"category","embeddable":true,"href":"https:\/\/www.noticiasradioreflejos.com.ar\/2021\/wp-json\/wp\/v2\/categories?post=79922"},{"taxonomy":"post_tag","embeddable":true,"href":"https:\/\/www.noticiasradioreflejos.com.ar\/2021\/wp-json\/wp\/v2\/tags?post=79922"}],"curies":[{"name":"wp","href":"https:\/\/api.w.org\/{rel}","templated":true}]}}