{"id":79917,"date":"2022-11-09T17:46:29","date_gmt":"2022-11-09T17:46:29","guid":{"rendered":"http:\/\/www.noticiasradioreflejos.com.ar\/2021\/?p=79917"},"modified":"2022-11-09T17:46:29","modified_gmt":"2022-11-09T17:46:29","slug":"quienes-deben-responder-ante-accidentes-en-casitas-de-fiestas","status":"publish","type":"post","link":"https:\/\/www.noticiasradioreflejos.com.ar\/2021\/quienes-deben-responder-ante-accidentes-en-casitas-de-fiestas\/","title":{"rendered":"\u00bfQui\u00e9nes deben responder ante accidentes en casitas de fiestas?"},"content":{"rendered":"<p>El Dr. Leandro Picardi aclar\u00f3 una situaci\u00f3n que cada vez se ve m\u00e1s seguida. Con un caso testigo, explic\u00f3 los alcances y responsabilidades en este tipo de lugares.<!--more--><\/p>\n<p>El Dr. Leandro Picardi trajo a colaci\u00f3n los alcances, responsabilidades y deberes que tienen los prestadores de servicios que trabajan con ni\u00f1os, particularmente, los que cuentan con casitas de fiestas.<\/p>\n<p>Al respecto el abogado mencion\u00f3 que \u201csi uno lucra con el entretenimiento de ni\u00f1os, es necesario brindarles protecci\u00f3n a ellos o a adultos. Como la mayor\u00eda son menores, la obligaci\u00f3n y protecci\u00f3n debe ser mayor\u201d.<\/p>\n<p>En esa l\u00ednea sostuvo que \u201csi uno contrata el servicio, por lo menos lo que quiere, es que el pelotero se haga responsable. M\u00e1s que nada porque los que lucran con esto tienen la obligaci\u00f3n de contratar un seguro y tienen la obligaci\u00f3n de resultado\u201d.<\/p>\n<p>De igual manera dej\u00f3 en claro que \u201cs\u00ed o s\u00ed tienen que tener seguro. M\u00e1s all\u00e1 de eso, en el 90% de los casos no se firma contrato. Se arregla de palabra tras una se\u00f1a. Pero hoy en d\u00eda estamos viendo cada vez m\u00e1s salones de fiestas infantiles que est\u00e1n estableciendo cl\u00e1usulas para eximirse de responsabilidad\u201d.<\/p>\n<p>Ampliando esto, Picardi cont\u00f3 que \u201cpor ejemplo, que la persona cuida las cosas de la empresa; el resto, cuidado de nenes, animaci\u00f3n, corre por cuenta de quien alquila\u201d.<\/p>\n<p>Poniendo en contexto, afirm\u00f3 que \u201cestas cuestiones tratan de solucionarse de manera privada. Eso no quita que la persona accidentada pueda realizar la correspondiente demanda. Y si prueba que la criatura se accident\u00f3 en ese cumplea\u00f1os, y demuestra la relaci\u00f3n del accidente y la criatura, se podr\u00eda ver como responsable. Gracias a Dios la gente no est\u00e1 con tantas ganas de litigio y se soluciona de forma privada\u201d.<\/p>\n<p>Todo esto vino a cuenta de un hecho ocurrido en 2018, cuando una ni\u00f1a sufri\u00f3 \u201cuna quebradura expuesta de su brazo izquierdo que le trajo much\u00edsimas consecuencias. La aseguradora del pelotero respondi\u00f3 de manera correcta\u201d.<\/p>\n<p><iframe loading=\"lazy\" width=\"100%\" height=\"166\" scrolling=\"no\" frameborder=\"no\" allow=\"autoplay\" src=\"https:\/\/w.soundcloud.com\/player\/?url=https%3A\/\/api.soundcloud.com\/tracks\/1379489359&#038;color=%23ff5500&#038;auto_play=false&#038;hide_related=false&#038;show_comments=true&#038;show_user=true&#038;show_reposts=false&#038;show_teaser=true\"><\/iframe><\/p>\n<div style=\"font-size: 10px; color: #cccccc;line-break: anywhere;word-break: normal;overflow: hidden;white-space: nowrap;text-overflow: ellipsis; font-family: Interstate,Lucida Grande,Lucida Sans Unicode,Lucida Sans,Garuda,Verdana,Tahoma,sans-serif;font-weight: 100;\"><a href=\"https:\/\/soundcloud.com\/fmreflejos-103-7\" title=\"fmreflejos 103.7\" target=\"_blank\" style=\"color: #cccccc; text-decoration: none;\" rel=\"noopener\">fmreflejos 103.7<\/a> \u00b7 <a href=\"https:\/\/soundcloud.com\/fmreflejos-103-7\/leandro-picardi-responsabilidad-en-salones-de-fiesta\" title=\"Leandro Picardi - Responsabilidad En Salones De Fiesta\" target=\"_blank\" style=\"color: #cccccc; text-decoration: none;\" rel=\"noopener\">Leandro Picardi &#8211; Responsabilidad En Salones De Fiesta<\/a><\/div>\n","protected":false},"excerpt":{"rendered":"<p>El Dr. Leandro Picardi aclar\u00f3 una situaci\u00f3n que cada vez se ve m\u00e1s seguida. Con un caso testigo, explic\u00f3 los alcances y responsabilidades en este tipo de lugares.<\/p>\n","protected":false},"author":3,"featured_media":0,"comment_status":"closed","ping_status":"closed","sticky":false,"template":"","format":"standard","meta":{"footnotes":""},"categories":[57,26],"tags":[],"class_list":["post-79917","post","type-post","status-publish","format-standard","hentry","category-judiciales","category-sociedad"],"yoast_head":"<!-- This site is optimized with the Yoast SEO plugin v25.9 - https:\/\/yoast.com\/wordpress\/plugins\/seo\/ -->\n<title>\u00bfQui\u00e9nes deben responder ante accidentes en casitas de fiestas? - Noticias Radio Reflejos<\/title>\n<meta name=\"robots\" content=\"index, follow, max-snippet:-1, max-image-preview:large, max-video-preview:-1\" \/>\n<link rel=\"canonical\" href=\"https:\/\/www.noticiasradioreflejos.com.ar\/2021\/quienes-deben-responder-ante-accidentes-en-casitas-de-fiestas\/\" \/>\n<meta property=\"og:locale\" content=\"es_ES\" \/>\n<meta property=\"og:type\" content=\"article\" \/>\n<meta property=\"og:title\" content=\"\u00bfQui\u00e9nes deben responder ante accidentes en casitas de fiestas? - Noticias Radio Reflejos\" \/>\n<meta property=\"og:description\" content=\"El Dr. Leandro Picardi aclar\u00f3 una situaci\u00f3n que cada vez se ve m\u00e1s seguida. Con un caso testigo, explic\u00f3 los alcances y responsabilidades en este tipo de lugares.\" \/>\n<meta property=\"og:url\" content=\"https:\/\/www.noticiasradioreflejos.com.ar\/2021\/quienes-deben-responder-ante-accidentes-en-casitas-de-fiestas\/\" \/>\n<meta property=\"og:site_name\" content=\"Noticias Radio Reflejos\" \/>\n<meta property=\"article:published_time\" content=\"2022-11-09T17:46:29+00:00\" \/>\n<meta property=\"og:image\" content=\"https:\/\/www.noticiasradioreflejos.com.ar\/2021\/wp-content\/uploads\/2021\/07\/logosol300x200.png\" \/>\n\t<meta property=\"og:image:width\" content=\"300\" \/>\n\t<meta property=\"og:image:height\" content=\"200\" \/>\n\t<meta property=\"og:image:type\" content=\"image\/png\" \/>\n<meta name=\"author\" content=\"Arnaldo Botto\" \/>\n<meta name=\"twitter:card\" content=\"summary_large_image\" \/>\n<script type=\"application\/ld+json\" class=\"yoast-schema-graph\">{\"@context\":\"https:\/\/schema.org\",\"@graph\":[{\"@type\":\"WebPage\",\"@id\":\"https:\/\/www.noticiasradioreflejos.com.ar\/2021\/quienes-deben-responder-ante-accidentes-en-casitas-de-fiestas\/\",\"url\":\"https:\/\/www.noticiasradioreflejos.com.ar\/2021\/quienes-deben-responder-ante-accidentes-en-casitas-de-fiestas\/\",\"name\":\"\u00bfQui\u00e9nes deben responder ante accidentes en casitas de fiestas? - Noticias Radio Reflejos\",\"isPartOf\":{\"@id\":\"https:\/\/www.noticiasradioreflejos.com.ar\/2021\/#website\"},\"datePublished\":\"2022-11-09T17:46:29+00:00\",\"author\":{\"@id\":\"https:\/\/www.noticiasradioreflejos.com.ar\/2021\/#\/schema\/person\/ad82545263dcc5ec0996818884fd5fb1\"},\"breadcrumb\":{\"@id\":\"https:\/\/www.noticiasradioreflejos.com.ar\/2021\/quienes-deben-responder-ante-accidentes-en-casitas-de-fiestas\/#breadcrumb\"},\"inLanguage\":\"es\",\"potentialAction\":[{\"@type\":\"ReadAction\",\"target\":[\"https:\/\/www.noticiasradioreflejos.com.ar\/2021\/quienes-deben-responder-ante-accidentes-en-casitas-de-fiestas\/\"]}]},{\"@type\":\"BreadcrumbList\",\"@id\":\"https:\/\/www.noticiasradioreflejos.com.ar\/2021\/quienes-deben-responder-ante-accidentes-en-casitas-de-fiestas\/#breadcrumb\",\"itemListElement\":[{\"@type\":\"ListItem\",\"position\":1,\"name\":\"Portada\",\"item\":\"https:\/\/www.noticiasradioreflejos.com.ar\/2021\/\"},{\"@type\":\"ListItem\",\"position\":2,\"name\":\"\u00bfQui\u00e9nes deben responder ante accidentes en casitas de fiestas?\"}]},{\"@type\":\"WebSite\",\"@id\":\"https:\/\/www.noticiasradioreflejos.com.ar\/2021\/#website\",\"url\":\"https:\/\/www.noticiasradioreflejos.com.ar\/2021\/\",\"name\":\"Noticias Radio Reflejos\",\"description\":\"Las noticias de mi comarca\",\"potentialAction\":[{\"@type\":\"SearchAction\",\"target\":{\"@type\":\"EntryPoint\",\"urlTemplate\":\"https:\/\/www.noticiasradioreflejos.com.ar\/2021\/?s={search_term_string}\"},\"query-input\":{\"@type\":\"PropertyValueSpecification\",\"valueRequired\":true,\"valueName\":\"search_term_string\"}}],\"inLanguage\":\"es\"},{\"@type\":\"Person\",\"@id\":\"https:\/\/www.noticiasradioreflejos.com.ar\/2021\/#\/schema\/person\/ad82545263dcc5ec0996818884fd5fb1\",\"name\":\"Arnaldo Botto\",\"image\":{\"@type\":\"ImageObject\",\"inLanguage\":\"es\",\"@id\":\"https:\/\/www.noticiasradioreflejos.com.ar\/2021\/#\/schema\/person\/image\/\",\"url\":\"https:\/\/secure.gravatar.com\/avatar\/55cb5e37c1efa326397366e6974cb338056df65cb50e7d64d1cf314e87504837?s=96&d=mm&r=g\",\"contentUrl\":\"https:\/\/secure.gravatar.com\/avatar\/55cb5e37c1efa326397366e6974cb338056df65cb50e7d64d1cf314e87504837?s=96&d=mm&r=g\",\"caption\":\"Arnaldo Botto\"},\"url\":\"https:\/\/www.noticiasradioreflejos.com.ar\/2021\/author\/arnaldo\/\"}]}<\/script>\n<!-- \/ Yoast SEO plugin. -->","yoast_head_json":{"title":"\u00bfQui\u00e9nes deben responder ante accidentes en casitas de fiestas? - Noticias Radio Reflejos","robots":{"index":"index","follow":"follow","max-snippet":"max-snippet:-1","max-image-preview":"max-image-preview:large","max-video-preview":"max-video-preview:-1"},"canonical":"https:\/\/www.noticiasradioreflejos.com.ar\/2021\/quienes-deben-responder-ante-accidentes-en-casitas-de-fiestas\/","og_locale":"es_ES","og_type":"article","og_title":"\u00bfQui\u00e9nes deben responder ante accidentes en casitas de fiestas? - Noticias Radio Reflejos","og_description":"El Dr. Leandro Picardi aclar\u00f3 una situaci\u00f3n que cada vez se ve m\u00e1s seguida. Con un caso testigo, explic\u00f3 los alcances y responsabilidades en este tipo de lugares.","og_url":"https:\/\/www.noticiasradioreflejos.com.ar\/2021\/quienes-deben-responder-ante-accidentes-en-casitas-de-fiestas\/","og_site_name":"Noticias Radio Reflejos","article_published_time":"2022-11-09T17:46:29+00:00","og_image":[{"width":300,"height":200,"url":"https:\/\/www.noticiasradioreflejos.com.ar\/2021\/wp-content\/uploads\/2021\/07\/logosol300x200.png","type":"image\/png"}],"author":"Arnaldo Botto","twitter_card":"summary_large_image","schema":{"@context":"https:\/\/schema.org","@graph":[{"@type":"WebPage","@id":"https:\/\/www.noticiasradioreflejos.com.ar\/2021\/quienes-deben-responder-ante-accidentes-en-casitas-de-fiestas\/","url":"https:\/\/www.noticiasradioreflejos.com.ar\/2021\/quienes-deben-responder-ante-accidentes-en-casitas-de-fiestas\/","name":"\u00bfQui\u00e9nes deben responder ante accidentes en casitas de fiestas? - Noticias Radio Reflejos","isPartOf":{"@id":"https:\/\/www.noticiasradioreflejos.com.ar\/2021\/#website"},"datePublished":"2022-11-09T17:46:29+00:00","author":{"@id":"https:\/\/www.noticiasradioreflejos.com.ar\/2021\/#\/schema\/person\/ad82545263dcc5ec0996818884fd5fb1"},"breadcrumb":{"@id":"https:\/\/www.noticiasradioreflejos.com.ar\/2021\/quienes-deben-responder-ante-accidentes-en-casitas-de-fiestas\/#breadcrumb"},"inLanguage":"es","potentialAction":[{"@type":"ReadAction","target":["https:\/\/www.noticiasradioreflejos.com.ar\/2021\/quienes-deben-responder-ante-accidentes-en-casitas-de-fiestas\/"]}]},{"@type":"BreadcrumbList","@id":"https:\/\/www.noticiasradioreflejos.com.ar\/2021\/quienes-deben-responder-ante-accidentes-en-casitas-de-fiestas\/#breadcrumb","itemListElement":[{"@type":"ListItem","position":1,"name":"Portada","item":"https:\/\/www.noticiasradioreflejos.com.ar\/2021\/"},{"@type":"ListItem","position":2,"name":"\u00bfQui\u00e9nes deben responder ante accidentes en casitas de fiestas?"}]},{"@type":"WebSite","@id":"https:\/\/www.noticiasradioreflejos.com.ar\/2021\/#website","url":"https:\/\/www.noticiasradioreflejos.com.ar\/2021\/","name":"Noticias Radio Reflejos","description":"Las noticias de mi comarca","potentialAction":[{"@type":"SearchAction","target":{"@type":"EntryPoint","urlTemplate":"https:\/\/www.noticiasradioreflejos.com.ar\/2021\/?s={search_term_string}"},"query-input":{"@type":"PropertyValueSpecification","valueRequired":true,"valueName":"search_term_string"}}],"inLanguage":"es"},{"@type":"Person","@id":"https:\/\/www.noticiasradioreflejos.com.ar\/2021\/#\/schema\/person\/ad82545263dcc5ec0996818884fd5fb1","name":"Arnaldo Botto","image":{"@type":"ImageObject","inLanguage":"es","@id":"https:\/\/www.noticiasradioreflejos.com.ar\/2021\/#\/schema\/person\/image\/","url":"https:\/\/secure.gravatar.com\/avatar\/55cb5e37c1efa326397366e6974cb338056df65cb50e7d64d1cf314e87504837?s=96&d=mm&r=g","contentUrl":"https:\/\/secure.gravatar.com\/avatar\/55cb5e37c1efa326397366e6974cb338056df65cb50e7d64d1cf314e87504837?s=96&d=mm&r=g","caption":"Arnaldo Botto"},"url":"https:\/\/www.noticiasradioreflejos.com.ar\/2021\/author\/arnaldo\/"}]}},"_links":{"self":[{"href":"https:\/\/www.noticiasradioreflejos.com.ar\/2021\/wp-json\/wp\/v2\/posts\/79917","targetHints":{"allow":["GET"]}}],"collection":[{"href":"https:\/\/www.noticiasradioreflejos.com.ar\/2021\/wp-json\/wp\/v2\/posts"}],"about":[{"href":"https:\/\/www.noticiasradioreflejos.com.ar\/2021\/wp-json\/wp\/v2\/types\/post"}],"author":[{"embeddable":true,"href":"https:\/\/www.noticiasradioreflejos.com.ar\/2021\/wp-json\/wp\/v2\/users\/3"}],"replies":[{"embeddable":true,"href":"https:\/\/www.noticiasradioreflejos.com.ar\/2021\/wp-json\/wp\/v2\/comments?post=79917"}],"version-history":[{"count":2,"href":"https:\/\/www.noticiasradioreflejos.com.ar\/2021\/wp-json\/wp\/v2\/posts\/79917\/revisions"}],"predecessor-version":[{"id":79932,"href":"https:\/\/www.noticiasradioreflejos.com.ar\/2021\/wp-json\/wp\/v2\/posts\/79917\/revisions\/79932"}],"wp:attachment":[{"href":"https:\/\/www.noticiasradioreflejos.com.ar\/2021\/wp-json\/wp\/v2\/media?parent=79917"}],"wp:term":[{"taxonomy":"category","embeddable":true,"href":"https:\/\/www.noticiasradioreflejos.com.ar\/2021\/wp-json\/wp\/v2\/categories?post=79917"},{"taxonomy":"post_tag","embeddable":true,"href":"https:\/\/www.noticiasradioreflejos.com.ar\/2021\/wp-json\/wp\/v2\/tags?post=79917"}],"curies":[{"name":"wp","href":"https:\/\/api.w.org\/{rel}","templated":true}]}}