{"id":79911,"date":"2022-11-09T17:36:19","date_gmt":"2022-11-09T17:36:19","guid":{"rendered":"http:\/\/www.noticiasradioreflejos.com.ar\/2021\/?p=79911"},"modified":"2022-11-09T17:36:19","modified_gmt":"2022-11-09T17:36:19","slug":"creemos-que-el-turista-tiene-que-estar-al-servicio-de-nosotros","status":"publish","type":"post","link":"https:\/\/www.noticiasradioreflejos.com.ar\/2021\/creemos-que-el-turista-tiene-que-estar-al-servicio-de-nosotros\/","title":{"rendered":"\u201cCreemos que el turista tiene que estar al servicio de nosotros\u201d"},"content":{"rendered":"<p>El vecino Horacio Granci dio su punto de vista respecto a la pol\u00e9mica generada por los turistas que no pudieron ascender al Ventana.<strong> \u201cSe pasa de l\u00edmite\u201d<\/strong> asegur\u00f3.<!--more--><\/p>\n<p>El conocido vecino de la comarca, Horacio Granci, quiso dejar clara su postura respecto a la problem\u00e1tica generada cuando algunos turistas quisieron ascender al Ventana y se les neg\u00f3 esa posibilidad.<\/p>\n<p>Sobre ese punto, Granci fue directo al grano: \u201cviv\u00ed y conviv\u00ed con el ascenso a la Ventana sin ning\u00fan gu\u00eda. Y no and\u00e1bamos con los bomberos para arriba y para abajo rescatando gente. Ahora se pasa de l\u00edmite\u201d.<\/p>\n<p>Siguiendo en esa l\u00ednea asegur\u00f3 que \u201chay turistas que no pueden llevar a ning\u00fan lado. Que el lunes es feriado, que el martes el partido\u2026 no puede ser. A parte lo que se cobra. Es una ridiculez. Y hablan del medio ambiente, \u00bfPor qu\u00e9 no juntan la mugre de Sierra de la Ventana?\u201d<\/p>\n<p>Reflexionando, asegur\u00f3 que \u201cestamos espantando a la gente. Encima que tenemos pocas cosas para hacer, porque est\u00e1 copado todo por los privados\u2026 parece que hay que hacer lo del tour uno o dos meses antes. En vez de estar al servicio del turista creemos que el turista tiene que estar al servicio de nosotros\u201d.<\/p>\n<p>Por \u00faltimo pidi\u00f3 que \u201caparte de explicar, tienen que hace algo. Tienen que juntar la mugre. Muchas veces del otro lado no encontramos la respuesta que necesitamos. Darles a los visitantes un servicio. Son muchas palabras y hechos muy pocos\u201d.<\/p>\n<p>&nbsp;<\/p>\n<p><iframe loading=\"lazy\" width=\"100%\" height=\"166\" scrolling=\"no\" frameborder=\"no\" allow=\"autoplay\" src=\"https:\/\/w.soundcloud.com\/player\/?url=https%3A\/\/api.soundcloud.com\/tracks\/1379487844&#038;color=%23ff5500&#038;auto_play=false&#038;hide_related=false&#038;show_comments=true&#038;show_user=true&#038;show_reposts=false&#038;show_teaser=true\"><\/iframe><\/p>\n<div style=\"font-size: 10px; color: #cccccc;line-break: anywhere;word-break: normal;overflow: hidden;white-space: nowrap;text-overflow: ellipsis; font-family: Interstate,Lucida Grande,Lucida Sans Unicode,Lucida Sans,Garuda,Verdana,Tahoma,sans-serif;font-weight: 100;\"><a href=\"https:\/\/soundcloud.com\/fmreflejos-103-7\" title=\"fmreflejos 103.7\" target=\"_blank\" style=\"color: #cccccc; text-decoration: none;\" rel=\"noopener\">fmreflejos 103.7<\/a> \u00b7 <a href=\"https:\/\/soundcloud.com\/fmreflejos-103-7\/horacio-granci-2\" title=\"Horacio Granci\" target=\"_blank\" style=\"color: #cccccc; text-decoration: none;\" rel=\"noopener\">Horacio Granci<\/a><\/div>\n","protected":false},"excerpt":{"rendered":"<p>El vecino Horacio Granci dio su punto de vista respecto a la pol\u00e9mica generada por los turistas que no pudieron ascender al Ventana. \u201cSe pasa de l\u00edmite\u201d asegur\u00f3.<\/p>\n","protected":false},"author":3,"featured_media":71723,"comment_status":"closed","ping_status":"closed","sticky":false,"template":"","format":"standard","meta":{"footnotes":""},"categories":[26,33],"tags":[48],"class_list":["post-79911","post","type-post","status-publish","format-standard","has-post-thumbnail","hentry","category-sociedad","category-turismo","tag-destacada"],"yoast_head":"<!-- This site is optimized with the Yoast SEO plugin v25.9 - https:\/\/yoast.com\/wordpress\/plugins\/seo\/ -->\n<title>\u201cCreemos que el turista tiene que estar al servicio de nosotros\u201d - Noticias Radio Reflejos<\/title>\n<meta name=\"robots\" content=\"index, follow, max-snippet:-1, max-image-preview:large, max-video-preview:-1\" \/>\n<link rel=\"canonical\" href=\"https:\/\/www.noticiasradioreflejos.com.ar\/2021\/creemos-que-el-turista-tiene-que-estar-al-servicio-de-nosotros\/\" \/>\n<meta property=\"og:locale\" content=\"es_ES\" \/>\n<meta property=\"og:type\" content=\"article\" \/>\n<meta property=\"og:title\" content=\"\u201cCreemos que el turista tiene que estar al servicio de nosotros\u201d - Noticias Radio Reflejos\" \/>\n<meta property=\"og:description\" content=\"El vecino Horacio Granci dio su punto de vista respecto a la pol\u00e9mica generada por los turistas que no pudieron ascender al Ventana. \u201cSe pasa de l\u00edmite\u201d asegur\u00f3.\" \/>\n<meta property=\"og:url\" content=\"https:\/\/www.noticiasradioreflejos.com.ar\/2021\/creemos-que-el-turista-tiene-que-estar-al-servicio-de-nosotros\/\" \/>\n<meta property=\"og:site_name\" content=\"Noticias Radio Reflejos\" \/>\n<meta property=\"article:published_time\" content=\"2022-11-09T17:36:19+00:00\" \/>\n<meta property=\"og:image\" content=\"https:\/\/www.noticiasradioreflejos.com.ar\/2021\/wp-content\/uploads\/2022\/05\/PARQUE-pROV.-ERNESTO-TORNQUIST-1.jpeg\" \/>\n\t<meta property=\"og:image:width\" content=\"1280\" \/>\n\t<meta property=\"og:image:height\" content=\"960\" \/>\n\t<meta property=\"og:image:type\" content=\"image\/jpeg\" \/>\n<meta name=\"author\" content=\"Arnaldo Botto\" \/>\n<meta name=\"twitter:card\" content=\"summary_large_image\" \/>\n<script type=\"application\/ld+json\" class=\"yoast-schema-graph\">{\"@context\":\"https:\/\/schema.org\",\"@graph\":[{\"@type\":\"WebPage\",\"@id\":\"https:\/\/www.noticiasradioreflejos.com.ar\/2021\/creemos-que-el-turista-tiene-que-estar-al-servicio-de-nosotros\/\",\"url\":\"https:\/\/www.noticiasradioreflejos.com.ar\/2021\/creemos-que-el-turista-tiene-que-estar-al-servicio-de-nosotros\/\",\"name\":\"\u201cCreemos que el turista tiene que estar al servicio de nosotros\u201d - Noticias Radio Reflejos\",\"isPartOf\":{\"@id\":\"https:\/\/www.noticiasradioreflejos.com.ar\/2021\/#website\"},\"primaryImageOfPage\":{\"@id\":\"https:\/\/www.noticiasradioreflejos.com.ar\/2021\/creemos-que-el-turista-tiene-que-estar-al-servicio-de-nosotros\/#primaryimage\"},\"image\":{\"@id\":\"https:\/\/www.noticiasradioreflejos.com.ar\/2021\/creemos-que-el-turista-tiene-que-estar-al-servicio-de-nosotros\/#primaryimage\"},\"thumbnailUrl\":\"https:\/\/www.noticiasradioreflejos.com.ar\/2021\/wp-content\/uploads\/2022\/05\/PARQUE-pROV.-ERNESTO-TORNQUIST-1.jpeg\",\"datePublished\":\"2022-11-09T17:36:19+00:00\",\"author\":{\"@id\":\"https:\/\/www.noticiasradioreflejos.com.ar\/2021\/#\/schema\/person\/ad82545263dcc5ec0996818884fd5fb1\"},\"breadcrumb\":{\"@id\":\"https:\/\/www.noticiasradioreflejos.com.ar\/2021\/creemos-que-el-turista-tiene-que-estar-al-servicio-de-nosotros\/#breadcrumb\"},\"inLanguage\":\"es\",\"potentialAction\":[{\"@type\":\"ReadAction\",\"target\":[\"https:\/\/www.noticiasradioreflejos.com.ar\/2021\/creemos-que-el-turista-tiene-que-estar-al-servicio-de-nosotros\/\"]}]},{\"@type\":\"ImageObject\",\"inLanguage\":\"es\",\"@id\":\"https:\/\/www.noticiasradioreflejos.com.ar\/2021\/creemos-que-el-turista-tiene-que-estar-al-servicio-de-nosotros\/#primaryimage\",\"url\":\"https:\/\/www.noticiasradioreflejos.com.ar\/2021\/wp-content\/uploads\/2022\/05\/PARQUE-pROV.-ERNESTO-TORNQUIST-1.jpeg\",\"contentUrl\":\"https:\/\/www.noticiasradioreflejos.com.ar\/2021\/wp-content\/uploads\/2022\/05\/PARQUE-pROV.-ERNESTO-TORNQUIST-1.jpeg\",\"width\":1280,\"height\":960},{\"@type\":\"BreadcrumbList\",\"@id\":\"https:\/\/www.noticiasradioreflejos.com.ar\/2021\/creemos-que-el-turista-tiene-que-estar-al-servicio-de-nosotros\/#breadcrumb\",\"itemListElement\":[{\"@type\":\"ListItem\",\"position\":1,\"name\":\"Portada\",\"item\":\"https:\/\/www.noticiasradioreflejos.com.ar\/2021\/\"},{\"@type\":\"ListItem\",\"position\":2,\"name\":\"\u201cCreemos que el turista tiene que estar al servicio de nosotros\u201d\"}]},{\"@type\":\"WebSite\",\"@id\":\"https:\/\/www.noticiasradioreflejos.com.ar\/2021\/#website\",\"url\":\"https:\/\/www.noticiasradioreflejos.com.ar\/2021\/\",\"name\":\"Noticias Radio Reflejos\",\"description\":\"Las noticias de mi comarca\",\"potentialAction\":[{\"@type\":\"SearchAction\",\"target\":{\"@type\":\"EntryPoint\",\"urlTemplate\":\"https:\/\/www.noticiasradioreflejos.com.ar\/2021\/?s={search_term_string}\"},\"query-input\":{\"@type\":\"PropertyValueSpecification\",\"valueRequired\":true,\"valueName\":\"search_term_string\"}}],\"inLanguage\":\"es\"},{\"@type\":\"Person\",\"@id\":\"https:\/\/www.noticiasradioreflejos.com.ar\/2021\/#\/schema\/person\/ad82545263dcc5ec0996818884fd5fb1\",\"name\":\"Arnaldo Botto\",\"image\":{\"@type\":\"ImageObject\",\"inLanguage\":\"es\",\"@id\":\"https:\/\/www.noticiasradioreflejos.com.ar\/2021\/#\/schema\/person\/image\/\",\"url\":\"https:\/\/secure.gravatar.com\/avatar\/55cb5e37c1efa326397366e6974cb338056df65cb50e7d64d1cf314e87504837?s=96&d=mm&r=g\",\"contentUrl\":\"https:\/\/secure.gravatar.com\/avatar\/55cb5e37c1efa326397366e6974cb338056df65cb50e7d64d1cf314e87504837?s=96&d=mm&r=g\",\"caption\":\"Arnaldo Botto\"},\"url\":\"https:\/\/www.noticiasradioreflejos.com.ar\/2021\/author\/arnaldo\/\"}]}<\/script>\n<!-- \/ Yoast SEO plugin. -->","yoast_head_json":{"title":"\u201cCreemos que el turista tiene que estar al servicio de nosotros\u201d - Noticias Radio Reflejos","robots":{"index":"index","follow":"follow","max-snippet":"max-snippet:-1","max-image-preview":"max-image-preview:large","max-video-preview":"max-video-preview:-1"},"canonical":"https:\/\/www.noticiasradioreflejos.com.ar\/2021\/creemos-que-el-turista-tiene-que-estar-al-servicio-de-nosotros\/","og_locale":"es_ES","og_type":"article","og_title":"\u201cCreemos que el turista tiene que estar al servicio de nosotros\u201d - Noticias Radio Reflejos","og_description":"El vecino Horacio Granci dio su punto de vista respecto a la pol\u00e9mica generada por los turistas que no pudieron ascender al Ventana. \u201cSe pasa de l\u00edmite\u201d asegur\u00f3.","og_url":"https:\/\/www.noticiasradioreflejos.com.ar\/2021\/creemos-que-el-turista-tiene-que-estar-al-servicio-de-nosotros\/","og_site_name":"Noticias Radio Reflejos","article_published_time":"2022-11-09T17:36:19+00:00","og_image":[{"width":1280,"height":960,"url":"https:\/\/www.noticiasradioreflejos.com.ar\/2021\/wp-content\/uploads\/2022\/05\/PARQUE-pROV.-ERNESTO-TORNQUIST-1.jpeg","type":"image\/jpeg"}],"author":"Arnaldo Botto","twitter_card":"summary_large_image","schema":{"@context":"https:\/\/schema.org","@graph":[{"@type":"WebPage","@id":"https:\/\/www.noticiasradioreflejos.com.ar\/2021\/creemos-que-el-turista-tiene-que-estar-al-servicio-de-nosotros\/","url":"https:\/\/www.noticiasradioreflejos.com.ar\/2021\/creemos-que-el-turista-tiene-que-estar-al-servicio-de-nosotros\/","name":"\u201cCreemos que el turista tiene que estar al servicio de nosotros\u201d - Noticias Radio Reflejos","isPartOf":{"@id":"https:\/\/www.noticiasradioreflejos.com.ar\/2021\/#website"},"primaryImageOfPage":{"@id":"https:\/\/www.noticiasradioreflejos.com.ar\/2021\/creemos-que-el-turista-tiene-que-estar-al-servicio-de-nosotros\/#primaryimage"},"image":{"@id":"https:\/\/www.noticiasradioreflejos.com.ar\/2021\/creemos-que-el-turista-tiene-que-estar-al-servicio-de-nosotros\/#primaryimage"},"thumbnailUrl":"https:\/\/www.noticiasradioreflejos.com.ar\/2021\/wp-content\/uploads\/2022\/05\/PARQUE-pROV.-ERNESTO-TORNQUIST-1.jpeg","datePublished":"2022-11-09T17:36:19+00:00","author":{"@id":"https:\/\/www.noticiasradioreflejos.com.ar\/2021\/#\/schema\/person\/ad82545263dcc5ec0996818884fd5fb1"},"breadcrumb":{"@id":"https:\/\/www.noticiasradioreflejos.com.ar\/2021\/creemos-que-el-turista-tiene-que-estar-al-servicio-de-nosotros\/#breadcrumb"},"inLanguage":"es","potentialAction":[{"@type":"ReadAction","target":["https:\/\/www.noticiasradioreflejos.com.ar\/2021\/creemos-que-el-turista-tiene-que-estar-al-servicio-de-nosotros\/"]}]},{"@type":"ImageObject","inLanguage":"es","@id":"https:\/\/www.noticiasradioreflejos.com.ar\/2021\/creemos-que-el-turista-tiene-que-estar-al-servicio-de-nosotros\/#primaryimage","url":"https:\/\/www.noticiasradioreflejos.com.ar\/2021\/wp-content\/uploads\/2022\/05\/PARQUE-pROV.-ERNESTO-TORNQUIST-1.jpeg","contentUrl":"https:\/\/www.noticiasradioreflejos.com.ar\/2021\/wp-content\/uploads\/2022\/05\/PARQUE-pROV.-ERNESTO-TORNQUIST-1.jpeg","width":1280,"height":960},{"@type":"BreadcrumbList","@id":"https:\/\/www.noticiasradioreflejos.com.ar\/2021\/creemos-que-el-turista-tiene-que-estar-al-servicio-de-nosotros\/#breadcrumb","itemListElement":[{"@type":"ListItem","position":1,"name":"Portada","item":"https:\/\/www.noticiasradioreflejos.com.ar\/2021\/"},{"@type":"ListItem","position":2,"name":"\u201cCreemos que el turista tiene que estar al servicio de nosotros\u201d"}]},{"@type":"WebSite","@id":"https:\/\/www.noticiasradioreflejos.com.ar\/2021\/#website","url":"https:\/\/www.noticiasradioreflejos.com.ar\/2021\/","name":"Noticias Radio Reflejos","description":"Las noticias de mi comarca","potentialAction":[{"@type":"SearchAction","target":{"@type":"EntryPoint","urlTemplate":"https:\/\/www.noticiasradioreflejos.com.ar\/2021\/?s={search_term_string}"},"query-input":{"@type":"PropertyValueSpecification","valueRequired":true,"valueName":"search_term_string"}}],"inLanguage":"es"},{"@type":"Person","@id":"https:\/\/www.noticiasradioreflejos.com.ar\/2021\/#\/schema\/person\/ad82545263dcc5ec0996818884fd5fb1","name":"Arnaldo Botto","image":{"@type":"ImageObject","inLanguage":"es","@id":"https:\/\/www.noticiasradioreflejos.com.ar\/2021\/#\/schema\/person\/image\/","url":"https:\/\/secure.gravatar.com\/avatar\/55cb5e37c1efa326397366e6974cb338056df65cb50e7d64d1cf314e87504837?s=96&d=mm&r=g","contentUrl":"https:\/\/secure.gravatar.com\/avatar\/55cb5e37c1efa326397366e6974cb338056df65cb50e7d64d1cf314e87504837?s=96&d=mm&r=g","caption":"Arnaldo Botto"},"url":"https:\/\/www.noticiasradioreflejos.com.ar\/2021\/author\/arnaldo\/"}]}},"_links":{"self":[{"href":"https:\/\/www.noticiasradioreflejos.com.ar\/2021\/wp-json\/wp\/v2\/posts\/79911","targetHints":{"allow":["GET"]}}],"collection":[{"href":"https:\/\/www.noticiasradioreflejos.com.ar\/2021\/wp-json\/wp\/v2\/posts"}],"about":[{"href":"https:\/\/www.noticiasradioreflejos.com.ar\/2021\/wp-json\/wp\/v2\/types\/post"}],"author":[{"embeddable":true,"href":"https:\/\/www.noticiasradioreflejos.com.ar\/2021\/wp-json\/wp\/v2\/users\/3"}],"replies":[{"embeddable":true,"href":"https:\/\/www.noticiasradioreflejos.com.ar\/2021\/wp-json\/wp\/v2\/comments?post=79911"}],"version-history":[{"count":2,"href":"https:\/\/www.noticiasradioreflejos.com.ar\/2021\/wp-json\/wp\/v2\/posts\/79911\/revisions"}],"predecessor-version":[{"id":79927,"href":"https:\/\/www.noticiasradioreflejos.com.ar\/2021\/wp-json\/wp\/v2\/posts\/79911\/revisions\/79927"}],"wp:featuredmedia":[{"embeddable":true,"href":"https:\/\/www.noticiasradioreflejos.com.ar\/2021\/wp-json\/wp\/v2\/media\/71723"}],"wp:attachment":[{"href":"https:\/\/www.noticiasradioreflejos.com.ar\/2021\/wp-json\/wp\/v2\/media?parent=79911"}],"wp:term":[{"taxonomy":"category","embeddable":true,"href":"https:\/\/www.noticiasradioreflejos.com.ar\/2021\/wp-json\/wp\/v2\/categories?post=79911"},{"taxonomy":"post_tag","embeddable":true,"href":"https:\/\/www.noticiasradioreflejos.com.ar\/2021\/wp-json\/wp\/v2\/tags?post=79911"}],"curies":[{"name":"wp","href":"https:\/\/api.w.org\/{rel}","templated":true}]}}