{"id":79907,"date":"2022-11-09T17:30:23","date_gmt":"2022-11-09T17:30:23","guid":{"rendered":"http:\/\/www.noticiasradioreflejos.com.ar\/2021\/?p=79907"},"modified":"2022-11-10T11:00:08","modified_gmt":"2022-11-10T11:00:08","slug":"el-municipio-no-tiene-injerencia-en-el-parque","status":"publish","type":"post","link":"https:\/\/www.noticiasradioreflejos.com.ar\/2021\/el-municipio-no-tiene-injerencia-en-el-parque\/","title":{"rendered":"\u201cEl municipio no tiene injerencia en el Parque\u201d"},"content":{"rendered":"<p>Tras la pol\u00e9mica por los turistas que no pudieron ascender al Ventana, el<strong> Director de Turismo Municipa<\/strong>l aclar\u00f3 que la comuna tiene una m\u00ednima vinculaci\u00f3n con ese espacio, el cual se remite al cobro de las entradas.<!--more--><\/p>\n<p><a href=\"http:\/\/www.noticiasradioreflejos.com.ar\/2021\/herramientas-para-evitar-ser-victimas-de-estafas-en-las-reservas-de-alojamiento\/leon-cotugno\/\" rel=\"attachment wp-att-69647\"><img loading=\"lazy\" decoding=\"async\" class=\"aligncenter size-full wp-image-69647\" src=\"http:\/\/www.noticiasradioreflejos.com.ar\/2021\/wp-content\/uploads\/2022\/03\/Leon-Cotugno.jpg\" alt=\"\" width=\"1024\" height=\"683\" srcset=\"https:\/\/www.noticiasradioreflejos.com.ar\/2021\/wp-content\/uploads\/2022\/03\/Leon-Cotugno.jpg 1024w, https:\/\/www.noticiasradioreflejos.com.ar\/2021\/wp-content\/uploads\/2022\/03\/Leon-Cotugno-300x200.jpg 300w, https:\/\/www.noticiasradioreflejos.com.ar\/2021\/wp-content\/uploads\/2022\/03\/Leon-Cotugno-768x512.jpg 768w, https:\/\/www.noticiasradioreflejos.com.ar\/2021\/wp-content\/uploads\/2022\/03\/Leon-Cotugno-750x500.jpg 750w\" sizes=\"auto, (max-width: 1024px) 100vw, 1024px\" \/><\/a><\/p>\n<p>Tras la pol\u00e9mica desatada por un grupo de turistas que no pudieron ascender al cerro Ventana y dejaron expresado su malestar, fueron varias las voces que se levantaron al respecto en las \u00faltimas horas.<\/p>\n<p>Uno de los que sali\u00f3 al cruce fue el Director de Turismo local, <strong>Jerem\u00edas Le\u00f3n<\/strong>, el cual aclar\u00f3 cu\u00e1l es la situaci\u00f3n del municipio respecto de esta problem\u00e1tica.<\/p>\n<p>Sobre esto, quien tambi\u00e9n es gu\u00eda recibido aunque actualmente no ejerce, mencion\u00f3 que \u201cestamos en tema. Estos visitantes han dejado la queja en la oficina de informes de Sierra. Es algo que a nosotros nos sirve mucho. Muchas veces escuchamos rumores pero no llegan a la formalidad. Est\u00e1 bueno que se hayan acercado\u201d.<\/p>\n<p>Y yendo directamente al asunto, aclar\u00f3 que \u201c<strong>la realidad es que nosotros no tenemos injerencia en el Parque<\/strong>. <strong>Es una reserva provincial, depende del Ministerio de Ambiente.<\/strong> La \u00fanica relaci\u00f3n que tiene el municipio, es \u00fanicamente un convenio por el cobro de las entradas. Antes las entradas iban directamente a la caja general de la provincia y muy poco se ve\u00eda reinvertido en nuestra \u00e1rea natural protegida\u201d.<\/p>\n<p>Remarcando esta situaci\u00f3n, Le\u00f3n insisti\u00f3 en que<strong> \u201chasta ah\u00ed es donde llega la relaci\u00f3n del municipio con el Parque. Lo que es manejo del \u00e1rea no tenemos nada que ver. Por eso hay un encargado y un cuerpo de guarda parques que responden al Ministerio que est\u00e1 en La Plata\u201d<\/strong>.<\/p>\n<p>Debido a esto es que \u201chay un mont\u00f3n de fundamentos t\u00e9cnicos que desconozco porque se ejecutan de esa manera. Por eso ser\u00eda importante que se hable con gente del Parque, para tener la voz desde ah\u00ed, y no hablar sobre supuestos\u201d.<\/p>\n<p>En otro pasaje de la charla, y tras explicar c\u00f3mo se llega a ser gu\u00eda del parque, Jerem\u00edas asegur\u00f3 que \u201clos gu\u00edas de turismo no son personal del Parque. S\u00ed brindan un servicio de ah\u00ed estando habilitados por la Provincia de Buenos Aires. No tienen potestad de manejo. S\u00ed manejan la excursi\u00f3n, pero el uso p\u00fablico est\u00e1 a cargo de los guarda parques. El gu\u00eda es un trabajador independiente, generalmente monotributista. Lo que hace es vender su servicio y cobrar por eso\u201d.<\/p>\n<p>Por \u00faltimo, tambi\u00e9n remarc\u00f3 que \u201clo que tiene que quedar claro es que son muy pocas veces las que los gu\u00edas no alcanzan. M\u00e1s o menos 55 mil personas accedieron al parque en el \u00faltimo a\u00f1o y no llegaron a 10 mil las que ascendieron al Ventana\u201d.<\/p>\n<p>&nbsp;<\/p>\n<p><iframe loading=\"lazy\" src=\"https:\/\/w.soundcloud.com\/player\/?url=https%3A\/\/api.soundcloud.com\/tracks\/1379486899&amp;color=%23ff5500&amp;auto_play=false&amp;hide_related=false&amp;show_comments=true&amp;show_user=true&amp;show_reposts=false&amp;show_teaser=true\" width=\"100%\" height=\"166\" frameborder=\"no\" scrolling=\"no\"><\/iframe><\/p>\n<div style=\"font-size: 10px; color: #cccccc; line-break: anywhere; word-break: normal; overflow: hidden; white-space: nowrap; text-overflow: ellipsis; font-family: Interstate,Lucida Grande,Lucida Sans Unicode,Lucida Sans,Garuda,Verdana,Tahoma,sans-serif; font-weight: 100;\"><a style=\"color: #cccccc; text-decoration: none;\" title=\"fmreflejos 103.7\" href=\"https:\/\/soundcloud.com\/fmreflejos-103-7\" target=\"_blank\" rel=\"noopener\">fmreflejos 103.7<\/a> \u00b7 <a style=\"color: #cccccc; text-decoration: none;\" title=\"Jeremias Le\u00f3n - Reclamos Por El Parq\" href=\"https:\/\/soundcloud.com\/fmreflejos-103-7\/jeremias-leon-reclamos-por-el-parq\" target=\"_blank\" rel=\"noopener\">Jeremias Le\u00f3n &#8211; Reclamos Por El Parq<\/a><\/div>\n<p>Foto de portada de Face Oficina de Turismo Sierra<\/p>\n","protected":false},"excerpt":{"rendered":"<p>Tras la pol\u00e9mica por los turistas que no pudieron ascender al Ventana, el Director de Turismo Municipal aclar\u00f3 que la comuna tiene una m\u00ednima vinculaci\u00f3n con ese espacio, el cual se remite al cobro de las entradas.<\/p>\n","protected":false},"author":3,"featured_media":64837,"comment_status":"closed","ping_status":"closed","sticky":false,"template":"","format":"standard","meta":{"footnotes":""},"categories":[28,33],"tags":[48],"class_list":["post-79907","post","type-post","status-publish","format-standard","has-post-thumbnail","hentry","category-municipales","category-turismo","tag-destacada"],"yoast_head":"<!-- This site is optimized with the Yoast SEO plugin v25.9 - https:\/\/yoast.com\/wordpress\/plugins\/seo\/ -->\n<title>\u201cEl municipio no tiene injerencia en el Parque\u201d - Noticias Radio Reflejos<\/title>\n<meta name=\"robots\" content=\"index, follow, max-snippet:-1, max-image-preview:large, max-video-preview:-1\" \/>\n<link rel=\"canonical\" href=\"https:\/\/www.noticiasradioreflejos.com.ar\/2021\/el-municipio-no-tiene-injerencia-en-el-parque\/\" \/>\n<meta property=\"og:locale\" content=\"es_ES\" \/>\n<meta property=\"og:type\" content=\"article\" \/>\n<meta property=\"og:title\" content=\"\u201cEl municipio no tiene injerencia en el Parque\u201d - Noticias Radio Reflejos\" \/>\n<meta property=\"og:description\" content=\"Tras la pol\u00e9mica por los turistas que no pudieron ascender al Ventana, el Director de Turismo Municipal aclar\u00f3 que la comuna tiene una m\u00ednima vinculaci\u00f3n con ese espacio, el cual se remite al cobro de las entradas.\" \/>\n<meta property=\"og:url\" content=\"https:\/\/www.noticiasradioreflejos.com.ar\/2021\/el-municipio-no-tiene-injerencia-en-el-parque\/\" \/>\n<meta property=\"og:site_name\" content=\"Noticias Radio Reflejos\" \/>\n<meta property=\"article:published_time\" content=\"2022-11-09T17:30:23+00:00\" \/>\n<meta property=\"article:modified_time\" content=\"2022-11-10T11:00:08+00:00\" \/>\n<meta property=\"og:image\" content=\"https:\/\/www.noticiasradioreflejos.com.ar\/2021\/wp-content\/uploads\/2021\/11\/Sierra-de-la-Ventana.jpg\" \/>\n\t<meta property=\"og:image:width\" content=\"1440\" \/>\n\t<meta property=\"og:image:height\" content=\"1080\" \/>\n\t<meta property=\"og:image:type\" content=\"image\/jpeg\" \/>\n<meta name=\"author\" content=\"Arnaldo Botto\" \/>\n<meta name=\"twitter:card\" content=\"summary_large_image\" \/>\n<script type=\"application\/ld+json\" class=\"yoast-schema-graph\">{\"@context\":\"https:\/\/schema.org\",\"@graph\":[{\"@type\":\"WebPage\",\"@id\":\"https:\/\/www.noticiasradioreflejos.com.ar\/2021\/el-municipio-no-tiene-injerencia-en-el-parque\/\",\"url\":\"https:\/\/www.noticiasradioreflejos.com.ar\/2021\/el-municipio-no-tiene-injerencia-en-el-parque\/\",\"name\":\"\u201cEl municipio no tiene injerencia en el Parque\u201d - Noticias Radio Reflejos\",\"isPartOf\":{\"@id\":\"https:\/\/www.noticiasradioreflejos.com.ar\/2021\/#website\"},\"primaryImageOfPage\":{\"@id\":\"https:\/\/www.noticiasradioreflejos.com.ar\/2021\/el-municipio-no-tiene-injerencia-en-el-parque\/#primaryimage\"},\"image\":{\"@id\":\"https:\/\/www.noticiasradioreflejos.com.ar\/2021\/el-municipio-no-tiene-injerencia-en-el-parque\/#primaryimage\"},\"thumbnailUrl\":\"https:\/\/www.noticiasradioreflejos.com.ar\/2021\/wp-content\/uploads\/2021\/11\/Sierra-de-la-Ventana.jpg\",\"datePublished\":\"2022-11-09T17:30:23+00:00\",\"dateModified\":\"2022-11-10T11:00:08+00:00\",\"author\":{\"@id\":\"https:\/\/www.noticiasradioreflejos.com.ar\/2021\/#\/schema\/person\/ad82545263dcc5ec0996818884fd5fb1\"},\"breadcrumb\":{\"@id\":\"https:\/\/www.noticiasradioreflejos.com.ar\/2021\/el-municipio-no-tiene-injerencia-en-el-parque\/#breadcrumb\"},\"inLanguage\":\"es\",\"potentialAction\":[{\"@type\":\"ReadAction\",\"target\":[\"https:\/\/www.noticiasradioreflejos.com.ar\/2021\/el-municipio-no-tiene-injerencia-en-el-parque\/\"]}]},{\"@type\":\"ImageObject\",\"inLanguage\":\"es\",\"@id\":\"https:\/\/www.noticiasradioreflejos.com.ar\/2021\/el-municipio-no-tiene-injerencia-en-el-parque\/#primaryimage\",\"url\":\"https:\/\/www.noticiasradioreflejos.com.ar\/2021\/wp-content\/uploads\/2021\/11\/Sierra-de-la-Ventana.jpg\",\"contentUrl\":\"https:\/\/www.noticiasradioreflejos.com.ar\/2021\/wp-content\/uploads\/2021\/11\/Sierra-de-la-Ventana.jpg\",\"width\":1440,\"height\":1080},{\"@type\":\"BreadcrumbList\",\"@id\":\"https:\/\/www.noticiasradioreflejos.com.ar\/2021\/el-municipio-no-tiene-injerencia-en-el-parque\/#breadcrumb\",\"itemListElement\":[{\"@type\":\"ListItem\",\"position\":1,\"name\":\"Portada\",\"item\":\"https:\/\/www.noticiasradioreflejos.com.ar\/2021\/\"},{\"@type\":\"ListItem\",\"position\":2,\"name\":\"\u201cEl municipio no tiene injerencia en el Parque\u201d\"}]},{\"@type\":\"WebSite\",\"@id\":\"https:\/\/www.noticiasradioreflejos.com.ar\/2021\/#website\",\"url\":\"https:\/\/www.noticiasradioreflejos.com.ar\/2021\/\",\"name\":\"Noticias Radio Reflejos\",\"description\":\"Las noticias de mi comarca\",\"potentialAction\":[{\"@type\":\"SearchAction\",\"target\":{\"@type\":\"EntryPoint\",\"urlTemplate\":\"https:\/\/www.noticiasradioreflejos.com.ar\/2021\/?s={search_term_string}\"},\"query-input\":{\"@type\":\"PropertyValueSpecification\",\"valueRequired\":true,\"valueName\":\"search_term_string\"}}],\"inLanguage\":\"es\"},{\"@type\":\"Person\",\"@id\":\"https:\/\/www.noticiasradioreflejos.com.ar\/2021\/#\/schema\/person\/ad82545263dcc5ec0996818884fd5fb1\",\"name\":\"Arnaldo Botto\",\"image\":{\"@type\":\"ImageObject\",\"inLanguage\":\"es\",\"@id\":\"https:\/\/www.noticiasradioreflejos.com.ar\/2021\/#\/schema\/person\/image\/\",\"url\":\"https:\/\/secure.gravatar.com\/avatar\/55cb5e37c1efa326397366e6974cb338056df65cb50e7d64d1cf314e87504837?s=96&d=mm&r=g\",\"contentUrl\":\"https:\/\/secure.gravatar.com\/avatar\/55cb5e37c1efa326397366e6974cb338056df65cb50e7d64d1cf314e87504837?s=96&d=mm&r=g\",\"caption\":\"Arnaldo Botto\"},\"url\":\"https:\/\/www.noticiasradioreflejos.com.ar\/2021\/author\/arnaldo\/\"}]}<\/script>\n<!-- \/ Yoast SEO plugin. -->","yoast_head_json":{"title":"\u201cEl municipio no tiene injerencia en el Parque\u201d - Noticias Radio Reflejos","robots":{"index":"index","follow":"follow","max-snippet":"max-snippet:-1","max-image-preview":"max-image-preview:large","max-video-preview":"max-video-preview:-1"},"canonical":"https:\/\/www.noticiasradioreflejos.com.ar\/2021\/el-municipio-no-tiene-injerencia-en-el-parque\/","og_locale":"es_ES","og_type":"article","og_title":"\u201cEl municipio no tiene injerencia en el Parque\u201d - Noticias Radio Reflejos","og_description":"Tras la pol\u00e9mica por los turistas que no pudieron ascender al Ventana, el Director de Turismo Municipal aclar\u00f3 que la comuna tiene una m\u00ednima vinculaci\u00f3n con ese espacio, el cual se remite al cobro de las entradas.","og_url":"https:\/\/www.noticiasradioreflejos.com.ar\/2021\/el-municipio-no-tiene-injerencia-en-el-parque\/","og_site_name":"Noticias Radio Reflejos","article_published_time":"2022-11-09T17:30:23+00:00","article_modified_time":"2022-11-10T11:00:08+00:00","og_image":[{"width":1440,"height":1080,"url":"https:\/\/www.noticiasradioreflejos.com.ar\/2021\/wp-content\/uploads\/2021\/11\/Sierra-de-la-Ventana.jpg","type":"image\/jpeg"}],"author":"Arnaldo Botto","twitter_card":"summary_large_image","schema":{"@context":"https:\/\/schema.org","@graph":[{"@type":"WebPage","@id":"https:\/\/www.noticiasradioreflejos.com.ar\/2021\/el-municipio-no-tiene-injerencia-en-el-parque\/","url":"https:\/\/www.noticiasradioreflejos.com.ar\/2021\/el-municipio-no-tiene-injerencia-en-el-parque\/","name":"\u201cEl municipio no tiene injerencia en el Parque\u201d - Noticias Radio Reflejos","isPartOf":{"@id":"https:\/\/www.noticiasradioreflejos.com.ar\/2021\/#website"},"primaryImageOfPage":{"@id":"https:\/\/www.noticiasradioreflejos.com.ar\/2021\/el-municipio-no-tiene-injerencia-en-el-parque\/#primaryimage"},"image":{"@id":"https:\/\/www.noticiasradioreflejos.com.ar\/2021\/el-municipio-no-tiene-injerencia-en-el-parque\/#primaryimage"},"thumbnailUrl":"https:\/\/www.noticiasradioreflejos.com.ar\/2021\/wp-content\/uploads\/2021\/11\/Sierra-de-la-Ventana.jpg","datePublished":"2022-11-09T17:30:23+00:00","dateModified":"2022-11-10T11:00:08+00:00","author":{"@id":"https:\/\/www.noticiasradioreflejos.com.ar\/2021\/#\/schema\/person\/ad82545263dcc5ec0996818884fd5fb1"},"breadcrumb":{"@id":"https:\/\/www.noticiasradioreflejos.com.ar\/2021\/el-municipio-no-tiene-injerencia-en-el-parque\/#breadcrumb"},"inLanguage":"es","potentialAction":[{"@type":"ReadAction","target":["https:\/\/www.noticiasradioreflejos.com.ar\/2021\/el-municipio-no-tiene-injerencia-en-el-parque\/"]}]},{"@type":"ImageObject","inLanguage":"es","@id":"https:\/\/www.noticiasradioreflejos.com.ar\/2021\/el-municipio-no-tiene-injerencia-en-el-parque\/#primaryimage","url":"https:\/\/www.noticiasradioreflejos.com.ar\/2021\/wp-content\/uploads\/2021\/11\/Sierra-de-la-Ventana.jpg","contentUrl":"https:\/\/www.noticiasradioreflejos.com.ar\/2021\/wp-content\/uploads\/2021\/11\/Sierra-de-la-Ventana.jpg","width":1440,"height":1080},{"@type":"BreadcrumbList","@id":"https:\/\/www.noticiasradioreflejos.com.ar\/2021\/el-municipio-no-tiene-injerencia-en-el-parque\/#breadcrumb","itemListElement":[{"@type":"ListItem","position":1,"name":"Portada","item":"https:\/\/www.noticiasradioreflejos.com.ar\/2021\/"},{"@type":"ListItem","position":2,"name":"\u201cEl municipio no tiene injerencia en el Parque\u201d"}]},{"@type":"WebSite","@id":"https:\/\/www.noticiasradioreflejos.com.ar\/2021\/#website","url":"https:\/\/www.noticiasradioreflejos.com.ar\/2021\/","name":"Noticias Radio Reflejos","description":"Las noticias de mi comarca","potentialAction":[{"@type":"SearchAction","target":{"@type":"EntryPoint","urlTemplate":"https:\/\/www.noticiasradioreflejos.com.ar\/2021\/?s={search_term_string}"},"query-input":{"@type":"PropertyValueSpecification","valueRequired":true,"valueName":"search_term_string"}}],"inLanguage":"es"},{"@type":"Person","@id":"https:\/\/www.noticiasradioreflejos.com.ar\/2021\/#\/schema\/person\/ad82545263dcc5ec0996818884fd5fb1","name":"Arnaldo Botto","image":{"@type":"ImageObject","inLanguage":"es","@id":"https:\/\/www.noticiasradioreflejos.com.ar\/2021\/#\/schema\/person\/image\/","url":"https:\/\/secure.gravatar.com\/avatar\/55cb5e37c1efa326397366e6974cb338056df65cb50e7d64d1cf314e87504837?s=96&d=mm&r=g","contentUrl":"https:\/\/secure.gravatar.com\/avatar\/55cb5e37c1efa326397366e6974cb338056df65cb50e7d64d1cf314e87504837?s=96&d=mm&r=g","caption":"Arnaldo Botto"},"url":"https:\/\/www.noticiasradioreflejos.com.ar\/2021\/author\/arnaldo\/"}]}},"_links":{"self":[{"href":"https:\/\/www.noticiasradioreflejos.com.ar\/2021\/wp-json\/wp\/v2\/posts\/79907","targetHints":{"allow":["GET"]}}],"collection":[{"href":"https:\/\/www.noticiasradioreflejos.com.ar\/2021\/wp-json\/wp\/v2\/posts"}],"about":[{"href":"https:\/\/www.noticiasradioreflejos.com.ar\/2021\/wp-json\/wp\/v2\/types\/post"}],"author":[{"embeddable":true,"href":"https:\/\/www.noticiasradioreflejos.com.ar\/2021\/wp-json\/wp\/v2\/users\/3"}],"replies":[{"embeddable":true,"href":"https:\/\/www.noticiasradioreflejos.com.ar\/2021\/wp-json\/wp\/v2\/comments?post=79907"}],"version-history":[{"count":4,"href":"https:\/\/www.noticiasradioreflejos.com.ar\/2021\/wp-json\/wp\/v2\/posts\/79907\/revisions"}],"predecessor-version":[{"id":79955,"href":"https:\/\/www.noticiasradioreflejos.com.ar\/2021\/wp-json\/wp\/v2\/posts\/79907\/revisions\/79955"}],"wp:featuredmedia":[{"embeddable":true,"href":"https:\/\/www.noticiasradioreflejos.com.ar\/2021\/wp-json\/wp\/v2\/media\/64837"}],"wp:attachment":[{"href":"https:\/\/www.noticiasradioreflejos.com.ar\/2021\/wp-json\/wp\/v2\/media?parent=79907"}],"wp:term":[{"taxonomy":"category","embeddable":true,"href":"https:\/\/www.noticiasradioreflejos.com.ar\/2021\/wp-json\/wp\/v2\/categories?post=79907"},{"taxonomy":"post_tag","embeddable":true,"href":"https:\/\/www.noticiasradioreflejos.com.ar\/2021\/wp-json\/wp\/v2\/tags?post=79907"}],"curies":[{"name":"wp","href":"https:\/\/api.w.org\/{rel}","templated":true}]}}