{"id":79905,"date":"2022-11-09T11:41:57","date_gmt":"2022-11-09T11:41:57","guid":{"rendered":"http:\/\/www.noticiasradioreflejos.com.ar\/2021\/?p=79905"},"modified":"2022-11-09T11:41:57","modified_gmt":"2022-11-09T11:41:57","slug":"siete-provincias-registran-focos-activos-de-incendios-forestales","status":"publish","type":"post","link":"https:\/\/www.noticiasradioreflejos.com.ar\/2021\/siete-provincias-registran-focos-activos-de-incendios-forestales\/","title":{"rendered":"Siete provincias registran focos activos de incendios forestales"},"content":{"rendered":"<p>El informe del Servicio Nacional de Manejo del Fuego se\u00f1al\u00f3 que los siniestros afectan a Salta, Jujuy, Tucum\u00e1n, Catamarca, Santa Fe, Entre R\u00edos y La Rioja.<!--more--><\/p>\n<figure class=\"mb-3\"><img decoding=\"async\" src=\"https:\/\/www.telam.com.ar\/thumbs\/bluesteel\/advf\/imagenes\/2022\/10\/63399d36586f7_1200.jpg\" alt=\"Foto Archivo\" width=\"100%\" height=\"100%\" \/><\/p>\n<div class=\"media-icons\"><\/div><figcaption>Foto: Archivo.<\/figcaption><\/figure>\n<p>Las provincias de Salta, Jujuy, Tucum\u00e1n, Catamarca, Santa Fe, Entre R\u00edos y La Rioja registraban este martes focos activos de incendios forestales, seg\u00fan el reporte diario del Servicio Nacional de Manejo del Fuego (SNMF), que depende del Ministerio de Ambiente y Desarrollo Sostenible.<\/p>\n<p>La localidad salte\u00f1a de Or\u00e1n manten\u00eda focos \u00abactivos\u00bb de incendios en Colonia Santa Rosa-Reserva Urundel, Or\u00e1n 1, 2, 3,4, 5, 6, 7, 8, 9, 10, 11, Aguas Blancas, Senda Hachada, Colonia Santa Rosa y El Oculto.<\/p>\n<p>Adem\u00e1s, el organismo advirti\u00f3 focos \u00abactivos\u00bb en Rosario de Lerma y Aguaray 1, tambi\u00e9n en Salta y precis\u00f3 que en la provincia \u00abse encuentran disponibles para operar un avi\u00f3n hidrante y un helic\u00f3ptero con helibalde\u00bb.<\/p>\n<p>Tambi\u00e9n\u00a0<strong>se sumaron \u00ab130 brigadistas y personal de apoyo afectado al combate de incendios pertenecientes a la Brigada Nacional Sur, Catamarca, C\u00f3rdoba, Jujuy y Parques Nacionales\u00bb<\/strong>.<\/p>\n<p>En tanto, en Jujuy el fuego se encuentra \u00abactivo\u00bb en las localidades de Ledesma y Tumbaya, al igual que en los distritos Juan Bautista Alberdi y La Cocha en Tucum\u00e1n.<\/p>\n<p>El reporte SNMF registr\u00f3 tambi\u00e9n focos \u00abactivos\u00bb en Capay\u00e1n, Catamarca; Constituci\u00f3n, en Santa Fe; General Belgrano en La Rioja y tres incendios en Entre R\u00edos en Victoria, Gualeguay y Diamante.<\/p>\n<p>Por otra parte, el organismo precis\u00f3 que\u00a0<strong>en Jujuy hay otros focos en Palpal\u00e1 (Puerta de Sala y Linterna) y Dr. Manuel Belgrano (M\u00e1rmol) que est\u00e1n \u00abcontenidos\u00bb, y otros \u00abcontrolado\u00bb en Ledesma (Piroman\u00edaco y Energ\u00eda).<\/strong><\/p>\n<p>En Catamarca, hay un foco \u00abcontenido\u00bb en La Paz (Recreo), mientras que fueron \u00abextinguidos\u00bb los incendios en Fray Mamerto Esqui\u00fa (Arribo y El Hospicio), Valle Viejo (Jojbal), Paclin (Cumbre de los Pinos), Capayan (El L\u00edmite), Capital (Carmelitas) y La Paz (El Suncho).<\/p>\n<p>Con respecto a los incendios en Salta, hay uno \u00abcontenido\u00bb en la Capital (Cerro 20 de febrero); mientras que en Tucum\u00e1n, hay focos \u00abcontrolados\u00bb en Trancas (Finca Antu y Rearte) y Taf\u00ed del Valle (Cerro Alto Matadero), y otros \u00abextinguidos\u00bb en Taf\u00ed Viejo (Mala Mala) y Monteros (Noroeste Pueblo Sta. Lucia).<\/p>\n<p>En tanto, el SNMF inform\u00f3 que\u00a0<strong>las llamas que afectaban a C\u00f3rdoba, en Calamuchita (Loma del Tigre) y en R\u00edo Seco (Campo Grande) fueron \u00abextinguidas\u00bb.<\/strong><\/p>\n<p>Lo mismo sucedi\u00f3 en Corrientes, donde los brigadistas apagaron el fuego en Concepci\u00f3n (Rinc\u00f3n del Tay\u00ed) y La Cruz (Zona Cu\u00f1\u00e1 Curuz\u00fa); mientras que en queda un foco \u00abcontenido\u00bb en Rosario Vera de Pe\u00f1aloza (Chepes II), en La Rioja.<\/p>\n","protected":false},"excerpt":{"rendered":"<p>El informe del Servicio Nacional de Manejo del Fuego se\u00f1al\u00f3 que los siniestros afectan a Salta, Jujuy, Tucum\u00e1n, Catamarca, Santa Fe, Entre R\u00edos y La Rioja.<\/p>\n","protected":false},"author":3,"featured_media":0,"comment_status":"closed","ping_status":"closed","sticky":false,"template":"","format":"standard","meta":{"footnotes":""},"categories":[46,24,26],"tags":[],"class_list":["post-79905","post","type-post","status-publish","format-standard","hentry","category-ciencia-y-tecnologia","category-politica","category-sociedad"],"yoast_head":"<!-- This site is optimized with the Yoast SEO plugin v25.9 - https:\/\/yoast.com\/wordpress\/plugins\/seo\/ -->\n<title>Siete provincias registran focos activos de incendios forestales - Noticias Radio Reflejos<\/title>\n<meta name=\"robots\" content=\"index, follow, max-snippet:-1, max-image-preview:large, max-video-preview:-1\" \/>\n<link rel=\"canonical\" href=\"https:\/\/www.noticiasradioreflejos.com.ar\/2021\/siete-provincias-registran-focos-activos-de-incendios-forestales\/\" \/>\n<meta property=\"og:locale\" content=\"es_ES\" \/>\n<meta property=\"og:type\" content=\"article\" \/>\n<meta property=\"og:title\" content=\"Siete provincias registran focos activos de incendios forestales - Noticias Radio Reflejos\" \/>\n<meta property=\"og:description\" content=\"El informe del Servicio Nacional de Manejo del Fuego se\u00f1al\u00f3 que los siniestros afectan a Salta, Jujuy, Tucum\u00e1n, Catamarca, Santa Fe, Entre R\u00edos y La Rioja.\" \/>\n<meta property=\"og:url\" content=\"https:\/\/www.noticiasradioreflejos.com.ar\/2021\/siete-provincias-registran-focos-activos-de-incendios-forestales\/\" \/>\n<meta property=\"og:site_name\" content=\"Noticias Radio Reflejos\" \/>\n<meta property=\"article:published_time\" content=\"2022-11-09T11:41:57+00:00\" \/>\n<meta property=\"og:image\" content=\"https:\/\/www.telam.com.ar\/thumbs\/bluesteel\/advf\/imagenes\/2022\/10\/63399d36586f7_1200.jpg\" \/>\n<meta name=\"author\" content=\"Arnaldo Botto\" \/>\n<meta name=\"twitter:card\" content=\"summary_large_image\" \/>\n<script type=\"application\/ld+json\" class=\"yoast-schema-graph\">{\"@context\":\"https:\/\/schema.org\",\"@graph\":[{\"@type\":\"WebPage\",\"@id\":\"https:\/\/www.noticiasradioreflejos.com.ar\/2021\/siete-provincias-registran-focos-activos-de-incendios-forestales\/\",\"url\":\"https:\/\/www.noticiasradioreflejos.com.ar\/2021\/siete-provincias-registran-focos-activos-de-incendios-forestales\/\",\"name\":\"Siete provincias registran focos activos de incendios forestales - Noticias Radio Reflejos\",\"isPartOf\":{\"@id\":\"https:\/\/www.noticiasradioreflejos.com.ar\/2021\/#website\"},\"primaryImageOfPage\":{\"@id\":\"https:\/\/www.noticiasradioreflejos.com.ar\/2021\/siete-provincias-registran-focos-activos-de-incendios-forestales\/#primaryimage\"},\"image\":{\"@id\":\"https:\/\/www.noticiasradioreflejos.com.ar\/2021\/siete-provincias-registran-focos-activos-de-incendios-forestales\/#primaryimage\"},\"thumbnailUrl\":\"https:\/\/www.telam.com.ar\/thumbs\/bluesteel\/advf\/imagenes\/2022\/10\/63399d36586f7_1200.jpg\",\"datePublished\":\"2022-11-09T11:41:57+00:00\",\"author\":{\"@id\":\"https:\/\/www.noticiasradioreflejos.com.ar\/2021\/#\/schema\/person\/ad82545263dcc5ec0996818884fd5fb1\"},\"breadcrumb\":{\"@id\":\"https:\/\/www.noticiasradioreflejos.com.ar\/2021\/siete-provincias-registran-focos-activos-de-incendios-forestales\/#breadcrumb\"},\"inLanguage\":\"es\",\"potentialAction\":[{\"@type\":\"ReadAction\",\"target\":[\"https:\/\/www.noticiasradioreflejos.com.ar\/2021\/siete-provincias-registran-focos-activos-de-incendios-forestales\/\"]}]},{\"@type\":\"ImageObject\",\"inLanguage\":\"es\",\"@id\":\"https:\/\/www.noticiasradioreflejos.com.ar\/2021\/siete-provincias-registran-focos-activos-de-incendios-forestales\/#primaryimage\",\"url\":\"https:\/\/www.telam.com.ar\/thumbs\/bluesteel\/advf\/imagenes\/2022\/10\/63399d36586f7_1200.jpg\",\"contentUrl\":\"https:\/\/www.telam.com.ar\/thumbs\/bluesteel\/advf\/imagenes\/2022\/10\/63399d36586f7_1200.jpg\"},{\"@type\":\"BreadcrumbList\",\"@id\":\"https:\/\/www.noticiasradioreflejos.com.ar\/2021\/siete-provincias-registran-focos-activos-de-incendios-forestales\/#breadcrumb\",\"itemListElement\":[{\"@type\":\"ListItem\",\"position\":1,\"name\":\"Portada\",\"item\":\"https:\/\/www.noticiasradioreflejos.com.ar\/2021\/\"},{\"@type\":\"ListItem\",\"position\":2,\"name\":\"Siete provincias registran focos activos de incendios forestales\"}]},{\"@type\":\"WebSite\",\"@id\":\"https:\/\/www.noticiasradioreflejos.com.ar\/2021\/#website\",\"url\":\"https:\/\/www.noticiasradioreflejos.com.ar\/2021\/\",\"name\":\"Noticias Radio Reflejos\",\"description\":\"Las noticias de mi comarca\",\"potentialAction\":[{\"@type\":\"SearchAction\",\"target\":{\"@type\":\"EntryPoint\",\"urlTemplate\":\"https:\/\/www.noticiasradioreflejos.com.ar\/2021\/?s={search_term_string}\"},\"query-input\":{\"@type\":\"PropertyValueSpecification\",\"valueRequired\":true,\"valueName\":\"search_term_string\"}}],\"inLanguage\":\"es\"},{\"@type\":\"Person\",\"@id\":\"https:\/\/www.noticiasradioreflejos.com.ar\/2021\/#\/schema\/person\/ad82545263dcc5ec0996818884fd5fb1\",\"name\":\"Arnaldo Botto\",\"image\":{\"@type\":\"ImageObject\",\"inLanguage\":\"es\",\"@id\":\"https:\/\/www.noticiasradioreflejos.com.ar\/2021\/#\/schema\/person\/image\/\",\"url\":\"https:\/\/secure.gravatar.com\/avatar\/55cb5e37c1efa326397366e6974cb338056df65cb50e7d64d1cf314e87504837?s=96&d=mm&r=g\",\"contentUrl\":\"https:\/\/secure.gravatar.com\/avatar\/55cb5e37c1efa326397366e6974cb338056df65cb50e7d64d1cf314e87504837?s=96&d=mm&r=g\",\"caption\":\"Arnaldo Botto\"},\"url\":\"https:\/\/www.noticiasradioreflejos.com.ar\/2021\/author\/arnaldo\/\"}]}<\/script>\n<!-- \/ Yoast SEO plugin. -->","yoast_head_json":{"title":"Siete provincias registran focos activos de incendios forestales - Noticias Radio Reflejos","robots":{"index":"index","follow":"follow","max-snippet":"max-snippet:-1","max-image-preview":"max-image-preview:large","max-video-preview":"max-video-preview:-1"},"canonical":"https:\/\/www.noticiasradioreflejos.com.ar\/2021\/siete-provincias-registran-focos-activos-de-incendios-forestales\/","og_locale":"es_ES","og_type":"article","og_title":"Siete provincias registran focos activos de incendios forestales - Noticias Radio Reflejos","og_description":"El informe del Servicio Nacional de Manejo del Fuego se\u00f1al\u00f3 que los siniestros afectan a Salta, Jujuy, Tucum\u00e1n, Catamarca, Santa Fe, Entre R\u00edos y La Rioja.","og_url":"https:\/\/www.noticiasradioreflejos.com.ar\/2021\/siete-provincias-registran-focos-activos-de-incendios-forestales\/","og_site_name":"Noticias Radio Reflejos","article_published_time":"2022-11-09T11:41:57+00:00","og_image":[{"url":"https:\/\/www.telam.com.ar\/thumbs\/bluesteel\/advf\/imagenes\/2022\/10\/63399d36586f7_1200.jpg","type":"","width":"","height":""}],"author":"Arnaldo Botto","twitter_card":"summary_large_image","schema":{"@context":"https:\/\/schema.org","@graph":[{"@type":"WebPage","@id":"https:\/\/www.noticiasradioreflejos.com.ar\/2021\/siete-provincias-registran-focos-activos-de-incendios-forestales\/","url":"https:\/\/www.noticiasradioreflejos.com.ar\/2021\/siete-provincias-registran-focos-activos-de-incendios-forestales\/","name":"Siete provincias registran focos activos de incendios forestales - Noticias Radio Reflejos","isPartOf":{"@id":"https:\/\/www.noticiasradioreflejos.com.ar\/2021\/#website"},"primaryImageOfPage":{"@id":"https:\/\/www.noticiasradioreflejos.com.ar\/2021\/siete-provincias-registran-focos-activos-de-incendios-forestales\/#primaryimage"},"image":{"@id":"https:\/\/www.noticiasradioreflejos.com.ar\/2021\/siete-provincias-registran-focos-activos-de-incendios-forestales\/#primaryimage"},"thumbnailUrl":"https:\/\/www.telam.com.ar\/thumbs\/bluesteel\/advf\/imagenes\/2022\/10\/63399d36586f7_1200.jpg","datePublished":"2022-11-09T11:41:57+00:00","author":{"@id":"https:\/\/www.noticiasradioreflejos.com.ar\/2021\/#\/schema\/person\/ad82545263dcc5ec0996818884fd5fb1"},"breadcrumb":{"@id":"https:\/\/www.noticiasradioreflejos.com.ar\/2021\/siete-provincias-registran-focos-activos-de-incendios-forestales\/#breadcrumb"},"inLanguage":"es","potentialAction":[{"@type":"ReadAction","target":["https:\/\/www.noticiasradioreflejos.com.ar\/2021\/siete-provincias-registran-focos-activos-de-incendios-forestales\/"]}]},{"@type":"ImageObject","inLanguage":"es","@id":"https:\/\/www.noticiasradioreflejos.com.ar\/2021\/siete-provincias-registran-focos-activos-de-incendios-forestales\/#primaryimage","url":"https:\/\/www.telam.com.ar\/thumbs\/bluesteel\/advf\/imagenes\/2022\/10\/63399d36586f7_1200.jpg","contentUrl":"https:\/\/www.telam.com.ar\/thumbs\/bluesteel\/advf\/imagenes\/2022\/10\/63399d36586f7_1200.jpg"},{"@type":"BreadcrumbList","@id":"https:\/\/www.noticiasradioreflejos.com.ar\/2021\/siete-provincias-registran-focos-activos-de-incendios-forestales\/#breadcrumb","itemListElement":[{"@type":"ListItem","position":1,"name":"Portada","item":"https:\/\/www.noticiasradioreflejos.com.ar\/2021\/"},{"@type":"ListItem","position":2,"name":"Siete provincias registran focos activos de incendios forestales"}]},{"@type":"WebSite","@id":"https:\/\/www.noticiasradioreflejos.com.ar\/2021\/#website","url":"https:\/\/www.noticiasradioreflejos.com.ar\/2021\/","name":"Noticias Radio Reflejos","description":"Las noticias de mi comarca","potentialAction":[{"@type":"SearchAction","target":{"@type":"EntryPoint","urlTemplate":"https:\/\/www.noticiasradioreflejos.com.ar\/2021\/?s={search_term_string}"},"query-input":{"@type":"PropertyValueSpecification","valueRequired":true,"valueName":"search_term_string"}}],"inLanguage":"es"},{"@type":"Person","@id":"https:\/\/www.noticiasradioreflejos.com.ar\/2021\/#\/schema\/person\/ad82545263dcc5ec0996818884fd5fb1","name":"Arnaldo Botto","image":{"@type":"ImageObject","inLanguage":"es","@id":"https:\/\/www.noticiasradioreflejos.com.ar\/2021\/#\/schema\/person\/image\/","url":"https:\/\/secure.gravatar.com\/avatar\/55cb5e37c1efa326397366e6974cb338056df65cb50e7d64d1cf314e87504837?s=96&d=mm&r=g","contentUrl":"https:\/\/secure.gravatar.com\/avatar\/55cb5e37c1efa326397366e6974cb338056df65cb50e7d64d1cf314e87504837?s=96&d=mm&r=g","caption":"Arnaldo Botto"},"url":"https:\/\/www.noticiasradioreflejos.com.ar\/2021\/author\/arnaldo\/"}]}},"_links":{"self":[{"href":"https:\/\/www.noticiasradioreflejos.com.ar\/2021\/wp-json\/wp\/v2\/posts\/79905","targetHints":{"allow":["GET"]}}],"collection":[{"href":"https:\/\/www.noticiasradioreflejos.com.ar\/2021\/wp-json\/wp\/v2\/posts"}],"about":[{"href":"https:\/\/www.noticiasradioreflejos.com.ar\/2021\/wp-json\/wp\/v2\/types\/post"}],"author":[{"embeddable":true,"href":"https:\/\/www.noticiasradioreflejos.com.ar\/2021\/wp-json\/wp\/v2\/users\/3"}],"replies":[{"embeddable":true,"href":"https:\/\/www.noticiasradioreflejos.com.ar\/2021\/wp-json\/wp\/v2\/comments?post=79905"}],"version-history":[{"count":1,"href":"https:\/\/www.noticiasradioreflejos.com.ar\/2021\/wp-json\/wp\/v2\/posts\/79905\/revisions"}],"predecessor-version":[{"id":79906,"href":"https:\/\/www.noticiasradioreflejos.com.ar\/2021\/wp-json\/wp\/v2\/posts\/79905\/revisions\/79906"}],"wp:attachment":[{"href":"https:\/\/www.noticiasradioreflejos.com.ar\/2021\/wp-json\/wp\/v2\/media?parent=79905"}],"wp:term":[{"taxonomy":"category","embeddable":true,"href":"https:\/\/www.noticiasradioreflejos.com.ar\/2021\/wp-json\/wp\/v2\/categories?post=79905"},{"taxonomy":"post_tag","embeddable":true,"href":"https:\/\/www.noticiasradioreflejos.com.ar\/2021\/wp-json\/wp\/v2\/tags?post=79905"}],"curies":[{"name":"wp","href":"https:\/\/api.w.org\/{rel}","templated":true}]}}