{"id":79902,"date":"2022-11-09T11:29:28","date_gmt":"2022-11-09T11:29:28","guid":{"rendered":"http:\/\/www.noticiasradioreflejos.com.ar\/2021\/?p=79902"},"modified":"2022-11-09T11:29:28","modified_gmt":"2022-11-09T11:29:28","slug":"comisario-daniel-perez-la-policia-hizo-un-trabajo-espectacular-junto-a-la-secretaria-de-seguridad","status":"publish","type":"post","link":"https:\/\/www.noticiasradioreflejos.com.ar\/2021\/comisario-daniel-perez-la-policia-hizo-un-trabajo-espectacular-junto-a-la-secretaria-de-seguridad\/","title":{"rendered":"Comisario Daniel Perez: \u201cLa Polic\u00eda hizo un trabajo espectacular junto a la Secretar\u00eda de Seguridad\u201d"},"content":{"rendered":"<div class=\"hnoti\">El Jefe policial que se refiri\u00f3 al asesinato de Axel Rodr\u00edguez y la detenci\u00f3n de David Aguado.<\/div>\n<p><!--more--><\/p>\n<div class=\"text\">\n<p>Una pelea en estado de ebriedad y luego la muerte de Axel Rodr\u00edguez ha impactado a la comunidad y a ello se refiere el Comisario Daniel Perez al ser consultado por nuestro medio.<\/p>\n<p>\u201cLos dos ten\u00edan antecedentes penales por hechos menores y estuvieron presos\u201d afirm\u00f3.<\/p>\n<p>\u201cHubo una pelea previa el s\u00e1bado 15 de Octubre, donde Aguado golpea a Axel. Despu\u00e9s se amigan y salen hacia el camino paralelo al desague cloacal alrededor de la hora 15,30. Las c\u00e1maras de seguridad de un lugar cercano fueron determinantes para pedir la detenci\u00f3n\u201d<\/p>\n<p>\u201cLa polic\u00eda de Tornquist hizo un \u00a0trabajo espectacular desde el primero al \u00faltimo, estuvimos caminando, preguntando, a cualquier hora haciendo entrevistas, parando gente, tratando de encontrarlo como sea y se merece un p\u00e1rrafo aparte el se\u00f1or Secretario de Seguridad Ezequiel Gabella que estuvo desde el primer momento estuvo acompa\u00f1\u00e1ndonos en la diligencia y tambi\u00e9n la fiscal\u00eda de Tornquist que siempre estuvo presente\u201d<\/p>\n<p>\u201cEl hecho se denunci\u00f3 el mi\u00e9rcoles 2 de Noviembre. El s\u00e1bado a la ma\u00f1ana se encontr\u00f3 el cuerpo porque est\u00e1bamos trabajando a 200 metros y al mediod\u00eda ya sab\u00edamos pr\u00e1cticamente quien era el sospechoso, ocurre que los tiempos policiales no son los tiempos judiciales\u201d<\/p>\n<p>\u201cEl padre supo esperar y supo acompa\u00f1arnos, se merece un p\u00e1rrafo aparte como as\u00ed tambi\u00e9n la madre en una situaci\u00f3n dolorosa y triste. Sobre la gente que hace comentarios impropios e inadecuados, sinceramente hay que dejarlos pasar y los malos comentarios tambi\u00e9n les hacen mal a ellos\u201d<\/p>\n<p><strong>Sobre el traslado<\/strong><\/p>\n<p>\u201cAnoche por cuestiones de seguridad fue trasladado a otra dependencia policial cercana y esperan el llamado de la fiscal\u00eda\u00bb Finaliz\u00f3.<\/p>\n<p>&nbsp;<\/p>\n<p><iframe loading=\"lazy\" src=\"https:\/\/w.soundcloud.com\/player\/?url=https%3A\/\/api.soundcloud.com\/tracks\/1379404918&amp;color=%23ff5500&amp;auto_play=false&amp;hide_related=false&amp;show_comments=true&amp;show_user=true&amp;show_reposts=false&amp;show_teaser=true\" width=\"100%\" height=\"166\" frameborder=\"no\" scrolling=\"no\"><\/iframe><\/p>\n<div style=\"font-size: 10px; color: #cccccc; line-break: anywhere; word-break: normal; overflow: hidden; white-space: nowrap; text-overflow: ellipsis; font-family: Interstate,Lucida Grande,Lucida Sans Unicode,Lucida Sans,Garuda,Verdana,Tahoma,sans-serif; font-weight: 100;\"><a style=\"color: #cccccc; text-decoration: none;\" title=\"fmreflejos 103.7\" href=\"https:\/\/soundcloud.com\/fmreflejos-103-7\" target=\"_blank\" rel=\"noopener\">fmreflejos 103.7<\/a> \u00b7 <a style=\"color: #cccccc; text-decoration: none;\" title=\"Nota - Daniel - Perez-\" href=\"https:\/\/soundcloud.com\/fmreflejos-103-7\/nota-daniel-perez\" target=\"_blank\" rel=\"noopener\">Nota &#8211; Daniel &#8211; Perez-<\/a><\/div>\n<p><strong><br \/>\nFuente Noticias Tornquist<\/strong><\/p>\n<\/div>\n","protected":false},"excerpt":{"rendered":"<p>El Jefe policial que se refiri\u00f3 al asesinato de Axel Rodr\u00edguez y la detenci\u00f3n de David Aguado.<\/p>\n","protected":false},"author":3,"featured_media":0,"comment_status":"closed","ping_status":"closed","sticky":false,"template":"","format":"standard","meta":{"footnotes":""},"categories":[57,29],"tags":[],"class_list":["post-79902","post","type-post","status-publish","format-standard","hentry","category-judiciales","category-policiales"],"yoast_head":"<!-- This site is optimized with the Yoast SEO plugin v25.9 - https:\/\/yoast.com\/wordpress\/plugins\/seo\/ -->\n<title>Comisario Daniel Perez: \u201cLa Polic\u00eda hizo un trabajo espectacular junto a la Secretar\u00eda de Seguridad\u201d - Noticias Radio Reflejos<\/title>\n<meta name=\"robots\" content=\"index, follow, max-snippet:-1, max-image-preview:large, max-video-preview:-1\" \/>\n<link rel=\"canonical\" href=\"https:\/\/www.noticiasradioreflejos.com.ar\/2021\/comisario-daniel-perez-la-policia-hizo-un-trabajo-espectacular-junto-a-la-secretaria-de-seguridad\/\" \/>\n<meta property=\"og:locale\" content=\"es_ES\" \/>\n<meta property=\"og:type\" content=\"article\" \/>\n<meta property=\"og:title\" content=\"Comisario Daniel Perez: \u201cLa Polic\u00eda hizo un trabajo espectacular junto a la Secretar\u00eda de Seguridad\u201d - Noticias Radio Reflejos\" \/>\n<meta property=\"og:description\" content=\"El Jefe policial que se refiri\u00f3 al asesinato de Axel Rodr\u00edguez y la detenci\u00f3n de David Aguado.\" \/>\n<meta property=\"og:url\" content=\"https:\/\/www.noticiasradioreflejos.com.ar\/2021\/comisario-daniel-perez-la-policia-hizo-un-trabajo-espectacular-junto-a-la-secretaria-de-seguridad\/\" \/>\n<meta property=\"og:site_name\" content=\"Noticias Radio Reflejos\" \/>\n<meta property=\"article:published_time\" content=\"2022-11-09T11:29:28+00:00\" \/>\n<meta property=\"og:image\" content=\"https:\/\/www.noticiasradioreflejos.com.ar\/2021\/wp-content\/uploads\/2021\/07\/logosol300x200.png\" \/>\n\t<meta property=\"og:image:width\" content=\"300\" \/>\n\t<meta property=\"og:image:height\" content=\"200\" \/>\n\t<meta property=\"og:image:type\" content=\"image\/png\" \/>\n<meta name=\"author\" content=\"Arnaldo Botto\" \/>\n<meta name=\"twitter:card\" content=\"summary_large_image\" \/>\n<script type=\"application\/ld+json\" class=\"yoast-schema-graph\">{\"@context\":\"https:\/\/schema.org\",\"@graph\":[{\"@type\":\"WebPage\",\"@id\":\"https:\/\/www.noticiasradioreflejos.com.ar\/2021\/comisario-daniel-perez-la-policia-hizo-un-trabajo-espectacular-junto-a-la-secretaria-de-seguridad\/\",\"url\":\"https:\/\/www.noticiasradioreflejos.com.ar\/2021\/comisario-daniel-perez-la-policia-hizo-un-trabajo-espectacular-junto-a-la-secretaria-de-seguridad\/\",\"name\":\"Comisario Daniel Perez: \u201cLa Polic\u00eda hizo un trabajo espectacular junto a la Secretar\u00eda de Seguridad\u201d - Noticias Radio Reflejos\",\"isPartOf\":{\"@id\":\"https:\/\/www.noticiasradioreflejos.com.ar\/2021\/#website\"},\"datePublished\":\"2022-11-09T11:29:28+00:00\",\"author\":{\"@id\":\"https:\/\/www.noticiasradioreflejos.com.ar\/2021\/#\/schema\/person\/ad82545263dcc5ec0996818884fd5fb1\"},\"breadcrumb\":{\"@id\":\"https:\/\/www.noticiasradioreflejos.com.ar\/2021\/comisario-daniel-perez-la-policia-hizo-un-trabajo-espectacular-junto-a-la-secretaria-de-seguridad\/#breadcrumb\"},\"inLanguage\":\"es\",\"potentialAction\":[{\"@type\":\"ReadAction\",\"target\":[\"https:\/\/www.noticiasradioreflejos.com.ar\/2021\/comisario-daniel-perez-la-policia-hizo-un-trabajo-espectacular-junto-a-la-secretaria-de-seguridad\/\"]}]},{\"@type\":\"BreadcrumbList\",\"@id\":\"https:\/\/www.noticiasradioreflejos.com.ar\/2021\/comisario-daniel-perez-la-policia-hizo-un-trabajo-espectacular-junto-a-la-secretaria-de-seguridad\/#breadcrumb\",\"itemListElement\":[{\"@type\":\"ListItem\",\"position\":1,\"name\":\"Portada\",\"item\":\"https:\/\/www.noticiasradioreflejos.com.ar\/2021\/\"},{\"@type\":\"ListItem\",\"position\":2,\"name\":\"Comisario Daniel Perez: \u201cLa Polic\u00eda hizo un trabajo espectacular junto a la Secretar\u00eda de Seguridad\u201d\"}]},{\"@type\":\"WebSite\",\"@id\":\"https:\/\/www.noticiasradioreflejos.com.ar\/2021\/#website\",\"url\":\"https:\/\/www.noticiasradioreflejos.com.ar\/2021\/\",\"name\":\"Noticias Radio Reflejos\",\"description\":\"Las noticias de mi comarca\",\"potentialAction\":[{\"@type\":\"SearchAction\",\"target\":{\"@type\":\"EntryPoint\",\"urlTemplate\":\"https:\/\/www.noticiasradioreflejos.com.ar\/2021\/?s={search_term_string}\"},\"query-input\":{\"@type\":\"PropertyValueSpecification\",\"valueRequired\":true,\"valueName\":\"search_term_string\"}}],\"inLanguage\":\"es\"},{\"@type\":\"Person\",\"@id\":\"https:\/\/www.noticiasradioreflejos.com.ar\/2021\/#\/schema\/person\/ad82545263dcc5ec0996818884fd5fb1\",\"name\":\"Arnaldo Botto\",\"image\":{\"@type\":\"ImageObject\",\"inLanguage\":\"es\",\"@id\":\"https:\/\/www.noticiasradioreflejos.com.ar\/2021\/#\/schema\/person\/image\/\",\"url\":\"https:\/\/secure.gravatar.com\/avatar\/55cb5e37c1efa326397366e6974cb338056df65cb50e7d64d1cf314e87504837?s=96&d=mm&r=g\",\"contentUrl\":\"https:\/\/secure.gravatar.com\/avatar\/55cb5e37c1efa326397366e6974cb338056df65cb50e7d64d1cf314e87504837?s=96&d=mm&r=g\",\"caption\":\"Arnaldo Botto\"},\"url\":\"https:\/\/www.noticiasradioreflejos.com.ar\/2021\/author\/arnaldo\/\"}]}<\/script>\n<!-- \/ Yoast SEO plugin. -->","yoast_head_json":{"title":"Comisario Daniel Perez: \u201cLa Polic\u00eda hizo un trabajo espectacular junto a la Secretar\u00eda de Seguridad\u201d - Noticias Radio Reflejos","robots":{"index":"index","follow":"follow","max-snippet":"max-snippet:-1","max-image-preview":"max-image-preview:large","max-video-preview":"max-video-preview:-1"},"canonical":"https:\/\/www.noticiasradioreflejos.com.ar\/2021\/comisario-daniel-perez-la-policia-hizo-un-trabajo-espectacular-junto-a-la-secretaria-de-seguridad\/","og_locale":"es_ES","og_type":"article","og_title":"Comisario Daniel Perez: \u201cLa Polic\u00eda hizo un trabajo espectacular junto a la Secretar\u00eda de Seguridad\u201d - Noticias Radio Reflejos","og_description":"El Jefe policial que se refiri\u00f3 al asesinato de Axel Rodr\u00edguez y la detenci\u00f3n de David Aguado.","og_url":"https:\/\/www.noticiasradioreflejos.com.ar\/2021\/comisario-daniel-perez-la-policia-hizo-un-trabajo-espectacular-junto-a-la-secretaria-de-seguridad\/","og_site_name":"Noticias Radio Reflejos","article_published_time":"2022-11-09T11:29:28+00:00","og_image":[{"width":300,"height":200,"url":"https:\/\/www.noticiasradioreflejos.com.ar\/2021\/wp-content\/uploads\/2021\/07\/logosol300x200.png","type":"image\/png"}],"author":"Arnaldo Botto","twitter_card":"summary_large_image","schema":{"@context":"https:\/\/schema.org","@graph":[{"@type":"WebPage","@id":"https:\/\/www.noticiasradioreflejos.com.ar\/2021\/comisario-daniel-perez-la-policia-hizo-un-trabajo-espectacular-junto-a-la-secretaria-de-seguridad\/","url":"https:\/\/www.noticiasradioreflejos.com.ar\/2021\/comisario-daniel-perez-la-policia-hizo-un-trabajo-espectacular-junto-a-la-secretaria-de-seguridad\/","name":"Comisario Daniel Perez: \u201cLa Polic\u00eda hizo un trabajo espectacular junto a la Secretar\u00eda de Seguridad\u201d - Noticias Radio Reflejos","isPartOf":{"@id":"https:\/\/www.noticiasradioreflejos.com.ar\/2021\/#website"},"datePublished":"2022-11-09T11:29:28+00:00","author":{"@id":"https:\/\/www.noticiasradioreflejos.com.ar\/2021\/#\/schema\/person\/ad82545263dcc5ec0996818884fd5fb1"},"breadcrumb":{"@id":"https:\/\/www.noticiasradioreflejos.com.ar\/2021\/comisario-daniel-perez-la-policia-hizo-un-trabajo-espectacular-junto-a-la-secretaria-de-seguridad\/#breadcrumb"},"inLanguage":"es","potentialAction":[{"@type":"ReadAction","target":["https:\/\/www.noticiasradioreflejos.com.ar\/2021\/comisario-daniel-perez-la-policia-hizo-un-trabajo-espectacular-junto-a-la-secretaria-de-seguridad\/"]}]},{"@type":"BreadcrumbList","@id":"https:\/\/www.noticiasradioreflejos.com.ar\/2021\/comisario-daniel-perez-la-policia-hizo-un-trabajo-espectacular-junto-a-la-secretaria-de-seguridad\/#breadcrumb","itemListElement":[{"@type":"ListItem","position":1,"name":"Portada","item":"https:\/\/www.noticiasradioreflejos.com.ar\/2021\/"},{"@type":"ListItem","position":2,"name":"Comisario Daniel Perez: \u201cLa Polic\u00eda hizo un trabajo espectacular junto a la Secretar\u00eda de Seguridad\u201d"}]},{"@type":"WebSite","@id":"https:\/\/www.noticiasradioreflejos.com.ar\/2021\/#website","url":"https:\/\/www.noticiasradioreflejos.com.ar\/2021\/","name":"Noticias Radio Reflejos","description":"Las noticias de mi comarca","potentialAction":[{"@type":"SearchAction","target":{"@type":"EntryPoint","urlTemplate":"https:\/\/www.noticiasradioreflejos.com.ar\/2021\/?s={search_term_string}"},"query-input":{"@type":"PropertyValueSpecification","valueRequired":true,"valueName":"search_term_string"}}],"inLanguage":"es"},{"@type":"Person","@id":"https:\/\/www.noticiasradioreflejos.com.ar\/2021\/#\/schema\/person\/ad82545263dcc5ec0996818884fd5fb1","name":"Arnaldo Botto","image":{"@type":"ImageObject","inLanguage":"es","@id":"https:\/\/www.noticiasradioreflejos.com.ar\/2021\/#\/schema\/person\/image\/","url":"https:\/\/secure.gravatar.com\/avatar\/55cb5e37c1efa326397366e6974cb338056df65cb50e7d64d1cf314e87504837?s=96&d=mm&r=g","contentUrl":"https:\/\/secure.gravatar.com\/avatar\/55cb5e37c1efa326397366e6974cb338056df65cb50e7d64d1cf314e87504837?s=96&d=mm&r=g","caption":"Arnaldo Botto"},"url":"https:\/\/www.noticiasradioreflejos.com.ar\/2021\/author\/arnaldo\/"}]}},"_links":{"self":[{"href":"https:\/\/www.noticiasradioreflejos.com.ar\/2021\/wp-json\/wp\/v2\/posts\/79902","targetHints":{"allow":["GET"]}}],"collection":[{"href":"https:\/\/www.noticiasradioreflejos.com.ar\/2021\/wp-json\/wp\/v2\/posts"}],"about":[{"href":"https:\/\/www.noticiasradioreflejos.com.ar\/2021\/wp-json\/wp\/v2\/types\/post"}],"author":[{"embeddable":true,"href":"https:\/\/www.noticiasradioreflejos.com.ar\/2021\/wp-json\/wp\/v2\/users\/3"}],"replies":[{"embeddable":true,"href":"https:\/\/www.noticiasradioreflejos.com.ar\/2021\/wp-json\/wp\/v2\/comments?post=79902"}],"version-history":[{"count":1,"href":"https:\/\/www.noticiasradioreflejos.com.ar\/2021\/wp-json\/wp\/v2\/posts\/79902\/revisions"}],"predecessor-version":[{"id":79904,"href":"https:\/\/www.noticiasradioreflejos.com.ar\/2021\/wp-json\/wp\/v2\/posts\/79902\/revisions\/79904"}],"wp:attachment":[{"href":"https:\/\/www.noticiasradioreflejos.com.ar\/2021\/wp-json\/wp\/v2\/media?parent=79902"}],"wp:term":[{"taxonomy":"category","embeddable":true,"href":"https:\/\/www.noticiasradioreflejos.com.ar\/2021\/wp-json\/wp\/v2\/categories?post=79902"},{"taxonomy":"post_tag","embeddable":true,"href":"https:\/\/www.noticiasradioreflejos.com.ar\/2021\/wp-json\/wp\/v2\/tags?post=79902"}],"curies":[{"name":"wp","href":"https:\/\/api.w.org\/{rel}","templated":true}]}}