{"id":79847,"date":"2022-11-08T01:01:15","date_gmt":"2022-11-08T01:01:15","guid":{"rendered":"http:\/\/www.noticiasradioreflejos.com.ar\/2021\/?p=79847"},"modified":"2022-11-08T11:51:43","modified_gmt":"2022-11-08T11:51:43","slug":"detuvieron-al-presunto-implicado-en-la-muerte-de-axel-rodriguez","status":"publish","type":"post","link":"https:\/\/www.noticiasradioreflejos.com.ar\/2021\/detuvieron-al-presunto-implicado-en-la-muerte-de-axel-rodriguez\/","title":{"rendered":"Detuvieron al presunto implicado en la muerte de Axel Rodr\u00edguez"},"content":{"rendered":"<div class=\"hnoti\">El operativo y allanamiento se realiz\u00f3 en calle Safont\u00e1s. Brind\u00f3 detalles el Secretario de Gobierno y Seguridad, Ezequiel Gabella.<\/div>\n<p><!--more--><\/p>\n<div class=\"text\">\n<p>La Polic\u00eda Comunal de Tornquist procedi\u00f3 a detener en la tarde noche de este lunes en Safontas al 700, a un hombre implicado en la muerte de Axel Rodr\u00edguez (26), el joven que apareci\u00f3 muerto el s\u00e1bado en un canal de desag\u00fces en cercan\u00edas de la ciudad.<\/p>\n<p>Luego de la detenci\u00f3n, el Secretario de Seguridad,\u00a0<strong>Ezequiel Gabella<\/strong>, brind\u00f3 una conferencia de prensa en la que dej\u00f3 precisiones.<\/p>\n<p>Minutos despu\u00e9s de la conferencia, confirmaron que el detenido se trata de\u00a0<strong>David Aguado, alias &#8216;Huesito&#8217;, de 32 a\u00f1os y oriundo de Tornquist<\/strong>.<\/p>\n<\/div>\n<p><img decoding=\"async\" src=\"https:\/\/www.noticiastornquist.com.ar\/imagen.php?imagen=2022-11\/whatsapp-image-20221107-at-7.36.29-pm.jpeg\" \/><\/p>\n<div class=\"text\">\n<p>\u201cComo comunidad, estamos viviendo varios d\u00edas de conmoci\u00f3n. Cuando se conoci\u00f3 la desaparici\u00f3n, reci\u00e9n en ese momento es cuando polic\u00eda toma conocimiento de que estaba desaparecido y ah\u00ed se inicia la b\u00fasqueda de la persona, que dur\u00f3 los d\u00edas 2, 3 y 4 de noviembre\u201d, explic\u00f3.<\/p>\n<p>\u201cY cuando ya se estaba tras una pista firme del sector donde podr\u00eda estar, fue cuando un vecino de la localidad manifest\u00f3 que hab\u00eda visto un aparente cuerpo sin vida en el lugar donde apareci\u00f3\u201d, a\u00f1adi\u00f3.<\/p>\n<p>El funcionario afirm\u00f3 que \u201cfue en ese momento donde se realiz\u00f3 el vallado del sector, el cuidado de la escena y se dej\u00f3 de hablar de la desaparici\u00f3n, sino del hallazgo del cuerpo sin vida\u201d.<\/p>\n<p>En la morgue municipal, el padre de Axel Rodr\u00edguez \u201creconoce que es su hijo\u201d. \u201cEso ocurri\u00f3 el s\u00e1bado a las 22 hs, cuando se obtuvieron los resultados de la autopsia. Ah\u00ed se consolida lo que hasta ese momento era una fuerte sospecha de que se trataba de un homicidio\u201d.<\/p>\n<p>\u201cDesde el inicio de la investigaci\u00f3n hasta este desenlace, fue un trabajo \u00edntegro por parte de la polic\u00eda comunal de Tornquist, en este momento, de manera interina, en la cabeza del Comisario Inspector Daniel P\u00e9rez\u201d, subray\u00f3 Gabella.<\/p>\n<p>Asimismo, indic\u00f3 que \u201cdesde el inicio de la investigaci\u00f3n se hab\u00edan obtenido registro f\u00edlmicos y la tarea de investigaci\u00f3n e inteligencia permiti\u00f3 tener entrevistas y declaraciones del entorno de la v\u00edctima, sobre todo, de los que estuvieron los \u00faltimos d\u00edas con Axel. Todos esos testimonios permitieron ir elaborando una teor\u00eda sobre qui\u00e9n fue el autor material del homicidio\u201d.<\/p>\n<p>\u201cAh\u00ed entraron los tiempos procesales y hace escasos minutos el Juzgado de Garant\u00edas de Bah\u00eda Blanca autoriz\u00f3 realizar el allanamiento y la detenci\u00f3n de la persona, que est\u00e1 en calidad de detenido por estar vinculado ampliamente con la causa y pudiere ser el autor material del hecho\u201d, explic\u00f3 y subray\u00f3 que ahora la causa \u201cqueda en manos de la justicia\u201d.<\/p>\n<p>Consultado si por el momento hay una sola persona detenida, indic\u00f3 que s\u00ed, que es una persona de unos 30 a\u00f1os de Tornquist y que \u201cpertenec\u00eda al entorno de contactos de la v\u00edctima. Tanto la v\u00edctima como el detenido, son personas que se conoc\u00edan ampliamente y pertenec\u00edan al mismo entorno, pero son parte de la investigaci\u00f3n los m\u00f3viles por los que cuales pudiere haberse producido el homicidio\u201d.<\/p>\n<p>\u201cVale aclarar que, desde varias horas anteriores a la detenci\u00f3n, se hab\u00eda dispuesto una custodia activa sobre el domicilio donde se sab\u00eda que estaba esta persona, m\u00e1s que nada para preservar la integridad del sospechoso ante cualquier tipo de represalia, y para tener un cierto control de los movimientos de esta persona para evitar cualquier tipo de entorpecimiento, como podr\u00eda ser una fuga\u201d, a\u00f1adi\u00f3.<\/p>\n<p>En tanto, manifest\u00f3 que \u201cla desinformaci\u00f3n o la informaci\u00f3n maliciosa, malintencionada y apresurada que hubo en las redes sociales, hab\u00eda generado mucho malestar en la sociedad. La \u00faltima vez que su familia tuvo contacto con la v\u00edctima fue el 15 de octubre, pero reci\u00e9n denuncia que no ten\u00edan contacto con \u00e9l desde ese d\u00eda, el 2 de noviembre\u201d.<\/p>\n<p>Por \u00faltimo, confirm\u00f3 que por cuestiones de seguridad, el detenido ser\u00e1 trasladado a una unidad penitenciaria o comisar\u00eda de la regi\u00f3n.<\/p>\n<p><iframe loading=\"lazy\" title=\"Ezequiel Gabella\" src=\"https:\/\/www.youtube.com\/embed\/SN_drBygP6g\" width=\"853\" height=\"480\" frameborder=\"0\" allowfullscreen=\"allowfullscreen\"><\/iframe><\/p>\n<p>Fuente Noticias Tornquist<\/p>\n<\/div>\n","protected":false},"excerpt":{"rendered":"<p>El operativo y allanamiento se realiz\u00f3 en calle Safont\u00e1s. Brind\u00f3 detalles el Secretario de Gobierno y Seguridad, Ezequiel Gabella.<\/p>\n","protected":false},"author":3,"featured_media":58401,"comment_status":"closed","ping_status":"closed","sticky":false,"template":"","format":"standard","meta":{"footnotes":""},"categories":[29],"tags":[48],"class_list":["post-79847","post","type-post","status-publish","format-standard","has-post-thumbnail","hentry","category-policiales","tag-destacada"],"yoast_head":"<!-- This site is optimized with the Yoast SEO plugin v25.9 - https:\/\/yoast.com\/wordpress\/plugins\/seo\/ -->\n<title>Detuvieron al presunto implicado en la muerte de Axel Rodr\u00edguez - Noticias Radio Reflejos<\/title>\n<meta name=\"robots\" content=\"index, follow, max-snippet:-1, max-image-preview:large, max-video-preview:-1\" \/>\n<link rel=\"canonical\" href=\"https:\/\/www.noticiasradioreflejos.com.ar\/2021\/detuvieron-al-presunto-implicado-en-la-muerte-de-axel-rodriguez\/\" \/>\n<meta property=\"og:locale\" content=\"es_ES\" \/>\n<meta property=\"og:type\" content=\"article\" \/>\n<meta property=\"og:title\" content=\"Detuvieron al presunto implicado en la muerte de Axel Rodr\u00edguez - Noticias Radio Reflejos\" \/>\n<meta property=\"og:description\" content=\"El operativo y allanamiento se realiz\u00f3 en calle Safont\u00e1s. Brind\u00f3 detalles el Secretario de Gobierno y Seguridad, Ezequiel Gabella.\" \/>\n<meta property=\"og:url\" content=\"https:\/\/www.noticiasradioreflejos.com.ar\/2021\/detuvieron-al-presunto-implicado-en-la-muerte-de-axel-rodriguez\/\" \/>\n<meta property=\"og:site_name\" content=\"Noticias Radio Reflejos\" \/>\n<meta property=\"article:published_time\" content=\"2022-11-08T01:01:15+00:00\" \/>\n<meta property=\"article:modified_time\" content=\"2022-11-08T11:51:43+00:00\" \/>\n<meta property=\"og:image\" content=\"https:\/\/www.noticiasradioreflejos.com.ar\/2021\/wp-content\/uploads\/2021\/06\/Comisaria-Tornquist.jpeg\" \/>\n\t<meta property=\"og:image:width\" content=\"1280\" \/>\n\t<meta property=\"og:image:height\" content=\"720\" \/>\n\t<meta property=\"og:image:type\" content=\"image\/jpeg\" \/>\n<meta name=\"author\" content=\"Arnaldo Botto\" \/>\n<meta name=\"twitter:card\" content=\"summary_large_image\" \/>\n<script type=\"application\/ld+json\" class=\"yoast-schema-graph\">{\"@context\":\"https:\/\/schema.org\",\"@graph\":[{\"@type\":\"WebPage\",\"@id\":\"https:\/\/www.noticiasradioreflejos.com.ar\/2021\/detuvieron-al-presunto-implicado-en-la-muerte-de-axel-rodriguez\/\",\"url\":\"https:\/\/www.noticiasradioreflejos.com.ar\/2021\/detuvieron-al-presunto-implicado-en-la-muerte-de-axel-rodriguez\/\",\"name\":\"Detuvieron al presunto implicado en la muerte de Axel Rodr\u00edguez - Noticias Radio Reflejos\",\"isPartOf\":{\"@id\":\"https:\/\/www.noticiasradioreflejos.com.ar\/2021\/#website\"},\"primaryImageOfPage\":{\"@id\":\"https:\/\/www.noticiasradioreflejos.com.ar\/2021\/detuvieron-al-presunto-implicado-en-la-muerte-de-axel-rodriguez\/#primaryimage\"},\"image\":{\"@id\":\"https:\/\/www.noticiasradioreflejos.com.ar\/2021\/detuvieron-al-presunto-implicado-en-la-muerte-de-axel-rodriguez\/#primaryimage\"},\"thumbnailUrl\":\"https:\/\/www.noticiasradioreflejos.com.ar\/2021\/wp-content\/uploads\/2021\/06\/Comisaria-Tornquist.jpeg\",\"datePublished\":\"2022-11-08T01:01:15+00:00\",\"dateModified\":\"2022-11-08T11:51:43+00:00\",\"author\":{\"@id\":\"https:\/\/www.noticiasradioreflejos.com.ar\/2021\/#\/schema\/person\/ad82545263dcc5ec0996818884fd5fb1\"},\"breadcrumb\":{\"@id\":\"https:\/\/www.noticiasradioreflejos.com.ar\/2021\/detuvieron-al-presunto-implicado-en-la-muerte-de-axel-rodriguez\/#breadcrumb\"},\"inLanguage\":\"es\",\"potentialAction\":[{\"@type\":\"ReadAction\",\"target\":[\"https:\/\/www.noticiasradioreflejos.com.ar\/2021\/detuvieron-al-presunto-implicado-en-la-muerte-de-axel-rodriguez\/\"]}]},{\"@type\":\"ImageObject\",\"inLanguage\":\"es\",\"@id\":\"https:\/\/www.noticiasradioreflejos.com.ar\/2021\/detuvieron-al-presunto-implicado-en-la-muerte-de-axel-rodriguez\/#primaryimage\",\"url\":\"https:\/\/www.noticiasradioreflejos.com.ar\/2021\/wp-content\/uploads\/2021\/06\/Comisaria-Tornquist.jpeg\",\"contentUrl\":\"https:\/\/www.noticiasradioreflejos.com.ar\/2021\/wp-content\/uploads\/2021\/06\/Comisaria-Tornquist.jpeg\",\"width\":1280,\"height\":720},{\"@type\":\"BreadcrumbList\",\"@id\":\"https:\/\/www.noticiasradioreflejos.com.ar\/2021\/detuvieron-al-presunto-implicado-en-la-muerte-de-axel-rodriguez\/#breadcrumb\",\"itemListElement\":[{\"@type\":\"ListItem\",\"position\":1,\"name\":\"Portada\",\"item\":\"https:\/\/www.noticiasradioreflejos.com.ar\/2021\/\"},{\"@type\":\"ListItem\",\"position\":2,\"name\":\"Detuvieron al presunto implicado en la muerte de Axel Rodr\u00edguez\"}]},{\"@type\":\"WebSite\",\"@id\":\"https:\/\/www.noticiasradioreflejos.com.ar\/2021\/#website\",\"url\":\"https:\/\/www.noticiasradioreflejos.com.ar\/2021\/\",\"name\":\"Noticias Radio Reflejos\",\"description\":\"Las noticias de mi comarca\",\"potentialAction\":[{\"@type\":\"SearchAction\",\"target\":{\"@type\":\"EntryPoint\",\"urlTemplate\":\"https:\/\/www.noticiasradioreflejos.com.ar\/2021\/?s={search_term_string}\"},\"query-input\":{\"@type\":\"PropertyValueSpecification\",\"valueRequired\":true,\"valueName\":\"search_term_string\"}}],\"inLanguage\":\"es\"},{\"@type\":\"Person\",\"@id\":\"https:\/\/www.noticiasradioreflejos.com.ar\/2021\/#\/schema\/person\/ad82545263dcc5ec0996818884fd5fb1\",\"name\":\"Arnaldo Botto\",\"image\":{\"@type\":\"ImageObject\",\"inLanguage\":\"es\",\"@id\":\"https:\/\/www.noticiasradioreflejos.com.ar\/2021\/#\/schema\/person\/image\/\",\"url\":\"https:\/\/secure.gravatar.com\/avatar\/55cb5e37c1efa326397366e6974cb338056df65cb50e7d64d1cf314e87504837?s=96&d=mm&r=g\",\"contentUrl\":\"https:\/\/secure.gravatar.com\/avatar\/55cb5e37c1efa326397366e6974cb338056df65cb50e7d64d1cf314e87504837?s=96&d=mm&r=g\",\"caption\":\"Arnaldo Botto\"},\"url\":\"https:\/\/www.noticiasradioreflejos.com.ar\/2021\/author\/arnaldo\/\"}]}<\/script>\n<!-- \/ Yoast SEO plugin. -->","yoast_head_json":{"title":"Detuvieron al presunto implicado en la muerte de Axel Rodr\u00edguez - Noticias Radio Reflejos","robots":{"index":"index","follow":"follow","max-snippet":"max-snippet:-1","max-image-preview":"max-image-preview:large","max-video-preview":"max-video-preview:-1"},"canonical":"https:\/\/www.noticiasradioreflejos.com.ar\/2021\/detuvieron-al-presunto-implicado-en-la-muerte-de-axel-rodriguez\/","og_locale":"es_ES","og_type":"article","og_title":"Detuvieron al presunto implicado en la muerte de Axel Rodr\u00edguez - Noticias Radio Reflejos","og_description":"El operativo y allanamiento se realiz\u00f3 en calle Safont\u00e1s. Brind\u00f3 detalles el Secretario de Gobierno y Seguridad, Ezequiel Gabella.","og_url":"https:\/\/www.noticiasradioreflejos.com.ar\/2021\/detuvieron-al-presunto-implicado-en-la-muerte-de-axel-rodriguez\/","og_site_name":"Noticias Radio Reflejos","article_published_time":"2022-11-08T01:01:15+00:00","article_modified_time":"2022-11-08T11:51:43+00:00","og_image":[{"width":1280,"height":720,"url":"https:\/\/www.noticiasradioreflejos.com.ar\/2021\/wp-content\/uploads\/2021\/06\/Comisaria-Tornquist.jpeg","type":"image\/jpeg"}],"author":"Arnaldo Botto","twitter_card":"summary_large_image","schema":{"@context":"https:\/\/schema.org","@graph":[{"@type":"WebPage","@id":"https:\/\/www.noticiasradioreflejos.com.ar\/2021\/detuvieron-al-presunto-implicado-en-la-muerte-de-axel-rodriguez\/","url":"https:\/\/www.noticiasradioreflejos.com.ar\/2021\/detuvieron-al-presunto-implicado-en-la-muerte-de-axel-rodriguez\/","name":"Detuvieron al presunto implicado en la muerte de Axel Rodr\u00edguez - Noticias Radio Reflejos","isPartOf":{"@id":"https:\/\/www.noticiasradioreflejos.com.ar\/2021\/#website"},"primaryImageOfPage":{"@id":"https:\/\/www.noticiasradioreflejos.com.ar\/2021\/detuvieron-al-presunto-implicado-en-la-muerte-de-axel-rodriguez\/#primaryimage"},"image":{"@id":"https:\/\/www.noticiasradioreflejos.com.ar\/2021\/detuvieron-al-presunto-implicado-en-la-muerte-de-axel-rodriguez\/#primaryimage"},"thumbnailUrl":"https:\/\/www.noticiasradioreflejos.com.ar\/2021\/wp-content\/uploads\/2021\/06\/Comisaria-Tornquist.jpeg","datePublished":"2022-11-08T01:01:15+00:00","dateModified":"2022-11-08T11:51:43+00:00","author":{"@id":"https:\/\/www.noticiasradioreflejos.com.ar\/2021\/#\/schema\/person\/ad82545263dcc5ec0996818884fd5fb1"},"breadcrumb":{"@id":"https:\/\/www.noticiasradioreflejos.com.ar\/2021\/detuvieron-al-presunto-implicado-en-la-muerte-de-axel-rodriguez\/#breadcrumb"},"inLanguage":"es","potentialAction":[{"@type":"ReadAction","target":["https:\/\/www.noticiasradioreflejos.com.ar\/2021\/detuvieron-al-presunto-implicado-en-la-muerte-de-axel-rodriguez\/"]}]},{"@type":"ImageObject","inLanguage":"es","@id":"https:\/\/www.noticiasradioreflejos.com.ar\/2021\/detuvieron-al-presunto-implicado-en-la-muerte-de-axel-rodriguez\/#primaryimage","url":"https:\/\/www.noticiasradioreflejos.com.ar\/2021\/wp-content\/uploads\/2021\/06\/Comisaria-Tornquist.jpeg","contentUrl":"https:\/\/www.noticiasradioreflejos.com.ar\/2021\/wp-content\/uploads\/2021\/06\/Comisaria-Tornquist.jpeg","width":1280,"height":720},{"@type":"BreadcrumbList","@id":"https:\/\/www.noticiasradioreflejos.com.ar\/2021\/detuvieron-al-presunto-implicado-en-la-muerte-de-axel-rodriguez\/#breadcrumb","itemListElement":[{"@type":"ListItem","position":1,"name":"Portada","item":"https:\/\/www.noticiasradioreflejos.com.ar\/2021\/"},{"@type":"ListItem","position":2,"name":"Detuvieron al presunto implicado en la muerte de Axel Rodr\u00edguez"}]},{"@type":"WebSite","@id":"https:\/\/www.noticiasradioreflejos.com.ar\/2021\/#website","url":"https:\/\/www.noticiasradioreflejos.com.ar\/2021\/","name":"Noticias Radio Reflejos","description":"Las noticias de mi comarca","potentialAction":[{"@type":"SearchAction","target":{"@type":"EntryPoint","urlTemplate":"https:\/\/www.noticiasradioreflejos.com.ar\/2021\/?s={search_term_string}"},"query-input":{"@type":"PropertyValueSpecification","valueRequired":true,"valueName":"search_term_string"}}],"inLanguage":"es"},{"@type":"Person","@id":"https:\/\/www.noticiasradioreflejos.com.ar\/2021\/#\/schema\/person\/ad82545263dcc5ec0996818884fd5fb1","name":"Arnaldo Botto","image":{"@type":"ImageObject","inLanguage":"es","@id":"https:\/\/www.noticiasradioreflejos.com.ar\/2021\/#\/schema\/person\/image\/","url":"https:\/\/secure.gravatar.com\/avatar\/55cb5e37c1efa326397366e6974cb338056df65cb50e7d64d1cf314e87504837?s=96&d=mm&r=g","contentUrl":"https:\/\/secure.gravatar.com\/avatar\/55cb5e37c1efa326397366e6974cb338056df65cb50e7d64d1cf314e87504837?s=96&d=mm&r=g","caption":"Arnaldo Botto"},"url":"https:\/\/www.noticiasradioreflejos.com.ar\/2021\/author\/arnaldo\/"}]}},"_links":{"self":[{"href":"https:\/\/www.noticiasradioreflejos.com.ar\/2021\/wp-json\/wp\/v2\/posts\/79847","targetHints":{"allow":["GET"]}}],"collection":[{"href":"https:\/\/www.noticiasradioreflejos.com.ar\/2021\/wp-json\/wp\/v2\/posts"}],"about":[{"href":"https:\/\/www.noticiasradioreflejos.com.ar\/2021\/wp-json\/wp\/v2\/types\/post"}],"author":[{"embeddable":true,"href":"https:\/\/www.noticiasradioreflejos.com.ar\/2021\/wp-json\/wp\/v2\/users\/3"}],"replies":[{"embeddable":true,"href":"https:\/\/www.noticiasradioreflejos.com.ar\/2021\/wp-json\/wp\/v2\/comments?post=79847"}],"version-history":[{"count":5,"href":"https:\/\/www.noticiasradioreflejos.com.ar\/2021\/wp-json\/wp\/v2\/posts\/79847\/revisions"}],"predecessor-version":[{"id":79870,"href":"https:\/\/www.noticiasradioreflejos.com.ar\/2021\/wp-json\/wp\/v2\/posts\/79847\/revisions\/79870"}],"wp:featuredmedia":[{"embeddable":true,"href":"https:\/\/www.noticiasradioreflejos.com.ar\/2021\/wp-json\/wp\/v2\/media\/58401"}],"wp:attachment":[{"href":"https:\/\/www.noticiasradioreflejos.com.ar\/2021\/wp-json\/wp\/v2\/media?parent=79847"}],"wp:term":[{"taxonomy":"category","embeddable":true,"href":"https:\/\/www.noticiasradioreflejos.com.ar\/2021\/wp-json\/wp\/v2\/categories?post=79847"},{"taxonomy":"post_tag","embeddable":true,"href":"https:\/\/www.noticiasradioreflejos.com.ar\/2021\/wp-json\/wp\/v2\/tags?post=79847"}],"curies":[{"name":"wp","href":"https:\/\/api.w.org\/{rel}","templated":true}]}}