{"id":79844,"date":"2022-11-07T23:11:35","date_gmt":"2022-11-07T23:11:35","guid":{"rendered":"http:\/\/www.noticiasradioreflejos.com.ar\/2021\/?p=79844"},"modified":"2022-11-07T23:11:35","modified_gmt":"2022-11-07T23:11:35","slug":"ministros-de-educacion-de-seis-provincias-y-caba-debaten-cambios-en-el-secundario","status":"publish","type":"post","link":"https:\/\/www.noticiasradioreflejos.com.ar\/2021\/ministros-de-educacion-de-seis-provincias-y-caba-debaten-cambios-en-el-secundario\/","title":{"rendered":"Ministros de Educaci\u00f3n de seis provincias y CABA debaten cambios en el secundario"},"content":{"rendered":"<p>En varios foros organizados por Unicef y Organizaci\u00f3n de Estados Iberoamericanos, las provincias de C\u00f3rdoba, La Pampa, Misiones, Tucum\u00e1n, Chaco, R\u00edo Negro y Ciudad Aut\u00f3noma de Buenos Aires comparten sus experiencias sobre las innovaciones en el nivel medio.<!--more--><\/p>\n<figure class=\"mb-3\"><img decoding=\"async\" src=\"https:\/\/www.telam.com.ar\/thumbs\/bluesteel\/advf\/imagenes\/2022\/11\/63694af9ef0f9_1200.jpg\" alt=\"Foto Gobierno de Crdoba\" width=\"100%\" height=\"100%\" \/><\/p>\n<div class=\"media-icons\"><\/div><figcaption>Foto: Gobierno de C\u00f3rdoba.<\/figcaption><\/figure>\n<p>Ministros de Educaci\u00f3n de seis provincias y de la Ciudad de Buenos Aires (CABA) debaten e intercambian en foros las innovaciones y programas que implementan para transformar de manera integral la escuela secundaria, cuyo actual formato, seg\u00fan datos de Unicef, es el principal escollo que favorece la expulsi\u00f3n de alumnos, por encima de las cuestiones sociales o econ\u00f3micas.<\/p>\n<p>Las provincias de C\u00f3rdoba, La Pampa, Misiones, Tucum\u00e1n, Chaco y R\u00edo Negro y CABA, en donde ya se implementan cambios en diversos aspectos del secundario,\u00a0<strong>debaten en foros organizados por Unicef y la Organizaci\u00f3n de Estados Iberoamericanos (OEI), sus experiencias sobre las innovaciones en el nivel medio<\/strong>.<\/p>\n<p>Los debates e intercambios, del que tambi\u00e9n participan estudiantes y especialistas en educaci\u00f3n, ponen \u00e9nfasis la necesidad de reformar el r\u00e9gimen acad\u00e9mico, innovaciones en la formaci\u00f3n docente y en nuevas pr\u00e1cticas de ense\u00f1anza, aprendizaje y evaluaciones.<\/p>\n<p>\u00abEstas siete provincias son las que est\u00e1n m\u00e1s avanzadas en la aplicaci\u00f3n de experiencias innovadores de trasformaci\u00f3n de las escuelas secundarias comunes\u00bb, dijo a T\u00e9lam Cora Steimberg, encargada del \u00e1rea de Educaci\u00f3n de Unicef.<\/p>\n<blockquote class=\"\"><p>\u00abEstas siete provincias son las que est\u00e1n m\u00e1s avanzadas en la aplicaci\u00f3n de experiencias innovadores de trasformaci\u00f3n de las escuelas secundarias comunes\u00bb<cite class=\"author\">Cora Steimberg<\/cite><\/p><\/blockquote>\n<p>Seg\u00fan datos del organismo,\u00a0<strong>el 35% de los chicos dejan la escuela secundaria porque piensan que no es para ellos, no les interesa o no les gusta<\/strong>, mientras que casi\u00a0<strong>un 30% la deja por otros factores como econ\u00f3micos, sociales o situaciones de embarazo adolescente<\/strong>.<\/p>\n<p>\u00abEntonces son m\u00e1s los factores escolares los que est\u00e1n incidiendo hoy en que los chicos dejen la escuela secundaria, cuando tradicionalmente esto se asociaba a los j\u00f3venes que vienen de hogares de mayor vulnerabilidad\u00bb, expres\u00f3 Steimberg.<\/p>\n<p>Entre los alumnos que se quedan en la escuela,\u00a0<strong>7 de cada 10 estudiantes del \u00faltimo a\u00f1o no alcanza conocimientos b\u00e1sicos en Matem\u00e1ticas y 4 de cada 10 en Lengua<\/strong>, mientras que s\u00f3lo 1 de cada 2 estudiantes que ingresan al secundario logran completar el nivel en el tiempo esperado para hacerlo, de acuerdo a las pruebas\u00a0<a href=\"https:\/\/www.telam.com.ar\/notas\/202206\/596155-pruebas-aprender-balance-lengua-matematicas.html\" target=\"_blank\" rel=\"noopener\">Aprender 2019.<\/a><\/p>\n<figure class=\"mb-3\"><img decoding=\"async\" src=\"https:\/\/www.telam.com.ar\/thumbs\/bluesteel\/advf\/imagenes\/2022\/11\/63694afa11985_1200.jpg\" alt=\"Foto Gobierno de Crdoba\" width=\"100%\" height=\"100%\" \/><\/p>\n<div class=\"media-icons\"><\/div><figcaption>Foto: Gobierno de C\u00f3rdoba.<\/figcaption><\/figure>\n<p>En los tres foros que se realizaron en el a\u00f1o -el cuarto se efectuar\u00e1 en la Ciudad de Buenos Aires el 25 de noviembre pr\u00f3ximo- los principales ejes fueron la necesidad de\u00a0<strong>implementar un nuevo r\u00e9gimen acad\u00e9mico, la organizaci\u00f3n y formaci\u00f3n del trabajo docente y las pr\u00e1cticas de ense\u00f1anza, aprendizaje y evaluaci\u00f3n<\/strong>.<\/p>\n<p>\u00abEn cuatro de las siete provincias se est\u00e1 revisando la forma de acompa\u00f1ar las trayectorias educativas, asegurar los aprendizajes, nuevas pr\u00e1cticas de ense\u00f1anza, de evaluaci\u00f3n y promover modelos basados en la resoluci\u00f3n de problemas\u00bb, detall\u00f3 Steimberg.<\/p>\n<p>En\u00a0<strong>Tucum\u00e1n<\/strong>, en el 30% de sus escuelas secundarias comunes se aplican reformas a partir del programa Planea (Nueva Escuela Secundaria), en\u00a0<strong>R\u00edo Negro<\/strong>\u00a0se aplican cambios en 93 establecimientos escolares mientras que en\u00a0<strong>C\u00f3rdoba<\/strong>\u00a0se avanza en un nuevo r\u00e9gimen acad\u00e9mico de manera participativa y progresiva.<\/p>\n<p><strong>Misiones<\/strong>\u00a0trabaja con el modelo de secundaria mediada por la tecnolog\u00eda en alrededor de 50 escuelas y tambi\u00e9n con los establecimientos escolares en donde hay mayor\u00eda de poblaci\u00f3n originaria en contextos aislados.<\/p>\n<p>En el\u00a0<strong>Chaco<\/strong>\u00a0se trabaja en una asistencia integral de los estudiantes que incluye asesor\u00edas en salud, mientras que la\u00a0<strong>CABA<\/strong>\u00a0implementa desde hace varios a\u00f1os el programa\u00a0<a href=\"https:\/\/www.telam.com.ar\/notas\/201709\/206510-estudiantes-secundarios-marcha-reclamo-reforma-educacion-escuela-del-futuro-ciudad-buenos-aires.html\" target=\"_blank\" rel=\"noopener\">\u00abEscuela del Futuro\u00bb<\/a>.<\/p>\n<h2 class=\"\">Los estudiantes en el centro de la agenda<\/h2>\n<p>Todos estos cambios \u00abno se abordan en una sola dimensi\u00f3n sino que son pol\u00edticas que generan intervenciones desde las distintas \u00e1reas de la gesti\u00f3n, en todas ellas hay una alta preocupaci\u00f3n en poner las inquietudes de los estudiantes en el centro de la agenda escolar\u00bb, dijo Steimberg.<\/p>\n<p>La especialista de Unicef destac\u00f3, adem\u00e1s, que otro punto clave, que es una barrera para la mejora del nivel medio, es la organizaci\u00f3n del trabajo docente.<\/p>\n<p>Aqu\u00ed se busca promover \u00abla concentraci\u00f3n de los profesores en las escuelas para dar lugar al trabajo entre ellos, la planificaci\u00f3n y la generaci\u00f3n de procesos de evaluaci\u00f3n mas colegiados\u00bb.<\/p>\n<p>Adem\u00e1s, se trabaja en los foros cambios en las pr\u00e1cticas de ense\u00f1anza y evaluaci\u00f3n y en la priorizaci\u00f3n de contenidos y pedagog\u00edas activas en base a la resoluci\u00f3n de problemas significativos que traigan los estudiantes.<\/p>\n<p>\u00abAs\u00ed los propios alumnos pueden contextualizar los contenidos y se ponen a investigar entre ellos para dar una respuesta\u00bb, dijo Steimberg quien remarc\u00f3 que entre todos los participantes de los foros \u00abhay consenso en la necesidad de alejarse de la escuela tradicional, donde todos los alumnos miran al docente como el garante de los saberes\u00bb.<\/p>\n<p>En Tucum\u00e1n se aplica la figura de \u00abasesor\u00edas integrales en salud\u00bb, un dispositivo que genera un espacio de escucha y orientaci\u00f3n que permite por fuera del horario de clase ofrecerle a los chicos un espacio para acompa\u00f1ar sus problem\u00e1ticas vinculadas con el acceso a la salud, la salud mental o situaciones de vulneraci\u00f3n de derechos.<\/p>\n<h2 class=\"\">Los resultados de la participaci\u00f3n<\/h2>\n<p>Steimberg explic\u00f3 que en las escuelas donde se aplican estas transformaciones, los resultados se ven en la participaci\u00f3n m\u00e1s activa de los estudiantes que antes no se compenetraban en las actividades.<\/p>\n<p>Indic\u00f3 adem\u00e1s que para aplicar estos cambios y que vaya escalando progresivamente a todas las provincias es necesario \u00abmucha voluntad pol\u00edtica y decisiones que hay que tomar, cambios en las normativas y en las formas de organizar el trabajo docente, para lo cual se necesita mucho di\u00e1logo con ellos y con los directivos de las escuelas\u00bb.<\/p>\n<p><strong>Unicef y OEI acompa\u00f1an los cambios en estas seis provincias y la CABA porque \u00abson jurisdicciones que han avanzado en la implementaci\u00f3n de reformas de relevancia en los \u00faltimos 6 a\u00f1os en la educaci\u00f3n secundaria<\/strong>\u00a0y que iniciaron un proceso de transformaci\u00f3n en dimensiones estructurales\u00bb.<\/p>\n<p>\u00abPara nosotros \u00e9sta es una actividad muy importante no solo porque tenemos la oportunidad de producir intercambios, sino tambi\u00e9n porque podemos escuchar y conocer poniendo sobre la mesa las experiencias que vamos llevando adelante para revisarlas y, a veces, afianzarlas\u00bb, dijo el ministro de Educaci\u00f3n de C\u00f3rdoba Walter Grahovac.<\/p>\n<p>(FW)\u00bbEs una actividad muy importante no solo porque tenemos la oportunidad de producir intercambios, sino tambi\u00e9n porque podemos escuchar y conocer poniendo sobre la mesa las experiencias que vamos llevando adelante para revisarlas y, a veces, afianzarlas\u00bb<cite class=\"author\">Walter Grahovac<\/cite>FW)<\/p>\n<p>Por su parte, Isabel Amate P\u00e9rez, secretaria de Estado de Gesti\u00f3n Educativa de Tucum\u00e1n, asegur\u00f3 que \u00abtodo proceso de transformaci\u00f3n tiene que ir acompa\u00f1ado de un proceso formativo de los docentes\u00bb y agreg\u00f3 que \u00abtodas las iniciativas y las ideas innovadoras se terminan de consensuar en el territorio. Es muy importante que en las instituciones queden capacidades instaladas, recursos humanos formados\u00bb.<\/p>\n<p>El ministro de Educaci\u00f3n de Misiones, Miguel Sedoff, asegur\u00f3 que en su provincia ponen el foco en el acompa\u00f1amiento a las trayectorias personalizadas de los estudiantes y en una propuesta formativa que se vincula con los contextos socio-productivos de la provincia.<\/p>\n<p>\u00abNo queremos que sea una escuela elitista, queremos que tenga impacto en la realidad\u00bb, subray\u00f3.<\/p>\n<p>Lilia Toranzos, experta en evaluaci\u00f3n educativa de la OEI, destac\u00f3 sobre la visita a las escuelas: \u00abValoramos mucho poder conversar con las chicas y chicos que nos cuentan cu\u00e1les son sus inquietudes, sus expectativas y c\u00f3mo se sienten en los \u00e1mbitos escolares.<\/p>\n","protected":false},"excerpt":{"rendered":"<p>En varios foros organizados por Unicef y Organizaci\u00f3n de Estados Iberoamericanos, las provincias de C\u00f3rdoba, La Pampa, Misiones, Tucum\u00e1n, Chaco, R\u00edo Negro y Ciudad Aut\u00f3noma de Buenos Aires comparten sus experiencias sobre las innovaciones en el nivel medio.<\/p>\n","protected":false},"author":3,"featured_media":0,"comment_status":"closed","ping_status":"closed","sticky":false,"template":"","format":"standard","meta":{"footnotes":""},"categories":[34],"tags":[],"class_list":["post-79844","post","type-post","status-publish","format-standard","hentry","category-educacion"],"yoast_head":"<!-- This site is optimized with the Yoast SEO plugin v25.9 - https:\/\/yoast.com\/wordpress\/plugins\/seo\/ -->\n<title>Ministros de Educaci\u00f3n de seis provincias y CABA debaten cambios en el secundario - Noticias Radio Reflejos<\/title>\n<meta name=\"robots\" content=\"index, follow, max-snippet:-1, max-image-preview:large, max-video-preview:-1\" \/>\n<link rel=\"canonical\" href=\"https:\/\/www.noticiasradioreflejos.com.ar\/2021\/ministros-de-educacion-de-seis-provincias-y-caba-debaten-cambios-en-el-secundario\/\" \/>\n<meta property=\"og:locale\" content=\"es_ES\" \/>\n<meta property=\"og:type\" content=\"article\" \/>\n<meta property=\"og:title\" content=\"Ministros de Educaci\u00f3n de seis provincias y CABA debaten cambios en el secundario - Noticias Radio Reflejos\" \/>\n<meta property=\"og:description\" content=\"En varios foros organizados por Unicef y Organizaci\u00f3n de Estados Iberoamericanos, las provincias de C\u00f3rdoba, La Pampa, Misiones, Tucum\u00e1n, Chaco, R\u00edo Negro y Ciudad Aut\u00f3noma de Buenos Aires comparten sus experiencias sobre las innovaciones en el nivel medio.\" \/>\n<meta property=\"og:url\" content=\"https:\/\/www.noticiasradioreflejos.com.ar\/2021\/ministros-de-educacion-de-seis-provincias-y-caba-debaten-cambios-en-el-secundario\/\" \/>\n<meta property=\"og:site_name\" content=\"Noticias Radio Reflejos\" \/>\n<meta property=\"article:published_time\" content=\"2022-11-07T23:11:35+00:00\" \/>\n<meta property=\"og:image\" content=\"https:\/\/www.telam.com.ar\/thumbs\/bluesteel\/advf\/imagenes\/2022\/11\/63694af9ef0f9_1200.jpg\" \/>\n<meta name=\"author\" content=\"Arnaldo Botto\" \/>\n<meta name=\"twitter:card\" content=\"summary_large_image\" \/>\n<script type=\"application\/ld+json\" class=\"yoast-schema-graph\">{\"@context\":\"https:\/\/schema.org\",\"@graph\":[{\"@type\":\"WebPage\",\"@id\":\"https:\/\/www.noticiasradioreflejos.com.ar\/2021\/ministros-de-educacion-de-seis-provincias-y-caba-debaten-cambios-en-el-secundario\/\",\"url\":\"https:\/\/www.noticiasradioreflejos.com.ar\/2021\/ministros-de-educacion-de-seis-provincias-y-caba-debaten-cambios-en-el-secundario\/\",\"name\":\"Ministros de Educaci\u00f3n de seis provincias y CABA debaten cambios en el secundario - Noticias Radio Reflejos\",\"isPartOf\":{\"@id\":\"https:\/\/www.noticiasradioreflejos.com.ar\/2021\/#website\"},\"primaryImageOfPage\":{\"@id\":\"https:\/\/www.noticiasradioreflejos.com.ar\/2021\/ministros-de-educacion-de-seis-provincias-y-caba-debaten-cambios-en-el-secundario\/#primaryimage\"},\"image\":{\"@id\":\"https:\/\/www.noticiasradioreflejos.com.ar\/2021\/ministros-de-educacion-de-seis-provincias-y-caba-debaten-cambios-en-el-secundario\/#primaryimage\"},\"thumbnailUrl\":\"https:\/\/www.telam.com.ar\/thumbs\/bluesteel\/advf\/imagenes\/2022\/11\/63694af9ef0f9_1200.jpg\",\"datePublished\":\"2022-11-07T23:11:35+00:00\",\"author\":{\"@id\":\"https:\/\/www.noticiasradioreflejos.com.ar\/2021\/#\/schema\/person\/ad82545263dcc5ec0996818884fd5fb1\"},\"breadcrumb\":{\"@id\":\"https:\/\/www.noticiasradioreflejos.com.ar\/2021\/ministros-de-educacion-de-seis-provincias-y-caba-debaten-cambios-en-el-secundario\/#breadcrumb\"},\"inLanguage\":\"es\",\"potentialAction\":[{\"@type\":\"ReadAction\",\"target\":[\"https:\/\/www.noticiasradioreflejos.com.ar\/2021\/ministros-de-educacion-de-seis-provincias-y-caba-debaten-cambios-en-el-secundario\/\"]}]},{\"@type\":\"ImageObject\",\"inLanguage\":\"es\",\"@id\":\"https:\/\/www.noticiasradioreflejos.com.ar\/2021\/ministros-de-educacion-de-seis-provincias-y-caba-debaten-cambios-en-el-secundario\/#primaryimage\",\"url\":\"https:\/\/www.telam.com.ar\/thumbs\/bluesteel\/advf\/imagenes\/2022\/11\/63694af9ef0f9_1200.jpg\",\"contentUrl\":\"https:\/\/www.telam.com.ar\/thumbs\/bluesteel\/advf\/imagenes\/2022\/11\/63694af9ef0f9_1200.jpg\"},{\"@type\":\"BreadcrumbList\",\"@id\":\"https:\/\/www.noticiasradioreflejos.com.ar\/2021\/ministros-de-educacion-de-seis-provincias-y-caba-debaten-cambios-en-el-secundario\/#breadcrumb\",\"itemListElement\":[{\"@type\":\"ListItem\",\"position\":1,\"name\":\"Portada\",\"item\":\"https:\/\/www.noticiasradioreflejos.com.ar\/2021\/\"},{\"@type\":\"ListItem\",\"position\":2,\"name\":\"Ministros de Educaci\u00f3n de seis provincias y CABA debaten cambios en el secundario\"}]},{\"@type\":\"WebSite\",\"@id\":\"https:\/\/www.noticiasradioreflejos.com.ar\/2021\/#website\",\"url\":\"https:\/\/www.noticiasradioreflejos.com.ar\/2021\/\",\"name\":\"Noticias Radio Reflejos\",\"description\":\"Las noticias de mi comarca\",\"potentialAction\":[{\"@type\":\"SearchAction\",\"target\":{\"@type\":\"EntryPoint\",\"urlTemplate\":\"https:\/\/www.noticiasradioreflejos.com.ar\/2021\/?s={search_term_string}\"},\"query-input\":{\"@type\":\"PropertyValueSpecification\",\"valueRequired\":true,\"valueName\":\"search_term_string\"}}],\"inLanguage\":\"es\"},{\"@type\":\"Person\",\"@id\":\"https:\/\/www.noticiasradioreflejos.com.ar\/2021\/#\/schema\/person\/ad82545263dcc5ec0996818884fd5fb1\",\"name\":\"Arnaldo Botto\",\"image\":{\"@type\":\"ImageObject\",\"inLanguage\":\"es\",\"@id\":\"https:\/\/www.noticiasradioreflejos.com.ar\/2021\/#\/schema\/person\/image\/\",\"url\":\"https:\/\/secure.gravatar.com\/avatar\/55cb5e37c1efa326397366e6974cb338056df65cb50e7d64d1cf314e87504837?s=96&d=mm&r=g\",\"contentUrl\":\"https:\/\/secure.gravatar.com\/avatar\/55cb5e37c1efa326397366e6974cb338056df65cb50e7d64d1cf314e87504837?s=96&d=mm&r=g\",\"caption\":\"Arnaldo Botto\"},\"url\":\"https:\/\/www.noticiasradioreflejos.com.ar\/2021\/author\/arnaldo\/\"}]}<\/script>\n<!-- \/ Yoast SEO plugin. -->","yoast_head_json":{"title":"Ministros de Educaci\u00f3n de seis provincias y CABA debaten cambios en el secundario - Noticias Radio Reflejos","robots":{"index":"index","follow":"follow","max-snippet":"max-snippet:-1","max-image-preview":"max-image-preview:large","max-video-preview":"max-video-preview:-1"},"canonical":"https:\/\/www.noticiasradioreflejos.com.ar\/2021\/ministros-de-educacion-de-seis-provincias-y-caba-debaten-cambios-en-el-secundario\/","og_locale":"es_ES","og_type":"article","og_title":"Ministros de Educaci\u00f3n de seis provincias y CABA debaten cambios en el secundario - Noticias Radio Reflejos","og_description":"En varios foros organizados por Unicef y Organizaci\u00f3n de Estados Iberoamericanos, las provincias de C\u00f3rdoba, La Pampa, Misiones, Tucum\u00e1n, Chaco, R\u00edo Negro y Ciudad Aut\u00f3noma de Buenos Aires comparten sus experiencias sobre las innovaciones en el nivel medio.","og_url":"https:\/\/www.noticiasradioreflejos.com.ar\/2021\/ministros-de-educacion-de-seis-provincias-y-caba-debaten-cambios-en-el-secundario\/","og_site_name":"Noticias Radio Reflejos","article_published_time":"2022-11-07T23:11:35+00:00","og_image":[{"url":"https:\/\/www.telam.com.ar\/thumbs\/bluesteel\/advf\/imagenes\/2022\/11\/63694af9ef0f9_1200.jpg","type":"","width":"","height":""}],"author":"Arnaldo Botto","twitter_card":"summary_large_image","schema":{"@context":"https:\/\/schema.org","@graph":[{"@type":"WebPage","@id":"https:\/\/www.noticiasradioreflejos.com.ar\/2021\/ministros-de-educacion-de-seis-provincias-y-caba-debaten-cambios-en-el-secundario\/","url":"https:\/\/www.noticiasradioreflejos.com.ar\/2021\/ministros-de-educacion-de-seis-provincias-y-caba-debaten-cambios-en-el-secundario\/","name":"Ministros de Educaci\u00f3n de seis provincias y CABA debaten cambios en el secundario - Noticias Radio Reflejos","isPartOf":{"@id":"https:\/\/www.noticiasradioreflejos.com.ar\/2021\/#website"},"primaryImageOfPage":{"@id":"https:\/\/www.noticiasradioreflejos.com.ar\/2021\/ministros-de-educacion-de-seis-provincias-y-caba-debaten-cambios-en-el-secundario\/#primaryimage"},"image":{"@id":"https:\/\/www.noticiasradioreflejos.com.ar\/2021\/ministros-de-educacion-de-seis-provincias-y-caba-debaten-cambios-en-el-secundario\/#primaryimage"},"thumbnailUrl":"https:\/\/www.telam.com.ar\/thumbs\/bluesteel\/advf\/imagenes\/2022\/11\/63694af9ef0f9_1200.jpg","datePublished":"2022-11-07T23:11:35+00:00","author":{"@id":"https:\/\/www.noticiasradioreflejos.com.ar\/2021\/#\/schema\/person\/ad82545263dcc5ec0996818884fd5fb1"},"breadcrumb":{"@id":"https:\/\/www.noticiasradioreflejos.com.ar\/2021\/ministros-de-educacion-de-seis-provincias-y-caba-debaten-cambios-en-el-secundario\/#breadcrumb"},"inLanguage":"es","potentialAction":[{"@type":"ReadAction","target":["https:\/\/www.noticiasradioreflejos.com.ar\/2021\/ministros-de-educacion-de-seis-provincias-y-caba-debaten-cambios-en-el-secundario\/"]}]},{"@type":"ImageObject","inLanguage":"es","@id":"https:\/\/www.noticiasradioreflejos.com.ar\/2021\/ministros-de-educacion-de-seis-provincias-y-caba-debaten-cambios-en-el-secundario\/#primaryimage","url":"https:\/\/www.telam.com.ar\/thumbs\/bluesteel\/advf\/imagenes\/2022\/11\/63694af9ef0f9_1200.jpg","contentUrl":"https:\/\/www.telam.com.ar\/thumbs\/bluesteel\/advf\/imagenes\/2022\/11\/63694af9ef0f9_1200.jpg"},{"@type":"BreadcrumbList","@id":"https:\/\/www.noticiasradioreflejos.com.ar\/2021\/ministros-de-educacion-de-seis-provincias-y-caba-debaten-cambios-en-el-secundario\/#breadcrumb","itemListElement":[{"@type":"ListItem","position":1,"name":"Portada","item":"https:\/\/www.noticiasradioreflejos.com.ar\/2021\/"},{"@type":"ListItem","position":2,"name":"Ministros de Educaci\u00f3n de seis provincias y CABA debaten cambios en el secundario"}]},{"@type":"WebSite","@id":"https:\/\/www.noticiasradioreflejos.com.ar\/2021\/#website","url":"https:\/\/www.noticiasradioreflejos.com.ar\/2021\/","name":"Noticias Radio Reflejos","description":"Las noticias de mi comarca","potentialAction":[{"@type":"SearchAction","target":{"@type":"EntryPoint","urlTemplate":"https:\/\/www.noticiasradioreflejos.com.ar\/2021\/?s={search_term_string}"},"query-input":{"@type":"PropertyValueSpecification","valueRequired":true,"valueName":"search_term_string"}}],"inLanguage":"es"},{"@type":"Person","@id":"https:\/\/www.noticiasradioreflejos.com.ar\/2021\/#\/schema\/person\/ad82545263dcc5ec0996818884fd5fb1","name":"Arnaldo Botto","image":{"@type":"ImageObject","inLanguage":"es","@id":"https:\/\/www.noticiasradioreflejos.com.ar\/2021\/#\/schema\/person\/image\/","url":"https:\/\/secure.gravatar.com\/avatar\/55cb5e37c1efa326397366e6974cb338056df65cb50e7d64d1cf314e87504837?s=96&d=mm&r=g","contentUrl":"https:\/\/secure.gravatar.com\/avatar\/55cb5e37c1efa326397366e6974cb338056df65cb50e7d64d1cf314e87504837?s=96&d=mm&r=g","caption":"Arnaldo Botto"},"url":"https:\/\/www.noticiasradioreflejos.com.ar\/2021\/author\/arnaldo\/"}]}},"_links":{"self":[{"href":"https:\/\/www.noticiasradioreflejos.com.ar\/2021\/wp-json\/wp\/v2\/posts\/79844","targetHints":{"allow":["GET"]}}],"collection":[{"href":"https:\/\/www.noticiasradioreflejos.com.ar\/2021\/wp-json\/wp\/v2\/posts"}],"about":[{"href":"https:\/\/www.noticiasradioreflejos.com.ar\/2021\/wp-json\/wp\/v2\/types\/post"}],"author":[{"embeddable":true,"href":"https:\/\/www.noticiasradioreflejos.com.ar\/2021\/wp-json\/wp\/v2\/users\/3"}],"replies":[{"embeddable":true,"href":"https:\/\/www.noticiasradioreflejos.com.ar\/2021\/wp-json\/wp\/v2\/comments?post=79844"}],"version-history":[{"count":1,"href":"https:\/\/www.noticiasradioreflejos.com.ar\/2021\/wp-json\/wp\/v2\/posts\/79844\/revisions"}],"predecessor-version":[{"id":79846,"href":"https:\/\/www.noticiasradioreflejos.com.ar\/2021\/wp-json\/wp\/v2\/posts\/79844\/revisions\/79846"}],"wp:attachment":[{"href":"https:\/\/www.noticiasradioreflejos.com.ar\/2021\/wp-json\/wp\/v2\/media?parent=79844"}],"wp:term":[{"taxonomy":"category","embeddable":true,"href":"https:\/\/www.noticiasradioreflejos.com.ar\/2021\/wp-json\/wp\/v2\/categories?post=79844"},{"taxonomy":"post_tag","embeddable":true,"href":"https:\/\/www.noticiasradioreflejos.com.ar\/2021\/wp-json\/wp\/v2\/tags?post=79844"}],"curies":[{"name":"wp","href":"https:\/\/api.w.org\/{rel}","templated":true}]}}