{"id":79841,"date":"2022-11-07T23:08:18","date_gmt":"2022-11-07T23:08:18","guid":{"rendered":"http:\/\/www.noticiasradioreflejos.com.ar\/2021\/?p=79841"},"modified":"2022-11-07T23:08:18","modified_gmt":"2022-11-07T23:08:18","slug":"la-ola-de-calor-en-europa-provoco-al-menos-15-000-muertes-en-2022","status":"publish","type":"post","link":"https:\/\/www.noticiasradioreflejos.com.ar\/2021\/la-ola-de-calor-en-europa-provoco-al-menos-15-000-muertes-en-2022\/","title":{"rendered":"La ola de calor en Europa provoc\u00f3 al menos 15.000 muertes en 2022"},"content":{"rendered":"<p>La Organizaci\u00f3n Mundial de Salud indic\u00f3 que Espa\u00f1a y Alemania fueronlos pa\u00edses m\u00e1s afectadas por las altas temperaturas que se registraron entre junio y agosto. El continente registr\u00f3 la peor sequ\u00eda desde la Edad Media.<!--more--><\/p>\n<figure class=\"mb-3\"><img decoding=\"async\" src=\"https:\/\/www.telam.com.ar\/thumbs\/bluesteel\/advf\/imagenes\/2022\/07\/62d55f2b357fa_1200.jpg\" alt=\"Foto AFP\" width=\"100%\" height=\"100%\" \/><\/p>\n<div class=\"media-icons\"><\/div><figcaption>Foto: AFP<\/figcaption><\/figure>\n<p>Al menos\u00a0<strong>15.000 muertes\u00a0<\/strong>debido a las altas temperaturas se registraron en lo que va de 2022 en Europa, inform\u00f3 este lunes la Organizaci\u00f3n Mundial de la Salud (OMS), que indic\u00f3 que\u00a0<strong>Espa\u00f1a y Alemania son los pa\u00edses m\u00e1s afectados.<\/strong><\/p>\n<p>Los tres meses entre junio y agosto fueron los m\u00e1s c\u00e1lidos en Europa desde que se tiene registro, con temperaturas excepcionalmente altas que provocaron\u00a0<strong>la peor sequ\u00eda ocurrida en el continente desde la Edad Media<\/strong>, inform\u00f3 la agencia AFP.<\/p>\n<p>\u00abEn base a los datos enviados por los pa\u00edses hasta ahora, se estima que al menos 15.000 personas murieron espec\u00edficamente debido a las can\u00edculas en 2022\u00bb, inform\u00f3 en un comunicado el director regional de la OMS,\u00a0<strong>Hans Kluge<\/strong>.<\/p>\n<p>Can\u00edcula se denomina a la temporada del a\u00f1o en la cual el calor es m\u00e1s fuerte y su duraci\u00f3n oscila entre cuatro y siete semanas dependiendo del lugar.<\/p>\n<p>Comienza unas semanas despu\u00e9s del solsticio de verano (21 de junio en el hemisferio norte y 21 de diciembre en el hemisferio sur), seg\u00fan la Agencia Estatal de Meteorolog\u00eda (Aemet) de Espa\u00f1a, pa\u00eds en el cual el per\u00edodo mensual m\u00e1s c\u00e1lido se registra entre el 15 de julio y el 15 de agosto.<\/p>\n<figure class=\"mb-3\"><img decoding=\"async\" src=\"https:\/\/www.telam.com.ar\/thumbs\/bluesteel\/advf\/imagenes\/2022\/06\/62ab008d67152_1200.jpg\" alt=\"Foto AFP\" width=\"100%\" height=\"100%\" \/><\/p>\n<div class=\"media-icons\"><\/div><figcaption>Foto: AFP<\/figcaption><\/figure>\n<p>Kluge indic\u00f3 que se reportaron\u00a0<strong>\u00abcasi 4.000 muertes en Espa\u00f1a, m\u00e1s de 1.000 en Portugal, m\u00e1s de 3.200 en el Reino Unido y unas 4.500 muertes en Alemania fueron registradas por las autoridades sanitarias durante los tres meses de verano\u00bb.<\/strong><\/p>\n<p>\u00abSe espera que esa estimaci\u00f3n aumente, conforme m\u00e1s pa\u00edses vayan informando de las muertes provocadas por el calor\u00bb, se\u00f1al\u00f3 Kluge.<\/p>\n<p>Los cultivos europeos se marchitaron en los graneros, la falta de lluvias provocaron incendios de una intensidad r\u00e9cord y pusieron bajo presi\u00f3n las redes el\u00e9ctricas del continente.<\/p>\n<p>Las sucesivas olas de calor entre junio y julio, cuando el mercurio alcanz\u00f3 los\u00a0<strong>40\u00baC en el Reino Unido por primera vez<\/strong>, dejaron en Europa un exceso de 24.000 defunciones, aproximadamente.<\/p>\n","protected":false},"excerpt":{"rendered":"<p>La Organizaci\u00f3n Mundial de Salud indic\u00f3 que Espa\u00f1a y Alemania fueronlos pa\u00edses m\u00e1s afectadas por las altas temperaturas que se registraron entre junio y agosto. El continente registr\u00f3 la peor sequ\u00eda desde la Edad Media.<\/p>\n","protected":false},"author":3,"featured_media":79842,"comment_status":"closed","ping_status":"closed","sticky":false,"template":"","format":"standard","meta":{"footnotes":""},"categories":[46],"tags":[],"class_list":["post-79841","post","type-post","status-publish","format-standard","has-post-thumbnail","hentry","category-ciencia-y-tecnologia"],"yoast_head":"<!-- This site is optimized with the Yoast SEO plugin v25.9 - https:\/\/yoast.com\/wordpress\/plugins\/seo\/ -->\n<title>La ola de calor en Europa provoc\u00f3 al menos 15.000 muertes en 2022 - Noticias Radio Reflejos<\/title>\n<meta name=\"robots\" content=\"index, follow, max-snippet:-1, max-image-preview:large, max-video-preview:-1\" \/>\n<link rel=\"canonical\" href=\"https:\/\/www.noticiasradioreflejos.com.ar\/2021\/la-ola-de-calor-en-europa-provoco-al-menos-15-000-muertes-en-2022\/\" \/>\n<meta property=\"og:locale\" content=\"es_ES\" \/>\n<meta property=\"og:type\" content=\"article\" \/>\n<meta property=\"og:title\" content=\"La ola de calor en Europa provoc\u00f3 al menos 15.000 muertes en 2022 - Noticias Radio Reflejos\" \/>\n<meta property=\"og:description\" content=\"La Organizaci\u00f3n Mundial de Salud indic\u00f3 que Espa\u00f1a y Alemania fueronlos pa\u00edses m\u00e1s afectadas por las altas temperaturas que se registraron entre junio y agosto. El continente registr\u00f3 la peor sequ\u00eda desde la Edad Media.\" \/>\n<meta property=\"og:url\" content=\"https:\/\/www.noticiasradioreflejos.com.ar\/2021\/la-ola-de-calor-en-europa-provoco-al-menos-15-000-muertes-en-2022\/\" \/>\n<meta property=\"og:site_name\" content=\"Noticias Radio Reflejos\" \/>\n<meta property=\"article:published_time\" content=\"2022-11-07T23:08:18+00:00\" \/>\n<meta property=\"og:image\" content=\"https:\/\/www.noticiasradioreflejos.com.ar\/2021\/wp-content\/uploads\/2022\/11\/ola-de-calor.jpg\" \/>\n\t<meta property=\"og:image:width\" content=\"1200\" \/>\n\t<meta property=\"og:image:height\" content=\"675\" \/>\n\t<meta property=\"og:image:type\" content=\"image\/jpeg\" \/>\n<meta name=\"author\" content=\"Arnaldo Botto\" \/>\n<meta name=\"twitter:card\" content=\"summary_large_image\" \/>\n<script type=\"application\/ld+json\" class=\"yoast-schema-graph\">{\"@context\":\"https:\/\/schema.org\",\"@graph\":[{\"@type\":\"WebPage\",\"@id\":\"https:\/\/www.noticiasradioreflejos.com.ar\/2021\/la-ola-de-calor-en-europa-provoco-al-menos-15-000-muertes-en-2022\/\",\"url\":\"https:\/\/www.noticiasradioreflejos.com.ar\/2021\/la-ola-de-calor-en-europa-provoco-al-menos-15-000-muertes-en-2022\/\",\"name\":\"La ola de calor en Europa provoc\u00f3 al menos 15.000 muertes en 2022 - Noticias Radio Reflejos\",\"isPartOf\":{\"@id\":\"https:\/\/www.noticiasradioreflejos.com.ar\/2021\/#website\"},\"primaryImageOfPage\":{\"@id\":\"https:\/\/www.noticiasradioreflejos.com.ar\/2021\/la-ola-de-calor-en-europa-provoco-al-menos-15-000-muertes-en-2022\/#primaryimage\"},\"image\":{\"@id\":\"https:\/\/www.noticiasradioreflejos.com.ar\/2021\/la-ola-de-calor-en-europa-provoco-al-menos-15-000-muertes-en-2022\/#primaryimage\"},\"thumbnailUrl\":\"https:\/\/www.noticiasradioreflejos.com.ar\/2021\/wp-content\/uploads\/2022\/11\/ola-de-calor.jpg\",\"datePublished\":\"2022-11-07T23:08:18+00:00\",\"author\":{\"@id\":\"https:\/\/www.noticiasradioreflejos.com.ar\/2021\/#\/schema\/person\/ad82545263dcc5ec0996818884fd5fb1\"},\"breadcrumb\":{\"@id\":\"https:\/\/www.noticiasradioreflejos.com.ar\/2021\/la-ola-de-calor-en-europa-provoco-al-menos-15-000-muertes-en-2022\/#breadcrumb\"},\"inLanguage\":\"es\",\"potentialAction\":[{\"@type\":\"ReadAction\",\"target\":[\"https:\/\/www.noticiasradioreflejos.com.ar\/2021\/la-ola-de-calor-en-europa-provoco-al-menos-15-000-muertes-en-2022\/\"]}]},{\"@type\":\"ImageObject\",\"inLanguage\":\"es\",\"@id\":\"https:\/\/www.noticiasradioreflejos.com.ar\/2021\/la-ola-de-calor-en-europa-provoco-al-menos-15-000-muertes-en-2022\/#primaryimage\",\"url\":\"https:\/\/www.noticiasradioreflejos.com.ar\/2021\/wp-content\/uploads\/2022\/11\/ola-de-calor.jpg\",\"contentUrl\":\"https:\/\/www.noticiasradioreflejos.com.ar\/2021\/wp-content\/uploads\/2022\/11\/ola-de-calor.jpg\",\"width\":1200,\"height\":675},{\"@type\":\"BreadcrumbList\",\"@id\":\"https:\/\/www.noticiasradioreflejos.com.ar\/2021\/la-ola-de-calor-en-europa-provoco-al-menos-15-000-muertes-en-2022\/#breadcrumb\",\"itemListElement\":[{\"@type\":\"ListItem\",\"position\":1,\"name\":\"Portada\",\"item\":\"https:\/\/www.noticiasradioreflejos.com.ar\/2021\/\"},{\"@type\":\"ListItem\",\"position\":2,\"name\":\"La ola de calor en Europa provoc\u00f3 al menos 15.000 muertes en 2022\"}]},{\"@type\":\"WebSite\",\"@id\":\"https:\/\/www.noticiasradioreflejos.com.ar\/2021\/#website\",\"url\":\"https:\/\/www.noticiasradioreflejos.com.ar\/2021\/\",\"name\":\"Noticias Radio Reflejos\",\"description\":\"Las noticias de mi comarca\",\"potentialAction\":[{\"@type\":\"SearchAction\",\"target\":{\"@type\":\"EntryPoint\",\"urlTemplate\":\"https:\/\/www.noticiasradioreflejos.com.ar\/2021\/?s={search_term_string}\"},\"query-input\":{\"@type\":\"PropertyValueSpecification\",\"valueRequired\":true,\"valueName\":\"search_term_string\"}}],\"inLanguage\":\"es\"},{\"@type\":\"Person\",\"@id\":\"https:\/\/www.noticiasradioreflejos.com.ar\/2021\/#\/schema\/person\/ad82545263dcc5ec0996818884fd5fb1\",\"name\":\"Arnaldo Botto\",\"image\":{\"@type\":\"ImageObject\",\"inLanguage\":\"es\",\"@id\":\"https:\/\/www.noticiasradioreflejos.com.ar\/2021\/#\/schema\/person\/image\/\",\"url\":\"https:\/\/secure.gravatar.com\/avatar\/55cb5e37c1efa326397366e6974cb338056df65cb50e7d64d1cf314e87504837?s=96&d=mm&r=g\",\"contentUrl\":\"https:\/\/secure.gravatar.com\/avatar\/55cb5e37c1efa326397366e6974cb338056df65cb50e7d64d1cf314e87504837?s=96&d=mm&r=g\",\"caption\":\"Arnaldo Botto\"},\"url\":\"https:\/\/www.noticiasradioreflejos.com.ar\/2021\/author\/arnaldo\/\"}]}<\/script>\n<!-- \/ Yoast SEO plugin. -->","yoast_head_json":{"title":"La ola de calor en Europa provoc\u00f3 al menos 15.000 muertes en 2022 - Noticias Radio Reflejos","robots":{"index":"index","follow":"follow","max-snippet":"max-snippet:-1","max-image-preview":"max-image-preview:large","max-video-preview":"max-video-preview:-1"},"canonical":"https:\/\/www.noticiasradioreflejos.com.ar\/2021\/la-ola-de-calor-en-europa-provoco-al-menos-15-000-muertes-en-2022\/","og_locale":"es_ES","og_type":"article","og_title":"La ola de calor en Europa provoc\u00f3 al menos 15.000 muertes en 2022 - Noticias Radio Reflejos","og_description":"La Organizaci\u00f3n Mundial de Salud indic\u00f3 que Espa\u00f1a y Alemania fueronlos pa\u00edses m\u00e1s afectadas por las altas temperaturas que se registraron entre junio y agosto. El continente registr\u00f3 la peor sequ\u00eda desde la Edad Media.","og_url":"https:\/\/www.noticiasradioreflejos.com.ar\/2021\/la-ola-de-calor-en-europa-provoco-al-menos-15-000-muertes-en-2022\/","og_site_name":"Noticias Radio Reflejos","article_published_time":"2022-11-07T23:08:18+00:00","og_image":[{"width":1200,"height":675,"url":"https:\/\/www.noticiasradioreflejos.com.ar\/2021\/wp-content\/uploads\/2022\/11\/ola-de-calor.jpg","type":"image\/jpeg"}],"author":"Arnaldo Botto","twitter_card":"summary_large_image","schema":{"@context":"https:\/\/schema.org","@graph":[{"@type":"WebPage","@id":"https:\/\/www.noticiasradioreflejos.com.ar\/2021\/la-ola-de-calor-en-europa-provoco-al-menos-15-000-muertes-en-2022\/","url":"https:\/\/www.noticiasradioreflejos.com.ar\/2021\/la-ola-de-calor-en-europa-provoco-al-menos-15-000-muertes-en-2022\/","name":"La ola de calor en Europa provoc\u00f3 al menos 15.000 muertes en 2022 - Noticias Radio Reflejos","isPartOf":{"@id":"https:\/\/www.noticiasradioreflejos.com.ar\/2021\/#website"},"primaryImageOfPage":{"@id":"https:\/\/www.noticiasradioreflejos.com.ar\/2021\/la-ola-de-calor-en-europa-provoco-al-menos-15-000-muertes-en-2022\/#primaryimage"},"image":{"@id":"https:\/\/www.noticiasradioreflejos.com.ar\/2021\/la-ola-de-calor-en-europa-provoco-al-menos-15-000-muertes-en-2022\/#primaryimage"},"thumbnailUrl":"https:\/\/www.noticiasradioreflejos.com.ar\/2021\/wp-content\/uploads\/2022\/11\/ola-de-calor.jpg","datePublished":"2022-11-07T23:08:18+00:00","author":{"@id":"https:\/\/www.noticiasradioreflejos.com.ar\/2021\/#\/schema\/person\/ad82545263dcc5ec0996818884fd5fb1"},"breadcrumb":{"@id":"https:\/\/www.noticiasradioreflejos.com.ar\/2021\/la-ola-de-calor-en-europa-provoco-al-menos-15-000-muertes-en-2022\/#breadcrumb"},"inLanguage":"es","potentialAction":[{"@type":"ReadAction","target":["https:\/\/www.noticiasradioreflejos.com.ar\/2021\/la-ola-de-calor-en-europa-provoco-al-menos-15-000-muertes-en-2022\/"]}]},{"@type":"ImageObject","inLanguage":"es","@id":"https:\/\/www.noticiasradioreflejos.com.ar\/2021\/la-ola-de-calor-en-europa-provoco-al-menos-15-000-muertes-en-2022\/#primaryimage","url":"https:\/\/www.noticiasradioreflejos.com.ar\/2021\/wp-content\/uploads\/2022\/11\/ola-de-calor.jpg","contentUrl":"https:\/\/www.noticiasradioreflejos.com.ar\/2021\/wp-content\/uploads\/2022\/11\/ola-de-calor.jpg","width":1200,"height":675},{"@type":"BreadcrumbList","@id":"https:\/\/www.noticiasradioreflejos.com.ar\/2021\/la-ola-de-calor-en-europa-provoco-al-menos-15-000-muertes-en-2022\/#breadcrumb","itemListElement":[{"@type":"ListItem","position":1,"name":"Portada","item":"https:\/\/www.noticiasradioreflejos.com.ar\/2021\/"},{"@type":"ListItem","position":2,"name":"La ola de calor en Europa provoc\u00f3 al menos 15.000 muertes en 2022"}]},{"@type":"WebSite","@id":"https:\/\/www.noticiasradioreflejos.com.ar\/2021\/#website","url":"https:\/\/www.noticiasradioreflejos.com.ar\/2021\/","name":"Noticias Radio Reflejos","description":"Las noticias de mi comarca","potentialAction":[{"@type":"SearchAction","target":{"@type":"EntryPoint","urlTemplate":"https:\/\/www.noticiasradioreflejos.com.ar\/2021\/?s={search_term_string}"},"query-input":{"@type":"PropertyValueSpecification","valueRequired":true,"valueName":"search_term_string"}}],"inLanguage":"es"},{"@type":"Person","@id":"https:\/\/www.noticiasradioreflejos.com.ar\/2021\/#\/schema\/person\/ad82545263dcc5ec0996818884fd5fb1","name":"Arnaldo Botto","image":{"@type":"ImageObject","inLanguage":"es","@id":"https:\/\/www.noticiasradioreflejos.com.ar\/2021\/#\/schema\/person\/image\/","url":"https:\/\/secure.gravatar.com\/avatar\/55cb5e37c1efa326397366e6974cb338056df65cb50e7d64d1cf314e87504837?s=96&d=mm&r=g","contentUrl":"https:\/\/secure.gravatar.com\/avatar\/55cb5e37c1efa326397366e6974cb338056df65cb50e7d64d1cf314e87504837?s=96&d=mm&r=g","caption":"Arnaldo Botto"},"url":"https:\/\/www.noticiasradioreflejos.com.ar\/2021\/author\/arnaldo\/"}]}},"_links":{"self":[{"href":"https:\/\/www.noticiasradioreflejos.com.ar\/2021\/wp-json\/wp\/v2\/posts\/79841","targetHints":{"allow":["GET"]}}],"collection":[{"href":"https:\/\/www.noticiasradioreflejos.com.ar\/2021\/wp-json\/wp\/v2\/posts"}],"about":[{"href":"https:\/\/www.noticiasradioreflejos.com.ar\/2021\/wp-json\/wp\/v2\/types\/post"}],"author":[{"embeddable":true,"href":"https:\/\/www.noticiasradioreflejos.com.ar\/2021\/wp-json\/wp\/v2\/users\/3"}],"replies":[{"embeddable":true,"href":"https:\/\/www.noticiasradioreflejos.com.ar\/2021\/wp-json\/wp\/v2\/comments?post=79841"}],"version-history":[{"count":1,"href":"https:\/\/www.noticiasradioreflejos.com.ar\/2021\/wp-json\/wp\/v2\/posts\/79841\/revisions"}],"predecessor-version":[{"id":79843,"href":"https:\/\/www.noticiasradioreflejos.com.ar\/2021\/wp-json\/wp\/v2\/posts\/79841\/revisions\/79843"}],"wp:featuredmedia":[{"embeddable":true,"href":"https:\/\/www.noticiasradioreflejos.com.ar\/2021\/wp-json\/wp\/v2\/media\/79842"}],"wp:attachment":[{"href":"https:\/\/www.noticiasradioreflejos.com.ar\/2021\/wp-json\/wp\/v2\/media?parent=79841"}],"wp:term":[{"taxonomy":"category","embeddable":true,"href":"https:\/\/www.noticiasradioreflejos.com.ar\/2021\/wp-json\/wp\/v2\/categories?post=79841"},{"taxonomy":"post_tag","embeddable":true,"href":"https:\/\/www.noticiasradioreflejos.com.ar\/2021\/wp-json\/wp\/v2\/tags?post=79841"}],"curies":[{"name":"wp","href":"https:\/\/api.w.org\/{rel}","templated":true}]}}