{"id":79829,"date":"2022-11-07T17:10:45","date_gmt":"2022-11-07T17:10:45","guid":{"rendered":"http:\/\/www.noticiasradioreflejos.com.ar\/2021\/?p=79829"},"modified":"2022-11-07T17:10:45","modified_gmt":"2022-11-07T17:10:45","slug":"tomas-trivellini-sigue-sumando-medallas-nuevamente-campeon-nacional","status":"publish","type":"post","link":"https:\/\/www.noticiasradioreflejos.com.ar\/2021\/tomas-trivellini-sigue-sumando-medallas-nuevamente-campeon-nacional\/","title":{"rendered":"Tom\u00e1s Trivellini sigue sumando medallas. Nuevamente campe\u00f3n Nacional."},"content":{"rendered":"<p>Este s\u00e1bado 5 y domingo 6 de noviembre se desarroll\u00f3 en la ciudad de C\u00f3rdoba el Campeonato Nacional de Atletismo de la categor\u00eda U16, en el cual particip\u00f3 Tom\u00e1s Trivellini, logrando la clasificaci\u00f3n en la disciplina Octatl\u00f3n, tras realizar las marcas m\u00ednimas en 3 oportunidades (marzo, junio y septiembre) y salir 4 veces Campe\u00f3n Provincial en lo que va del a\u00f1o 2022.<!--more--><\/p>\n<p><a title=\"Tom\u00e1s Trevellini (4)\" href=\"https:\/\/www.flickr.com\/photos\/182279889@N02\/52483988101\/in\/dateposted-public\/\" data-flickr-embed=\"true\"><img loading=\"lazy\" decoding=\"async\" src=\"https:\/\/live.staticflickr.com\/65535\/52483988101_9bceef8e08_c.jpg\" alt=\"Tom\u00e1s Trevellini (4)\" width=\"800\" height=\"600\" \/><\/a><script async src=\"\/\/embedr.flickr.com\/assets\/client-code.js\" charset=\"utf-8\"><\/script><\/p>\n<p>Durante la jornada del s\u00e1bado, Tomi particip\u00f3 en 80 mts llanos, salto en largo, lanzamiento de bala y salto en alto, en las cuales mejor\u00f3 sus propios registros personales, cerrando un primer d\u00eda excepcional, ubic\u00e1ndolo en la segunda colocaci\u00f3n nacional, detr\u00e1s del representante entrerriano.<\/p>\n<p><a title=\"Tom\u00e1s Trevellini (2)\" href=\"https:\/\/www.flickr.com\/photos\/182279889@N02\/52483490897\/in\/dateposted-public\/\" data-flickr-embed=\"true\"><img loading=\"lazy\" decoding=\"async\" class=\"alignleft\" src=\"https:\/\/live.staticflickr.com\/65535\/52483490897_a09610d098_c.jpg\" alt=\"Tom\u00e1s Trevellini (2)\" width=\"326\" height=\"435\" \/><\/a>En la jornada de domingo, las pruebas a realizar eran 110 mts con vallas, salto con garrocha, lanzamiento de jabalina y 600 mts llanos, de las cuales mejor\u00f3 su registro en 3 de ellas, permiti\u00e9ndole alzarse con la presea dorada superando a su pares oriundos de Entre R\u00edos (2\u00b0) y Buenos Aires (3\u00b0), sumando as\u00ed una medalla m\u00e1s a su vitrina, a las memorias de la Escuela Municipal de Atletismo y a la maravillosa performance que realiz\u00f3 la Provincia de Buenos Aires en este campeonato.<\/p>\n<p>Tomi fue acompa\u00f1ado por los profesores Enrique Cabral y Nicol\u00e1s Cabral, y cont\u00f3 con el apoyo del Municipio de Tornquist para solventar gastos econ\u00f3micos.<\/p>\n<p>Desde la escuelita, felicitamos a Tomi y a los profes por el logro obtenido, y agradecemos la predisposici\u00f3n de la subsecretaria de deportes del distrito para que la participaci\u00f3n en estos torneos importantes, le brinden a los atletas la experiencia necesaria para desarrollar todo su potencial.<\/p>\n<p>&nbsp;<\/p>\n<p><a data-flickr-embed=\"true\" href=\"https:\/\/www.flickr.com\/photos\/182279889@N02\/52484535123\/in\/dateposted-public\/\" title=\"Tom\u00e1s Trevellini (1)\"><img loading=\"lazy\" decoding=\"async\" src=\"https:\/\/live.staticflickr.com\/65535\/52484535123_97fdb0ecb9_c.jpg\" width=\"600\" height=\"800\" alt=\"Tom\u00e1s Trevellini (1)\"><\/a><script async src=\"\/\/embedr.flickr.com\/assets\/client-code.js\" charset=\"utf-8\"><\/script><\/p>\n","protected":false},"excerpt":{"rendered":"<p>Este s\u00e1bado 5 y domingo 6 de noviembre se desarroll\u00f3 en la ciudad de C\u00f3rdoba el Campeonato Nacional de Atletismo de la categor\u00eda U16, en el cual particip\u00f3 Tom\u00e1s Trivellini, logrando la clasificaci\u00f3n en la disciplina Octatl\u00f3n, tras realizar las marcas m\u00ednimas en 3 oportunidades (marzo, junio y septiembre) y salir 4 veces Campe\u00f3n Provincial [&hellip;]<\/p>\n","protected":false},"author":3,"featured_media":0,"comment_status":"closed","ping_status":"closed","sticky":false,"template":"","format":"standard","meta":{"footnotes":""},"categories":[27],"tags":[48],"class_list":["post-79829","post","type-post","status-publish","format-standard","hentry","category-deportes","tag-destacada"],"yoast_head":"<!-- This site is optimized with the Yoast SEO plugin v25.9 - https:\/\/yoast.com\/wordpress\/plugins\/seo\/ -->\n<title>Tom\u00e1s Trivellini sigue sumando medallas. Nuevamente campe\u00f3n Nacional. - Noticias Radio Reflejos<\/title>\n<meta name=\"robots\" content=\"index, follow, max-snippet:-1, max-image-preview:large, max-video-preview:-1\" \/>\n<link rel=\"canonical\" href=\"https:\/\/www.noticiasradioreflejos.com.ar\/2021\/tomas-trivellini-sigue-sumando-medallas-nuevamente-campeon-nacional\/\" \/>\n<meta property=\"og:locale\" content=\"es_ES\" \/>\n<meta property=\"og:type\" content=\"article\" \/>\n<meta property=\"og:title\" content=\"Tom\u00e1s Trivellini sigue sumando medallas. Nuevamente campe\u00f3n Nacional. - Noticias Radio Reflejos\" \/>\n<meta property=\"og:description\" content=\"Este s\u00e1bado 5 y domingo 6 de noviembre se desarroll\u00f3 en la ciudad de C\u00f3rdoba el Campeonato Nacional de Atletismo de la categor\u00eda U16, en el cual particip\u00f3 Tom\u00e1s Trivellini, logrando la clasificaci\u00f3n en la disciplina Octatl\u00f3n, tras realizar las marcas m\u00ednimas en 3 oportunidades (marzo, junio y septiembre) y salir 4 veces Campe\u00f3n Provincial [&hellip;]\" \/>\n<meta property=\"og:url\" content=\"https:\/\/www.noticiasradioreflejos.com.ar\/2021\/tomas-trivellini-sigue-sumando-medallas-nuevamente-campeon-nacional\/\" \/>\n<meta property=\"og:site_name\" content=\"Noticias Radio Reflejos\" \/>\n<meta property=\"article:published_time\" content=\"2022-11-07T17:10:45+00:00\" \/>\n<meta property=\"og:image\" content=\"https:\/\/live.staticflickr.com\/65535\/52483988101_9bceef8e08_c.jpg\" \/>\n<meta name=\"author\" content=\"Arnaldo Botto\" \/>\n<meta name=\"twitter:card\" content=\"summary_large_image\" \/>\n<script type=\"application\/ld+json\" class=\"yoast-schema-graph\">{\"@context\":\"https:\/\/schema.org\",\"@graph\":[{\"@type\":\"WebPage\",\"@id\":\"https:\/\/www.noticiasradioreflejos.com.ar\/2021\/tomas-trivellini-sigue-sumando-medallas-nuevamente-campeon-nacional\/\",\"url\":\"https:\/\/www.noticiasradioreflejos.com.ar\/2021\/tomas-trivellini-sigue-sumando-medallas-nuevamente-campeon-nacional\/\",\"name\":\"Tom\u00e1s Trivellini sigue sumando medallas. Nuevamente campe\u00f3n Nacional. - Noticias Radio Reflejos\",\"isPartOf\":{\"@id\":\"https:\/\/www.noticiasradioreflejos.com.ar\/2021\/#website\"},\"primaryImageOfPage\":{\"@id\":\"https:\/\/www.noticiasradioreflejos.com.ar\/2021\/tomas-trivellini-sigue-sumando-medallas-nuevamente-campeon-nacional\/#primaryimage\"},\"image\":{\"@id\":\"https:\/\/www.noticiasradioreflejos.com.ar\/2021\/tomas-trivellini-sigue-sumando-medallas-nuevamente-campeon-nacional\/#primaryimage\"},\"thumbnailUrl\":\"https:\/\/live.staticflickr.com\/65535\/52483988101_9bceef8e08_c.jpg\",\"datePublished\":\"2022-11-07T17:10:45+00:00\",\"author\":{\"@id\":\"https:\/\/www.noticiasradioreflejos.com.ar\/2021\/#\/schema\/person\/ad82545263dcc5ec0996818884fd5fb1\"},\"breadcrumb\":{\"@id\":\"https:\/\/www.noticiasradioreflejos.com.ar\/2021\/tomas-trivellini-sigue-sumando-medallas-nuevamente-campeon-nacional\/#breadcrumb\"},\"inLanguage\":\"es\",\"potentialAction\":[{\"@type\":\"ReadAction\",\"target\":[\"https:\/\/www.noticiasradioreflejos.com.ar\/2021\/tomas-trivellini-sigue-sumando-medallas-nuevamente-campeon-nacional\/\"]}]},{\"@type\":\"ImageObject\",\"inLanguage\":\"es\",\"@id\":\"https:\/\/www.noticiasradioreflejos.com.ar\/2021\/tomas-trivellini-sigue-sumando-medallas-nuevamente-campeon-nacional\/#primaryimage\",\"url\":\"https:\/\/live.staticflickr.com\/65535\/52483988101_9bceef8e08_c.jpg\",\"contentUrl\":\"https:\/\/live.staticflickr.com\/65535\/52483988101_9bceef8e08_c.jpg\"},{\"@type\":\"BreadcrumbList\",\"@id\":\"https:\/\/www.noticiasradioreflejos.com.ar\/2021\/tomas-trivellini-sigue-sumando-medallas-nuevamente-campeon-nacional\/#breadcrumb\",\"itemListElement\":[{\"@type\":\"ListItem\",\"position\":1,\"name\":\"Portada\",\"item\":\"https:\/\/www.noticiasradioreflejos.com.ar\/2021\/\"},{\"@type\":\"ListItem\",\"position\":2,\"name\":\"Tom\u00e1s Trivellini sigue sumando medallas. Nuevamente campe\u00f3n Nacional.\"}]},{\"@type\":\"WebSite\",\"@id\":\"https:\/\/www.noticiasradioreflejos.com.ar\/2021\/#website\",\"url\":\"https:\/\/www.noticiasradioreflejos.com.ar\/2021\/\",\"name\":\"Noticias Radio Reflejos\",\"description\":\"Las noticias de mi comarca\",\"potentialAction\":[{\"@type\":\"SearchAction\",\"target\":{\"@type\":\"EntryPoint\",\"urlTemplate\":\"https:\/\/www.noticiasradioreflejos.com.ar\/2021\/?s={search_term_string}\"},\"query-input\":{\"@type\":\"PropertyValueSpecification\",\"valueRequired\":true,\"valueName\":\"search_term_string\"}}],\"inLanguage\":\"es\"},{\"@type\":\"Person\",\"@id\":\"https:\/\/www.noticiasradioreflejos.com.ar\/2021\/#\/schema\/person\/ad82545263dcc5ec0996818884fd5fb1\",\"name\":\"Arnaldo Botto\",\"image\":{\"@type\":\"ImageObject\",\"inLanguage\":\"es\",\"@id\":\"https:\/\/www.noticiasradioreflejos.com.ar\/2021\/#\/schema\/person\/image\/\",\"url\":\"https:\/\/secure.gravatar.com\/avatar\/55cb5e37c1efa326397366e6974cb338056df65cb50e7d64d1cf314e87504837?s=96&d=mm&r=g\",\"contentUrl\":\"https:\/\/secure.gravatar.com\/avatar\/55cb5e37c1efa326397366e6974cb338056df65cb50e7d64d1cf314e87504837?s=96&d=mm&r=g\",\"caption\":\"Arnaldo Botto\"},\"url\":\"https:\/\/www.noticiasradioreflejos.com.ar\/2021\/author\/arnaldo\/\"}]}<\/script>\n<!-- \/ Yoast SEO plugin. -->","yoast_head_json":{"title":"Tom\u00e1s Trivellini sigue sumando medallas. Nuevamente campe\u00f3n Nacional. - Noticias Radio Reflejos","robots":{"index":"index","follow":"follow","max-snippet":"max-snippet:-1","max-image-preview":"max-image-preview:large","max-video-preview":"max-video-preview:-1"},"canonical":"https:\/\/www.noticiasradioreflejos.com.ar\/2021\/tomas-trivellini-sigue-sumando-medallas-nuevamente-campeon-nacional\/","og_locale":"es_ES","og_type":"article","og_title":"Tom\u00e1s Trivellini sigue sumando medallas. Nuevamente campe\u00f3n Nacional. - Noticias Radio Reflejos","og_description":"Este s\u00e1bado 5 y domingo 6 de noviembre se desarroll\u00f3 en la ciudad de C\u00f3rdoba el Campeonato Nacional de Atletismo de la categor\u00eda U16, en el cual particip\u00f3 Tom\u00e1s Trivellini, logrando la clasificaci\u00f3n en la disciplina Octatl\u00f3n, tras realizar las marcas m\u00ednimas en 3 oportunidades (marzo, junio y septiembre) y salir 4 veces Campe\u00f3n Provincial [&hellip;]","og_url":"https:\/\/www.noticiasradioreflejos.com.ar\/2021\/tomas-trivellini-sigue-sumando-medallas-nuevamente-campeon-nacional\/","og_site_name":"Noticias Radio Reflejos","article_published_time":"2022-11-07T17:10:45+00:00","og_image":[{"url":"https:\/\/live.staticflickr.com\/65535\/52483988101_9bceef8e08_c.jpg","type":"","width":"","height":""}],"author":"Arnaldo Botto","twitter_card":"summary_large_image","schema":{"@context":"https:\/\/schema.org","@graph":[{"@type":"WebPage","@id":"https:\/\/www.noticiasradioreflejos.com.ar\/2021\/tomas-trivellini-sigue-sumando-medallas-nuevamente-campeon-nacional\/","url":"https:\/\/www.noticiasradioreflejos.com.ar\/2021\/tomas-trivellini-sigue-sumando-medallas-nuevamente-campeon-nacional\/","name":"Tom\u00e1s Trivellini sigue sumando medallas. Nuevamente campe\u00f3n Nacional. - Noticias Radio Reflejos","isPartOf":{"@id":"https:\/\/www.noticiasradioreflejos.com.ar\/2021\/#website"},"primaryImageOfPage":{"@id":"https:\/\/www.noticiasradioreflejos.com.ar\/2021\/tomas-trivellini-sigue-sumando-medallas-nuevamente-campeon-nacional\/#primaryimage"},"image":{"@id":"https:\/\/www.noticiasradioreflejos.com.ar\/2021\/tomas-trivellini-sigue-sumando-medallas-nuevamente-campeon-nacional\/#primaryimage"},"thumbnailUrl":"https:\/\/live.staticflickr.com\/65535\/52483988101_9bceef8e08_c.jpg","datePublished":"2022-11-07T17:10:45+00:00","author":{"@id":"https:\/\/www.noticiasradioreflejos.com.ar\/2021\/#\/schema\/person\/ad82545263dcc5ec0996818884fd5fb1"},"breadcrumb":{"@id":"https:\/\/www.noticiasradioreflejos.com.ar\/2021\/tomas-trivellini-sigue-sumando-medallas-nuevamente-campeon-nacional\/#breadcrumb"},"inLanguage":"es","potentialAction":[{"@type":"ReadAction","target":["https:\/\/www.noticiasradioreflejos.com.ar\/2021\/tomas-trivellini-sigue-sumando-medallas-nuevamente-campeon-nacional\/"]}]},{"@type":"ImageObject","inLanguage":"es","@id":"https:\/\/www.noticiasradioreflejos.com.ar\/2021\/tomas-trivellini-sigue-sumando-medallas-nuevamente-campeon-nacional\/#primaryimage","url":"https:\/\/live.staticflickr.com\/65535\/52483988101_9bceef8e08_c.jpg","contentUrl":"https:\/\/live.staticflickr.com\/65535\/52483988101_9bceef8e08_c.jpg"},{"@type":"BreadcrumbList","@id":"https:\/\/www.noticiasradioreflejos.com.ar\/2021\/tomas-trivellini-sigue-sumando-medallas-nuevamente-campeon-nacional\/#breadcrumb","itemListElement":[{"@type":"ListItem","position":1,"name":"Portada","item":"https:\/\/www.noticiasradioreflejos.com.ar\/2021\/"},{"@type":"ListItem","position":2,"name":"Tom\u00e1s Trivellini sigue sumando medallas. Nuevamente campe\u00f3n Nacional."}]},{"@type":"WebSite","@id":"https:\/\/www.noticiasradioreflejos.com.ar\/2021\/#website","url":"https:\/\/www.noticiasradioreflejos.com.ar\/2021\/","name":"Noticias Radio Reflejos","description":"Las noticias de mi comarca","potentialAction":[{"@type":"SearchAction","target":{"@type":"EntryPoint","urlTemplate":"https:\/\/www.noticiasradioreflejos.com.ar\/2021\/?s={search_term_string}"},"query-input":{"@type":"PropertyValueSpecification","valueRequired":true,"valueName":"search_term_string"}}],"inLanguage":"es"},{"@type":"Person","@id":"https:\/\/www.noticiasradioreflejos.com.ar\/2021\/#\/schema\/person\/ad82545263dcc5ec0996818884fd5fb1","name":"Arnaldo Botto","image":{"@type":"ImageObject","inLanguage":"es","@id":"https:\/\/www.noticiasradioreflejos.com.ar\/2021\/#\/schema\/person\/image\/","url":"https:\/\/secure.gravatar.com\/avatar\/55cb5e37c1efa326397366e6974cb338056df65cb50e7d64d1cf314e87504837?s=96&d=mm&r=g","contentUrl":"https:\/\/secure.gravatar.com\/avatar\/55cb5e37c1efa326397366e6974cb338056df65cb50e7d64d1cf314e87504837?s=96&d=mm&r=g","caption":"Arnaldo Botto"},"url":"https:\/\/www.noticiasradioreflejos.com.ar\/2021\/author\/arnaldo\/"}]}},"_links":{"self":[{"href":"https:\/\/www.noticiasradioreflejos.com.ar\/2021\/wp-json\/wp\/v2\/posts\/79829","targetHints":{"allow":["GET"]}}],"collection":[{"href":"https:\/\/www.noticiasradioreflejos.com.ar\/2021\/wp-json\/wp\/v2\/posts"}],"about":[{"href":"https:\/\/www.noticiasradioreflejos.com.ar\/2021\/wp-json\/wp\/v2\/types\/post"}],"author":[{"embeddable":true,"href":"https:\/\/www.noticiasradioreflejos.com.ar\/2021\/wp-json\/wp\/v2\/users\/3"}],"replies":[{"embeddable":true,"href":"https:\/\/www.noticiasradioreflejos.com.ar\/2021\/wp-json\/wp\/v2\/comments?post=79829"}],"version-history":[{"count":1,"href":"https:\/\/www.noticiasradioreflejos.com.ar\/2021\/wp-json\/wp\/v2\/posts\/79829\/revisions"}],"predecessor-version":[{"id":79831,"href":"https:\/\/www.noticiasradioreflejos.com.ar\/2021\/wp-json\/wp\/v2\/posts\/79829\/revisions\/79831"}],"wp:attachment":[{"href":"https:\/\/www.noticiasradioreflejos.com.ar\/2021\/wp-json\/wp\/v2\/media?parent=79829"}],"wp:term":[{"taxonomy":"category","embeddable":true,"href":"https:\/\/www.noticiasradioreflejos.com.ar\/2021\/wp-json\/wp\/v2\/categories?post=79829"},{"taxonomy":"post_tag","embeddable":true,"href":"https:\/\/www.noticiasradioreflejos.com.ar\/2021\/wp-json\/wp\/v2\/tags?post=79829"}],"curies":[{"name":"wp","href":"https:\/\/api.w.org\/{rel}","templated":true}]}}