{"id":79820,"date":"2022-11-07T14:44:19","date_gmt":"2022-11-07T14:44:19","guid":{"rendered":"http:\/\/www.noticiasradioreflejos.com.ar\/2021\/?p=79820"},"modified":"2022-11-07T14:44:19","modified_gmt":"2022-11-07T14:44:19","slug":"la-humanidad-debe-elegir-entre-solidaridad-climatica-o-suicidio-colectivo","status":"publish","type":"post","link":"https:\/\/www.noticiasradioreflejos.com.ar\/2021\/la-humanidad-debe-elegir-entre-solidaridad-climatica-o-suicidio-colectivo\/","title":{"rendered":"La humanidad debe elegir entre \u00absolidaridad clim\u00e1tica\u00bb o \u00absuicidio colectivo\u00bb"},"content":{"rendered":"<p>En el marco de la COP27, Antonio Guterres advirti\u00f3 que las opciones son \u00abcooperar o morir\u00bb, y llam\u00f3 a no desviarse del objetivo que se estableci\u00f3 con el Acuerdo de Par\u00eds de limitar el calentamiento a\u00a01,5\u00baC al final del siglo.<!--more--><\/p>\n<figure class=\"mb-3\"><img decoding=\"async\" src=\"https:\/\/www.telam.com.ar\/thumbs\/bluesteel\/advf\/imagenes\/2020\/12\/5fd5eb7ee2143_1200.jpg\" alt=\"Telam SE\" width=\"100%\" height=\"100%\" \/><\/p>\n<div class=\"media-icons\"><\/div><figcaption><\/figcaption><\/figure>\n<p>El secretario general de la ONU, Antonio Guterres, advirti\u00f3 este lunes ante un centenar de l\u00edderes reunidos en la\u00a0<a href=\"https:\/\/www.telam.com.ar\/notas\/202211\/610045-cop-27-egipto-cambio-climatico.html\" target=\"_blank\" rel=\"noopener\">Conferencia de las Naciones Unidas sobre el Cambio Clim\u00e1tico<\/a>\u00a0(COP27) de este a\u00f1o, que se celebra en Egipto, que<strong>\u00a0la humanidad se enfrenta al dilema de \u00abcooperar o morir\u00bb frente al calentamiento global y sus impactos cada vez mayores.<\/strong><\/p>\n<p><strong>\u00abLa humanidad tiene una elecci\u00f3n: cooperar o morir. O un pacto por la solidaridad clim\u00e1tica, o un pacto por el suicidio colectivo\u00bb<\/strong>, dijo Guterres en su discurso -citado por la agencia de noticias AFP- en el segundo d\u00eda de la COP27 en Sharm el Sheij.<\/p>\n<p>Guterres insisti\u00f3 en que la comunidad internacional no debe desviarse del objetivo del\u00a0<strong>Acuerdo de Par\u00eds de 2015 de\u00a0<\/strong><a href=\"https:\/\/www.telam.com.ar\/notas\/202110\/573329-lideres-g20-agenda-roma-acuerdo-clima.html\" target=\"_blank\" rel=\"noopener\">limitar el calentamiento a 1,5\u00baC<\/a><strong>\u00a0al final del siglo<\/strong>, a pesar de que la agenda internacional se encuentre tomada por la guerra en Ucrania.<\/p>\n<p><strong>\u00abNo podemos aceptar que nuestra atenci\u00f3n no est\u00e9 en el cambio clim\u00e1tico\u00bb<\/strong>\u00a0pese a \u00abla guerra de Ucrania y otros conflictos\u00bb, porque \u00abel cambio clim\u00e1tico tiene su propio calendario\u00bb<strong>, advirti\u00f3 el jefe de la ONU.<\/strong><\/p>\n<blockquote class=\"\"><p>\u00abLa humanidad tiene una elecci\u00f3n: cooperar o morir. O un pacto por la solidaridad clim\u00e1tica, o un pacto por el suicidio colectivo\u00bb<\/p><\/blockquote>\n<p>\u00abLas crisis urgentes actuales no pueden ser excusa para echarse atr\u00e1s\u00bb o para lavados de imagen, a\u00f1adi\u00f3, m\u00e1xime cuando \u00abvamos camino de un infierno clim\u00e1tico con el pie todav\u00eda en el acelerador\u00bb.<\/p>\n<p>Guterres hizo tambi\u00e9n un firme alegato en favor de un<strong>\u00a0fondo internacional por los da\u00f1os y p\u00e9rdidas del cambio clim\u00e1tico<\/strong>, un punto incluido en la agenda de la COP27 y que promete arduas negociaciones entre los pa\u00edses m\u00e1s industrializados e hist\u00f3ricamente contaminantes, y los pa\u00edses en desarrollo, que sufren m\u00e1s los efectos del calentamiento y ser\u00edan los receptores de esas ayudas.<\/p>\n<figure class=\"mb-3\"><img decoding=\"async\" src=\"https:\/\/www.telam.com.ar\/thumbs\/bluesteel\/advf\/imagenes\/2020\/12\/5fce5e9adff34_1200.jpg\" alt=\"Telam SE\" width=\"100%\" height=\"100%\" \/><\/p>\n<div class=\"media-icons\"><\/div><figcaption><\/figcaption><\/figure>\n<p><strong>\u00abAquellos que contribuyeron menos a la crisis clim\u00e1tica est\u00e1n recogiendo las tempestades sembradas por otros\u00bb<\/strong>, as\u00ed que \u00abredirijamos el dinero a la gente que se enfrenta a un aumento de los precios de la comida y la energ\u00eda, y a los pa\u00edses que sufren da\u00f1os y p\u00e9rdidas causados por la crisis clim\u00e1tica\u00bb, se\u00f1al\u00f3.<\/p>\n<p>Igualmente,\u00a0<strong>Guterres abog\u00f3 por un \u00abpacto de solidaridad colectiva\u00bb<\/strong>\u00a0<strong>para \u00abponer fin a la dependencia de las energ\u00edas f\u00f3siles y a la construcci\u00f3n de nuevas centrales de carb\u00f3n\u00bb.<\/strong><\/p>\n<p>El secretario general pidi\u00f3 que ante el auge del gas y el incremento de los precios de la energ\u00eda, \u00abtodos los gobiernos graven los exacerbados beneficios de las empresas de combustibles f\u00f3siles\u00bb.<\/p>\n","protected":false},"excerpt":{"rendered":"<p>En el marco de la COP27, Antonio Guterres advirti\u00f3 que las opciones son \u00abcooperar o morir\u00bb, y llam\u00f3 a no desviarse del objetivo que se estableci\u00f3 con el Acuerdo de Par\u00eds de limitar el calentamiento a\u00a01,5\u00baC al final del siglo.<\/p>\n","protected":false},"author":3,"featured_media":0,"comment_status":"closed","ping_status":"closed","sticky":false,"template":"","format":"standard","meta":{"footnotes":""},"categories":[46,24],"tags":[],"class_list":["post-79820","post","type-post","status-publish","format-standard","hentry","category-ciencia-y-tecnologia","category-politica"],"yoast_head":"<!-- This site is optimized with the Yoast SEO plugin v25.9 - https:\/\/yoast.com\/wordpress\/plugins\/seo\/ -->\n<title>La humanidad debe elegir entre &quot;solidaridad clim\u00e1tica&quot; o &quot;suicidio colectivo&quot; - Noticias Radio Reflejos<\/title>\n<meta name=\"robots\" content=\"index, follow, max-snippet:-1, max-image-preview:large, max-video-preview:-1\" \/>\n<link rel=\"canonical\" href=\"https:\/\/www.noticiasradioreflejos.com.ar\/2021\/la-humanidad-debe-elegir-entre-solidaridad-climatica-o-suicidio-colectivo\/\" \/>\n<meta property=\"og:locale\" content=\"es_ES\" \/>\n<meta property=\"og:type\" content=\"article\" \/>\n<meta property=\"og:title\" content=\"La humanidad debe elegir entre &quot;solidaridad clim\u00e1tica&quot; o &quot;suicidio colectivo&quot; - Noticias Radio Reflejos\" \/>\n<meta property=\"og:description\" content=\"En el marco de la COP27, Antonio Guterres advirti\u00f3 que las opciones son \u00abcooperar o morir\u00bb, y llam\u00f3 a no desviarse del objetivo que se estableci\u00f3 con el Acuerdo de Par\u00eds de limitar el calentamiento a\u00a01,5\u00baC al final del siglo.\" \/>\n<meta property=\"og:url\" content=\"https:\/\/www.noticiasradioreflejos.com.ar\/2021\/la-humanidad-debe-elegir-entre-solidaridad-climatica-o-suicidio-colectivo\/\" \/>\n<meta property=\"og:site_name\" content=\"Noticias Radio Reflejos\" \/>\n<meta property=\"article:published_time\" content=\"2022-11-07T14:44:19+00:00\" \/>\n<meta property=\"og:image\" content=\"https:\/\/www.telam.com.ar\/thumbs\/bluesteel\/advf\/imagenes\/2020\/12\/5fd5eb7ee2143_1200.jpg\" \/>\n<meta name=\"author\" content=\"Arnaldo Botto\" \/>\n<meta name=\"twitter:card\" content=\"summary_large_image\" \/>\n<script type=\"application\/ld+json\" class=\"yoast-schema-graph\">{\"@context\":\"https:\/\/schema.org\",\"@graph\":[{\"@type\":\"WebPage\",\"@id\":\"https:\/\/www.noticiasradioreflejos.com.ar\/2021\/la-humanidad-debe-elegir-entre-solidaridad-climatica-o-suicidio-colectivo\/\",\"url\":\"https:\/\/www.noticiasradioreflejos.com.ar\/2021\/la-humanidad-debe-elegir-entre-solidaridad-climatica-o-suicidio-colectivo\/\",\"name\":\"La humanidad debe elegir entre \\\"solidaridad clim\u00e1tica\\\" o \\\"suicidio colectivo\\\" - Noticias Radio Reflejos\",\"isPartOf\":{\"@id\":\"https:\/\/www.noticiasradioreflejos.com.ar\/2021\/#website\"},\"primaryImageOfPage\":{\"@id\":\"https:\/\/www.noticiasradioreflejos.com.ar\/2021\/la-humanidad-debe-elegir-entre-solidaridad-climatica-o-suicidio-colectivo\/#primaryimage\"},\"image\":{\"@id\":\"https:\/\/www.noticiasradioreflejos.com.ar\/2021\/la-humanidad-debe-elegir-entre-solidaridad-climatica-o-suicidio-colectivo\/#primaryimage\"},\"thumbnailUrl\":\"https:\/\/www.telam.com.ar\/thumbs\/bluesteel\/advf\/imagenes\/2020\/12\/5fd5eb7ee2143_1200.jpg\",\"datePublished\":\"2022-11-07T14:44:19+00:00\",\"author\":{\"@id\":\"https:\/\/www.noticiasradioreflejos.com.ar\/2021\/#\/schema\/person\/ad82545263dcc5ec0996818884fd5fb1\"},\"breadcrumb\":{\"@id\":\"https:\/\/www.noticiasradioreflejos.com.ar\/2021\/la-humanidad-debe-elegir-entre-solidaridad-climatica-o-suicidio-colectivo\/#breadcrumb\"},\"inLanguage\":\"es\",\"potentialAction\":[{\"@type\":\"ReadAction\",\"target\":[\"https:\/\/www.noticiasradioreflejos.com.ar\/2021\/la-humanidad-debe-elegir-entre-solidaridad-climatica-o-suicidio-colectivo\/\"]}]},{\"@type\":\"ImageObject\",\"inLanguage\":\"es\",\"@id\":\"https:\/\/www.noticiasradioreflejos.com.ar\/2021\/la-humanidad-debe-elegir-entre-solidaridad-climatica-o-suicidio-colectivo\/#primaryimage\",\"url\":\"https:\/\/www.telam.com.ar\/thumbs\/bluesteel\/advf\/imagenes\/2020\/12\/5fd5eb7ee2143_1200.jpg\",\"contentUrl\":\"https:\/\/www.telam.com.ar\/thumbs\/bluesteel\/advf\/imagenes\/2020\/12\/5fd5eb7ee2143_1200.jpg\"},{\"@type\":\"BreadcrumbList\",\"@id\":\"https:\/\/www.noticiasradioreflejos.com.ar\/2021\/la-humanidad-debe-elegir-entre-solidaridad-climatica-o-suicidio-colectivo\/#breadcrumb\",\"itemListElement\":[{\"@type\":\"ListItem\",\"position\":1,\"name\":\"Portada\",\"item\":\"https:\/\/www.noticiasradioreflejos.com.ar\/2021\/\"},{\"@type\":\"ListItem\",\"position\":2,\"name\":\"La humanidad debe elegir entre \u00absolidaridad clim\u00e1tica\u00bb o \u00absuicidio colectivo\u00bb\"}]},{\"@type\":\"WebSite\",\"@id\":\"https:\/\/www.noticiasradioreflejos.com.ar\/2021\/#website\",\"url\":\"https:\/\/www.noticiasradioreflejos.com.ar\/2021\/\",\"name\":\"Noticias Radio Reflejos\",\"description\":\"Las noticias de mi comarca\",\"potentialAction\":[{\"@type\":\"SearchAction\",\"target\":{\"@type\":\"EntryPoint\",\"urlTemplate\":\"https:\/\/www.noticiasradioreflejos.com.ar\/2021\/?s={search_term_string}\"},\"query-input\":{\"@type\":\"PropertyValueSpecification\",\"valueRequired\":true,\"valueName\":\"search_term_string\"}}],\"inLanguage\":\"es\"},{\"@type\":\"Person\",\"@id\":\"https:\/\/www.noticiasradioreflejos.com.ar\/2021\/#\/schema\/person\/ad82545263dcc5ec0996818884fd5fb1\",\"name\":\"Arnaldo Botto\",\"image\":{\"@type\":\"ImageObject\",\"inLanguage\":\"es\",\"@id\":\"https:\/\/www.noticiasradioreflejos.com.ar\/2021\/#\/schema\/person\/image\/\",\"url\":\"https:\/\/secure.gravatar.com\/avatar\/55cb5e37c1efa326397366e6974cb338056df65cb50e7d64d1cf314e87504837?s=96&d=mm&r=g\",\"contentUrl\":\"https:\/\/secure.gravatar.com\/avatar\/55cb5e37c1efa326397366e6974cb338056df65cb50e7d64d1cf314e87504837?s=96&d=mm&r=g\",\"caption\":\"Arnaldo Botto\"},\"url\":\"https:\/\/www.noticiasradioreflejos.com.ar\/2021\/author\/arnaldo\/\"}]}<\/script>\n<!-- \/ Yoast SEO plugin. -->","yoast_head_json":{"title":"La humanidad debe elegir entre \"solidaridad clim\u00e1tica\" o \"suicidio colectivo\" - Noticias Radio Reflejos","robots":{"index":"index","follow":"follow","max-snippet":"max-snippet:-1","max-image-preview":"max-image-preview:large","max-video-preview":"max-video-preview:-1"},"canonical":"https:\/\/www.noticiasradioreflejos.com.ar\/2021\/la-humanidad-debe-elegir-entre-solidaridad-climatica-o-suicidio-colectivo\/","og_locale":"es_ES","og_type":"article","og_title":"La humanidad debe elegir entre \"solidaridad clim\u00e1tica\" o \"suicidio colectivo\" - Noticias Radio Reflejos","og_description":"En el marco de la COP27, Antonio Guterres advirti\u00f3 que las opciones son \u00abcooperar o morir\u00bb, y llam\u00f3 a no desviarse del objetivo que se estableci\u00f3 con el Acuerdo de Par\u00eds de limitar el calentamiento a\u00a01,5\u00baC al final del siglo.","og_url":"https:\/\/www.noticiasradioreflejos.com.ar\/2021\/la-humanidad-debe-elegir-entre-solidaridad-climatica-o-suicidio-colectivo\/","og_site_name":"Noticias Radio Reflejos","article_published_time":"2022-11-07T14:44:19+00:00","og_image":[{"url":"https:\/\/www.telam.com.ar\/thumbs\/bluesteel\/advf\/imagenes\/2020\/12\/5fd5eb7ee2143_1200.jpg","type":"","width":"","height":""}],"author":"Arnaldo Botto","twitter_card":"summary_large_image","schema":{"@context":"https:\/\/schema.org","@graph":[{"@type":"WebPage","@id":"https:\/\/www.noticiasradioreflejos.com.ar\/2021\/la-humanidad-debe-elegir-entre-solidaridad-climatica-o-suicidio-colectivo\/","url":"https:\/\/www.noticiasradioreflejos.com.ar\/2021\/la-humanidad-debe-elegir-entre-solidaridad-climatica-o-suicidio-colectivo\/","name":"La humanidad debe elegir entre \"solidaridad clim\u00e1tica\" o \"suicidio colectivo\" - Noticias Radio Reflejos","isPartOf":{"@id":"https:\/\/www.noticiasradioreflejos.com.ar\/2021\/#website"},"primaryImageOfPage":{"@id":"https:\/\/www.noticiasradioreflejos.com.ar\/2021\/la-humanidad-debe-elegir-entre-solidaridad-climatica-o-suicidio-colectivo\/#primaryimage"},"image":{"@id":"https:\/\/www.noticiasradioreflejos.com.ar\/2021\/la-humanidad-debe-elegir-entre-solidaridad-climatica-o-suicidio-colectivo\/#primaryimage"},"thumbnailUrl":"https:\/\/www.telam.com.ar\/thumbs\/bluesteel\/advf\/imagenes\/2020\/12\/5fd5eb7ee2143_1200.jpg","datePublished":"2022-11-07T14:44:19+00:00","author":{"@id":"https:\/\/www.noticiasradioreflejos.com.ar\/2021\/#\/schema\/person\/ad82545263dcc5ec0996818884fd5fb1"},"breadcrumb":{"@id":"https:\/\/www.noticiasradioreflejos.com.ar\/2021\/la-humanidad-debe-elegir-entre-solidaridad-climatica-o-suicidio-colectivo\/#breadcrumb"},"inLanguage":"es","potentialAction":[{"@type":"ReadAction","target":["https:\/\/www.noticiasradioreflejos.com.ar\/2021\/la-humanidad-debe-elegir-entre-solidaridad-climatica-o-suicidio-colectivo\/"]}]},{"@type":"ImageObject","inLanguage":"es","@id":"https:\/\/www.noticiasradioreflejos.com.ar\/2021\/la-humanidad-debe-elegir-entre-solidaridad-climatica-o-suicidio-colectivo\/#primaryimage","url":"https:\/\/www.telam.com.ar\/thumbs\/bluesteel\/advf\/imagenes\/2020\/12\/5fd5eb7ee2143_1200.jpg","contentUrl":"https:\/\/www.telam.com.ar\/thumbs\/bluesteel\/advf\/imagenes\/2020\/12\/5fd5eb7ee2143_1200.jpg"},{"@type":"BreadcrumbList","@id":"https:\/\/www.noticiasradioreflejos.com.ar\/2021\/la-humanidad-debe-elegir-entre-solidaridad-climatica-o-suicidio-colectivo\/#breadcrumb","itemListElement":[{"@type":"ListItem","position":1,"name":"Portada","item":"https:\/\/www.noticiasradioreflejos.com.ar\/2021\/"},{"@type":"ListItem","position":2,"name":"La humanidad debe elegir entre \u00absolidaridad clim\u00e1tica\u00bb o \u00absuicidio colectivo\u00bb"}]},{"@type":"WebSite","@id":"https:\/\/www.noticiasradioreflejos.com.ar\/2021\/#website","url":"https:\/\/www.noticiasradioreflejos.com.ar\/2021\/","name":"Noticias Radio Reflejos","description":"Las noticias de mi comarca","potentialAction":[{"@type":"SearchAction","target":{"@type":"EntryPoint","urlTemplate":"https:\/\/www.noticiasradioreflejos.com.ar\/2021\/?s={search_term_string}"},"query-input":{"@type":"PropertyValueSpecification","valueRequired":true,"valueName":"search_term_string"}}],"inLanguage":"es"},{"@type":"Person","@id":"https:\/\/www.noticiasradioreflejos.com.ar\/2021\/#\/schema\/person\/ad82545263dcc5ec0996818884fd5fb1","name":"Arnaldo Botto","image":{"@type":"ImageObject","inLanguage":"es","@id":"https:\/\/www.noticiasradioreflejos.com.ar\/2021\/#\/schema\/person\/image\/","url":"https:\/\/secure.gravatar.com\/avatar\/55cb5e37c1efa326397366e6974cb338056df65cb50e7d64d1cf314e87504837?s=96&d=mm&r=g","contentUrl":"https:\/\/secure.gravatar.com\/avatar\/55cb5e37c1efa326397366e6974cb338056df65cb50e7d64d1cf314e87504837?s=96&d=mm&r=g","caption":"Arnaldo Botto"},"url":"https:\/\/www.noticiasradioreflejos.com.ar\/2021\/author\/arnaldo\/"}]}},"_links":{"self":[{"href":"https:\/\/www.noticiasradioreflejos.com.ar\/2021\/wp-json\/wp\/v2\/posts\/79820","targetHints":{"allow":["GET"]}}],"collection":[{"href":"https:\/\/www.noticiasradioreflejos.com.ar\/2021\/wp-json\/wp\/v2\/posts"}],"about":[{"href":"https:\/\/www.noticiasradioreflejos.com.ar\/2021\/wp-json\/wp\/v2\/types\/post"}],"author":[{"embeddable":true,"href":"https:\/\/www.noticiasradioreflejos.com.ar\/2021\/wp-json\/wp\/v2\/users\/3"}],"replies":[{"embeddable":true,"href":"https:\/\/www.noticiasradioreflejos.com.ar\/2021\/wp-json\/wp\/v2\/comments?post=79820"}],"version-history":[{"count":1,"href":"https:\/\/www.noticiasradioreflejos.com.ar\/2021\/wp-json\/wp\/v2\/posts\/79820\/revisions"}],"predecessor-version":[{"id":79822,"href":"https:\/\/www.noticiasradioreflejos.com.ar\/2021\/wp-json\/wp\/v2\/posts\/79820\/revisions\/79822"}],"wp:attachment":[{"href":"https:\/\/www.noticiasradioreflejos.com.ar\/2021\/wp-json\/wp\/v2\/media?parent=79820"}],"wp:term":[{"taxonomy":"category","embeddable":true,"href":"https:\/\/www.noticiasradioreflejos.com.ar\/2021\/wp-json\/wp\/v2\/categories?post=79820"},{"taxonomy":"post_tag","embeddable":true,"href":"https:\/\/www.noticiasradioreflejos.com.ar\/2021\/wp-json\/wp\/v2\/tags?post=79820"}],"curies":[{"name":"wp","href":"https:\/\/api.w.org\/{rel}","templated":true}]}}