{"id":79811,"date":"2022-11-07T12:23:35","date_gmt":"2022-11-07T12:23:35","guid":{"rendered":"http:\/\/www.noticiasradioreflejos.com.ar\/2021\/?p=79811"},"modified":"2022-11-07T17:02:55","modified_gmt":"2022-11-07T17:02:55","slug":"la-comarca-se-pregunta-quien-mato-a-axel","status":"publish","type":"post","link":"https:\/\/www.noticiasradioreflejos.com.ar\/2021\/la-comarca-se-pregunta-quien-mato-a-axel\/","title":{"rendered":"La comarca se pregunta: \u00bfQui\u00e9n mat\u00f3 a Axel?"},"content":{"rendered":"<p>Tras comprobarse que el cuerpo aparecido en un zanj\u00f3n en cercan\u00edas al Hostal \u201cLa Quinta\u201d era el de Axel Dami\u00e1n Rodr\u00edguez (26), las conjeturas crecen de manera desmesurada. Sobre las 11 se brindar\u00eda informaci\u00f3n oficial.<!--more--><\/p>\n<p>En este tipo de situaciones, el com\u00fan de la gente se vuelca \u00e1vidamente en b\u00fasqueda de querer saber. No importa cu\u00e1n veros\u00edmil sea la fuente. Esa hambre se debe saciar, y para el caso, las redes sociales son el mejor expendedor de comida r\u00e1pida del universo.<\/p>\n<p>Ante la ausencia de comunicaciones oficiales, la comarca entera se volc\u00f3 a conjugar cuanta hip\u00f3tesis sea posible, sobre los minutos finales de Axel Dami\u00e1n Rodr\u00edguez, el joven de 26 a\u00f1os que tras permanecer desaparecido, fue encontrado sin vida el s\u00e1bado en un zanj\u00f3n a unos dos kil\u00f3metros de Tornquist.<\/p>\n<p>La autopsia confirm\u00f3 dos situaciones. La primera, que efectivamente se trataba de \u00e9l. La segunda, que su deceso no se dio en circunstancias naturales.<\/p>\n<p>La justicia investiga. En silencio, pero seg\u00fan cuentan, est\u00e1n avanzando. \u201cEs para no entorpecer la causa\u201d esbozan en reiteradas ocasiones buscando declarar algo para calmar el pedido popular. Decir para no decir. Y a la gente no le alcanza.<\/p>\n<p>Polic\u00eda Cient\u00edfica estuvo en el lugar donde lo vieron por \u00faltima vez a Axel. Levantaron muestras, llevaron perros\u2026 y nuevamente el \u201cme contaron\u201d, \u201cme dijeron\u201d o el \u201cme enter\u00e9\u201d inund\u00f3 las redes.<\/p>\n<p>Que hab\u00eda sangre del joven en el piso. Que lo mataron y lo tiraron a un pozo ciego que marcaron los perros. Que el asesino habr\u00eda confesado. Que lo ten\u00edan rodeado\u2026 todos supuestos de dudosa validez. Post autopsia los informantes del cibermundo vaticinaron: 13 pu\u00f1aladas ten\u00eda el cuerpo.<\/p>\n<p>Los m\u00e1s intr\u00e9pidos incluso se han animado a se\u00f1alar al autor material. A una supuesta red de escape tejida por las autoridades para encubrirlo\u2026 oficial por el momento, nada.<\/p>\n<p>Por el momento, ya que seg\u00fan anticip\u00f3 a Reflejos el Secretario de Gobierno Ezequiel Gabella, sobre las 11 dar\u00edan a conocer informaci\u00f3n.<\/p>\n<p>Eso, dependiendo qu\u00e9 se brinde, ayudar\u00e1 a bajar la fiebre medi\u00e1tica y el tsunami de especulaciones mezcladas con teor\u00edas conspirativas. Al final de cuentas lo que realmente importa es que quien lo hizo termine tras las rejas.<strong><br \/>\n<\/strong><\/p>\n","protected":false},"excerpt":{"rendered":"<p>Tras comprobarse que el cuerpo aparecido en un zanj\u00f3n en cercan\u00edas al Hostal \u201cLa Quinta\u201d era el de Axel Dami\u00e1n Rodr\u00edguez (26), las conjeturas crecen de manera desmesurada. Sobre las 11 se brindar\u00eda informaci\u00f3n oficial.<\/p>\n","protected":false},"author":3,"featured_media":0,"comment_status":"closed","ping_status":"closed","sticky":false,"template":"","format":"standard","meta":{"footnotes":""},"categories":[29],"tags":[48],"class_list":["post-79811","post","type-post","status-publish","format-standard","hentry","category-policiales","tag-destacada"],"yoast_head":"<!-- This site is optimized with the Yoast SEO plugin v25.9 - https:\/\/yoast.com\/wordpress\/plugins\/seo\/ -->\n<title>La comarca se pregunta: \u00bfQui\u00e9n mat\u00f3 a Axel? - Noticias Radio Reflejos<\/title>\n<meta name=\"robots\" content=\"index, follow, max-snippet:-1, max-image-preview:large, max-video-preview:-1\" \/>\n<link rel=\"canonical\" href=\"https:\/\/www.noticiasradioreflejos.com.ar\/2021\/la-comarca-se-pregunta-quien-mato-a-axel\/\" \/>\n<meta property=\"og:locale\" content=\"es_ES\" \/>\n<meta property=\"og:type\" content=\"article\" \/>\n<meta property=\"og:title\" content=\"La comarca se pregunta: \u00bfQui\u00e9n mat\u00f3 a Axel? - Noticias Radio Reflejos\" \/>\n<meta property=\"og:description\" content=\"Tras comprobarse que el cuerpo aparecido en un zanj\u00f3n en cercan\u00edas al Hostal \u201cLa Quinta\u201d era el de Axel Dami\u00e1n Rodr\u00edguez (26), las conjeturas crecen de manera desmesurada. Sobre las 11 se brindar\u00eda informaci\u00f3n oficial.\" \/>\n<meta property=\"og:url\" content=\"https:\/\/www.noticiasradioreflejos.com.ar\/2021\/la-comarca-se-pregunta-quien-mato-a-axel\/\" \/>\n<meta property=\"og:site_name\" content=\"Noticias Radio Reflejos\" \/>\n<meta property=\"article:published_time\" content=\"2022-11-07T12:23:35+00:00\" \/>\n<meta property=\"article:modified_time\" content=\"2022-11-07T17:02:55+00:00\" \/>\n<meta property=\"og:image\" content=\"https:\/\/www.noticiasradioreflejos.com.ar\/2021\/wp-content\/uploads\/2021\/07\/logosol300x200.png\" \/>\n\t<meta property=\"og:image:width\" content=\"300\" \/>\n\t<meta property=\"og:image:height\" content=\"200\" \/>\n\t<meta property=\"og:image:type\" content=\"image\/png\" \/>\n<meta name=\"author\" content=\"Arnaldo Botto\" \/>\n<meta name=\"twitter:card\" content=\"summary_large_image\" \/>\n<script type=\"application\/ld+json\" class=\"yoast-schema-graph\">{\"@context\":\"https:\/\/schema.org\",\"@graph\":[{\"@type\":\"WebPage\",\"@id\":\"https:\/\/www.noticiasradioreflejos.com.ar\/2021\/la-comarca-se-pregunta-quien-mato-a-axel\/\",\"url\":\"https:\/\/www.noticiasradioreflejos.com.ar\/2021\/la-comarca-se-pregunta-quien-mato-a-axel\/\",\"name\":\"La comarca se pregunta: \u00bfQui\u00e9n mat\u00f3 a Axel? - Noticias Radio Reflejos\",\"isPartOf\":{\"@id\":\"https:\/\/www.noticiasradioreflejos.com.ar\/2021\/#website\"},\"datePublished\":\"2022-11-07T12:23:35+00:00\",\"dateModified\":\"2022-11-07T17:02:55+00:00\",\"author\":{\"@id\":\"https:\/\/www.noticiasradioreflejos.com.ar\/2021\/#\/schema\/person\/ad82545263dcc5ec0996818884fd5fb1\"},\"breadcrumb\":{\"@id\":\"https:\/\/www.noticiasradioreflejos.com.ar\/2021\/la-comarca-se-pregunta-quien-mato-a-axel\/#breadcrumb\"},\"inLanguage\":\"es\",\"potentialAction\":[{\"@type\":\"ReadAction\",\"target\":[\"https:\/\/www.noticiasradioreflejos.com.ar\/2021\/la-comarca-se-pregunta-quien-mato-a-axel\/\"]}]},{\"@type\":\"BreadcrumbList\",\"@id\":\"https:\/\/www.noticiasradioreflejos.com.ar\/2021\/la-comarca-se-pregunta-quien-mato-a-axel\/#breadcrumb\",\"itemListElement\":[{\"@type\":\"ListItem\",\"position\":1,\"name\":\"Portada\",\"item\":\"https:\/\/www.noticiasradioreflejos.com.ar\/2021\/\"},{\"@type\":\"ListItem\",\"position\":2,\"name\":\"La comarca se pregunta: \u00bfQui\u00e9n mat\u00f3 a Axel?\"}]},{\"@type\":\"WebSite\",\"@id\":\"https:\/\/www.noticiasradioreflejos.com.ar\/2021\/#website\",\"url\":\"https:\/\/www.noticiasradioreflejos.com.ar\/2021\/\",\"name\":\"Noticias Radio Reflejos\",\"description\":\"Las noticias de mi comarca\",\"potentialAction\":[{\"@type\":\"SearchAction\",\"target\":{\"@type\":\"EntryPoint\",\"urlTemplate\":\"https:\/\/www.noticiasradioreflejos.com.ar\/2021\/?s={search_term_string}\"},\"query-input\":{\"@type\":\"PropertyValueSpecification\",\"valueRequired\":true,\"valueName\":\"search_term_string\"}}],\"inLanguage\":\"es\"},{\"@type\":\"Person\",\"@id\":\"https:\/\/www.noticiasradioreflejos.com.ar\/2021\/#\/schema\/person\/ad82545263dcc5ec0996818884fd5fb1\",\"name\":\"Arnaldo Botto\",\"image\":{\"@type\":\"ImageObject\",\"inLanguage\":\"es\",\"@id\":\"https:\/\/www.noticiasradioreflejos.com.ar\/2021\/#\/schema\/person\/image\/\",\"url\":\"https:\/\/secure.gravatar.com\/avatar\/55cb5e37c1efa326397366e6974cb338056df65cb50e7d64d1cf314e87504837?s=96&d=mm&r=g\",\"contentUrl\":\"https:\/\/secure.gravatar.com\/avatar\/55cb5e37c1efa326397366e6974cb338056df65cb50e7d64d1cf314e87504837?s=96&d=mm&r=g\",\"caption\":\"Arnaldo Botto\"},\"url\":\"https:\/\/www.noticiasradioreflejos.com.ar\/2021\/author\/arnaldo\/\"}]}<\/script>\n<!-- \/ Yoast SEO plugin. -->","yoast_head_json":{"title":"La comarca se pregunta: \u00bfQui\u00e9n mat\u00f3 a Axel? - Noticias Radio Reflejos","robots":{"index":"index","follow":"follow","max-snippet":"max-snippet:-1","max-image-preview":"max-image-preview:large","max-video-preview":"max-video-preview:-1"},"canonical":"https:\/\/www.noticiasradioreflejos.com.ar\/2021\/la-comarca-se-pregunta-quien-mato-a-axel\/","og_locale":"es_ES","og_type":"article","og_title":"La comarca se pregunta: \u00bfQui\u00e9n mat\u00f3 a Axel? - Noticias Radio Reflejos","og_description":"Tras comprobarse que el cuerpo aparecido en un zanj\u00f3n en cercan\u00edas al Hostal \u201cLa Quinta\u201d era el de Axel Dami\u00e1n Rodr\u00edguez (26), las conjeturas crecen de manera desmesurada. Sobre las 11 se brindar\u00eda informaci\u00f3n oficial.","og_url":"https:\/\/www.noticiasradioreflejos.com.ar\/2021\/la-comarca-se-pregunta-quien-mato-a-axel\/","og_site_name":"Noticias Radio Reflejos","article_published_time":"2022-11-07T12:23:35+00:00","article_modified_time":"2022-11-07T17:02:55+00:00","og_image":[{"width":300,"height":200,"url":"https:\/\/www.noticiasradioreflejos.com.ar\/2021\/wp-content\/uploads\/2021\/07\/logosol300x200.png","type":"image\/png"}],"author":"Arnaldo Botto","twitter_card":"summary_large_image","schema":{"@context":"https:\/\/schema.org","@graph":[{"@type":"WebPage","@id":"https:\/\/www.noticiasradioreflejos.com.ar\/2021\/la-comarca-se-pregunta-quien-mato-a-axel\/","url":"https:\/\/www.noticiasradioreflejos.com.ar\/2021\/la-comarca-se-pregunta-quien-mato-a-axel\/","name":"La comarca se pregunta: \u00bfQui\u00e9n mat\u00f3 a Axel? - Noticias Radio Reflejos","isPartOf":{"@id":"https:\/\/www.noticiasradioreflejos.com.ar\/2021\/#website"},"datePublished":"2022-11-07T12:23:35+00:00","dateModified":"2022-11-07T17:02:55+00:00","author":{"@id":"https:\/\/www.noticiasradioreflejos.com.ar\/2021\/#\/schema\/person\/ad82545263dcc5ec0996818884fd5fb1"},"breadcrumb":{"@id":"https:\/\/www.noticiasradioreflejos.com.ar\/2021\/la-comarca-se-pregunta-quien-mato-a-axel\/#breadcrumb"},"inLanguage":"es","potentialAction":[{"@type":"ReadAction","target":["https:\/\/www.noticiasradioreflejos.com.ar\/2021\/la-comarca-se-pregunta-quien-mato-a-axel\/"]}]},{"@type":"BreadcrumbList","@id":"https:\/\/www.noticiasradioreflejos.com.ar\/2021\/la-comarca-se-pregunta-quien-mato-a-axel\/#breadcrumb","itemListElement":[{"@type":"ListItem","position":1,"name":"Portada","item":"https:\/\/www.noticiasradioreflejos.com.ar\/2021\/"},{"@type":"ListItem","position":2,"name":"La comarca se pregunta: \u00bfQui\u00e9n mat\u00f3 a Axel?"}]},{"@type":"WebSite","@id":"https:\/\/www.noticiasradioreflejos.com.ar\/2021\/#website","url":"https:\/\/www.noticiasradioreflejos.com.ar\/2021\/","name":"Noticias Radio Reflejos","description":"Las noticias de mi comarca","potentialAction":[{"@type":"SearchAction","target":{"@type":"EntryPoint","urlTemplate":"https:\/\/www.noticiasradioreflejos.com.ar\/2021\/?s={search_term_string}"},"query-input":{"@type":"PropertyValueSpecification","valueRequired":true,"valueName":"search_term_string"}}],"inLanguage":"es"},{"@type":"Person","@id":"https:\/\/www.noticiasradioreflejos.com.ar\/2021\/#\/schema\/person\/ad82545263dcc5ec0996818884fd5fb1","name":"Arnaldo Botto","image":{"@type":"ImageObject","inLanguage":"es","@id":"https:\/\/www.noticiasradioreflejos.com.ar\/2021\/#\/schema\/person\/image\/","url":"https:\/\/secure.gravatar.com\/avatar\/55cb5e37c1efa326397366e6974cb338056df65cb50e7d64d1cf314e87504837?s=96&d=mm&r=g","contentUrl":"https:\/\/secure.gravatar.com\/avatar\/55cb5e37c1efa326397366e6974cb338056df65cb50e7d64d1cf314e87504837?s=96&d=mm&r=g","caption":"Arnaldo Botto"},"url":"https:\/\/www.noticiasradioreflejos.com.ar\/2021\/author\/arnaldo\/"}]}},"_links":{"self":[{"href":"https:\/\/www.noticiasradioreflejos.com.ar\/2021\/wp-json\/wp\/v2\/posts\/79811","targetHints":{"allow":["GET"]}}],"collection":[{"href":"https:\/\/www.noticiasradioreflejos.com.ar\/2021\/wp-json\/wp\/v2\/posts"}],"about":[{"href":"https:\/\/www.noticiasradioreflejos.com.ar\/2021\/wp-json\/wp\/v2\/types\/post"}],"author":[{"embeddable":true,"href":"https:\/\/www.noticiasradioreflejos.com.ar\/2021\/wp-json\/wp\/v2\/users\/3"}],"replies":[{"embeddable":true,"href":"https:\/\/www.noticiasradioreflejos.com.ar\/2021\/wp-json\/wp\/v2\/comments?post=79811"}],"version-history":[{"count":3,"href":"https:\/\/www.noticiasradioreflejos.com.ar\/2021\/wp-json\/wp\/v2\/posts\/79811\/revisions"}],"predecessor-version":[{"id":79815,"href":"https:\/\/www.noticiasradioreflejos.com.ar\/2021\/wp-json\/wp\/v2\/posts\/79811\/revisions\/79815"}],"wp:attachment":[{"href":"https:\/\/www.noticiasradioreflejos.com.ar\/2021\/wp-json\/wp\/v2\/media?parent=79811"}],"wp:term":[{"taxonomy":"category","embeddable":true,"href":"https:\/\/www.noticiasradioreflejos.com.ar\/2021\/wp-json\/wp\/v2\/categories?post=79811"},{"taxonomy":"post_tag","embeddable":true,"href":"https:\/\/www.noticiasradioreflejos.com.ar\/2021\/wp-json\/wp\/v2\/tags?post=79811"}],"curies":[{"name":"wp","href":"https:\/\/api.w.org\/{rel}","templated":true}]}}