{"id":79798,"date":"2022-11-07T10:18:32","date_gmt":"2022-11-07T10:18:32","guid":{"rendered":"http:\/\/www.noticiasradioreflejos.com.ar\/2021\/?p=79798"},"modified":"2022-11-07T10:18:32","modified_gmt":"2022-11-07T10:18:32","slug":"scaloni-recorto-la-lista-a-32-integrantes-y-viajo-a-qatar-con-armani","status":"publish","type":"post","link":"https:\/\/www.noticiasradioreflejos.com.ar\/2021\/scaloni-recorto-la-lista-a-32-integrantes-y-viajo-a-qatar-con-armani\/","title":{"rendered":"Scaloni recort\u00f3 la lista a 32 integrantes y viaj\u00f3 a Qatar con Armani"},"content":{"rendered":"<p>Algunos de los futbolistas que quedaron afuera son Lucas Mart\u00ednez Quarta, Agust\u00edn Marches\u00edn, Agust\u00edn Rossi, Marcos Senesi, Emiliano Buend\u00eda, Lucas Alario, Giovanni Simeone y Lucas Ocampos, entre otros.<!--more--><\/p>\n<figure class=\"mb-3\"><img decoding=\"async\" src=\"https:\/\/www.telam.com.ar\/thumbs\/bluesteel\/advf\/imagenes\/2022\/11\/63627a24b8283_1200.jpg\" alt=\"Scaloni viaj a Qatar \" width=\"100%\" height=\"100%\" \/><\/p>\n<div class=\"media-icons\"><\/div><figcaption>Scaloni viaj\u00f3 a Qatar.<\/figcaption><\/figure>\n<p>El entrenador del seleccionado argentino, Lionel Scaloni recort\u00f3 a 32 integrantes la lista previa que terminar\u00e1 el lunes 14 en la definitiva de 26 componentes que afrontar\u00e1n el Mundial de Qatar en la previa del viaje a Doha que emprend\u00edan esta medianoche junto al resto del cuerpo t\u00e9cnico, el presidente de AFA, Claudio Tapia y el arquero riverplatense Franco Armani, que as\u00ed dio otro paso para estar en la n\u00f3mina final.<\/p>\n<p>Medio centenar de integrantes componen la avanzada argentina rumbo a la sede de la Copa del Mundo y adem\u00e1s de los tres mencionados viajaban los ayudantes t\u00e9cnicos Walter Samuel, Pablo Aimar, Roberto Ayala, Mart\u00edn Tocalli, Claudio Mart\u00edn, Mat\u00edas Manna y Dami\u00e1n Albil, junto a utileros, masajistas, kinesi\u00f3logos, m\u00e9dicos, cocineros y un peluquero.<\/p>\n<p>Tambi\u00e9n componen el grupo empleados de la AFA del departamento de marketing, prensa y audiovisuales, administrativos y otras \u00e1reas supervisados por los dirigentes Jorge Miadosqui y Luciano Nakis.<\/p>\n<p>Junto a ellos tambi\u00e9n viaja el segundo futbolista de la delegaci\u00f3n y tambi\u00e9n arquero, como lo es el juvenil Federico Gomes Gerth, de Tigre, de 18 a\u00f1os, que a diferencia de lo ocurrido en Mundiales anteriores y por el hecho de no contar este certamen con una etapa previa de preparaci\u00f3n como los anteriores, ser\u00e1 el \u00fanico \u00absparring\u00bb que tendr\u00e1 el seleccionado argentino.<\/p>\n<p>Este vuelo que se hospedar\u00e1 en la Universidad de Doha llegar\u00e1 en la noche argentina de ma\u00f1ana, la madrugada del martes en Qatar (hay seis horas de diferencia).<\/p>\n<p>Este grupo permanecer\u00e1 en la capital qatar\u00ed hasta el jueves, cuando partir\u00e1 rumbo a Abu Dhabi, donde el lunes 14 realizar\u00e1 un entrenamiento abierto con los futbolistas que hayan llegado previamente y muchos que lo estar\u00e1n haciendo ese mismo d\u00eda.<\/p>\n<p>Y dos d\u00edas despu\u00e9s, el mi\u00e9rcoles 16 afrontar\u00e1 un amistoso final, a seis d\u00edas del debut frente a Arabia Saudita del martes 22 por el grupo C, enfrentando al local Enise jugar\u00e1 el \u00faltimo amistoso antes del debut en la Copa del Mundo (el martes 22 ante Emiratos \u00c1rabes que dirige el argentino Rodolfo Arruabarrena.<\/p>\n<p>Pero lo m\u00e1s interesante de este domingo ocurri\u00f3 justamente antes del viaje, cuando luego de observar durante el fin de semana la actuaci\u00f3n de varios convocados que ven\u00edan \u00abtocados\u00bb en las distintas ligas europeas, y en una jornada en que muchos seleccionados dieron a conocer a sus 26 integrantes definitivos, Scaloni, acuciado justamente por esa acumulaci\u00f3n de lesionados, decidi\u00f3 recortar la lista inicial de casi 50 componentes a 32.<\/p>\n<p>As\u00ed vio, por ejemplo, la vuelta de \u00c1ngel Di Mar\u00eda ingresando en el complemento en Juventus; Guido Rodr\u00edguez jugando todo el cl\u00e1sico andaluz frente a Sevilla y Juan Foyth ocupando un lugar entre los suplentes de Villarreal.<\/p>\n<p>Adem\u00e1s Exequiel Palacios volvi\u00f3 a sumar minutos ingresando en el segundo tiempo en Bayer Leverkusen, algo que Scaloni observa con especial atenci\u00f3n mientras aguarda que el lunes se conozcan los estudios finales que determinar\u00e1n si finalmente Giovani Lo Celso podr\u00e1 estar en el Mundial (integra la lista de 32).<\/p>\n<p>El que qued\u00f3 afuera de los 32 es Lucas Mart\u00ednez Quarta, que adem\u00e1s termin\u00f3 con un fuerte golpe en la pantorrilla derecha, en la victoria como visitante sobre Sampdoria por 2 a 0 de la Fiorentina, donde no volvi\u00f3 a jugar Nicol\u00e1s Gonz\u00e1lez, restableci\u00e9ndose de una leve distensi\u00f3n muscular.<\/p>\n<figure class=\"mb-3\"><img decoding=\"async\" src=\"https:\/\/www.telam.com.ar\/thumbs\/bluesteel\/advf\/imagenes\/2018\/05\/5b06d476f3b49_1200.jpg\" alt=\"Armani viaj con Scaloni a Qatar \" width=\"100%\" height=\"100%\" \/><\/p>\n<div class=\"media-icons\"><\/div><figcaption>Armani viaj\u00f3 con Scaloni a Qatar.<\/figcaption><\/figure>\n<p>Los dos que no vieron acci\u00f3n este fin de semana fueron Lionel Messi, por una inflamaci\u00f3n en el tend\u00f3n de Aquiles izquierdo, y Paulo Dybala, cuya recuperaci\u00f3n del desgarro sigue \u00abviento en popa\u00bb y por ello el t\u00e9cnico alberga esperanzas concretas de contar con \u00e9l en Qatar.<\/p>\n<p>De hecho ambos estar\u00edan jugando el \u00faltimo partido del a\u00f1o para sus equipos, PSG y la Roma, respectivamente, el pr\u00f3ximo fin de semana.<\/p>\n<p>Otro que no jug\u00f3 en Tottenham Hotspur este domingo en la derrota como local por 2-1 frente a Liverpool fue Cristian Romero. El \u00abCuti\u00bb tambi\u00e9n se recupera de una distensi\u00f3n muscular pero llegar\u00e1 a tiempo con su restablecimiento para el Mundial. No estuvo presente ya en los \u00faltimos tres partidos del equipo ingl\u00e9s.<\/p>\n<p>La n\u00f3mina de 32 integrantes que ser\u00e1 la \u00faltima previa a los 26 definitivos, sigue manteniendo dentro de la misma sin embargo, pese al viaje de Armani, a sus cuatro integrantes genuinos (en la del medio centenar de componentes se agregaron Agust\u00edn Marches\u00edn y Agust\u00edn Rossi, que ahora quedaron afuera). Ellos y el resto son estos:<\/p>\n<p>Arqueros: Emiliano Mart\u00ednez, Ger\u00f3nimo Rulli, Juan Musso y Franco Armani.<\/p>\n<p>Defensores: Nahuel Molina, Gonzalo Montiel, Cristian Romero, Germ\u00e1n Pezzella, Nicol\u00e1s Otamendi, Lisandro Mart\u00ednez, Marcos Acu\u00f1a, Nicol\u00e1s Tagliafico, Juan Foyth, Facundo Medina y Nehu\u00e9n P\u00e9rez.<\/p>\n<p>Mediocampistas: Rodrigo De Paul, Leandro Paredes, Giovani Lo Celso, Alejandro G\u00f3mez, Alexis Mac Allister, Guido Rodr\u00edguez, Enzo Fern\u00e1ndez, Exequiel Palacios y Nicol\u00e1s Gonz\u00e1lez.<\/p>\n<p>Delanteros: Lionel Messi, Lautaro Mart\u00ednez, \u00c1ngel Di Mar\u00eda, Juli\u00e1n \u00c1lvarez, Joaqu\u00edn Correa, Paulo Dybala, \u00c1ngel Correa y Thiago Almada.<\/p>\n<div class=\"tags mt-4\">\n<ul>\n<li class=\"blank\"><\/li>\n<\/ul>\n<\/div>\n","protected":false},"excerpt":{"rendered":"<p>Algunos de los futbolistas que quedaron afuera son Lucas Mart\u00ednez Quarta, Agust\u00edn Marches\u00edn, Agust\u00edn Rossi, Marcos Senesi, Emiliano Buend\u00eda, Lucas Alario, Giovanni Simeone y Lucas Ocampos, entre otros.<\/p>\n","protected":false},"author":3,"featured_media":0,"comment_status":"closed","ping_status":"closed","sticky":false,"template":"","format":"standard","meta":{"footnotes":""},"categories":[27],"tags":[],"class_list":["post-79798","post","type-post","status-publish","format-standard","hentry","category-deportes"],"yoast_head":"<!-- This site is optimized with the Yoast SEO plugin v25.9 - https:\/\/yoast.com\/wordpress\/plugins\/seo\/ -->\n<title>Scaloni recort\u00f3 la lista a 32 integrantes y viaj\u00f3 a Qatar con Armani - Noticias Radio Reflejos<\/title>\n<meta name=\"robots\" content=\"index, follow, max-snippet:-1, max-image-preview:large, max-video-preview:-1\" \/>\n<link rel=\"canonical\" href=\"https:\/\/www.noticiasradioreflejos.com.ar\/2021\/scaloni-recorto-la-lista-a-32-integrantes-y-viajo-a-qatar-con-armani\/\" \/>\n<meta property=\"og:locale\" content=\"es_ES\" \/>\n<meta property=\"og:type\" content=\"article\" \/>\n<meta property=\"og:title\" content=\"Scaloni recort\u00f3 la lista a 32 integrantes y viaj\u00f3 a Qatar con Armani - Noticias Radio Reflejos\" \/>\n<meta property=\"og:description\" content=\"Algunos de los futbolistas que quedaron afuera son Lucas Mart\u00ednez Quarta, Agust\u00edn Marches\u00edn, Agust\u00edn Rossi, Marcos Senesi, Emiliano Buend\u00eda, Lucas Alario, Giovanni Simeone y Lucas Ocampos, entre otros.\" \/>\n<meta property=\"og:url\" content=\"https:\/\/www.noticiasradioreflejos.com.ar\/2021\/scaloni-recorto-la-lista-a-32-integrantes-y-viajo-a-qatar-con-armani\/\" \/>\n<meta property=\"og:site_name\" content=\"Noticias Radio Reflejos\" \/>\n<meta property=\"article:published_time\" content=\"2022-11-07T10:18:32+00:00\" \/>\n<meta property=\"og:image\" content=\"https:\/\/www.telam.com.ar\/thumbs\/bluesteel\/advf\/imagenes\/2022\/11\/63627a24b8283_1200.jpg\" \/>\n<meta name=\"author\" content=\"Arnaldo Botto\" \/>\n<meta name=\"twitter:card\" content=\"summary_large_image\" \/>\n<script type=\"application\/ld+json\" class=\"yoast-schema-graph\">{\"@context\":\"https:\/\/schema.org\",\"@graph\":[{\"@type\":\"WebPage\",\"@id\":\"https:\/\/www.noticiasradioreflejos.com.ar\/2021\/scaloni-recorto-la-lista-a-32-integrantes-y-viajo-a-qatar-con-armani\/\",\"url\":\"https:\/\/www.noticiasradioreflejos.com.ar\/2021\/scaloni-recorto-la-lista-a-32-integrantes-y-viajo-a-qatar-con-armani\/\",\"name\":\"Scaloni recort\u00f3 la lista a 32 integrantes y viaj\u00f3 a Qatar con Armani - Noticias Radio Reflejos\",\"isPartOf\":{\"@id\":\"https:\/\/www.noticiasradioreflejos.com.ar\/2021\/#website\"},\"primaryImageOfPage\":{\"@id\":\"https:\/\/www.noticiasradioreflejos.com.ar\/2021\/scaloni-recorto-la-lista-a-32-integrantes-y-viajo-a-qatar-con-armani\/#primaryimage\"},\"image\":{\"@id\":\"https:\/\/www.noticiasradioreflejos.com.ar\/2021\/scaloni-recorto-la-lista-a-32-integrantes-y-viajo-a-qatar-con-armani\/#primaryimage\"},\"thumbnailUrl\":\"https:\/\/www.telam.com.ar\/thumbs\/bluesteel\/advf\/imagenes\/2022\/11\/63627a24b8283_1200.jpg\",\"datePublished\":\"2022-11-07T10:18:32+00:00\",\"author\":{\"@id\":\"https:\/\/www.noticiasradioreflejos.com.ar\/2021\/#\/schema\/person\/ad82545263dcc5ec0996818884fd5fb1\"},\"breadcrumb\":{\"@id\":\"https:\/\/www.noticiasradioreflejos.com.ar\/2021\/scaloni-recorto-la-lista-a-32-integrantes-y-viajo-a-qatar-con-armani\/#breadcrumb\"},\"inLanguage\":\"es\",\"potentialAction\":[{\"@type\":\"ReadAction\",\"target\":[\"https:\/\/www.noticiasradioreflejos.com.ar\/2021\/scaloni-recorto-la-lista-a-32-integrantes-y-viajo-a-qatar-con-armani\/\"]}]},{\"@type\":\"ImageObject\",\"inLanguage\":\"es\",\"@id\":\"https:\/\/www.noticiasradioreflejos.com.ar\/2021\/scaloni-recorto-la-lista-a-32-integrantes-y-viajo-a-qatar-con-armani\/#primaryimage\",\"url\":\"https:\/\/www.telam.com.ar\/thumbs\/bluesteel\/advf\/imagenes\/2022\/11\/63627a24b8283_1200.jpg\",\"contentUrl\":\"https:\/\/www.telam.com.ar\/thumbs\/bluesteel\/advf\/imagenes\/2022\/11\/63627a24b8283_1200.jpg\"},{\"@type\":\"BreadcrumbList\",\"@id\":\"https:\/\/www.noticiasradioreflejos.com.ar\/2021\/scaloni-recorto-la-lista-a-32-integrantes-y-viajo-a-qatar-con-armani\/#breadcrumb\",\"itemListElement\":[{\"@type\":\"ListItem\",\"position\":1,\"name\":\"Portada\",\"item\":\"https:\/\/www.noticiasradioreflejos.com.ar\/2021\/\"},{\"@type\":\"ListItem\",\"position\":2,\"name\":\"Scaloni recort\u00f3 la lista a 32 integrantes y viaj\u00f3 a Qatar con Armani\"}]},{\"@type\":\"WebSite\",\"@id\":\"https:\/\/www.noticiasradioreflejos.com.ar\/2021\/#website\",\"url\":\"https:\/\/www.noticiasradioreflejos.com.ar\/2021\/\",\"name\":\"Noticias Radio Reflejos\",\"description\":\"Las noticias de mi comarca\",\"potentialAction\":[{\"@type\":\"SearchAction\",\"target\":{\"@type\":\"EntryPoint\",\"urlTemplate\":\"https:\/\/www.noticiasradioreflejos.com.ar\/2021\/?s={search_term_string}\"},\"query-input\":{\"@type\":\"PropertyValueSpecification\",\"valueRequired\":true,\"valueName\":\"search_term_string\"}}],\"inLanguage\":\"es\"},{\"@type\":\"Person\",\"@id\":\"https:\/\/www.noticiasradioreflejos.com.ar\/2021\/#\/schema\/person\/ad82545263dcc5ec0996818884fd5fb1\",\"name\":\"Arnaldo Botto\",\"image\":{\"@type\":\"ImageObject\",\"inLanguage\":\"es\",\"@id\":\"https:\/\/www.noticiasradioreflejos.com.ar\/2021\/#\/schema\/person\/image\/\",\"url\":\"https:\/\/secure.gravatar.com\/avatar\/55cb5e37c1efa326397366e6974cb338056df65cb50e7d64d1cf314e87504837?s=96&d=mm&r=g\",\"contentUrl\":\"https:\/\/secure.gravatar.com\/avatar\/55cb5e37c1efa326397366e6974cb338056df65cb50e7d64d1cf314e87504837?s=96&d=mm&r=g\",\"caption\":\"Arnaldo Botto\"},\"url\":\"https:\/\/www.noticiasradioreflejos.com.ar\/2021\/author\/arnaldo\/\"}]}<\/script>\n<!-- \/ Yoast SEO plugin. -->","yoast_head_json":{"title":"Scaloni recort\u00f3 la lista a 32 integrantes y viaj\u00f3 a Qatar con Armani - Noticias Radio Reflejos","robots":{"index":"index","follow":"follow","max-snippet":"max-snippet:-1","max-image-preview":"max-image-preview:large","max-video-preview":"max-video-preview:-1"},"canonical":"https:\/\/www.noticiasradioreflejos.com.ar\/2021\/scaloni-recorto-la-lista-a-32-integrantes-y-viajo-a-qatar-con-armani\/","og_locale":"es_ES","og_type":"article","og_title":"Scaloni recort\u00f3 la lista a 32 integrantes y viaj\u00f3 a Qatar con Armani - Noticias Radio Reflejos","og_description":"Algunos de los futbolistas que quedaron afuera son Lucas Mart\u00ednez Quarta, Agust\u00edn Marches\u00edn, Agust\u00edn Rossi, Marcos Senesi, Emiliano Buend\u00eda, Lucas Alario, Giovanni Simeone y Lucas Ocampos, entre otros.","og_url":"https:\/\/www.noticiasradioreflejos.com.ar\/2021\/scaloni-recorto-la-lista-a-32-integrantes-y-viajo-a-qatar-con-armani\/","og_site_name":"Noticias Radio Reflejos","article_published_time":"2022-11-07T10:18:32+00:00","og_image":[{"url":"https:\/\/www.telam.com.ar\/thumbs\/bluesteel\/advf\/imagenes\/2022\/11\/63627a24b8283_1200.jpg","type":"","width":"","height":""}],"author":"Arnaldo Botto","twitter_card":"summary_large_image","schema":{"@context":"https:\/\/schema.org","@graph":[{"@type":"WebPage","@id":"https:\/\/www.noticiasradioreflejos.com.ar\/2021\/scaloni-recorto-la-lista-a-32-integrantes-y-viajo-a-qatar-con-armani\/","url":"https:\/\/www.noticiasradioreflejos.com.ar\/2021\/scaloni-recorto-la-lista-a-32-integrantes-y-viajo-a-qatar-con-armani\/","name":"Scaloni recort\u00f3 la lista a 32 integrantes y viaj\u00f3 a Qatar con Armani - Noticias Radio Reflejos","isPartOf":{"@id":"https:\/\/www.noticiasradioreflejos.com.ar\/2021\/#website"},"primaryImageOfPage":{"@id":"https:\/\/www.noticiasradioreflejos.com.ar\/2021\/scaloni-recorto-la-lista-a-32-integrantes-y-viajo-a-qatar-con-armani\/#primaryimage"},"image":{"@id":"https:\/\/www.noticiasradioreflejos.com.ar\/2021\/scaloni-recorto-la-lista-a-32-integrantes-y-viajo-a-qatar-con-armani\/#primaryimage"},"thumbnailUrl":"https:\/\/www.telam.com.ar\/thumbs\/bluesteel\/advf\/imagenes\/2022\/11\/63627a24b8283_1200.jpg","datePublished":"2022-11-07T10:18:32+00:00","author":{"@id":"https:\/\/www.noticiasradioreflejos.com.ar\/2021\/#\/schema\/person\/ad82545263dcc5ec0996818884fd5fb1"},"breadcrumb":{"@id":"https:\/\/www.noticiasradioreflejos.com.ar\/2021\/scaloni-recorto-la-lista-a-32-integrantes-y-viajo-a-qatar-con-armani\/#breadcrumb"},"inLanguage":"es","potentialAction":[{"@type":"ReadAction","target":["https:\/\/www.noticiasradioreflejos.com.ar\/2021\/scaloni-recorto-la-lista-a-32-integrantes-y-viajo-a-qatar-con-armani\/"]}]},{"@type":"ImageObject","inLanguage":"es","@id":"https:\/\/www.noticiasradioreflejos.com.ar\/2021\/scaloni-recorto-la-lista-a-32-integrantes-y-viajo-a-qatar-con-armani\/#primaryimage","url":"https:\/\/www.telam.com.ar\/thumbs\/bluesteel\/advf\/imagenes\/2022\/11\/63627a24b8283_1200.jpg","contentUrl":"https:\/\/www.telam.com.ar\/thumbs\/bluesteel\/advf\/imagenes\/2022\/11\/63627a24b8283_1200.jpg"},{"@type":"BreadcrumbList","@id":"https:\/\/www.noticiasradioreflejos.com.ar\/2021\/scaloni-recorto-la-lista-a-32-integrantes-y-viajo-a-qatar-con-armani\/#breadcrumb","itemListElement":[{"@type":"ListItem","position":1,"name":"Portada","item":"https:\/\/www.noticiasradioreflejos.com.ar\/2021\/"},{"@type":"ListItem","position":2,"name":"Scaloni recort\u00f3 la lista a 32 integrantes y viaj\u00f3 a Qatar con Armani"}]},{"@type":"WebSite","@id":"https:\/\/www.noticiasradioreflejos.com.ar\/2021\/#website","url":"https:\/\/www.noticiasradioreflejos.com.ar\/2021\/","name":"Noticias Radio Reflejos","description":"Las noticias de mi comarca","potentialAction":[{"@type":"SearchAction","target":{"@type":"EntryPoint","urlTemplate":"https:\/\/www.noticiasradioreflejos.com.ar\/2021\/?s={search_term_string}"},"query-input":{"@type":"PropertyValueSpecification","valueRequired":true,"valueName":"search_term_string"}}],"inLanguage":"es"},{"@type":"Person","@id":"https:\/\/www.noticiasradioreflejos.com.ar\/2021\/#\/schema\/person\/ad82545263dcc5ec0996818884fd5fb1","name":"Arnaldo Botto","image":{"@type":"ImageObject","inLanguage":"es","@id":"https:\/\/www.noticiasradioreflejos.com.ar\/2021\/#\/schema\/person\/image\/","url":"https:\/\/secure.gravatar.com\/avatar\/55cb5e37c1efa326397366e6974cb338056df65cb50e7d64d1cf314e87504837?s=96&d=mm&r=g","contentUrl":"https:\/\/secure.gravatar.com\/avatar\/55cb5e37c1efa326397366e6974cb338056df65cb50e7d64d1cf314e87504837?s=96&d=mm&r=g","caption":"Arnaldo Botto"},"url":"https:\/\/www.noticiasradioreflejos.com.ar\/2021\/author\/arnaldo\/"}]}},"_links":{"self":[{"href":"https:\/\/www.noticiasradioreflejos.com.ar\/2021\/wp-json\/wp\/v2\/posts\/79798","targetHints":{"allow":["GET"]}}],"collection":[{"href":"https:\/\/www.noticiasradioreflejos.com.ar\/2021\/wp-json\/wp\/v2\/posts"}],"about":[{"href":"https:\/\/www.noticiasradioreflejos.com.ar\/2021\/wp-json\/wp\/v2\/types\/post"}],"author":[{"embeddable":true,"href":"https:\/\/www.noticiasradioreflejos.com.ar\/2021\/wp-json\/wp\/v2\/users\/3"}],"replies":[{"embeddable":true,"href":"https:\/\/www.noticiasradioreflejos.com.ar\/2021\/wp-json\/wp\/v2\/comments?post=79798"}],"version-history":[{"count":1,"href":"https:\/\/www.noticiasradioreflejos.com.ar\/2021\/wp-json\/wp\/v2\/posts\/79798\/revisions"}],"predecessor-version":[{"id":79800,"href":"https:\/\/www.noticiasradioreflejos.com.ar\/2021\/wp-json\/wp\/v2\/posts\/79798\/revisions\/79800"}],"wp:attachment":[{"href":"https:\/\/www.noticiasradioreflejos.com.ar\/2021\/wp-json\/wp\/v2\/media?parent=79798"}],"wp:term":[{"taxonomy":"category","embeddable":true,"href":"https:\/\/www.noticiasradioreflejos.com.ar\/2021\/wp-json\/wp\/v2\/categories?post=79798"},{"taxonomy":"post_tag","embeddable":true,"href":"https:\/\/www.noticiasradioreflejos.com.ar\/2021\/wp-json\/wp\/v2\/tags?post=79798"}],"curies":[{"name":"wp","href":"https:\/\/api.w.org\/{rel}","templated":true}]}}