{"id":79795,"date":"2022-11-07T10:14:54","date_gmt":"2022-11-07T10:14:54","guid":{"rendered":"http:\/\/www.noticiasradioreflejos.com.ar\/2021\/?p=79795"},"modified":"2022-11-07T10:14:54","modified_gmt":"2022-11-07T10:14:54","slug":"con-el-reclamo-por-la-despenalizacion-del-consumo-concluyo-la-expo-cannabis-en-la-rural","status":"publish","type":"post","link":"https:\/\/www.noticiasradioreflejos.com.ar\/2021\/con-el-reclamo-por-la-despenalizacion-del-consumo-concluyo-la-expo-cannabis-en-la-rural\/","title":{"rendered":"Con el reclamo por la despenalizaci\u00f3n del consumo, concluy\u00f3 la Expo Cannabis en La Rural"},"content":{"rendered":"<p>La tercera edici\u00f3n de la Expo Cannabis, que se desarroll\u00f3 en predio ubicado en el barrio porte\u00f1o de Palermo, cont\u00f3 con m\u00e1s de 80 conferencias y talleres y por primera vez tuvo la comercializaci\u00f3n legal de semillas y plantines.<!--more--><\/p>\n<figure class=\"mb-3\"><img decoding=\"async\" src=\"https:\/\/www.telam.com.ar\/thumbs\/bluesteel\/advf\/imagenes\/2022\/11\/6367fdb21d9de_1200.jpg\" alt=\"Foto Alfredo Luna\" width=\"100%\" height=\"100%\" \/><\/p>\n<div class=\"media-icons\"><\/div><figcaption>(Foto: Alfredo Luna).<\/figcaption><\/figure>\n<p>La tercera edici\u00f3n de la Expo Cannabis, que se realiz\u00f3 desde el viernes en el predio de La Rural, del barrio porte\u00f1o de Palermo, concluy\u00f3 este domingo con miles de asistentes que pudieron informarse sobre los avances del cannabis medicinal en el pa\u00eds, donde comenz\u00f3 por primera vez la venta legal de semillas y plantines, mientras que se volvi\u00f3 a reclamar por la despenalizaci\u00f3n del consumo.<\/p>\n<p><strong>\u00abSuper\u00f3 con creces las expectativas que ten\u00edamos, La Rural fue desbordada, en los dos primeros d\u00edas hubo m\u00e1s gente que en toda la edici\u00f3n anterior\u00bb<\/strong>, dijo a T\u00e9lam Sebasti\u00e1n Basalo, director de la revista THC y organizador del evento, y resalt\u00f3 que \u00abhubo gente de todas las edades, mucha familia. Es una fotograf\u00eda so\u00f1ada\u00bb.<\/p>\n<p><strong>La Expo cont\u00f3 con m\u00e1s de 80 conferencias y talleres que se desarrollaban desde las 10 hasta las 20, en dos pabellones simult\u00e1neos llamados \u00abIndustria y cultivo\u00bb y \u00abCannabis medicinal\u00bb, abordando as\u00ed todos los temas relacionados al cannabis.<\/strong><\/p>\n<figure class=\"mb-3\"><img decoding=\"async\" src=\"https:\/\/www.telam.com.ar\/thumbs\/bluesteel\/advf\/imagenes\/2022\/11\/6367fdb1f3db5_1200.jpg\" alt=\"Foto Alfredo Luna\" width=\"100%\" height=\"100%\" \/><\/p>\n<div class=\"media-icons\"><\/div><figcaption>(Foto: Alfredo Luna).<\/figcaption><\/figure>\n<p>\u00abIntentamos abarcar toda la realidad de la planta\u00bb, coment\u00f3 Basalo y asegur\u00f3 que, ante la masividad del evento, \u00abqued\u00f3 demostrado que hay una nueva realidad del cannabis en Argentina\u00bb.<\/p>\n<p>\u00abLa sociedad fue entendiendo de a poco todo lo que tiene para darnos esta planta gracias a la informaci\u00f3n. Nos queda como \u00faltimo desaf\u00edo terminar con la criminalizaci\u00f3n por uso y tenencia de cannabis. Tenemos que dar vuelta la p\u00e1gina de esa \u00e9poca oscura que fue el prohibicionismo\u00bb, asever\u00f3.<\/p>\n<figure class=\"mb-3\"><img decoding=\"async\" src=\"https:\/\/www.telam.com.ar\/thumbs\/bluesteel\/advf\/imagenes\/2022\/11\/6367fdb1d50c3_1200.jpg\" alt=\"Foto Alfredo Luna\" width=\"100%\" height=\"100%\" \/><\/p>\n<div class=\"media-icons\"><\/div><figcaption>(Foto: Alfredo Luna).<\/figcaption><\/figure>\n<p><strong>Esta edici\u00f3n de la Expo Cannabis tuvo como particularidad de que se entregaron los primeros certificados de titularidad de las variedades de cannabis registradas en el pa\u00eds, las nueve variedades de semillas que fueron habilitadas para su comercializaci\u00f3n a trav\u00e9s del Registro del Programa Cannabis (Reprocann).<\/strong><\/p>\n<h2 class=\"\">M\u00e1s voces sobre el cannabis<\/h2>\n<p>La ministra de Salud de la Naci\u00f3n, Carla Vizzotti,<a href=\"https:\/\/www.telam.com.ar\/notas\/202211\/609957-vizzotti-cannabis-medicinal-medicos-salud-marihuana.html\" target=\"_blank\" rel=\"noopener\">\u00a0visit\u00f3 la feria el viernes y destac\u00f3 que la habilitaci\u00f3n del cultivo y uso medicinal del cannabis\u00a0<\/a>se hizo \u00abporque\u00a0<strong>entendemos que el derecho a la salud est\u00e1 por encima de cualquier otra mirada punitiva<\/strong>\u00ab.<\/p>\n<p>Si bien se destacaron los avances en el plano del cannabis medicinal, tambi\u00e9n hubo espacio en la feria para los reclamos sobre la modificaci\u00f3n de la ley 23.737 para actualizar la legislaci\u00f3n sobre estupefacientes.<\/p>\n<p>\u00ab<strong>Tenemos un mont\u00f3n de desaf\u00edos, hay una necesidad de modificaci\u00f3n de la ley de drogas<\/strong>. No puede ser que las fuerzas de seguridad y la Justicia est\u00e9n detr\u00e1s de la persecuci\u00f3n del consumidor personal\u00bb, asegur\u00f3 Carolina Gaillard, diputada del Frente de Todos, quien fue la \u00fanica legisladora en asistir al evento a pesar de que se convoc\u00f3 a todos los sectores pol\u00edticos, seg\u00fan detallaron los organizadores.<\/p>\n<figure class=\"mb-3\"><img decoding=\"async\" src=\"https:\/\/www.telam.com.ar\/thumbs\/bluesteel\/advf\/imagenes\/2022\/11\/6367fdb25a66c_1200.jpg\" alt=\"Foto Alfredo Luna\" width=\"100%\" height=\"100%\" \/><\/p>\n<div class=\"media-icons\"><\/div><figcaption>(Foto: Alfredo Luna).<\/figcaption><\/figure>\n<p><strong>De las 11 mil causas que se registraron en 2021 por tenencia de estupefacientes, el 40% fueron tenencia simple o consumo personal<\/strong>, precis\u00f3 la diputada.<\/p>\n<p>\u00abEl Congreso tiene un debate pendiente que tiene que dar ya. Es urgente, porque el consumo personal, como dijo la Corte Suprema, es una acci\u00f3n privada de las personas. tenemos que resolver la despenalizaci\u00f3n\u00bb, asever\u00f3.<\/p>\n<figure class=\"mb-3\"><img decoding=\"async\" src=\"https:\/\/www.telam.com.ar\/thumbs\/bluesteel\/advf\/imagenes\/2022\/11\/6367fdb2b4efb_1200.jpg\" alt=\"Foto Alfredo Luna\" width=\"100%\" height=\"100%\" \/><\/p>\n<div class=\"media-icons\"><\/div><figcaption>(Foto: Alfredo Luna).<\/figcaption><\/figure>\n<p>El cantante L-Gante se present\u00f3 este domingo su nueva l\u00ednea de semillas en conjunto con la empresa Champions Seeds, que son dos semillas femenizadas llamadas \u00abMafilia, de la cepa sativa, y \u00abCumbia 420\u00bb, de la cepa \u00edndica.<\/p>\n<p><strong>\u00abOrgullosamente fumo marihuana, pero si lo digo en tele me critican de mala manera. Me dicen drogadicto pero no me molesta, yo s\u00e9 que hago las cosas bien, que estoy enfocado en mi mundo\u00bb<\/strong>, asever\u00f3 el artista.<\/p>\n<p>En los tres d\u00edas de feria, hubo consultorios medicinales, veterinarios, arte en vivo, venta de productos para fumar, juegos para ni\u00f1os y un gran patio de comidas.<\/p>\n<figure class=\"mb-3\"><img decoding=\"async\" src=\"https:\/\/www.telam.com.ar\/thumbs\/bluesteel\/advf\/imagenes\/2022\/11\/6367fdb278658_1200.jpg\" alt=\"Foto Alfredo Luna\" width=\"100%\" height=\"100%\" \/><\/p>\n<div class=\"media-icons\"><\/div><figcaption>(Foto: Alfredo Luna).<\/figcaption><\/figure>\n<p>Asimismo, se presentaron distintos productos a base de cannabis de cosm\u00e9tica, oleos \u00edntimos y hasta helados, entre otros.<\/p>\n<p>A su vez, se brindaron cursos completos de cultivo y elaboraci\u00f3n de aceite medicinal, armado e instalaci\u00f3n de armarios de cultivo, extracci\u00f3n de resinas, cultivo de variedades autoflorecientes e hidroponia.<\/p>\n<p>Sergio Tellez, cultivador profesional que brind\u00f3 dos charlas sobre el cultivo en interiores, coment\u00f3 a T\u00e9lam que \u00abes incre\u00edble c\u00f3mo lleg\u00f3 tanta gente nueva para aprender de los talleres\u00bb.<\/p>\n<figure class=\"mb-3\"><img decoding=\"async\" src=\"https:\/\/www.telam.com.ar\/thumbs\/bluesteel\/advf\/imagenes\/2022\/11\/6367fdb23cdd0_1200.jpg\" alt=\"Foto Alfredo Luna\" width=\"100%\" height=\"100%\" \/><\/p>\n<div class=\"media-icons\"><\/div><figcaption>(Foto: Alfredo Luna).<\/figcaption><\/figure>\n<p><strong>\u00abHay mucha gente que se est\u00e1 interiorizando en el cultivo. Que hoy en d\u00eda cambie el panorama es muy bueno. Antes era todo muy marginal, de autocultivo, yo creo que ahora la industria va a crecer exponencialmente, ya no hay vuelta atr\u00e1s<\/strong>\u00ab, asegur\u00f3.<\/p>\n<p>Tellez llam\u00f3 a la gente a \u00abanimarse a cultivar\u00bb y aconsej\u00f3 que \u00abhay que leer, informarse, preguntar si tienen dudas porque el cannabis no es una planta com\u00fan y corriente\u00bb.<\/p>\n<p><strong>Uno de los stands m\u00e1s destacados fue el de Canava, la empresa perteneciente a la provincia de Jujuy que realiza el cultivo legal m\u00e1s grande de Latinoam\u00e9rica de cannabis y distribuye aceite en esa jurisdicci\u00f3n bajo receta m\u00e9dica, para tratar la epilepsia refractaria, la enfermedad inflamatoria intestinal y s\u00edntomas relativos al c\u00e1ncer.<\/strong><\/p>\n","protected":false},"excerpt":{"rendered":"<p>La tercera edici\u00f3n de la Expo Cannabis, que se desarroll\u00f3 en predio ubicado en el barrio porte\u00f1o de Palermo, cont\u00f3 con m\u00e1s de 80 conferencias y talleres y por primera vez tuvo la comercializaci\u00f3n legal de semillas y plantines.<\/p>\n","protected":false},"author":3,"featured_media":0,"comment_status":"closed","ping_status":"closed","sticky":false,"template":"","format":"standard","meta":{"footnotes":""},"categories":[46,26],"tags":[],"class_list":["post-79795","post","type-post","status-publish","format-standard","hentry","category-ciencia-y-tecnologia","category-sociedad"],"yoast_head":"<!-- This site is optimized with the Yoast SEO plugin v25.9 - https:\/\/yoast.com\/wordpress\/plugins\/seo\/ -->\n<title>Con el reclamo por la despenalizaci\u00f3n del consumo, concluy\u00f3 la Expo Cannabis en La Rural - Noticias Radio Reflejos<\/title>\n<meta name=\"robots\" content=\"index, follow, max-snippet:-1, max-image-preview:large, max-video-preview:-1\" \/>\n<link rel=\"canonical\" href=\"https:\/\/www.noticiasradioreflejos.com.ar\/2021\/con-el-reclamo-por-la-despenalizacion-del-consumo-concluyo-la-expo-cannabis-en-la-rural\/\" \/>\n<meta property=\"og:locale\" content=\"es_ES\" \/>\n<meta property=\"og:type\" content=\"article\" \/>\n<meta property=\"og:title\" content=\"Con el reclamo por la despenalizaci\u00f3n del consumo, concluy\u00f3 la Expo Cannabis en La Rural - Noticias Radio Reflejos\" \/>\n<meta property=\"og:description\" content=\"La tercera edici\u00f3n de la Expo Cannabis, que se desarroll\u00f3 en predio ubicado en el barrio porte\u00f1o de Palermo, cont\u00f3 con m\u00e1s de 80 conferencias y talleres y por primera vez tuvo la comercializaci\u00f3n legal de semillas y plantines.\" \/>\n<meta property=\"og:url\" content=\"https:\/\/www.noticiasradioreflejos.com.ar\/2021\/con-el-reclamo-por-la-despenalizacion-del-consumo-concluyo-la-expo-cannabis-en-la-rural\/\" \/>\n<meta property=\"og:site_name\" content=\"Noticias Radio Reflejos\" \/>\n<meta property=\"article:published_time\" content=\"2022-11-07T10:14:54+00:00\" \/>\n<meta property=\"og:image\" content=\"https:\/\/www.telam.com.ar\/thumbs\/bluesteel\/advf\/imagenes\/2022\/11\/6367fdb21d9de_1200.jpg\" \/>\n<meta name=\"author\" content=\"Arnaldo Botto\" \/>\n<meta name=\"twitter:card\" content=\"summary_large_image\" \/>\n<script type=\"application\/ld+json\" class=\"yoast-schema-graph\">{\"@context\":\"https:\/\/schema.org\",\"@graph\":[{\"@type\":\"WebPage\",\"@id\":\"https:\/\/www.noticiasradioreflejos.com.ar\/2021\/con-el-reclamo-por-la-despenalizacion-del-consumo-concluyo-la-expo-cannabis-en-la-rural\/\",\"url\":\"https:\/\/www.noticiasradioreflejos.com.ar\/2021\/con-el-reclamo-por-la-despenalizacion-del-consumo-concluyo-la-expo-cannabis-en-la-rural\/\",\"name\":\"Con el reclamo por la despenalizaci\u00f3n del consumo, concluy\u00f3 la Expo Cannabis en La Rural - Noticias Radio Reflejos\",\"isPartOf\":{\"@id\":\"https:\/\/www.noticiasradioreflejos.com.ar\/2021\/#website\"},\"primaryImageOfPage\":{\"@id\":\"https:\/\/www.noticiasradioreflejos.com.ar\/2021\/con-el-reclamo-por-la-despenalizacion-del-consumo-concluyo-la-expo-cannabis-en-la-rural\/#primaryimage\"},\"image\":{\"@id\":\"https:\/\/www.noticiasradioreflejos.com.ar\/2021\/con-el-reclamo-por-la-despenalizacion-del-consumo-concluyo-la-expo-cannabis-en-la-rural\/#primaryimage\"},\"thumbnailUrl\":\"https:\/\/www.telam.com.ar\/thumbs\/bluesteel\/advf\/imagenes\/2022\/11\/6367fdb21d9de_1200.jpg\",\"datePublished\":\"2022-11-07T10:14:54+00:00\",\"author\":{\"@id\":\"https:\/\/www.noticiasradioreflejos.com.ar\/2021\/#\/schema\/person\/ad82545263dcc5ec0996818884fd5fb1\"},\"breadcrumb\":{\"@id\":\"https:\/\/www.noticiasradioreflejos.com.ar\/2021\/con-el-reclamo-por-la-despenalizacion-del-consumo-concluyo-la-expo-cannabis-en-la-rural\/#breadcrumb\"},\"inLanguage\":\"es\",\"potentialAction\":[{\"@type\":\"ReadAction\",\"target\":[\"https:\/\/www.noticiasradioreflejos.com.ar\/2021\/con-el-reclamo-por-la-despenalizacion-del-consumo-concluyo-la-expo-cannabis-en-la-rural\/\"]}]},{\"@type\":\"ImageObject\",\"inLanguage\":\"es\",\"@id\":\"https:\/\/www.noticiasradioreflejos.com.ar\/2021\/con-el-reclamo-por-la-despenalizacion-del-consumo-concluyo-la-expo-cannabis-en-la-rural\/#primaryimage\",\"url\":\"https:\/\/www.telam.com.ar\/thumbs\/bluesteel\/advf\/imagenes\/2022\/11\/6367fdb21d9de_1200.jpg\",\"contentUrl\":\"https:\/\/www.telam.com.ar\/thumbs\/bluesteel\/advf\/imagenes\/2022\/11\/6367fdb21d9de_1200.jpg\"},{\"@type\":\"BreadcrumbList\",\"@id\":\"https:\/\/www.noticiasradioreflejos.com.ar\/2021\/con-el-reclamo-por-la-despenalizacion-del-consumo-concluyo-la-expo-cannabis-en-la-rural\/#breadcrumb\",\"itemListElement\":[{\"@type\":\"ListItem\",\"position\":1,\"name\":\"Portada\",\"item\":\"https:\/\/www.noticiasradioreflejos.com.ar\/2021\/\"},{\"@type\":\"ListItem\",\"position\":2,\"name\":\"Con el reclamo por la despenalizaci\u00f3n del consumo, concluy\u00f3 la Expo Cannabis en La Rural\"}]},{\"@type\":\"WebSite\",\"@id\":\"https:\/\/www.noticiasradioreflejos.com.ar\/2021\/#website\",\"url\":\"https:\/\/www.noticiasradioreflejos.com.ar\/2021\/\",\"name\":\"Noticias Radio Reflejos\",\"description\":\"Las noticias de mi comarca\",\"potentialAction\":[{\"@type\":\"SearchAction\",\"target\":{\"@type\":\"EntryPoint\",\"urlTemplate\":\"https:\/\/www.noticiasradioreflejos.com.ar\/2021\/?s={search_term_string}\"},\"query-input\":{\"@type\":\"PropertyValueSpecification\",\"valueRequired\":true,\"valueName\":\"search_term_string\"}}],\"inLanguage\":\"es\"},{\"@type\":\"Person\",\"@id\":\"https:\/\/www.noticiasradioreflejos.com.ar\/2021\/#\/schema\/person\/ad82545263dcc5ec0996818884fd5fb1\",\"name\":\"Arnaldo Botto\",\"image\":{\"@type\":\"ImageObject\",\"inLanguage\":\"es\",\"@id\":\"https:\/\/www.noticiasradioreflejos.com.ar\/2021\/#\/schema\/person\/image\/\",\"url\":\"https:\/\/secure.gravatar.com\/avatar\/55cb5e37c1efa326397366e6974cb338056df65cb50e7d64d1cf314e87504837?s=96&d=mm&r=g\",\"contentUrl\":\"https:\/\/secure.gravatar.com\/avatar\/55cb5e37c1efa326397366e6974cb338056df65cb50e7d64d1cf314e87504837?s=96&d=mm&r=g\",\"caption\":\"Arnaldo Botto\"},\"url\":\"https:\/\/www.noticiasradioreflejos.com.ar\/2021\/author\/arnaldo\/\"}]}<\/script>\n<!-- \/ Yoast SEO plugin. -->","yoast_head_json":{"title":"Con el reclamo por la despenalizaci\u00f3n del consumo, concluy\u00f3 la Expo Cannabis en La Rural - Noticias Radio Reflejos","robots":{"index":"index","follow":"follow","max-snippet":"max-snippet:-1","max-image-preview":"max-image-preview:large","max-video-preview":"max-video-preview:-1"},"canonical":"https:\/\/www.noticiasradioreflejos.com.ar\/2021\/con-el-reclamo-por-la-despenalizacion-del-consumo-concluyo-la-expo-cannabis-en-la-rural\/","og_locale":"es_ES","og_type":"article","og_title":"Con el reclamo por la despenalizaci\u00f3n del consumo, concluy\u00f3 la Expo Cannabis en La Rural - Noticias Radio Reflejos","og_description":"La tercera edici\u00f3n de la Expo Cannabis, que se desarroll\u00f3 en predio ubicado en el barrio porte\u00f1o de Palermo, cont\u00f3 con m\u00e1s de 80 conferencias y talleres y por primera vez tuvo la comercializaci\u00f3n legal de semillas y plantines.","og_url":"https:\/\/www.noticiasradioreflejos.com.ar\/2021\/con-el-reclamo-por-la-despenalizacion-del-consumo-concluyo-la-expo-cannabis-en-la-rural\/","og_site_name":"Noticias Radio Reflejos","article_published_time":"2022-11-07T10:14:54+00:00","og_image":[{"url":"https:\/\/www.telam.com.ar\/thumbs\/bluesteel\/advf\/imagenes\/2022\/11\/6367fdb21d9de_1200.jpg","type":"","width":"","height":""}],"author":"Arnaldo Botto","twitter_card":"summary_large_image","schema":{"@context":"https:\/\/schema.org","@graph":[{"@type":"WebPage","@id":"https:\/\/www.noticiasradioreflejos.com.ar\/2021\/con-el-reclamo-por-la-despenalizacion-del-consumo-concluyo-la-expo-cannabis-en-la-rural\/","url":"https:\/\/www.noticiasradioreflejos.com.ar\/2021\/con-el-reclamo-por-la-despenalizacion-del-consumo-concluyo-la-expo-cannabis-en-la-rural\/","name":"Con el reclamo por la despenalizaci\u00f3n del consumo, concluy\u00f3 la Expo Cannabis en La Rural - Noticias Radio Reflejos","isPartOf":{"@id":"https:\/\/www.noticiasradioreflejos.com.ar\/2021\/#website"},"primaryImageOfPage":{"@id":"https:\/\/www.noticiasradioreflejos.com.ar\/2021\/con-el-reclamo-por-la-despenalizacion-del-consumo-concluyo-la-expo-cannabis-en-la-rural\/#primaryimage"},"image":{"@id":"https:\/\/www.noticiasradioreflejos.com.ar\/2021\/con-el-reclamo-por-la-despenalizacion-del-consumo-concluyo-la-expo-cannabis-en-la-rural\/#primaryimage"},"thumbnailUrl":"https:\/\/www.telam.com.ar\/thumbs\/bluesteel\/advf\/imagenes\/2022\/11\/6367fdb21d9de_1200.jpg","datePublished":"2022-11-07T10:14:54+00:00","author":{"@id":"https:\/\/www.noticiasradioreflejos.com.ar\/2021\/#\/schema\/person\/ad82545263dcc5ec0996818884fd5fb1"},"breadcrumb":{"@id":"https:\/\/www.noticiasradioreflejos.com.ar\/2021\/con-el-reclamo-por-la-despenalizacion-del-consumo-concluyo-la-expo-cannabis-en-la-rural\/#breadcrumb"},"inLanguage":"es","potentialAction":[{"@type":"ReadAction","target":["https:\/\/www.noticiasradioreflejos.com.ar\/2021\/con-el-reclamo-por-la-despenalizacion-del-consumo-concluyo-la-expo-cannabis-en-la-rural\/"]}]},{"@type":"ImageObject","inLanguage":"es","@id":"https:\/\/www.noticiasradioreflejos.com.ar\/2021\/con-el-reclamo-por-la-despenalizacion-del-consumo-concluyo-la-expo-cannabis-en-la-rural\/#primaryimage","url":"https:\/\/www.telam.com.ar\/thumbs\/bluesteel\/advf\/imagenes\/2022\/11\/6367fdb21d9de_1200.jpg","contentUrl":"https:\/\/www.telam.com.ar\/thumbs\/bluesteel\/advf\/imagenes\/2022\/11\/6367fdb21d9de_1200.jpg"},{"@type":"BreadcrumbList","@id":"https:\/\/www.noticiasradioreflejos.com.ar\/2021\/con-el-reclamo-por-la-despenalizacion-del-consumo-concluyo-la-expo-cannabis-en-la-rural\/#breadcrumb","itemListElement":[{"@type":"ListItem","position":1,"name":"Portada","item":"https:\/\/www.noticiasradioreflejos.com.ar\/2021\/"},{"@type":"ListItem","position":2,"name":"Con el reclamo por la despenalizaci\u00f3n del consumo, concluy\u00f3 la Expo Cannabis en La Rural"}]},{"@type":"WebSite","@id":"https:\/\/www.noticiasradioreflejos.com.ar\/2021\/#website","url":"https:\/\/www.noticiasradioreflejos.com.ar\/2021\/","name":"Noticias Radio Reflejos","description":"Las noticias de mi comarca","potentialAction":[{"@type":"SearchAction","target":{"@type":"EntryPoint","urlTemplate":"https:\/\/www.noticiasradioreflejos.com.ar\/2021\/?s={search_term_string}"},"query-input":{"@type":"PropertyValueSpecification","valueRequired":true,"valueName":"search_term_string"}}],"inLanguage":"es"},{"@type":"Person","@id":"https:\/\/www.noticiasradioreflejos.com.ar\/2021\/#\/schema\/person\/ad82545263dcc5ec0996818884fd5fb1","name":"Arnaldo Botto","image":{"@type":"ImageObject","inLanguage":"es","@id":"https:\/\/www.noticiasradioreflejos.com.ar\/2021\/#\/schema\/person\/image\/","url":"https:\/\/secure.gravatar.com\/avatar\/55cb5e37c1efa326397366e6974cb338056df65cb50e7d64d1cf314e87504837?s=96&d=mm&r=g","contentUrl":"https:\/\/secure.gravatar.com\/avatar\/55cb5e37c1efa326397366e6974cb338056df65cb50e7d64d1cf314e87504837?s=96&d=mm&r=g","caption":"Arnaldo Botto"},"url":"https:\/\/www.noticiasradioreflejos.com.ar\/2021\/author\/arnaldo\/"}]}},"_links":{"self":[{"href":"https:\/\/www.noticiasradioreflejos.com.ar\/2021\/wp-json\/wp\/v2\/posts\/79795","targetHints":{"allow":["GET"]}}],"collection":[{"href":"https:\/\/www.noticiasradioreflejos.com.ar\/2021\/wp-json\/wp\/v2\/posts"}],"about":[{"href":"https:\/\/www.noticiasradioreflejos.com.ar\/2021\/wp-json\/wp\/v2\/types\/post"}],"author":[{"embeddable":true,"href":"https:\/\/www.noticiasradioreflejos.com.ar\/2021\/wp-json\/wp\/v2\/users\/3"}],"replies":[{"embeddable":true,"href":"https:\/\/www.noticiasradioreflejos.com.ar\/2021\/wp-json\/wp\/v2\/comments?post=79795"}],"version-history":[{"count":1,"href":"https:\/\/www.noticiasradioreflejos.com.ar\/2021\/wp-json\/wp\/v2\/posts\/79795\/revisions"}],"predecessor-version":[{"id":79797,"href":"https:\/\/www.noticiasradioreflejos.com.ar\/2021\/wp-json\/wp\/v2\/posts\/79795\/revisions\/79797"}],"wp:attachment":[{"href":"https:\/\/www.noticiasradioreflejos.com.ar\/2021\/wp-json\/wp\/v2\/media?parent=79795"}],"wp:term":[{"taxonomy":"category","embeddable":true,"href":"https:\/\/www.noticiasradioreflejos.com.ar\/2021\/wp-json\/wp\/v2\/categories?post=79795"},{"taxonomy":"post_tag","embeddable":true,"href":"https:\/\/www.noticiasradioreflejos.com.ar\/2021\/wp-json\/wp\/v2\/tags?post=79795"}],"curies":[{"name":"wp","href":"https:\/\/api.w.org\/{rel}","templated":true}]}}