{"id":79772,"date":"2022-11-05T17:49:46","date_gmt":"2022-11-05T17:49:46","guid":{"rendered":"http:\/\/www.noticiasradioreflejos.com.ar\/2021\/?p=79772"},"modified":"2022-11-05T17:49:46","modified_gmt":"2022-11-05T17:49:46","slug":"una-decada-sin-leonardo-favio-una-presencia-permanente-en-la-memoria-argentina","status":"publish","type":"post","link":"https:\/\/www.noticiasradioreflejos.com.ar\/2021\/una-decada-sin-leonardo-favio-una-presencia-permanente-en-la-memoria-argentina\/","title":{"rendered":"Una d\u00e9cada sin Leonardo Favio, una presencia permanente en la memoria argentina"},"content":{"rendered":"<p>Abordar su figura es una tarea tit\u00e1nica: es un artista que atraves\u00f3 con su obra a la sociedad argentina, interpelando las ideolog\u00edas, los mitos y prejuicios de una \u00e9poca.<!--more--><\/p>\n<figure class=\"mb-3\"><img decoding=\"async\" src=\"https:\/\/www.telam.com.ar\/thumbs\/bluesteel\/advf\/imagenes\/2022\/11\/6365701d946a1_1200.jpg\" alt=\"Ilustracin Pablo Blasberg\" width=\"100%\" height=\"100%\" \/><\/p>\n<div class=\"media-icons\"><\/div><figcaption>Ilustraci\u00f3n: Pablo Blasberg.<\/figcaption><\/figure>\n<p>La de Leonardo Favio es una presencia imprescindible, la de los que no se mueren; pese a la enfermedad que lo atorment\u00f3 en los \u00faltimos a\u00f1os de su vida y que se lo llev\u00f3 hace ya una d\u00e9cada, el 5 de noviembre de 2012, la memoria de muchos y muchas lo mantiene joven y en\u00e9rgico, tanto como actor, como director de cine, como cantante y como peronista apasionado.<\/p>\n<p><strong>Sus pen\u00faltimas energ\u00edas fueron desplegadas en \u00abAniceto\u00bb, rodada como ballet en 2007<\/strong>, que cerraba el c\u00edrculo iniciado en 1965 con \u00abEl romance del Aniceto y la Francisca\u2026\u00bb, sobre un cuento de su hermano Jorge Zuhair Jury, y fue otra proeza del creador, ayudado por los bailarines Hern\u00e1n Piqu\u00edn, Natalia Pelayo y Alejandra Bald\u00f3n, m\u00e1s la direcci\u00f3n de arte de Andr\u00e9s Echeveste, la fotograf\u00eda de Alejandro Giuliani y la m\u00fasica de Iv\u00e1n Wyszogrod.<\/p>\n<p>Su \u00faltimo trabajo fue sin embargo \u00abGente querible\u00bb (2010), uno de los cortos producidos por la entonces Secretar\u00eda de Cultura de la Naci\u00f3n, hoy Ministerio, en homenaje al Bicentenario de la Revoluci\u00f3n de Mayo.<\/p>\n<figure class=\"mb-3\"><img decoding=\"async\" src=\"https:\/\/www.telam.com.ar\/thumbs\/bluesteel\/advf\/imagenes\/2022\/11\/63614f4409a78_1200.jpg\" alt=\"La de Leonardo Favio es una presencia imprescindible la de los que no se mueren\" width=\"100%\" height=\"100%\" \/><\/p>\n<div class=\"media-icons\"><\/div><figcaption>La de Leonardo Favio es una presencia imprescindible, la de los que no se mueren.<\/figcaption><\/figure>\n<p>Antes, dedic\u00f3 varios a\u00f1os a concebir y redondear \u00abPer\u00f3n, sinfon\u00eda del sentimiento\u00bb (1999), un documental de casi seis horas de duraci\u00f3n sobre el l\u00edder, que reun\u00eda lirismo, historia y barricada y por su extensi\u00f3n tuvo dificultades en ser exhibido, para estrenarse casi marginalmente en una sala del barrio de Recoleta que ya no existe y luego se difundi\u00f3 en formatos hogare\u00f1os. Qued\u00f3 pendiente \u00abEl mantel de hule\u00bb, un viejo proyecto que se empe\u00f1aba en filmar.<\/p>\n<p>Todav\u00eda circulan por las redes im\u00e1genes del discurso que pronunci\u00f3, con palabras admiradas y cari\u00f1osas, con la emoci\u00f3n en la garganta, dedicadas en el Festival de Cine de Mar del Plata 2008 a la entonces presidenta Cristina Fern\u00e1ndez de Kirchner.<\/p>\n<p>La paradoja radica en que quienes lo colocan en un papel fundamental en la historia del cine argentino suelen desde\u00f1ar su carrera en el canto, aunque en los \u00faltimos tiempos son reivindicadas algunas grabaciones militantes; las otras, sin embargo y m\u00e1s all\u00e1 del \u00abboom\u00bb que significaron a fines de los 60 y principios de los 70, son puestas en un casillero de baladas llenas de alm\u00edbar y por cierto comerciales. Esas baladas fueron las que le permitieron al creador actuar en multitudinarios shows en otros pa\u00edses cuando tuvo que sobrevivir al largo exilio, obligado por la dictadura c\u00edvico-militar que azot\u00f3 la Argentina desde 1976.<\/p>\n<figure class=\"mb-3\"><img decoding=\"async\" src=\"https:\/\/www.telam.com.ar\/thumbs\/bluesteel\/advf\/imagenes\/2022\/11\/63614f43e4ae4_1200.jpg\" alt=\"La paradoja radica en que quienes lo colocan en un papel fundamental en la historia del cine argentino suelen desdear su carrera en el canto\" width=\"100%\" height=\"100%\" \/><\/p>\n<div class=\"media-icons\"><\/div><figcaption>La paradoja radica en que quienes lo colocan en un papel fundamental en la historia del cine argentino suelen desde\u00f1ar su carrera en el canto.<\/figcaption><\/figure>\n<h2 class=\"\">Una vida entregada al arte<\/h2>\n<p>Favio naci\u00f3 como\u00a0<strong>Fuad Jorge Jury, el 28 de marzo de 1938<\/strong>\u00a0en Las Catitas, al noreste de la provincia de Mendoza, hijo de un ciudadano sirio-liban\u00e9s y Laura Favio, actriz y libretista de radioteatros en las emisoras cuyanas, lo que con el tiempo fue una referencia para su actividad art\u00edstica. Luego la familia, incluido el hermano mayor Jorge Zuhair, se mud\u00f3 a la cercana Luj\u00e1n de Cuyo, desde donde el padre se fue para no volver.<\/p>\n<p>No tuvo una infancia feliz en un barrio marginal de esa ciudad, pas\u00f3 parte de su infancia en un internado de menores -algo que reflej\u00f3 en \u00abCr\u00f3nica de un ni\u00f1o solo\u00bb- , tentado por la religi\u00f3n quiso ser seminarista pero su conducta rebelde no lo ayudaba; luego tuvo un paso por la Marina y se escap\u00f3 a Buenos Aires con el uniforme de reglamento.<\/p>\n<p>La suerte le permiti\u00f3 un trabajo de extra en la pel\u00edcula \u00abEl \u00e1ngel de Espa\u00f1a\u00bb (1958), de Enrique Carreras, cuya figura era el entonces rutilante Pedrito Rico, y su imagen de muchacho sano y melanc\u00f3lico llam\u00f3 la atenci\u00f3n de Leopoldo Torre Nilsson, y fue incluido como actor en \u00abEl secuestrador\u00bb (1958), junto a Mar\u00eda Vaner, y \u00abFin de fiesta\u00bb (1960), sus dos primeras colaboraciones con el director conocido como \u00abBabsy\u00bb.<\/p>\n<figure class=\"mb-3\"><img decoding=\"async\" src=\"https:\/\/www.telam.com.ar\/thumbs\/bluesteel\/advf\/imagenes\/2022\/06\/62bcb9ac242ee_1200.jpg\" alt=\"Foto Florencia Downes\" width=\"100%\" height=\"100%\" \/><\/p>\n<div class=\"media-icons\"><\/div><figcaption>Foto: Florencia Downes<\/figcaption><\/figure>\n<h2 class=\"\">Los primeros pasos en la direcci\u00f3n cinematogr\u00e1fica<\/h2>\n<p>En esos mismos a\u00f1os ya intentaba ser director: con \u00abEl se\u00f1or Fern\u00e1ndez\u00bb, inconclusa, y el corto \u00abEl amigo\u00bb.<\/p>\n<p>Con Babsy tambi\u00e9n trabaj\u00f3 en \u00abLa mano en la trampa\u00bb (1961), \u00abLa terraza\u00bb (1963), \u00abEl ojo de la cerradura\u00bb (1966) y \u00abMart\u00edn Fierro\u00bb (1968).<\/p>\n<p>Luego director intuitivo, creador de mundos formidables y tambi\u00e9n de ambientes opresivos, Favio fue un rostro apacible y al mismo tiempo expresivo a principios de aquella d\u00e9cada, y explicaba con humor su ingreso a la pantalla: \u00abYo me acerqu\u00e9 al cine porque quer\u00eda &#8216;levantarme&#8217; a Mar\u00eda Vaner\u00bb, actriz que fue su pareja entre 1967 y 1973 y con la que tuvo a sus hijos Luis Mar\u00eda y Leonardo.<\/p>\n<p>Antes de acceder a la gran fama, ya como cantante, en \u00abFuiste m\u00eda un verano\u00bb (1969), de Edy Calcagno, trabaj\u00f3 como actor en \u00abEl jefe\u00bb, de Fernando Ayala, y \u00abEn la ardiente oscuridad\u00bb (1958), de Daniel Tinayre, \u00abTodo el a\u00f1o es Navidad\u00bb (1960), de Rom\u00e1n Vi\u00f1oly Barreto; \u00abEl bruto\u00bb, de Rub\u00e9n Cavalloti; y \u00abDar la cara\u00bb (1962), de Jos\u00e9 A. Mart\u00ednez Su\u00e1rez; \u00abLos venerables todos\u00bb, de Manuel Ant\u00edn; \u00abRacconto\u00bb, de Ricardo Becher; \u00abEl octavo infierno, c\u00e1rcel de mujeres\u00bb, de Ren\u00e9 Mugica; y \u00abPaula cautiva\u00bb (1963), de Ayala.<\/p>\n<p>A la altura de\u00a0<strong>\u00abFuiste m\u00eda un verano\u00bb<\/strong>\u00a0(1971), dirigida por Emilio Vieyra, donde compart\u00eda elenco con Erika Wallner y Ricardo Bauleo, Favio hab\u00eda recibido elogios de la cr\u00edtica y premios como director por \u00abCr\u00f3nica de un ni\u00f1o solo\u00bb (1965), \u00abEste es el romance del Aniceto y la Francisca, de c\u00f3mo qued\u00f3 trunco, comenz\u00f3 la tristeza y unas pocas cosas m\u00e1s&#8230;\u00bb (1967), con Vaner, Elsa Daniel y Federico Luppi en su debut como protagonista, y \u00abEl dependiente\u00bb (1969), con Walter Vidarte y Graciela Borges en lo que para muchos fue el mejor trabajo de la actriz en su vida.<\/p>\n<p>Quienes lo idolatraban como cineasta lo menospreciaban como cantante; sin embargo, t\u00edtulos como \u00abElla ya me olvid\u00f3\u00bb, \u00abFuiste m\u00eda un verano\u00bb, \u00abDing dong, son las cosas del amor\u00bb y \u00abPara saber lo que es la soledad\u00bb (\u00abTema de Pototo\u00bb, creado por Luis Alberto Spinetta y Edelmiro Molinari) vendieron millones de copias y el Festival Internacional de la Canci\u00f3n de Vi\u00f1a del Mar 1969, en Chile, consolid\u00f3 su fama internacional. En total, grab\u00f3 23 \u00e1lbumes e incontables simples y EP.<\/p>\n<p>En 1972 acompa\u00f1\u00f3 al general Per\u00f3n, junto a numerosos pol\u00edticos y personas vinculadas al espect\u00e1culo en el avi\u00f3n que lo devolv\u00eda a la Patria luego de 18 a\u00f1os de exilio y prohibici\u00f3n, y un a\u00f1o despu\u00e9s vivi\u00f3 dram\u00e1ticos momentos durante la llamada \u00abMasacre de Ezeiza\u00bb, en la que hab\u00eda sido designado para conducir el acto y desde el escenario se vio envuelto en la violencia armada entre grupos antag\u00f3nicos.<\/p>\n<figure class=\"mb-3\"><img decoding=\"async\" src=\"https:\/\/www.telam.com.ar\/thumbs\/bluesteel\/advf\/imagenes\/2022\/06\/62bcb9ac4bfce_1200.jpg\" alt=\"Foto Florencia Downes\" width=\"100%\" height=\"100%\" \/><\/p>\n<div class=\"media-icons\"><\/div><figcaption>Foto: Florencia Downes<\/figcaption><\/figure>\n<p>Su carrera como cineasta continu\u00f3 en 1973 con \u00abJuan Moreira\u00bb, con Rodolfo Beb\u00e1n y una famosa banda sonora de Pocho Leyes y Luis Mar\u00eda Serra, y en 1975 agreg\u00f3 \u00abNazareno Cruz y el Lobo\u00bb, inspirada en un radioteatro de Juan Carlos Chiappe y protagonizada por Juan Jos\u00e9 Camero, Alfredo Alc\u00f3n, Marina Magal\u00ed y Lautaro Mur\u00faa, la pel\u00edcula m\u00e1s vista del cine argentino hasta la aparici\u00f3n del cable y los formatos hogare\u00f1os -lo que hace muy dif\u00edcil el c\u00e1lculo- , r\u00e9cord disputado por \u00abRelatos salvajes\u00bb, de Dami\u00e1n Szifron, 39 a\u00f1os despu\u00e9s.<\/p>\n<p>Lo contrario ocurri\u00f3 con \u00abSo\u00f1ar, so\u00f1ar\u00bb, la menos vista de su filmograf\u00eda, interpretada por Carlos Monz\u00f3n y Gian Franco Pagliaro, lamentablemente estrenada poco despu\u00e9s del golpe videlista de 1976, cuando el terrorismo de Estado oblig\u00f3 al gran artista al exilio.<\/p>\n<h2 class=\"\">La \u00e9pica de \u00abGatica, el Mono<\/h2>\n<p>Su regreso al cine como director y guionista fue con \u00abGatica, el Mono\u00bb en 1993, una obra \u00e9pica en su contenido y en su elaboraci\u00f3n, que cont\u00f3 la vida del boxeador Jos\u00e9 Mar\u00eda Gatica (1925-1963) -el de \u00abdos potencias se saludan\u00bb, en su encuentro con el General- , que convoc\u00f3 a una multitud de extras voluntarios vestidos de \u00e9poca en el Luna Park y le dio el papel de su vida al actor Edgardo Nieva. Como en toda su filmograf\u00eda, en el guion estuvo presente su hermano Jorge Zuhair Jury.<\/p>\n<p>En lo privado, segu\u00eda unido a Zulema Carola Leyton, llamada \u00abCarolita\u00bb y famosa por una canci\u00f3n, nacida en La Plata, casada con \u00e9l desde 1976 y con quien tuvo a Mar\u00eda Salom\u00e9 y a Nicol\u00e1s. Carolita falleci\u00f3 en 2015.<\/p>\n<figure class=\"mb-3\"><img decoding=\"async\" src=\"https:\/\/www.telam.com.ar\/thumbs\/bluesteel\/advf\/imagenes\/2020\/08\/5f4d6d6541898_1200.jpg\" alt=\"Gatica el Mono en 1993 una obra pica en su contenido y en su elaboracin\" width=\"100%\" height=\"100%\" \/><\/p>\n<div class=\"media-icons\"><\/div><figcaption>\u00abGatica, el Mono\u00bb en 1993, una obra \u00e9pica en su contenido y en su elaboraci\u00f3n.<\/figcaption><\/figure>\n","protected":false},"excerpt":{"rendered":"<p>Abordar su figura es una tarea tit\u00e1nica: es un artista que atraves\u00f3 con su obra a la sociedad argentina, interpelando las ideolog\u00edas, los mitos y prejuicios de una \u00e9poca.<\/p>\n","protected":false},"author":3,"featured_media":0,"comment_status":"closed","ping_status":"closed","sticky":false,"template":"","format":"standard","meta":{"footnotes":""},"categories":[35],"tags":[],"class_list":["post-79772","post","type-post","status-publish","format-standard","hentry","category-cultura"],"yoast_head":"<!-- This site is optimized with the Yoast SEO plugin v25.9 - https:\/\/yoast.com\/wordpress\/plugins\/seo\/ -->\n<title>Una d\u00e9cada sin Leonardo Favio, una presencia permanente en la memoria argentina - Noticias Radio Reflejos<\/title>\n<meta name=\"robots\" content=\"index, follow, max-snippet:-1, max-image-preview:large, max-video-preview:-1\" \/>\n<link rel=\"canonical\" href=\"https:\/\/www.noticiasradioreflejos.com.ar\/2021\/una-decada-sin-leonardo-favio-una-presencia-permanente-en-la-memoria-argentina\/\" \/>\n<meta property=\"og:locale\" content=\"es_ES\" \/>\n<meta property=\"og:type\" content=\"article\" \/>\n<meta property=\"og:title\" content=\"Una d\u00e9cada sin Leonardo Favio, una presencia permanente en la memoria argentina - Noticias Radio Reflejos\" \/>\n<meta property=\"og:description\" content=\"Abordar su figura es una tarea tit\u00e1nica: es un artista que atraves\u00f3 con su obra a la sociedad argentina, interpelando las ideolog\u00edas, los mitos y prejuicios de una \u00e9poca.\" \/>\n<meta property=\"og:url\" content=\"https:\/\/www.noticiasradioreflejos.com.ar\/2021\/una-decada-sin-leonardo-favio-una-presencia-permanente-en-la-memoria-argentina\/\" \/>\n<meta property=\"og:site_name\" content=\"Noticias Radio Reflejos\" \/>\n<meta property=\"article:published_time\" content=\"2022-11-05T17:49:46+00:00\" \/>\n<meta property=\"og:image\" content=\"https:\/\/www.telam.com.ar\/thumbs\/bluesteel\/advf\/imagenes\/2022\/11\/6365701d946a1_1200.jpg\" \/>\n<meta name=\"author\" content=\"Arnaldo Botto\" \/>\n<meta name=\"twitter:card\" content=\"summary_large_image\" \/>\n<script type=\"application\/ld+json\" class=\"yoast-schema-graph\">{\"@context\":\"https:\/\/schema.org\",\"@graph\":[{\"@type\":\"WebPage\",\"@id\":\"https:\/\/www.noticiasradioreflejos.com.ar\/2021\/una-decada-sin-leonardo-favio-una-presencia-permanente-en-la-memoria-argentina\/\",\"url\":\"https:\/\/www.noticiasradioreflejos.com.ar\/2021\/una-decada-sin-leonardo-favio-una-presencia-permanente-en-la-memoria-argentina\/\",\"name\":\"Una d\u00e9cada sin Leonardo Favio, una presencia permanente en la memoria argentina - Noticias Radio Reflejos\",\"isPartOf\":{\"@id\":\"https:\/\/www.noticiasradioreflejos.com.ar\/2021\/#website\"},\"primaryImageOfPage\":{\"@id\":\"https:\/\/www.noticiasradioreflejos.com.ar\/2021\/una-decada-sin-leonardo-favio-una-presencia-permanente-en-la-memoria-argentina\/#primaryimage\"},\"image\":{\"@id\":\"https:\/\/www.noticiasradioreflejos.com.ar\/2021\/una-decada-sin-leonardo-favio-una-presencia-permanente-en-la-memoria-argentina\/#primaryimage\"},\"thumbnailUrl\":\"https:\/\/www.telam.com.ar\/thumbs\/bluesteel\/advf\/imagenes\/2022\/11\/6365701d946a1_1200.jpg\",\"datePublished\":\"2022-11-05T17:49:46+00:00\",\"author\":{\"@id\":\"https:\/\/www.noticiasradioreflejos.com.ar\/2021\/#\/schema\/person\/ad82545263dcc5ec0996818884fd5fb1\"},\"breadcrumb\":{\"@id\":\"https:\/\/www.noticiasradioreflejos.com.ar\/2021\/una-decada-sin-leonardo-favio-una-presencia-permanente-en-la-memoria-argentina\/#breadcrumb\"},\"inLanguage\":\"es\",\"potentialAction\":[{\"@type\":\"ReadAction\",\"target\":[\"https:\/\/www.noticiasradioreflejos.com.ar\/2021\/una-decada-sin-leonardo-favio-una-presencia-permanente-en-la-memoria-argentina\/\"]}]},{\"@type\":\"ImageObject\",\"inLanguage\":\"es\",\"@id\":\"https:\/\/www.noticiasradioreflejos.com.ar\/2021\/una-decada-sin-leonardo-favio-una-presencia-permanente-en-la-memoria-argentina\/#primaryimage\",\"url\":\"https:\/\/www.telam.com.ar\/thumbs\/bluesteel\/advf\/imagenes\/2022\/11\/6365701d946a1_1200.jpg\",\"contentUrl\":\"https:\/\/www.telam.com.ar\/thumbs\/bluesteel\/advf\/imagenes\/2022\/11\/6365701d946a1_1200.jpg\"},{\"@type\":\"BreadcrumbList\",\"@id\":\"https:\/\/www.noticiasradioreflejos.com.ar\/2021\/una-decada-sin-leonardo-favio-una-presencia-permanente-en-la-memoria-argentina\/#breadcrumb\",\"itemListElement\":[{\"@type\":\"ListItem\",\"position\":1,\"name\":\"Portada\",\"item\":\"https:\/\/www.noticiasradioreflejos.com.ar\/2021\/\"},{\"@type\":\"ListItem\",\"position\":2,\"name\":\"Una d\u00e9cada sin Leonardo Favio, una presencia permanente en la memoria argentina\"}]},{\"@type\":\"WebSite\",\"@id\":\"https:\/\/www.noticiasradioreflejos.com.ar\/2021\/#website\",\"url\":\"https:\/\/www.noticiasradioreflejos.com.ar\/2021\/\",\"name\":\"Noticias Radio Reflejos\",\"description\":\"Las noticias de mi comarca\",\"potentialAction\":[{\"@type\":\"SearchAction\",\"target\":{\"@type\":\"EntryPoint\",\"urlTemplate\":\"https:\/\/www.noticiasradioreflejos.com.ar\/2021\/?s={search_term_string}\"},\"query-input\":{\"@type\":\"PropertyValueSpecification\",\"valueRequired\":true,\"valueName\":\"search_term_string\"}}],\"inLanguage\":\"es\"},{\"@type\":\"Person\",\"@id\":\"https:\/\/www.noticiasradioreflejos.com.ar\/2021\/#\/schema\/person\/ad82545263dcc5ec0996818884fd5fb1\",\"name\":\"Arnaldo Botto\",\"image\":{\"@type\":\"ImageObject\",\"inLanguage\":\"es\",\"@id\":\"https:\/\/www.noticiasradioreflejos.com.ar\/2021\/#\/schema\/person\/image\/\",\"url\":\"https:\/\/secure.gravatar.com\/avatar\/55cb5e37c1efa326397366e6974cb338056df65cb50e7d64d1cf314e87504837?s=96&d=mm&r=g\",\"contentUrl\":\"https:\/\/secure.gravatar.com\/avatar\/55cb5e37c1efa326397366e6974cb338056df65cb50e7d64d1cf314e87504837?s=96&d=mm&r=g\",\"caption\":\"Arnaldo Botto\"},\"url\":\"https:\/\/www.noticiasradioreflejos.com.ar\/2021\/author\/arnaldo\/\"}]}<\/script>\n<!-- \/ Yoast SEO plugin. -->","yoast_head_json":{"title":"Una d\u00e9cada sin Leonardo Favio, una presencia permanente en la memoria argentina - Noticias Radio Reflejos","robots":{"index":"index","follow":"follow","max-snippet":"max-snippet:-1","max-image-preview":"max-image-preview:large","max-video-preview":"max-video-preview:-1"},"canonical":"https:\/\/www.noticiasradioreflejos.com.ar\/2021\/una-decada-sin-leonardo-favio-una-presencia-permanente-en-la-memoria-argentina\/","og_locale":"es_ES","og_type":"article","og_title":"Una d\u00e9cada sin Leonardo Favio, una presencia permanente en la memoria argentina - Noticias Radio Reflejos","og_description":"Abordar su figura es una tarea tit\u00e1nica: es un artista que atraves\u00f3 con su obra a la sociedad argentina, interpelando las ideolog\u00edas, los mitos y prejuicios de una \u00e9poca.","og_url":"https:\/\/www.noticiasradioreflejos.com.ar\/2021\/una-decada-sin-leonardo-favio-una-presencia-permanente-en-la-memoria-argentina\/","og_site_name":"Noticias Radio Reflejos","article_published_time":"2022-11-05T17:49:46+00:00","og_image":[{"url":"https:\/\/www.telam.com.ar\/thumbs\/bluesteel\/advf\/imagenes\/2022\/11\/6365701d946a1_1200.jpg","type":"","width":"","height":""}],"author":"Arnaldo Botto","twitter_card":"summary_large_image","schema":{"@context":"https:\/\/schema.org","@graph":[{"@type":"WebPage","@id":"https:\/\/www.noticiasradioreflejos.com.ar\/2021\/una-decada-sin-leonardo-favio-una-presencia-permanente-en-la-memoria-argentina\/","url":"https:\/\/www.noticiasradioreflejos.com.ar\/2021\/una-decada-sin-leonardo-favio-una-presencia-permanente-en-la-memoria-argentina\/","name":"Una d\u00e9cada sin Leonardo Favio, una presencia permanente en la memoria argentina - Noticias Radio Reflejos","isPartOf":{"@id":"https:\/\/www.noticiasradioreflejos.com.ar\/2021\/#website"},"primaryImageOfPage":{"@id":"https:\/\/www.noticiasradioreflejos.com.ar\/2021\/una-decada-sin-leonardo-favio-una-presencia-permanente-en-la-memoria-argentina\/#primaryimage"},"image":{"@id":"https:\/\/www.noticiasradioreflejos.com.ar\/2021\/una-decada-sin-leonardo-favio-una-presencia-permanente-en-la-memoria-argentina\/#primaryimage"},"thumbnailUrl":"https:\/\/www.telam.com.ar\/thumbs\/bluesteel\/advf\/imagenes\/2022\/11\/6365701d946a1_1200.jpg","datePublished":"2022-11-05T17:49:46+00:00","author":{"@id":"https:\/\/www.noticiasradioreflejos.com.ar\/2021\/#\/schema\/person\/ad82545263dcc5ec0996818884fd5fb1"},"breadcrumb":{"@id":"https:\/\/www.noticiasradioreflejos.com.ar\/2021\/una-decada-sin-leonardo-favio-una-presencia-permanente-en-la-memoria-argentina\/#breadcrumb"},"inLanguage":"es","potentialAction":[{"@type":"ReadAction","target":["https:\/\/www.noticiasradioreflejos.com.ar\/2021\/una-decada-sin-leonardo-favio-una-presencia-permanente-en-la-memoria-argentina\/"]}]},{"@type":"ImageObject","inLanguage":"es","@id":"https:\/\/www.noticiasradioreflejos.com.ar\/2021\/una-decada-sin-leonardo-favio-una-presencia-permanente-en-la-memoria-argentina\/#primaryimage","url":"https:\/\/www.telam.com.ar\/thumbs\/bluesteel\/advf\/imagenes\/2022\/11\/6365701d946a1_1200.jpg","contentUrl":"https:\/\/www.telam.com.ar\/thumbs\/bluesteel\/advf\/imagenes\/2022\/11\/6365701d946a1_1200.jpg"},{"@type":"BreadcrumbList","@id":"https:\/\/www.noticiasradioreflejos.com.ar\/2021\/una-decada-sin-leonardo-favio-una-presencia-permanente-en-la-memoria-argentina\/#breadcrumb","itemListElement":[{"@type":"ListItem","position":1,"name":"Portada","item":"https:\/\/www.noticiasradioreflejos.com.ar\/2021\/"},{"@type":"ListItem","position":2,"name":"Una d\u00e9cada sin Leonardo Favio, una presencia permanente en la memoria argentina"}]},{"@type":"WebSite","@id":"https:\/\/www.noticiasradioreflejos.com.ar\/2021\/#website","url":"https:\/\/www.noticiasradioreflejos.com.ar\/2021\/","name":"Noticias Radio Reflejos","description":"Las noticias de mi comarca","potentialAction":[{"@type":"SearchAction","target":{"@type":"EntryPoint","urlTemplate":"https:\/\/www.noticiasradioreflejos.com.ar\/2021\/?s={search_term_string}"},"query-input":{"@type":"PropertyValueSpecification","valueRequired":true,"valueName":"search_term_string"}}],"inLanguage":"es"},{"@type":"Person","@id":"https:\/\/www.noticiasradioreflejos.com.ar\/2021\/#\/schema\/person\/ad82545263dcc5ec0996818884fd5fb1","name":"Arnaldo Botto","image":{"@type":"ImageObject","inLanguage":"es","@id":"https:\/\/www.noticiasradioreflejos.com.ar\/2021\/#\/schema\/person\/image\/","url":"https:\/\/secure.gravatar.com\/avatar\/55cb5e37c1efa326397366e6974cb338056df65cb50e7d64d1cf314e87504837?s=96&d=mm&r=g","contentUrl":"https:\/\/secure.gravatar.com\/avatar\/55cb5e37c1efa326397366e6974cb338056df65cb50e7d64d1cf314e87504837?s=96&d=mm&r=g","caption":"Arnaldo Botto"},"url":"https:\/\/www.noticiasradioreflejos.com.ar\/2021\/author\/arnaldo\/"}]}},"_links":{"self":[{"href":"https:\/\/www.noticiasradioreflejos.com.ar\/2021\/wp-json\/wp\/v2\/posts\/79772","targetHints":{"allow":["GET"]}}],"collection":[{"href":"https:\/\/www.noticiasradioreflejos.com.ar\/2021\/wp-json\/wp\/v2\/posts"}],"about":[{"href":"https:\/\/www.noticiasradioreflejos.com.ar\/2021\/wp-json\/wp\/v2\/types\/post"}],"author":[{"embeddable":true,"href":"https:\/\/www.noticiasradioreflejos.com.ar\/2021\/wp-json\/wp\/v2\/users\/3"}],"replies":[{"embeddable":true,"href":"https:\/\/www.noticiasradioreflejos.com.ar\/2021\/wp-json\/wp\/v2\/comments?post=79772"}],"version-history":[{"count":1,"href":"https:\/\/www.noticiasradioreflejos.com.ar\/2021\/wp-json\/wp\/v2\/posts\/79772\/revisions"}],"predecessor-version":[{"id":79774,"href":"https:\/\/www.noticiasradioreflejos.com.ar\/2021\/wp-json\/wp\/v2\/posts\/79772\/revisions\/79774"}],"wp:attachment":[{"href":"https:\/\/www.noticiasradioreflejos.com.ar\/2021\/wp-json\/wp\/v2\/media?parent=79772"}],"wp:term":[{"taxonomy":"category","embeddable":true,"href":"https:\/\/www.noticiasradioreflejos.com.ar\/2021\/wp-json\/wp\/v2\/categories?post=79772"},{"taxonomy":"post_tag","embeddable":true,"href":"https:\/\/www.noticiasradioreflejos.com.ar\/2021\/wp-json\/wp\/v2\/tags?post=79772"}],"curies":[{"name":"wp","href":"https:\/\/api.w.org\/{rel}","templated":true}]}}