{"id":79767,"date":"2022-11-05T00:18:20","date_gmt":"2022-11-05T00:18:20","guid":{"rendered":"http:\/\/www.noticiasradioreflejos.com.ar\/2021\/?p=79767"},"modified":"2022-11-05T00:18:20","modified_gmt":"2022-11-05T00:18:20","slug":"tornquist-celebro-el-112o-aniversario-del-cambio-de-nombre-del-distrito","status":"publish","type":"post","link":"https:\/\/www.noticiasradioreflejos.com.ar\/2021\/tornquist-celebro-el-112o-aniversario-del-cambio-de-nombre-del-distrito\/","title":{"rendered":"Tornquist celebr\u00f3 el 112\u00ba aniversario del Cambio de Nombre del Distrito"},"content":{"rendered":"<p>Con una jornada totalmente emotiva y un clima inmejorable, la ciudad cabecera fue el epicentro del tradicional desfile, que conmemor\u00f3 el 112\u00ba aniversario del Cambio de Nombre del Distrito.<!--more--><\/p>\n<p><a title=\"112aniversario10\" href=\"https:\/\/www.flickr.com\/photos\/182279889@N02\/52478135658\/in\/dateposted-public\/\" data-flickr-embed=\"true\"><img loading=\"lazy\" decoding=\"async\" src=\"https:\/\/live.staticflickr.com\/65535\/52478135658_ef38d0321c_c.jpg\" alt=\"112aniversario10\" width=\"800\" height=\"532\" \/><\/a><\/p>\n<p>Centrada toda la actividad frente al Palacio Municipal, y la Plaza E. Tornquist, los festejos iniciaron con el acto protocolar, al pie del m\u00e1stil, encabezado por el intendente municipal Sergio Bordoni.<\/p>\n<p>Con la banda militar \u201cCura Malal\u201d de Pig\u00fce de fondo, se entonaron las estrofas del Himno Nacional Argentino y se procedi\u00f3 a dar lugar a la invocaci\u00f3n religiosa. Luego fue el turno de las palabras alusivas a la fecha, del jefe comunal, donde expres\u00f3: \u201cEs un orgullo, para m\u00ed como intendente llevar a cabo estos festejos, luego de dos a\u00f1os de inactividad. Hace siete a\u00f1os asum\u00ed como intendente de este distrito, por eso quiero empezar a agradecer a cada uno de los vecinos, que apoyan y acompa\u00f1an cada una de las obras que se han concretado. Cuando se piensa en un distrito, se piensa en crecimiento, hay que dejar la pol\u00edtica de lado y pensar en la gente\u201d.<\/p>\n<p><a title=\"112aniversario15\" href=\"https:\/\/www.flickr.com\/photos\/182279889@N02\/52477864304\/in\/dateposted-public\/\" data-flickr-embed=\"true\"><img loading=\"lazy\" decoding=\"async\" src=\"https:\/\/live.staticflickr.com\/65535\/52477864304_8d18b82cbe_c.jpg\" alt=\"112aniversario15\" width=\"800\" height=\"532\" \/><\/a><script async src=\"\/\/embedr.flickr.com\/assets\/client-code.js\" charset=\"utf-8\"><\/script><\/p>\n<p>Para cerrar, Bordoni manifest\u00f3: \u201cGracias distrito de Tornquist por seguir acompa\u00f1ando; gracias a todas las instituciones, por el esfuerzo que realizan, porque sin instituciones vivas es muy dif\u00edcil que un distrito pueda seguir creciendo, a los privados, tambi\u00e9n les digo gracias, porque apuestan por nuestro distrito con sus inversiones, y son parte de nuestra econom\u00eda regional\u201d.<\/p>\n<p>La programaci\u00f3n de los festejos, que contaron con paseo de artesanos y patio de comidas, continu\u00f3 con la presentaci\u00f3n \u201cNos unimos en un Toque\u201d, grupo conformado por alumnos y alumnas de distintas instituciones educativas guiados por la Prof. Eliana Chuliver.<\/p>\n<p>&nbsp;<\/p>\n<p><a title=\"112aniversario11\" href=\"https:\/\/www.flickr.com\/photos\/182279889@N02\/52477587771\/in\/dateposted-public\/\" data-flickr-embed=\"true\"><img loading=\"lazy\" decoding=\"async\" src=\"https:\/\/live.staticflickr.com\/65535\/52477587771_c3613c7a0b_c.jpg\" alt=\"112aniversario11\" width=\"800\" height=\"532\" \/><\/a><\/p>\n<p>&nbsp;<\/p>\n<p>Finalizado el acto protocolar, se dio lugar al desfile de instituciones. La autorizaci\u00f3n de parte del jefe comunal a la Sra. Florencia Delgado, que estuvo escoltada por su abuelo Hipolito Delgado, y su marido Joaqu\u00edn Keller; fue el puntapi\u00e9 inicial para que las delegaciones de todas las localidades realizar\u00e1n el recorrido por las arterias de la ciudad de Tornquist.<\/p>\n<p>Por la tarde, la celebraci\u00f3n continu\u00f3, donde se presentaron sobre el escenario artistas como Opera Libre, Lujan y los Psicod\u00e9licos, Circo Japonez, Bulldozer, Matias Palavecino, Media Pinta y el cierre a cargo del artista local Fabio Gonzalez. En la plaza se pudo disfrutar del show de La Circa; adem\u00e1s de acercarse a los espacios dispuestas por el \u00e1rea de salud para vacunaci\u00f3n, y consejer\u00eda sexual.<\/p>\n<p>En una gran jornada, que combin\u00f3 tradici\u00f3n y una gran variedad musical, los vecinos y vecinas del distrito conmemoraron un nuevo aniversario.<\/p>\n<p><a title=\"112aniversario16\" href=\"https:\/\/www.flickr.com\/photos\/182279889@N02\/52478051590\/in\/dateposted-public\/\" data-flickr-embed=\"true\"><img loading=\"lazy\" decoding=\"async\" src=\"https:\/\/live.staticflickr.com\/65535\/52478051590_c5fe5dd52d_c.jpg\" alt=\"112aniversario16\" width=\"800\" height=\"532\" \/><\/a><\/p>\n<p>&nbsp;<\/p>\n<p><a title=\"112aniversario3\" href=\"https:\/\/www.flickr.com\/photos\/182279889@N02\/52477864569\/in\/dateposted-public\/\" data-flickr-embed=\"true\"><img loading=\"lazy\" decoding=\"async\" src=\"https:\/\/live.staticflickr.com\/65535\/52477864569_442ab873fd_c.jpg\" alt=\"112aniversario3\" width=\"800\" height=\"532\" \/><\/a><\/p>\n<p>&nbsp;<\/p>\n<p><a title=\"112aniversario9\" href=\"https:\/\/www.flickr.com\/photos\/182279889@N02\/52477587881\/in\/dateposted-public\/\" data-flickr-embed=\"true\"><img loading=\"lazy\" decoding=\"async\" src=\"https:\/\/live.staticflickr.com\/65535\/52477587881_8e8c8eba09_c.jpg\" alt=\"112aniversario9\" width=\"800\" height=\"532\" \/><\/a><\/p>\n<p>&nbsp;<\/p>\n","protected":false},"excerpt":{"rendered":"<p>Con una jornada totalmente emotiva y un clima inmejorable, la ciudad cabecera fue el epicentro del tradicional desfile, que conmemor\u00f3 el 112\u00ba aniversario del Cambio de Nombre del Distrito.<\/p>\n","protected":false},"author":3,"featured_media":0,"comment_status":"closed","ping_status":"closed","sticky":false,"template":"","format":"standard","meta":{"footnotes":""},"categories":[28],"tags":[48],"class_list":["post-79767","post","type-post","status-publish","format-standard","hentry","category-municipales","tag-destacada"],"yoast_head":"<!-- This site is optimized with the Yoast SEO plugin v25.9 - https:\/\/yoast.com\/wordpress\/plugins\/seo\/ -->\n<title>Tornquist celebr\u00f3 el 112\u00ba aniversario del Cambio de Nombre del Distrito - Noticias Radio Reflejos<\/title>\n<meta name=\"robots\" content=\"index, follow, max-snippet:-1, max-image-preview:large, max-video-preview:-1\" \/>\n<link rel=\"canonical\" href=\"https:\/\/www.noticiasradioreflejos.com.ar\/2021\/tornquist-celebro-el-112o-aniversario-del-cambio-de-nombre-del-distrito\/\" \/>\n<meta property=\"og:locale\" content=\"es_ES\" \/>\n<meta property=\"og:type\" content=\"article\" \/>\n<meta property=\"og:title\" content=\"Tornquist celebr\u00f3 el 112\u00ba aniversario del Cambio de Nombre del Distrito - Noticias Radio Reflejos\" \/>\n<meta property=\"og:description\" content=\"Con una jornada totalmente emotiva y un clima inmejorable, la ciudad cabecera fue el epicentro del tradicional desfile, que conmemor\u00f3 el 112\u00ba aniversario del Cambio de Nombre del Distrito.\" \/>\n<meta property=\"og:url\" content=\"https:\/\/www.noticiasradioreflejos.com.ar\/2021\/tornquist-celebro-el-112o-aniversario-del-cambio-de-nombre-del-distrito\/\" \/>\n<meta property=\"og:site_name\" content=\"Noticias Radio Reflejos\" \/>\n<meta property=\"article:published_time\" content=\"2022-11-05T00:18:20+00:00\" \/>\n<meta property=\"og:image\" content=\"https:\/\/live.staticflickr.com\/65535\/52478135658_ef38d0321c_c.jpg\" \/>\n<meta name=\"author\" content=\"Arnaldo Botto\" \/>\n<meta name=\"twitter:card\" content=\"summary_large_image\" \/>\n<script type=\"application\/ld+json\" class=\"yoast-schema-graph\">{\"@context\":\"https:\/\/schema.org\",\"@graph\":[{\"@type\":\"WebPage\",\"@id\":\"https:\/\/www.noticiasradioreflejos.com.ar\/2021\/tornquist-celebro-el-112o-aniversario-del-cambio-de-nombre-del-distrito\/\",\"url\":\"https:\/\/www.noticiasradioreflejos.com.ar\/2021\/tornquist-celebro-el-112o-aniversario-del-cambio-de-nombre-del-distrito\/\",\"name\":\"Tornquist celebr\u00f3 el 112\u00ba aniversario del Cambio de Nombre del Distrito - Noticias Radio Reflejos\",\"isPartOf\":{\"@id\":\"https:\/\/www.noticiasradioreflejos.com.ar\/2021\/#website\"},\"primaryImageOfPage\":{\"@id\":\"https:\/\/www.noticiasradioreflejos.com.ar\/2021\/tornquist-celebro-el-112o-aniversario-del-cambio-de-nombre-del-distrito\/#primaryimage\"},\"image\":{\"@id\":\"https:\/\/www.noticiasradioreflejos.com.ar\/2021\/tornquist-celebro-el-112o-aniversario-del-cambio-de-nombre-del-distrito\/#primaryimage\"},\"thumbnailUrl\":\"https:\/\/live.staticflickr.com\/65535\/52478135658_ef38d0321c_c.jpg\",\"datePublished\":\"2022-11-05T00:18:20+00:00\",\"author\":{\"@id\":\"https:\/\/www.noticiasradioreflejos.com.ar\/2021\/#\/schema\/person\/ad82545263dcc5ec0996818884fd5fb1\"},\"breadcrumb\":{\"@id\":\"https:\/\/www.noticiasradioreflejos.com.ar\/2021\/tornquist-celebro-el-112o-aniversario-del-cambio-de-nombre-del-distrito\/#breadcrumb\"},\"inLanguage\":\"es\",\"potentialAction\":[{\"@type\":\"ReadAction\",\"target\":[\"https:\/\/www.noticiasradioreflejos.com.ar\/2021\/tornquist-celebro-el-112o-aniversario-del-cambio-de-nombre-del-distrito\/\"]}]},{\"@type\":\"ImageObject\",\"inLanguage\":\"es\",\"@id\":\"https:\/\/www.noticiasradioreflejos.com.ar\/2021\/tornquist-celebro-el-112o-aniversario-del-cambio-de-nombre-del-distrito\/#primaryimage\",\"url\":\"https:\/\/live.staticflickr.com\/65535\/52478135658_ef38d0321c_c.jpg\",\"contentUrl\":\"https:\/\/live.staticflickr.com\/65535\/52478135658_ef38d0321c_c.jpg\"},{\"@type\":\"BreadcrumbList\",\"@id\":\"https:\/\/www.noticiasradioreflejos.com.ar\/2021\/tornquist-celebro-el-112o-aniversario-del-cambio-de-nombre-del-distrito\/#breadcrumb\",\"itemListElement\":[{\"@type\":\"ListItem\",\"position\":1,\"name\":\"Portada\",\"item\":\"https:\/\/www.noticiasradioreflejos.com.ar\/2021\/\"},{\"@type\":\"ListItem\",\"position\":2,\"name\":\"Tornquist celebr\u00f3 el 112\u00ba aniversario del Cambio de Nombre del Distrito\"}]},{\"@type\":\"WebSite\",\"@id\":\"https:\/\/www.noticiasradioreflejos.com.ar\/2021\/#website\",\"url\":\"https:\/\/www.noticiasradioreflejos.com.ar\/2021\/\",\"name\":\"Noticias Radio Reflejos\",\"description\":\"Las noticias de mi comarca\",\"potentialAction\":[{\"@type\":\"SearchAction\",\"target\":{\"@type\":\"EntryPoint\",\"urlTemplate\":\"https:\/\/www.noticiasradioreflejos.com.ar\/2021\/?s={search_term_string}\"},\"query-input\":{\"@type\":\"PropertyValueSpecification\",\"valueRequired\":true,\"valueName\":\"search_term_string\"}}],\"inLanguage\":\"es\"},{\"@type\":\"Person\",\"@id\":\"https:\/\/www.noticiasradioreflejos.com.ar\/2021\/#\/schema\/person\/ad82545263dcc5ec0996818884fd5fb1\",\"name\":\"Arnaldo Botto\",\"image\":{\"@type\":\"ImageObject\",\"inLanguage\":\"es\",\"@id\":\"https:\/\/www.noticiasradioreflejos.com.ar\/2021\/#\/schema\/person\/image\/\",\"url\":\"https:\/\/secure.gravatar.com\/avatar\/55cb5e37c1efa326397366e6974cb338056df65cb50e7d64d1cf314e87504837?s=96&d=mm&r=g\",\"contentUrl\":\"https:\/\/secure.gravatar.com\/avatar\/55cb5e37c1efa326397366e6974cb338056df65cb50e7d64d1cf314e87504837?s=96&d=mm&r=g\",\"caption\":\"Arnaldo Botto\"},\"url\":\"https:\/\/www.noticiasradioreflejos.com.ar\/2021\/author\/arnaldo\/\"}]}<\/script>\n<!-- \/ Yoast SEO plugin. -->","yoast_head_json":{"title":"Tornquist celebr\u00f3 el 112\u00ba aniversario del Cambio de Nombre del Distrito - Noticias Radio Reflejos","robots":{"index":"index","follow":"follow","max-snippet":"max-snippet:-1","max-image-preview":"max-image-preview:large","max-video-preview":"max-video-preview:-1"},"canonical":"https:\/\/www.noticiasradioreflejos.com.ar\/2021\/tornquist-celebro-el-112o-aniversario-del-cambio-de-nombre-del-distrito\/","og_locale":"es_ES","og_type":"article","og_title":"Tornquist celebr\u00f3 el 112\u00ba aniversario del Cambio de Nombre del Distrito - Noticias Radio Reflejos","og_description":"Con una jornada totalmente emotiva y un clima inmejorable, la ciudad cabecera fue el epicentro del tradicional desfile, que conmemor\u00f3 el 112\u00ba aniversario del Cambio de Nombre del Distrito.","og_url":"https:\/\/www.noticiasradioreflejos.com.ar\/2021\/tornquist-celebro-el-112o-aniversario-del-cambio-de-nombre-del-distrito\/","og_site_name":"Noticias Radio Reflejos","article_published_time":"2022-11-05T00:18:20+00:00","og_image":[{"url":"https:\/\/live.staticflickr.com\/65535\/52478135658_ef38d0321c_c.jpg","type":"","width":"","height":""}],"author":"Arnaldo Botto","twitter_card":"summary_large_image","schema":{"@context":"https:\/\/schema.org","@graph":[{"@type":"WebPage","@id":"https:\/\/www.noticiasradioreflejos.com.ar\/2021\/tornquist-celebro-el-112o-aniversario-del-cambio-de-nombre-del-distrito\/","url":"https:\/\/www.noticiasradioreflejos.com.ar\/2021\/tornquist-celebro-el-112o-aniversario-del-cambio-de-nombre-del-distrito\/","name":"Tornquist celebr\u00f3 el 112\u00ba aniversario del Cambio de Nombre del Distrito - Noticias Radio Reflejos","isPartOf":{"@id":"https:\/\/www.noticiasradioreflejos.com.ar\/2021\/#website"},"primaryImageOfPage":{"@id":"https:\/\/www.noticiasradioreflejos.com.ar\/2021\/tornquist-celebro-el-112o-aniversario-del-cambio-de-nombre-del-distrito\/#primaryimage"},"image":{"@id":"https:\/\/www.noticiasradioreflejos.com.ar\/2021\/tornquist-celebro-el-112o-aniversario-del-cambio-de-nombre-del-distrito\/#primaryimage"},"thumbnailUrl":"https:\/\/live.staticflickr.com\/65535\/52478135658_ef38d0321c_c.jpg","datePublished":"2022-11-05T00:18:20+00:00","author":{"@id":"https:\/\/www.noticiasradioreflejos.com.ar\/2021\/#\/schema\/person\/ad82545263dcc5ec0996818884fd5fb1"},"breadcrumb":{"@id":"https:\/\/www.noticiasradioreflejos.com.ar\/2021\/tornquist-celebro-el-112o-aniversario-del-cambio-de-nombre-del-distrito\/#breadcrumb"},"inLanguage":"es","potentialAction":[{"@type":"ReadAction","target":["https:\/\/www.noticiasradioreflejos.com.ar\/2021\/tornquist-celebro-el-112o-aniversario-del-cambio-de-nombre-del-distrito\/"]}]},{"@type":"ImageObject","inLanguage":"es","@id":"https:\/\/www.noticiasradioreflejos.com.ar\/2021\/tornquist-celebro-el-112o-aniversario-del-cambio-de-nombre-del-distrito\/#primaryimage","url":"https:\/\/live.staticflickr.com\/65535\/52478135658_ef38d0321c_c.jpg","contentUrl":"https:\/\/live.staticflickr.com\/65535\/52478135658_ef38d0321c_c.jpg"},{"@type":"BreadcrumbList","@id":"https:\/\/www.noticiasradioreflejos.com.ar\/2021\/tornquist-celebro-el-112o-aniversario-del-cambio-de-nombre-del-distrito\/#breadcrumb","itemListElement":[{"@type":"ListItem","position":1,"name":"Portada","item":"https:\/\/www.noticiasradioreflejos.com.ar\/2021\/"},{"@type":"ListItem","position":2,"name":"Tornquist celebr\u00f3 el 112\u00ba aniversario del Cambio de Nombre del Distrito"}]},{"@type":"WebSite","@id":"https:\/\/www.noticiasradioreflejos.com.ar\/2021\/#website","url":"https:\/\/www.noticiasradioreflejos.com.ar\/2021\/","name":"Noticias Radio Reflejos","description":"Las noticias de mi comarca","potentialAction":[{"@type":"SearchAction","target":{"@type":"EntryPoint","urlTemplate":"https:\/\/www.noticiasradioreflejos.com.ar\/2021\/?s={search_term_string}"},"query-input":{"@type":"PropertyValueSpecification","valueRequired":true,"valueName":"search_term_string"}}],"inLanguage":"es"},{"@type":"Person","@id":"https:\/\/www.noticiasradioreflejos.com.ar\/2021\/#\/schema\/person\/ad82545263dcc5ec0996818884fd5fb1","name":"Arnaldo Botto","image":{"@type":"ImageObject","inLanguage":"es","@id":"https:\/\/www.noticiasradioreflejos.com.ar\/2021\/#\/schema\/person\/image\/","url":"https:\/\/secure.gravatar.com\/avatar\/55cb5e37c1efa326397366e6974cb338056df65cb50e7d64d1cf314e87504837?s=96&d=mm&r=g","contentUrl":"https:\/\/secure.gravatar.com\/avatar\/55cb5e37c1efa326397366e6974cb338056df65cb50e7d64d1cf314e87504837?s=96&d=mm&r=g","caption":"Arnaldo Botto"},"url":"https:\/\/www.noticiasradioreflejos.com.ar\/2021\/author\/arnaldo\/"}]}},"_links":{"self":[{"href":"https:\/\/www.noticiasradioreflejos.com.ar\/2021\/wp-json\/wp\/v2\/posts\/79767","targetHints":{"allow":["GET"]}}],"collection":[{"href":"https:\/\/www.noticiasradioreflejos.com.ar\/2021\/wp-json\/wp\/v2\/posts"}],"about":[{"href":"https:\/\/www.noticiasradioreflejos.com.ar\/2021\/wp-json\/wp\/v2\/types\/post"}],"author":[{"embeddable":true,"href":"https:\/\/www.noticiasradioreflejos.com.ar\/2021\/wp-json\/wp\/v2\/users\/3"}],"replies":[{"embeddable":true,"href":"https:\/\/www.noticiasradioreflejos.com.ar\/2021\/wp-json\/wp\/v2\/comments?post=79767"}],"version-history":[{"count":1,"href":"https:\/\/www.noticiasradioreflejos.com.ar\/2021\/wp-json\/wp\/v2\/posts\/79767\/revisions"}],"predecessor-version":[{"id":79770,"href":"https:\/\/www.noticiasradioreflejos.com.ar\/2021\/wp-json\/wp\/v2\/posts\/79767\/revisions\/79770"}],"wp:attachment":[{"href":"https:\/\/www.noticiasradioreflejos.com.ar\/2021\/wp-json\/wp\/v2\/media?parent=79767"}],"wp:term":[{"taxonomy":"category","embeddable":true,"href":"https:\/\/www.noticiasradioreflejos.com.ar\/2021\/wp-json\/wp\/v2\/categories?post=79767"},{"taxonomy":"post_tag","embeddable":true,"href":"https:\/\/www.noticiasradioreflejos.com.ar\/2021\/wp-json\/wp\/v2\/tags?post=79767"}],"curies":[{"name":"wp","href":"https:\/\/api.w.org\/{rel}","templated":true}]}}