{"id":79759,"date":"2022-11-04T09:42:02","date_gmt":"2022-11-04T09:42:02","guid":{"rendered":"http:\/\/www.noticiasradioreflejos.com.ar\/2021\/?p=79759"},"modified":"2022-11-04T09:42:02","modified_gmt":"2022-11-04T09:42:02","slug":"a-un-siglo-del-descubrimiento-de-la-tumba-de-tutankamon","status":"publish","type":"post","link":"https:\/\/www.noticiasradioreflejos.com.ar\/2021\/a-un-siglo-del-descubrimiento-de-la-tumba-de-tutankamon\/","title":{"rendered":"A un siglo del descubrimiento de la tumba de Tutankam\u00f3n"},"content":{"rendered":"<p>El aniversario del hallazgo coincide con el bicentenario del \u00abdesciframiento de los jerogl\u00edficos\u00bb, realizado en 1822 por el historiador franc\u00e9s Jean Francois Champollion, considerado como el \u00abPadre de la Egiptolog\u00eda\u00bb.<!--more--><\/p>\n<div class=\"name\">POR ORNELLA RAPALLINI<\/div>\n<figure class=\"mb-3\"><img decoding=\"async\" src=\"https:\/\/www.telam.com.ar\/thumbs\/bluesteel\/advf\/imagenes\/2022\/11\/6363fb9c20061_1200.jpg\" alt=\"La tumba del faran\" width=\"100%\" height=\"100%\" \/><\/p>\n<div class=\"media-icons\"><\/div><figcaption>La tumba del fara\u00f3n<\/figcaption><\/figure>\n<p>El descubrimiento de la tumba del fara\u00f3n egipcio Tutankam\u00f3n y sus tesoros cumplir\u00e1 este viernes 100 a\u00f1os y constituy\u00f3 un hito en la \u00abegiptoman\u00eda\u00bb y en el estudio cient\u00edfico de la civilizaci\u00f3n del Antiguo Egipto, con una gran cobertura medi\u00e1tica que fogone\u00f3 el misterio de \u00abLa maldici\u00f3n de la momia\u00bb, sobre la cual hasta se hicieron pruebas de ADN.<\/p>\n<p>El aniversario del hallazgo coincide con el bicentenario del \u00abdesciframiento de los jerogl\u00edficos\u00bb, realizado en 1822 por el historiador franc\u00e9s Jean Francois Champollion, considerado como el \u00abPadre de la Egiptolog\u00eda\u00bb.<\/p>\n<h2 class=\"\">Sobre Tutankam\u00f3n<\/h2>\n<p>Tutankam\u00f3n\u00a0<strong>lleg\u00f3 al trono a los 9 a\u00f1os durante el per\u00edodo de la Dinast\u00eda XVIII<\/strong>\u00a0y tuvo un\u00a0<strong>reinado \u00abmuy corto\u00bb, de diez a\u00f1os (1336-1327 a.C.)\u00a0<\/strong>hasta su muerte a los 19, record\u00f3 en di\u00e1logo con T\u00e9lam la investigadora del Conicet y fundadora del Centro de Estudios de Historia del Antiguo Oriente en la Universidad Cat\u00f3lica Argentina, Roxana Flammini, quien adhiere a la graf\u00eda Tutankham\u00f3n mientras que la Fund\u00e9u RAE dice que es preferible escribirlo sin hache.<\/p>\n<h2 class=\"\">Descubrimiento de su tumba<\/h2>\n<p>El descubrimiento fue realizado por el\u00a0<strong>arque\u00f3logo ingl\u00e9s Howard Carter el 4 de noviembre de 1922<\/strong>, cuando luego de una larga expedici\u00f3n que hab\u00eda comenzado en 1914 y fue suspendida durante la Primera Guerra Mundial (hasta 1918), finalmente uno de los integrantes del equipo hall\u00f3 el primer escal\u00f3n de la escalera de la tumba.<\/p>\n<p>Para la expedici\u00f3n en el Valle de los Reyes, una necr\u00f3polis del antiguo Egipto donde se encontraron las tumbas de la mayor\u00eda de faraones, el arque\u00f3logo logr\u00f3 que lord George Herbert de Carnarvon, un conde ingl\u00e9s que hab\u00eda obtenido el dif\u00edcil permiso para excavar all\u00ed, le costeara la b\u00fasqueda con la advertencia de que ese a\u00f1o -1922- \u00abser\u00eda el \u00faltimo que le financiar\u00eda\u00bb.<\/p>\n<p>Seg\u00fan remarc\u00f3 la historiadora, el descubrimiento tuvo m\u00faltiples significados debido al contexto en el que tuvo lugar ya que era reciente el fin de la Primera Guerra Mundial y 1922 fue el \u00faltimo del protectorado ingl\u00e9s en Egipto y \u00abpara los egipcios encontrar un rey propio -que hab\u00eda desaparecido de la historia con cosas maravillosas- se lig\u00f3 a la libertad\u00bb.<\/p>\n<h2 class=\"\">Su reinado y el polite\u00edsmo<\/h2>\n<p>Durante su reinado, Tutankam\u00f3n restaur\u00f3 el\u00a0<strong>polite\u00edsmo y el culto al dios Am\u00f3n<\/strong>,\u00a0<strong>al templo de Karnak y a la ciudad de Tebas como sede de la realeza<\/strong>, que hab\u00edan sido cambiados por quien (posiblemente) fue su padre, Akhenat\u00f3n, durante el gobierno que lo precedi\u00f3, en un per\u00edodo \u00abmuy convulsionado\u00bb de la historia del Antiguo Egipto.<\/p>\n<p>Previamente, Akhenat\u00f3n hab\u00eda realizado una reforma monote\u00edsta con eje en el dios At\u00f3n e incluso hab\u00eda abandonado Tebas, la sede donde resid\u00eda la realeza en Egipto, para fundar una nueva ciudad llamada Akhetat\u00f3n (hoy, El Amarna).<\/p>\n<p><strong>\u00abEl de Tutankam\u00f3n es un reinado corto, pero con relevancia porque termina con lo que se ven\u00eda dando con la reforma de El Amarna y se vuelve al culto anterior\u00bb<\/strong>, destac\u00f3 Flammini, quien tambi\u00e9n es profesora en la Universidad Nacional de Luj\u00e1n.<\/p>\n<p>Sin embargo, agreg\u00f3, al ser asociado al per\u00edodo de los reyes de El Amarna, Tutankam\u00f3n fue un fara\u00f3n \u00abinvisibilizado\u00bb en las listas de los reyes.<\/p>\n<p>Si bien la tumba hab\u00eda sufrido dos intentos de saqueo en la antig\u00fcedad, el tesoro \u00abestaba pr\u00e1cticamente intacto\u00bb, porque\u00a0<strong>Tutankam\u00f3n fue un rey \u00abcasi olvidado por los mismos egipcios\u00bb<\/strong>\u00a0y adem\u00e1s, el Valle de los Reyes hab\u00eda sufrido una inundaci\u00f3n que dej\u00f3 sedimentos que la taparon y terminaron protegi\u00e9ndola, agreg\u00f3 la profesora.<\/p>\n<h2 class=\"\">Dos hip\u00f3tesis sobre su muerte<\/h2>\n<p>Sobre la muerte de Tutankam\u00f3n, existen distintas hip\u00f3tesis: que lo pudo haber matado la malaria; que se quebr\u00f3 una pierna y se le produjo una gangrena que lo mat\u00f3; y que pudo haber tenido un accidente, porque la momia tiene el t\u00f3rax hundido y su coraz\u00f3n no se encontr\u00f3, precis\u00f3 Flammini.<\/p>\n<p>\u00abEs muy probable que haya sido un accidente con un carro de guerra a gran velocidad y que eso haya provocado su muerte. Fue violento\u00bb, consider\u00f3.<\/p>\n<figure class=\"mb-3\"><img decoding=\"async\" src=\"https:\/\/www.telam.com.ar\/thumbs\/bluesteel\/advf\/imagenes\/2022\/11\/6364236673772_1200.jpg\" alt=\"El Museo El Cairo Egipto Foto 123RF\" width=\"100%\" height=\"100%\" \/><\/p>\n<div class=\"media-icons\"><\/div><figcaption>El Museo El Cairo, Egipto \/ Foto 123RF<\/figcaption><\/figure>\n<p>Sobre la genealog\u00eda de Tutankam\u00f3n, en las \u00faltimas d\u00e9cadas, investigadores realizaron estudios de ADN a la momia y sostuvieron que\u00a0<strong>\u00abser\u00eda hijo directo de Akhenat\u00f3n, el rey de El Amarna, con una esposa secundaria que seguramente podr\u00eda ser una hermana del rey, que dar\u00eda lugar a una serie de enfermedades gen\u00e9ticas que podr\u00eda presentar la momia&#8217;<\/strong>\u00ab, mencion\u00f3 la investigadora y advirti\u00f3 que se trata de estudios que son objeto de debate.<\/p>\n<p>\u00abLos egipcios embalsamaban el cuerpo y extra\u00edan los \u00f3rganos. Realizaban un proceso en el que el cuerpo se diseca completamente para iniciar una serie de rituales en los cuales se va envolviendo el cuerpo con vendajes y resinas, y se le colocan amuletos. Luego realizan el proceso del enterramiento, la tumba y su sellado\u00bb, precis\u00f3.<\/p>\n<div class=\"jumbotron pt-4 mt-3\">\n<h3 class=\"module-title\">\u00abTUTANKAM\u00d3N HIZO MASIVO Y POPULAR AL ANTIGUO EGIPTO\u00bb<\/h3>\n<p>El descubrimiento de la tumba de Tutankam\u00f3n, el 4 de noviembre de 1922, \u00abhizo masivo y popular al Antiguo Egipto\u00bb, un tema que hasta ese momento interpelaba solo a eruditos, se\u00f1al\u00f3 a T\u00e9lam el<strong>\u00a0investigador del Conicet y docente de Historia Antigua, Mat\u00edas Alderete.<\/strong><\/p>\n<p>La publicaci\u00f3n brit\u00e1nica &#8216;The Times&#8217; tuvo en el momento del descubrimiento la exclusividad period\u00edstica sobre toda la investigaci\u00f3n y el material fotogr\u00e1fico de la expedici\u00f3n arqueol\u00f3gica.<\/p>\n<p>\u00abLa prensa hizo part\u00edcipe a la sociedad de los hallazgos y del fen\u00f3meno a nivel global. Un tema que tiene que ver con la modernidad urbana que retoma elementos antiguos para construir mitos de encantamiento y fascinaci\u00f3n\u00bb, agreg\u00f3 el autor del trabajo \u00abEl encanto de Tutankham\u00f3n. La egiptoman\u00eda en la prensa porte\u00f1a (1923-1925)\u00bb.<\/p>\n<p>Los medios de comunicaci\u00f3n porte\u00f1os tambi\u00e9n intentaron ser parte del mundo mostrando esas im\u00e1genes, haci\u00e9ndose eco de la noticia global, y, para 1924, hasta Carlos Gardel le cant\u00f3 un tango a Tutankam\u00f3n.<\/p>\n<p>\u00abEn los a\u00f1os 20 el Antiguo Egipto y el Oriente en general fueron t\u00f3picos que encantaron a los habitantes porte\u00f1os en un proceso de modernizaci\u00f3n, que se vivi\u00f3 como el &#8216;encantamiento cotidiano&#8217; y signific\u00f3 &#8216;ser parte de una modernidad cosmopolita'\u00bb, expres\u00f3 el investigador, al destacar que durante todo 1923 y hasta -por lo menos- 1925 en la prensa masiva hubo presencia del Antiguo Egipto y de Tutankam\u00f3n.<\/p>\n<p>En los peri\u00f3dicos de corte popular, como Cr\u00edtica y semanarios ilustrados, la presencia se reflej\u00f3 en la intensa carga visual, con ilustraciones de artistas locales o de agencias de noticias internacionales.<\/p>\n<p>Tambi\u00e9n, algunas publicaciones presentaron s\u00e1tiras, y publicidades de objetos, vestimentas y productos al estilo egipcio y al estilo Tutankam\u00f3n, como anillos, aros, tocados, carteras, que se ofrec\u00edan a distintos precios, dirigidos a personas de diversos sectores sociales.<\/p>\n<p>Seg\u00fan Alderete, en las coberturas de la prensa porte\u00f1a, hubo dos momentos bien diferenciados: el primero durante la primera parte de 1923, cuando brindaron mucha informaci\u00f3n sobre el descubrimiento.<\/p>\n<p>Y, el segundo, a partir de la muerte del lord de Carnarvon en abril de 1923 (por una infecci\u00f3n), que es cuando la carga de las noticias \u00abempez\u00f3 a cambiar\u00bb y aparecen \u00abideas m\u00e1s ex\u00f3ticas sobre la momia, y sobre la maldici\u00f3n del fara\u00f3n\u00bb.<\/p>\n<p>La segunda etapa estuvo vinculada, para el autor, con una idea occidental del temor a la muerte y a los muertos: \u00abHay una fascinaci\u00f3n y al mismo tiempo resulta terror\u00edfico pensar que vuelven los muertos del m\u00e1s all\u00e1\u00bb, precis\u00f3.<\/p>\n<p>Como &#8216;The Times&#8217; ten\u00eda la exclusividad de todo y el resto de los medios ingleses solo pod\u00edan reproducir cables y \u00abno ten\u00edan nada para mostrar\u00bb o decir sobre la investigaci\u00f3n -reconstruy\u00f3 Alderete-, el fallecimiento de Carnarvon \u00ables permiti\u00f3 a todos estos peri\u00f3dicos explotar el acontecimiento y construir leyendas\u00bb.<\/p>\n<p>As\u00ed aparecieron algunas que indicaban que \u00abEl Cairo cuando muri\u00f3 Carnarvon qued\u00f3 totalmente a oscuras, o que se escuchaban aullidos\u00bb, con lo que buscaron \u00abdar vueltas sobre la muerte en los egipcios, el mundo en ultratumba, la maldici\u00f3n de la momia, un fen\u00f3meno que se sostiene much\u00edsimo\u00bb, advirti\u00f3.<\/p>\n<p>Adem\u00e1s, la figura de la momia \u00abdespert\u00f3 los deseos y tab\u00faes occidentales\u00bb. Entre ellos, la profanaci\u00f3n de las tumbas y el cuerpo.<\/p>\n<p>El tema desbord\u00f3 el \u00e1mbito letrado y la egiptoman\u00eda, que es \u00abun fen\u00f3meno social de larga data vinculado a una fascinaci\u00f3n y obsesi\u00f3n por el Antiguo Egipto todav\u00eda est\u00e1 presente\u00bb, concluy\u00f3 el investigador.<\/p>\n<\/div>\n<p>Cuando Carter rompi\u00f3 la pared de una de las c\u00e1maras encontr\u00f3 la parte externa de una gran capilla dorada que ocupaba toda la habitaci\u00f3n y dentro de una caja hab\u00eda otras cajas que llevaban a un sarc\u00f3fago de piedra, donde a su vez, hab\u00eda varios ata\u00fades.<\/p>\n<p>En el \u00faltimo ata\u00fad, que era de oro puro, yac\u00eda la momia de Tutankam\u00f3n, que ten\u00eda su m\u00e1scara funeraria, uno de los objetos m\u00e1s fotografiados del mundo, tambi\u00e9n de oro puro.<\/p>\n<p>La m\u00e1scara estaba pegada a la momia, como tambi\u00e9n un mont\u00f3n de amuletos y otros objetos que estaban sobre la momia entre los vendajes. \u00abPara despegar la m\u00e1scara, en su momento, no fueron muy prolijos, la momia fue muy da\u00f1ada\u00bb, se\u00f1al\u00f3 Flammini.<\/p>\n<p>En la tumba hallaron<strong>\u00a0m\u00e1s de 5.000 objetos \u00abfascinantes\u00bb de la \u00e9poca<\/strong>, entre ellos, abanicos con plumas de avestruz conservadas, carros de guerra, joyas, estatuas y tronos de madera dorada, que \u00abacompa\u00f1aban al fara\u00f3n a la vida en el m\u00e1s all\u00e1\u00bb, una creencia caracter\u00edstica de los egipcios; y \u00abllev\u00f3 mucho tiempo vaciar todo lo que se encontr\u00f3 all\u00ed\u00bb, record\u00f3 la investigadora.<\/p>\n<h2 class=\"\">El museo de El Cairo<\/h2>\n<figure class=\"mb-3\"><img decoding=\"async\" src=\"https:\/\/www.telam.com.ar\/thumbs\/bluesteel\/advf\/imagenes\/2022\/11\/63643972a84f6_1200.jpg\" alt=\"Telam SE\" width=\"100%\" height=\"100%\" \/><\/p>\n<div class=\"media-icons\"><\/div><figcaption><\/figcaption><\/figure>\n<p>En la actualidad, los\u00a0<strong>objetos se encuentran en el museo de El Cairo, y la momia en la tumba del Valle de los Reyes, dentro de una c\u00e1mara de cristal\u00a0<\/strong>que est\u00e1 completamente acondicionada para que no se desintegre.<\/p>\n<figure class=\"mb-3\"><img decoding=\"async\" src=\"https:\/\/www.telam.com.ar\/thumbs\/bluesteel\/advf\/imagenes\/2022\/11\/63643972d451a_1200.jpg\" alt=\"Telam SE\" width=\"100%\" height=\"100%\" \/><\/p>\n<div class=\"media-icons\"><\/div><figcaption><\/figcaption><\/figure>\n<p>\u00abEl descubrimiento de la tumba de Tutankam\u00f3n qued\u00f3 en nuestra historia colectiva como un momento de iluminaci\u00f3n acerca del antiguo Egipto que interes\u00f3 y fascin\u00f3 a mucha gente, y reforz\u00f3 la Egiptoman\u00eda; algunos se volcaron m\u00e1s al campo acad\u00e9mico (la Egiptolog\u00eda) y otros en el del inter\u00e9s general, pero a todos nos interpel\u00f3 de alguna manera, ese el gran impacto que tiene\u00bb, se\u00f1al\u00f3 la historiadora.<\/p>\n<figure class=\"mb-3\"><img decoding=\"async\" src=\"https:\/\/www.telam.com.ar\/thumbs\/bluesteel\/advf\/imagenes\/2022\/11\/636439730c1b8_1200.jpg\" alt=\"Telam SE\" width=\"100%\" height=\"100%\" \/><\/p>\n<div class=\"media-icons\"><\/div><figcaption><\/figcaption><\/figure>\n<p>Adem\u00e1s, este descubrimiento fue inter\u00e9s desde el primer momento para los medios de comunicaci\u00f3n de todo el mundo, que potenciaron la idea del\u00a0<strong>\u00abEgipto misterioso y de que el rey ten\u00eda poderes desde el m\u00e1s all\u00e1 para que &#8216;quien osara alterar su sue\u00f1o eterno, muriera'\u00bb.<\/strong><\/p>\n<p>Sumado al fallecimiento del lord de Carnarvon al a\u00f1o siguiente por una infecci\u00f3n de una herida, los relatos que ya circulaban previamente en la Inglaterra del siglo XIX, y al hecho de que en las tumbas de los reyes se escrib\u00edan ciertas f\u00f3rmulas que dec\u00edan que \u00abno se interrumpiera el sue\u00f1o del difunto\u00bb, interpretados como maldiciones, se reaviv\u00f3 el fuego de la \u00abEgiptoman\u00eda\u00bb.<\/p>\n<figure class=\"mb-3\"><img decoding=\"async\" src=\"https:\/\/www.telam.com.ar\/thumbs\/bluesteel\/advf\/imagenes\/2022\/11\/6364397335e7e_1200.jpg\" alt=\"Telam SE\" width=\"100%\" height=\"100%\" \/><\/figure>\n","protected":false},"excerpt":{"rendered":"<p>El aniversario del hallazgo coincide con el bicentenario del \u00abdesciframiento de los jerogl\u00edficos\u00bb, realizado en 1822 por el historiador franc\u00e9s Jean Francois Champollion, considerado como el \u00abPadre de la Egiptolog\u00eda\u00bb.<\/p>\n","protected":false},"author":3,"featured_media":0,"comment_status":"closed","ping_status":"closed","sticky":false,"template":"","format":"standard","meta":{"footnotes":""},"categories":[46],"tags":[],"class_list":["post-79759","post","type-post","status-publish","format-standard","hentry","category-ciencia-y-tecnologia"],"yoast_head":"<!-- This site is optimized with the Yoast SEO plugin v25.9 - https:\/\/yoast.com\/wordpress\/plugins\/seo\/ -->\n<title>A un siglo del descubrimiento de la tumba de Tutankam\u00f3n - Noticias Radio Reflejos<\/title>\n<meta name=\"robots\" content=\"index, follow, max-snippet:-1, max-image-preview:large, max-video-preview:-1\" \/>\n<link rel=\"canonical\" href=\"https:\/\/www.noticiasradioreflejos.com.ar\/2021\/a-un-siglo-del-descubrimiento-de-la-tumba-de-tutankamon\/\" \/>\n<meta property=\"og:locale\" content=\"es_ES\" \/>\n<meta property=\"og:type\" content=\"article\" \/>\n<meta property=\"og:title\" content=\"A un siglo del descubrimiento de la tumba de Tutankam\u00f3n - Noticias Radio Reflejos\" \/>\n<meta property=\"og:description\" content=\"El aniversario del hallazgo coincide con el bicentenario del \u00abdesciframiento de los jerogl\u00edficos\u00bb, realizado en 1822 por el historiador franc\u00e9s Jean Francois Champollion, considerado como el \u00abPadre de la Egiptolog\u00eda\u00bb.\" \/>\n<meta property=\"og:url\" content=\"https:\/\/www.noticiasradioreflejos.com.ar\/2021\/a-un-siglo-del-descubrimiento-de-la-tumba-de-tutankamon\/\" \/>\n<meta property=\"og:site_name\" content=\"Noticias Radio Reflejos\" \/>\n<meta property=\"article:published_time\" content=\"2022-11-04T09:42:02+00:00\" \/>\n<meta property=\"og:image\" content=\"https:\/\/www.telam.com.ar\/thumbs\/bluesteel\/advf\/imagenes\/2022\/11\/6363fb9c20061_1200.jpg\" \/>\n<meta name=\"author\" content=\"Arnaldo Botto\" \/>\n<meta name=\"twitter:card\" content=\"summary_large_image\" \/>\n<script type=\"application\/ld+json\" class=\"yoast-schema-graph\">{\"@context\":\"https:\/\/schema.org\",\"@graph\":[{\"@type\":\"WebPage\",\"@id\":\"https:\/\/www.noticiasradioreflejos.com.ar\/2021\/a-un-siglo-del-descubrimiento-de-la-tumba-de-tutankamon\/\",\"url\":\"https:\/\/www.noticiasradioreflejos.com.ar\/2021\/a-un-siglo-del-descubrimiento-de-la-tumba-de-tutankamon\/\",\"name\":\"A un siglo del descubrimiento de la tumba de Tutankam\u00f3n - Noticias Radio Reflejos\",\"isPartOf\":{\"@id\":\"https:\/\/www.noticiasradioreflejos.com.ar\/2021\/#website\"},\"primaryImageOfPage\":{\"@id\":\"https:\/\/www.noticiasradioreflejos.com.ar\/2021\/a-un-siglo-del-descubrimiento-de-la-tumba-de-tutankamon\/#primaryimage\"},\"image\":{\"@id\":\"https:\/\/www.noticiasradioreflejos.com.ar\/2021\/a-un-siglo-del-descubrimiento-de-la-tumba-de-tutankamon\/#primaryimage\"},\"thumbnailUrl\":\"https:\/\/www.telam.com.ar\/thumbs\/bluesteel\/advf\/imagenes\/2022\/11\/6363fb9c20061_1200.jpg\",\"datePublished\":\"2022-11-04T09:42:02+00:00\",\"author\":{\"@id\":\"https:\/\/www.noticiasradioreflejos.com.ar\/2021\/#\/schema\/person\/ad82545263dcc5ec0996818884fd5fb1\"},\"breadcrumb\":{\"@id\":\"https:\/\/www.noticiasradioreflejos.com.ar\/2021\/a-un-siglo-del-descubrimiento-de-la-tumba-de-tutankamon\/#breadcrumb\"},\"inLanguage\":\"es\",\"potentialAction\":[{\"@type\":\"ReadAction\",\"target\":[\"https:\/\/www.noticiasradioreflejos.com.ar\/2021\/a-un-siglo-del-descubrimiento-de-la-tumba-de-tutankamon\/\"]}]},{\"@type\":\"ImageObject\",\"inLanguage\":\"es\",\"@id\":\"https:\/\/www.noticiasradioreflejos.com.ar\/2021\/a-un-siglo-del-descubrimiento-de-la-tumba-de-tutankamon\/#primaryimage\",\"url\":\"https:\/\/www.telam.com.ar\/thumbs\/bluesteel\/advf\/imagenes\/2022\/11\/6363fb9c20061_1200.jpg\",\"contentUrl\":\"https:\/\/www.telam.com.ar\/thumbs\/bluesteel\/advf\/imagenes\/2022\/11\/6363fb9c20061_1200.jpg\"},{\"@type\":\"BreadcrumbList\",\"@id\":\"https:\/\/www.noticiasradioreflejos.com.ar\/2021\/a-un-siglo-del-descubrimiento-de-la-tumba-de-tutankamon\/#breadcrumb\",\"itemListElement\":[{\"@type\":\"ListItem\",\"position\":1,\"name\":\"Portada\",\"item\":\"https:\/\/www.noticiasradioreflejos.com.ar\/2021\/\"},{\"@type\":\"ListItem\",\"position\":2,\"name\":\"A un siglo del descubrimiento de la tumba de Tutankam\u00f3n\"}]},{\"@type\":\"WebSite\",\"@id\":\"https:\/\/www.noticiasradioreflejos.com.ar\/2021\/#website\",\"url\":\"https:\/\/www.noticiasradioreflejos.com.ar\/2021\/\",\"name\":\"Noticias Radio Reflejos\",\"description\":\"Las noticias de mi comarca\",\"potentialAction\":[{\"@type\":\"SearchAction\",\"target\":{\"@type\":\"EntryPoint\",\"urlTemplate\":\"https:\/\/www.noticiasradioreflejos.com.ar\/2021\/?s={search_term_string}\"},\"query-input\":{\"@type\":\"PropertyValueSpecification\",\"valueRequired\":true,\"valueName\":\"search_term_string\"}}],\"inLanguage\":\"es\"},{\"@type\":\"Person\",\"@id\":\"https:\/\/www.noticiasradioreflejos.com.ar\/2021\/#\/schema\/person\/ad82545263dcc5ec0996818884fd5fb1\",\"name\":\"Arnaldo Botto\",\"image\":{\"@type\":\"ImageObject\",\"inLanguage\":\"es\",\"@id\":\"https:\/\/www.noticiasradioreflejos.com.ar\/2021\/#\/schema\/person\/image\/\",\"url\":\"https:\/\/secure.gravatar.com\/avatar\/55cb5e37c1efa326397366e6974cb338056df65cb50e7d64d1cf314e87504837?s=96&d=mm&r=g\",\"contentUrl\":\"https:\/\/secure.gravatar.com\/avatar\/55cb5e37c1efa326397366e6974cb338056df65cb50e7d64d1cf314e87504837?s=96&d=mm&r=g\",\"caption\":\"Arnaldo Botto\"},\"url\":\"https:\/\/www.noticiasradioreflejos.com.ar\/2021\/author\/arnaldo\/\"}]}<\/script>\n<!-- \/ Yoast SEO plugin. -->","yoast_head_json":{"title":"A un siglo del descubrimiento de la tumba de Tutankam\u00f3n - Noticias Radio Reflejos","robots":{"index":"index","follow":"follow","max-snippet":"max-snippet:-1","max-image-preview":"max-image-preview:large","max-video-preview":"max-video-preview:-1"},"canonical":"https:\/\/www.noticiasradioreflejos.com.ar\/2021\/a-un-siglo-del-descubrimiento-de-la-tumba-de-tutankamon\/","og_locale":"es_ES","og_type":"article","og_title":"A un siglo del descubrimiento de la tumba de Tutankam\u00f3n - Noticias Radio Reflejos","og_description":"El aniversario del hallazgo coincide con el bicentenario del \u00abdesciframiento de los jerogl\u00edficos\u00bb, realizado en 1822 por el historiador franc\u00e9s Jean Francois Champollion, considerado como el \u00abPadre de la Egiptolog\u00eda\u00bb.","og_url":"https:\/\/www.noticiasradioreflejos.com.ar\/2021\/a-un-siglo-del-descubrimiento-de-la-tumba-de-tutankamon\/","og_site_name":"Noticias Radio Reflejos","article_published_time":"2022-11-04T09:42:02+00:00","og_image":[{"url":"https:\/\/www.telam.com.ar\/thumbs\/bluesteel\/advf\/imagenes\/2022\/11\/6363fb9c20061_1200.jpg","type":"","width":"","height":""}],"author":"Arnaldo Botto","twitter_card":"summary_large_image","schema":{"@context":"https:\/\/schema.org","@graph":[{"@type":"WebPage","@id":"https:\/\/www.noticiasradioreflejos.com.ar\/2021\/a-un-siglo-del-descubrimiento-de-la-tumba-de-tutankamon\/","url":"https:\/\/www.noticiasradioreflejos.com.ar\/2021\/a-un-siglo-del-descubrimiento-de-la-tumba-de-tutankamon\/","name":"A un siglo del descubrimiento de la tumba de Tutankam\u00f3n - Noticias Radio Reflejos","isPartOf":{"@id":"https:\/\/www.noticiasradioreflejos.com.ar\/2021\/#website"},"primaryImageOfPage":{"@id":"https:\/\/www.noticiasradioreflejos.com.ar\/2021\/a-un-siglo-del-descubrimiento-de-la-tumba-de-tutankamon\/#primaryimage"},"image":{"@id":"https:\/\/www.noticiasradioreflejos.com.ar\/2021\/a-un-siglo-del-descubrimiento-de-la-tumba-de-tutankamon\/#primaryimage"},"thumbnailUrl":"https:\/\/www.telam.com.ar\/thumbs\/bluesteel\/advf\/imagenes\/2022\/11\/6363fb9c20061_1200.jpg","datePublished":"2022-11-04T09:42:02+00:00","author":{"@id":"https:\/\/www.noticiasradioreflejos.com.ar\/2021\/#\/schema\/person\/ad82545263dcc5ec0996818884fd5fb1"},"breadcrumb":{"@id":"https:\/\/www.noticiasradioreflejos.com.ar\/2021\/a-un-siglo-del-descubrimiento-de-la-tumba-de-tutankamon\/#breadcrumb"},"inLanguage":"es","potentialAction":[{"@type":"ReadAction","target":["https:\/\/www.noticiasradioreflejos.com.ar\/2021\/a-un-siglo-del-descubrimiento-de-la-tumba-de-tutankamon\/"]}]},{"@type":"ImageObject","inLanguage":"es","@id":"https:\/\/www.noticiasradioreflejos.com.ar\/2021\/a-un-siglo-del-descubrimiento-de-la-tumba-de-tutankamon\/#primaryimage","url":"https:\/\/www.telam.com.ar\/thumbs\/bluesteel\/advf\/imagenes\/2022\/11\/6363fb9c20061_1200.jpg","contentUrl":"https:\/\/www.telam.com.ar\/thumbs\/bluesteel\/advf\/imagenes\/2022\/11\/6363fb9c20061_1200.jpg"},{"@type":"BreadcrumbList","@id":"https:\/\/www.noticiasradioreflejos.com.ar\/2021\/a-un-siglo-del-descubrimiento-de-la-tumba-de-tutankamon\/#breadcrumb","itemListElement":[{"@type":"ListItem","position":1,"name":"Portada","item":"https:\/\/www.noticiasradioreflejos.com.ar\/2021\/"},{"@type":"ListItem","position":2,"name":"A un siglo del descubrimiento de la tumba de Tutankam\u00f3n"}]},{"@type":"WebSite","@id":"https:\/\/www.noticiasradioreflejos.com.ar\/2021\/#website","url":"https:\/\/www.noticiasradioreflejos.com.ar\/2021\/","name":"Noticias Radio Reflejos","description":"Las noticias de mi comarca","potentialAction":[{"@type":"SearchAction","target":{"@type":"EntryPoint","urlTemplate":"https:\/\/www.noticiasradioreflejos.com.ar\/2021\/?s={search_term_string}"},"query-input":{"@type":"PropertyValueSpecification","valueRequired":true,"valueName":"search_term_string"}}],"inLanguage":"es"},{"@type":"Person","@id":"https:\/\/www.noticiasradioreflejos.com.ar\/2021\/#\/schema\/person\/ad82545263dcc5ec0996818884fd5fb1","name":"Arnaldo Botto","image":{"@type":"ImageObject","inLanguage":"es","@id":"https:\/\/www.noticiasradioreflejos.com.ar\/2021\/#\/schema\/person\/image\/","url":"https:\/\/secure.gravatar.com\/avatar\/55cb5e37c1efa326397366e6974cb338056df65cb50e7d64d1cf314e87504837?s=96&d=mm&r=g","contentUrl":"https:\/\/secure.gravatar.com\/avatar\/55cb5e37c1efa326397366e6974cb338056df65cb50e7d64d1cf314e87504837?s=96&d=mm&r=g","caption":"Arnaldo Botto"},"url":"https:\/\/www.noticiasradioreflejos.com.ar\/2021\/author\/arnaldo\/"}]}},"_links":{"self":[{"href":"https:\/\/www.noticiasradioreflejos.com.ar\/2021\/wp-json\/wp\/v2\/posts\/79759","targetHints":{"allow":["GET"]}}],"collection":[{"href":"https:\/\/www.noticiasradioreflejos.com.ar\/2021\/wp-json\/wp\/v2\/posts"}],"about":[{"href":"https:\/\/www.noticiasradioreflejos.com.ar\/2021\/wp-json\/wp\/v2\/types\/post"}],"author":[{"embeddable":true,"href":"https:\/\/www.noticiasradioreflejos.com.ar\/2021\/wp-json\/wp\/v2\/users\/3"}],"replies":[{"embeddable":true,"href":"https:\/\/www.noticiasradioreflejos.com.ar\/2021\/wp-json\/wp\/v2\/comments?post=79759"}],"version-history":[{"count":1,"href":"https:\/\/www.noticiasradioreflejos.com.ar\/2021\/wp-json\/wp\/v2\/posts\/79759\/revisions"}],"predecessor-version":[{"id":79761,"href":"https:\/\/www.noticiasradioreflejos.com.ar\/2021\/wp-json\/wp\/v2\/posts\/79759\/revisions\/79761"}],"wp:attachment":[{"href":"https:\/\/www.noticiasradioreflejos.com.ar\/2021\/wp-json\/wp\/v2\/media?parent=79759"}],"wp:term":[{"taxonomy":"category","embeddable":true,"href":"https:\/\/www.noticiasradioreflejos.com.ar\/2021\/wp-json\/wp\/v2\/categories?post=79759"},{"taxonomy":"post_tag","embeddable":true,"href":"https:\/\/www.noticiasradioreflejos.com.ar\/2021\/wp-json\/wp\/v2\/tags?post=79759"}],"curies":[{"name":"wp","href":"https:\/\/api.w.org\/{rel}","templated":true}]}}