{"id":79641,"date":"2022-11-01T15:13:23","date_gmt":"2022-11-01T15:13:23","guid":{"rendered":"http:\/\/www.noticiasradioreflejos.com.ar\/2021\/?p=79641"},"modified":"2022-11-01T15:13:23","modified_gmt":"2022-11-01T15:13:23","slug":"vecinos-se-autoconvocan-para-formar-una-junta-vecinal-ante-el-problema-habitacional","status":"publish","type":"post","link":"https:\/\/www.noticiasradioreflejos.com.ar\/2021\/vecinos-se-autoconvocan-para-formar-una-junta-vecinal-ante-el-problema-habitacional\/","title":{"rendered":"Vecinos se autoconvocan para formar una Junta Vecinal ante el problema habitacional"},"content":{"rendered":"<p>Ocurrir\u00e1 este s\u00e1bado, desde las 16, en calle Jos\u00e9 Hern\u00e1ndez 132 de Sierra de la Ventana. Walter Andrada, uno de los impulsores de la medida, brind\u00f3 detalles al respecto.<!--more--><\/p>\n<p>Este s\u00e1bado 5 de noviembre, a partir de las 16, los vecinos de Sierra de la Ventana se est\u00e1n convocando en calle Jos\u00e9 Hern\u00e1ndez 132 de Sierra de la Ventana para integrar una Junta Vecinal por el h\u00e1bitat de la comarca serrana \u2013 Tornquist.<\/p>\n<p>Al respecto, uno de los impulsores de este primer encuentro, Walter Andrada, explic\u00f3 que este accionar vendr\u00eda a ser \u201cel segundo paso, de lo que venimos haciendo hace largos meses. Esto es un proceso, vamos paso a paso y vamos logrando como vecinos peque\u00f1os \u00e9xitos\u201d.<\/p>\n<p>D\u00e1ndole un marco a la situaci\u00f3n, cont\u00f3 que \u201cla ordenanza ya existe. En esa misma ordenanza se crea el registro de demanda habitacional, que es donde nos debemos inscribir para decir que no tenemos casa propia y necesitamos como familia tenerla. Y tambi\u00e9n se crea el otro instrumento, que es el concejo local de vivienda, habitad y derecho a la ciudad\u201d.<\/p>\n<p>Siguiendo esa l\u00ednea, explic\u00f3 que \u201cah\u00ed participa el ejecutivo, los concejales, sector privado y sector p\u00fablico no estatal, es decir, distintas organizaciones como los grupos de vecinos. Para participar como vecinos tenemos que estar agrupados de alguna manera, y es por eso que vamos a crear esa junta vecinal. Hasta que el intendente no reglamente esta ordenanza, el concejo ni el registro van a funcionar\u201d.<\/p>\n<p>Sobre la situaci\u00f3n, Andrada fue claro: \u201cla mirada que tengo como vecino es que la informaci\u00f3n es contradictoria. Por eso creo que es importante que el concejo funcione. Al no difundirse la informaci\u00f3n se genera un tel\u00e9fono descompuesto. Creo que estamos lejos de encontrar soluciones al problema. Lo justo es que se cree el concejo, para que esa informaci\u00f3n baje de una buena vez, se terminen las contradicciones, se aclaren y se empiecen a buscar soluciones\u201d.<\/p>\n<p>En otro pasaje de la charla mencion\u00f3 que \u201cquien ven\u00eda manejando toda la gesti\u00f3n era Gonzalo Iparaguirre. La \u00faltima charla que tuve con \u00e9l no fue muy fruct\u00edfera, ya que la informaci\u00f3n que dio fue contradictoria. Se me ocurre que ahora lo debe manejar obras p\u00fablicas y desarrollo. Ellos deber\u00edan tener la manija de esto. A ciencia cierta no sabemos bien. Eso pinta como est\u00e1n las gestiones. Estamos como bola sin manija\u201d.<\/p>\n<p>Buscando darle claridad al tema, sostuvo que \u201cla ley de acceso justo al h\u00e1bitat lo que permite es, que el municipio cuente con una caja de herramientas, con distintos elementos para aplicar, que va m\u00e1s all\u00e1 de la negociaci\u00f3n que pueda tener el intendente con un X a nivel pol\u00edtico. Tiene que ver c\u00f3mo nosotros como comunidad resolvemos un problema\u201d.<\/p>\n<p>Por \u00faltimo, y ante posibles malos entendidos, Andrada fue concreto: \u201cno voy a criticar que se hagan 40 viviendas. El tema es que si no tenes un registro de demanda habitacional, no sabes cu\u00e1ntas son las familias que tienen el problema, si tienen capacidad de pago, c\u00f3mo est\u00e1n conformadas\u2026 no tenes idea de nada. Solo haces parches sin hacer un diagn\u00f3stico de la situaci\u00f3n\u201d.<\/p>\n<p><iframe loading=\"lazy\" width=\"100%\" height=\"166\" scrolling=\"no\" frameborder=\"no\" allow=\"autoplay\" src=\"https:\/\/w.soundcloud.com\/player\/?url=https%3A\/\/api.soundcloud.com\/tracks\/1374254734&#038;color=%23ff5500&#038;auto_play=false&#038;hide_related=false&#038;show_comments=true&#038;show_user=true&#038;show_reposts=false&#038;show_teaser=true\"><\/iframe><\/p>\n<div style=\"font-size: 10px; color: #cccccc;line-break: anywhere;word-break: normal;overflow: hidden;white-space: nowrap;text-overflow: ellipsis; font-family: Interstate,Lucida Grande,Lucida Sans Unicode,Lucida Sans,Garuda,Verdana,Tahoma,sans-serif;font-weight: 100;\"><a href=\"https:\/\/soundcloud.com\/fmreflejos-103-7\" title=\"fmreflejos 103.7\" target=\"_blank\" style=\"color: #cccccc; text-decoration: none;\" rel=\"noopener\">fmreflejos 103.7<\/a> \u00b7 <a href=\"https:\/\/soundcloud.com\/fmreflejos-103-7\/walter-andadra\" title=\"Walter Andadra\" target=\"_blank\" style=\"color: #cccccc; text-decoration: none;\" rel=\"noopener\">Walter Andadra<\/a><\/div>\n<p><a href=\"http:\/\/www.noticiasradioreflejos.com.ar\/2021\/vecinos-se-autoconvocan-para-formar-una-junta-vecinal-ante-el-problema-habitacional\/whatsapp-image-2022-11-01-at-09-47-54\/\" rel=\"attachment wp-att-79643\"><img loading=\"lazy\" decoding=\"async\" src=\"http:\/\/www.noticiasradioreflejos.com.ar\/2021\/wp-content\/uploads\/2022\/11\/WhatsApp-Image-2022-11-01-at-09.47.54.jpeg\" alt=\"\" width=\"899\" height=\"1599\" class=\"aligncenter size-full wp-image-79643\" \/><\/a><\/p>\n","protected":false},"excerpt":{"rendered":"<p>Ocurrir\u00e1 este s\u00e1bado, desde las 16, en calle Jos\u00e9 Hern\u00e1ndez 132 de Sierra de la Ventana. Walter Andrada, uno de los impulsores de la medida, brind\u00f3 detalles al respecto.<\/p>\n","protected":false},"author":3,"featured_media":0,"comment_status":"closed","ping_status":"closed","sticky":false,"template":"","format":"standard","meta":{"footnotes":""},"categories":[24,26],"tags":[48],"class_list":["post-79641","post","type-post","status-publish","format-standard","hentry","category-politica","category-sociedad","tag-destacada"],"yoast_head":"<!-- This site is optimized with the Yoast SEO plugin v25.9 - https:\/\/yoast.com\/wordpress\/plugins\/seo\/ -->\n<title>Vecinos se autoconvocan para formar una Junta Vecinal ante el problema habitacional - Noticias Radio Reflejos<\/title>\n<meta name=\"robots\" content=\"index, follow, max-snippet:-1, max-image-preview:large, max-video-preview:-1\" \/>\n<link rel=\"canonical\" href=\"https:\/\/www.noticiasradioreflejos.com.ar\/2021\/vecinos-se-autoconvocan-para-formar-una-junta-vecinal-ante-el-problema-habitacional\/\" \/>\n<meta property=\"og:locale\" content=\"es_ES\" \/>\n<meta property=\"og:type\" content=\"article\" \/>\n<meta property=\"og:title\" content=\"Vecinos se autoconvocan para formar una Junta Vecinal ante el problema habitacional - Noticias Radio Reflejos\" \/>\n<meta property=\"og:description\" content=\"Ocurrir\u00e1 este s\u00e1bado, desde las 16, en calle Jos\u00e9 Hern\u00e1ndez 132 de Sierra de la Ventana. Walter Andrada, uno de los impulsores de la medida, brind\u00f3 detalles al respecto.\" \/>\n<meta property=\"og:url\" content=\"https:\/\/www.noticiasradioreflejos.com.ar\/2021\/vecinos-se-autoconvocan-para-formar-una-junta-vecinal-ante-el-problema-habitacional\/\" \/>\n<meta property=\"og:site_name\" content=\"Noticias Radio Reflejos\" \/>\n<meta property=\"article:published_time\" content=\"2022-11-01T15:13:23+00:00\" \/>\n<meta property=\"og:image\" content=\"http:\/\/www.noticiasradioreflejos.com.ar\/2021\/wp-content\/uploads\/2022\/11\/WhatsApp-Image-2022-11-01-at-09.47.54.jpeg\" \/>\n<meta name=\"author\" content=\"Arnaldo Botto\" \/>\n<meta name=\"twitter:card\" content=\"summary_large_image\" \/>\n<script type=\"application\/ld+json\" class=\"yoast-schema-graph\">{\"@context\":\"https:\/\/schema.org\",\"@graph\":[{\"@type\":\"WebPage\",\"@id\":\"https:\/\/www.noticiasradioreflejos.com.ar\/2021\/vecinos-se-autoconvocan-para-formar-una-junta-vecinal-ante-el-problema-habitacional\/\",\"url\":\"https:\/\/www.noticiasradioreflejos.com.ar\/2021\/vecinos-se-autoconvocan-para-formar-una-junta-vecinal-ante-el-problema-habitacional\/\",\"name\":\"Vecinos se autoconvocan para formar una Junta Vecinal ante el problema habitacional - Noticias Radio Reflejos\",\"isPartOf\":{\"@id\":\"https:\/\/www.noticiasradioreflejos.com.ar\/2021\/#website\"},\"primaryImageOfPage\":{\"@id\":\"https:\/\/www.noticiasradioreflejos.com.ar\/2021\/vecinos-se-autoconvocan-para-formar-una-junta-vecinal-ante-el-problema-habitacional\/#primaryimage\"},\"image\":{\"@id\":\"https:\/\/www.noticiasradioreflejos.com.ar\/2021\/vecinos-se-autoconvocan-para-formar-una-junta-vecinal-ante-el-problema-habitacional\/#primaryimage\"},\"thumbnailUrl\":\"http:\/\/www.noticiasradioreflejos.com.ar\/2021\/wp-content\/uploads\/2022\/11\/WhatsApp-Image-2022-11-01-at-09.47.54.jpeg\",\"datePublished\":\"2022-11-01T15:13:23+00:00\",\"author\":{\"@id\":\"https:\/\/www.noticiasradioreflejos.com.ar\/2021\/#\/schema\/person\/ad82545263dcc5ec0996818884fd5fb1\"},\"breadcrumb\":{\"@id\":\"https:\/\/www.noticiasradioreflejos.com.ar\/2021\/vecinos-se-autoconvocan-para-formar-una-junta-vecinal-ante-el-problema-habitacional\/#breadcrumb\"},\"inLanguage\":\"es\",\"potentialAction\":[{\"@type\":\"ReadAction\",\"target\":[\"https:\/\/www.noticiasradioreflejos.com.ar\/2021\/vecinos-se-autoconvocan-para-formar-una-junta-vecinal-ante-el-problema-habitacional\/\"]}]},{\"@type\":\"ImageObject\",\"inLanguage\":\"es\",\"@id\":\"https:\/\/www.noticiasradioreflejos.com.ar\/2021\/vecinos-se-autoconvocan-para-formar-una-junta-vecinal-ante-el-problema-habitacional\/#primaryimage\",\"url\":\"\",\"contentUrl\":\"\"},{\"@type\":\"BreadcrumbList\",\"@id\":\"https:\/\/www.noticiasradioreflejos.com.ar\/2021\/vecinos-se-autoconvocan-para-formar-una-junta-vecinal-ante-el-problema-habitacional\/#breadcrumb\",\"itemListElement\":[{\"@type\":\"ListItem\",\"position\":1,\"name\":\"Portada\",\"item\":\"https:\/\/www.noticiasradioreflejos.com.ar\/2021\/\"},{\"@type\":\"ListItem\",\"position\":2,\"name\":\"Vecinos se autoconvocan para formar una Junta Vecinal ante el problema habitacional\"}]},{\"@type\":\"WebSite\",\"@id\":\"https:\/\/www.noticiasradioreflejos.com.ar\/2021\/#website\",\"url\":\"https:\/\/www.noticiasradioreflejos.com.ar\/2021\/\",\"name\":\"Noticias Radio Reflejos\",\"description\":\"Las noticias de mi comarca\",\"potentialAction\":[{\"@type\":\"SearchAction\",\"target\":{\"@type\":\"EntryPoint\",\"urlTemplate\":\"https:\/\/www.noticiasradioreflejos.com.ar\/2021\/?s={search_term_string}\"},\"query-input\":{\"@type\":\"PropertyValueSpecification\",\"valueRequired\":true,\"valueName\":\"search_term_string\"}}],\"inLanguage\":\"es\"},{\"@type\":\"Person\",\"@id\":\"https:\/\/www.noticiasradioreflejos.com.ar\/2021\/#\/schema\/person\/ad82545263dcc5ec0996818884fd5fb1\",\"name\":\"Arnaldo Botto\",\"image\":{\"@type\":\"ImageObject\",\"inLanguage\":\"es\",\"@id\":\"https:\/\/www.noticiasradioreflejos.com.ar\/2021\/#\/schema\/person\/image\/\",\"url\":\"https:\/\/secure.gravatar.com\/avatar\/55cb5e37c1efa326397366e6974cb338056df65cb50e7d64d1cf314e87504837?s=96&d=mm&r=g\",\"contentUrl\":\"https:\/\/secure.gravatar.com\/avatar\/55cb5e37c1efa326397366e6974cb338056df65cb50e7d64d1cf314e87504837?s=96&d=mm&r=g\",\"caption\":\"Arnaldo Botto\"},\"url\":\"https:\/\/www.noticiasradioreflejos.com.ar\/2021\/author\/arnaldo\/\"}]}<\/script>\n<!-- \/ Yoast SEO plugin. -->","yoast_head_json":{"title":"Vecinos se autoconvocan para formar una Junta Vecinal ante el problema habitacional - Noticias Radio Reflejos","robots":{"index":"index","follow":"follow","max-snippet":"max-snippet:-1","max-image-preview":"max-image-preview:large","max-video-preview":"max-video-preview:-1"},"canonical":"https:\/\/www.noticiasradioreflejos.com.ar\/2021\/vecinos-se-autoconvocan-para-formar-una-junta-vecinal-ante-el-problema-habitacional\/","og_locale":"es_ES","og_type":"article","og_title":"Vecinos se autoconvocan para formar una Junta Vecinal ante el problema habitacional - Noticias Radio Reflejos","og_description":"Ocurrir\u00e1 este s\u00e1bado, desde las 16, en calle Jos\u00e9 Hern\u00e1ndez 132 de Sierra de la Ventana. Walter Andrada, uno de los impulsores de la medida, brind\u00f3 detalles al respecto.","og_url":"https:\/\/www.noticiasradioreflejos.com.ar\/2021\/vecinos-se-autoconvocan-para-formar-una-junta-vecinal-ante-el-problema-habitacional\/","og_site_name":"Noticias Radio Reflejos","article_published_time":"2022-11-01T15:13:23+00:00","og_image":[{"url":"http:\/\/www.noticiasradioreflejos.com.ar\/2021\/wp-content\/uploads\/2022\/11\/WhatsApp-Image-2022-11-01-at-09.47.54.jpeg","type":"","width":"","height":""}],"author":"Arnaldo Botto","twitter_card":"summary_large_image","schema":{"@context":"https:\/\/schema.org","@graph":[{"@type":"WebPage","@id":"https:\/\/www.noticiasradioreflejos.com.ar\/2021\/vecinos-se-autoconvocan-para-formar-una-junta-vecinal-ante-el-problema-habitacional\/","url":"https:\/\/www.noticiasradioreflejos.com.ar\/2021\/vecinos-se-autoconvocan-para-formar-una-junta-vecinal-ante-el-problema-habitacional\/","name":"Vecinos se autoconvocan para formar una Junta Vecinal ante el problema habitacional - Noticias Radio Reflejos","isPartOf":{"@id":"https:\/\/www.noticiasradioreflejos.com.ar\/2021\/#website"},"primaryImageOfPage":{"@id":"https:\/\/www.noticiasradioreflejos.com.ar\/2021\/vecinos-se-autoconvocan-para-formar-una-junta-vecinal-ante-el-problema-habitacional\/#primaryimage"},"image":{"@id":"https:\/\/www.noticiasradioreflejos.com.ar\/2021\/vecinos-se-autoconvocan-para-formar-una-junta-vecinal-ante-el-problema-habitacional\/#primaryimage"},"thumbnailUrl":"http:\/\/www.noticiasradioreflejos.com.ar\/2021\/wp-content\/uploads\/2022\/11\/WhatsApp-Image-2022-11-01-at-09.47.54.jpeg","datePublished":"2022-11-01T15:13:23+00:00","author":{"@id":"https:\/\/www.noticiasradioreflejos.com.ar\/2021\/#\/schema\/person\/ad82545263dcc5ec0996818884fd5fb1"},"breadcrumb":{"@id":"https:\/\/www.noticiasradioreflejos.com.ar\/2021\/vecinos-se-autoconvocan-para-formar-una-junta-vecinal-ante-el-problema-habitacional\/#breadcrumb"},"inLanguage":"es","potentialAction":[{"@type":"ReadAction","target":["https:\/\/www.noticiasradioreflejos.com.ar\/2021\/vecinos-se-autoconvocan-para-formar-una-junta-vecinal-ante-el-problema-habitacional\/"]}]},{"@type":"ImageObject","inLanguage":"es","@id":"https:\/\/www.noticiasradioreflejos.com.ar\/2021\/vecinos-se-autoconvocan-para-formar-una-junta-vecinal-ante-el-problema-habitacional\/#primaryimage","url":"","contentUrl":""},{"@type":"BreadcrumbList","@id":"https:\/\/www.noticiasradioreflejos.com.ar\/2021\/vecinos-se-autoconvocan-para-formar-una-junta-vecinal-ante-el-problema-habitacional\/#breadcrumb","itemListElement":[{"@type":"ListItem","position":1,"name":"Portada","item":"https:\/\/www.noticiasradioreflejos.com.ar\/2021\/"},{"@type":"ListItem","position":2,"name":"Vecinos se autoconvocan para formar una Junta Vecinal ante el problema habitacional"}]},{"@type":"WebSite","@id":"https:\/\/www.noticiasradioreflejos.com.ar\/2021\/#website","url":"https:\/\/www.noticiasradioreflejos.com.ar\/2021\/","name":"Noticias Radio Reflejos","description":"Las noticias de mi comarca","potentialAction":[{"@type":"SearchAction","target":{"@type":"EntryPoint","urlTemplate":"https:\/\/www.noticiasradioreflejos.com.ar\/2021\/?s={search_term_string}"},"query-input":{"@type":"PropertyValueSpecification","valueRequired":true,"valueName":"search_term_string"}}],"inLanguage":"es"},{"@type":"Person","@id":"https:\/\/www.noticiasradioreflejos.com.ar\/2021\/#\/schema\/person\/ad82545263dcc5ec0996818884fd5fb1","name":"Arnaldo Botto","image":{"@type":"ImageObject","inLanguage":"es","@id":"https:\/\/www.noticiasradioreflejos.com.ar\/2021\/#\/schema\/person\/image\/","url":"https:\/\/secure.gravatar.com\/avatar\/55cb5e37c1efa326397366e6974cb338056df65cb50e7d64d1cf314e87504837?s=96&d=mm&r=g","contentUrl":"https:\/\/secure.gravatar.com\/avatar\/55cb5e37c1efa326397366e6974cb338056df65cb50e7d64d1cf314e87504837?s=96&d=mm&r=g","caption":"Arnaldo Botto"},"url":"https:\/\/www.noticiasradioreflejos.com.ar\/2021\/author\/arnaldo\/"}]}},"_links":{"self":[{"href":"https:\/\/www.noticiasradioreflejos.com.ar\/2021\/wp-json\/wp\/v2\/posts\/79641","targetHints":{"allow":["GET"]}}],"collection":[{"href":"https:\/\/www.noticiasradioreflejos.com.ar\/2021\/wp-json\/wp\/v2\/posts"}],"about":[{"href":"https:\/\/www.noticiasradioreflejos.com.ar\/2021\/wp-json\/wp\/v2\/types\/post"}],"author":[{"embeddable":true,"href":"https:\/\/www.noticiasradioreflejos.com.ar\/2021\/wp-json\/wp\/v2\/users\/3"}],"replies":[{"embeddable":true,"href":"https:\/\/www.noticiasradioreflejos.com.ar\/2021\/wp-json\/wp\/v2\/comments?post=79641"}],"version-history":[{"count":3,"href":"https:\/\/www.noticiasradioreflejos.com.ar\/2021\/wp-json\/wp\/v2\/posts\/79641\/revisions"}],"predecessor-version":[{"id":79646,"href":"https:\/\/www.noticiasradioreflejos.com.ar\/2021\/wp-json\/wp\/v2\/posts\/79641\/revisions\/79646"}],"wp:attachment":[{"href":"https:\/\/www.noticiasradioreflejos.com.ar\/2021\/wp-json\/wp\/v2\/media?parent=79641"}],"wp:term":[{"taxonomy":"category","embeddable":true,"href":"https:\/\/www.noticiasradioreflejos.com.ar\/2021\/wp-json\/wp\/v2\/categories?post=79641"},{"taxonomy":"post_tag","embeddable":true,"href":"https:\/\/www.noticiasradioreflejos.com.ar\/2021\/wp-json\/wp\/v2\/tags?post=79641"}],"curies":[{"name":"wp","href":"https:\/\/api.w.org\/{rel}","templated":true}]}}