{"id":79636,"date":"2022-11-01T11:57:57","date_gmt":"2022-11-01T11:57:57","guid":{"rendered":"http:\/\/www.noticiasradioreflejos.com.ar\/2021\/?p=79636"},"modified":"2022-11-01T12:13:53","modified_gmt":"2022-11-01T12:13:53","slug":"los-veteranos-y-veteranas-de-malvinas-quedaran-exentos-del-pago-de-la-tarifa-de-peaje-en-la-red-vial-nacional-concesionada","status":"publish","type":"post","link":"https:\/\/www.noticiasradioreflejos.com.ar\/2021\/los-veteranos-y-veteranas-de-malvinas-quedaran-exentos-del-pago-de-la-tarifa-de-peaje-en-la-red-vial-nacional-concesionada\/","title":{"rendered":"Los veteranos y veteranas de Malvinas quedar\u00e1n exentos del pago de la tarifa de peaje en la red vial nacional concesionada."},"content":{"rendered":"<p><em>La medida rige para ex combatientes que hayan tenido participaci\u00f3n en las acciones b\u00e9licas desarrolladas entre el 2 de abril y el 14 de junio de 1982. Las personas beneficiadas deber\u00e1n realizar un \u00fanico tr\u00e1mite de manera gratuita.<\/em><!--more--><\/p>\n<p><iframe loading=\"lazy\" width=\"853\" height=\"480\" src=\"https:\/\/www.youtube.com\/embed\/XL7Xei9sDrU\" title=\"Los veteranos y veteranas de Malvinas quedan exentos del pago de la tarifa de peaje\" frameborder=\"0\" allow=\"accelerometer; autoplay; clipboard-write; encrypted-media; gyroscope; picture-in-picture\" allowfullscreen><\/iframe><\/p>\n<p><strong>Bah\u00eda Blanca, 01 de noviembre de 2022. <\/strong>Mediante la resoluci\u00f3n 430\/2022, el Ministerio de Obras P\u00fablicas, a trav\u00e9s de Vialidad Nacional, dispuso que los veteranos y las veteranas de la Guerra de Malvinas quedar\u00e1n exentos del pago de la tarifa de peaje en las estaciones pertenecientes a la Red Vial Nacional Concesionada.<\/p>\n<p>La medida alcanza a ex soldados conscriptos y civiles que participaron en las acciones b\u00e9licas que tuvieron lugar entre el 2 de abril y el 14 de junio de 1982 en el Teatro de Operaciones Malvinas (T.O.M.) y quienes entraron en efectivas acciones de combate en el \u00e1rea del Teatro de Operaciones del Atl\u00e1ntico Sur (T.O.A.S.) dentro de la zona de exclusi\u00f3n de las 200 millas n\u00e1uticas alrededor de las Islas Malvinas, as\u00ed como tambi\u00e9n a quienes fueron afectados al Crucero \u201cARA General Belgrano\u201d hasta el 2 de mayo de 1982.<\/p>\n<p>En Bah\u00eda Blanca, a trav\u00e9s de la gesti\u00f3n del jefe del 19 Distrito, Gustavo Trankels, el tr\u00e1mite se agrup\u00f3 para facilitar la obtenci\u00f3n de las obleas, que fueron colocadas en la sede de Montevideo 366.<\/p>\n<p>\u201cQuiero agradecer a Gonzalo Atanasof, presidente de Corredores Viales, y a todo su equipo por facilitarnos la tramitaci\u00f3n para facilitar la obtenci\u00f3n de los tags destinados a los queridos veteranos de Malvinas, para que puedan realizar su tr\u00e1mite sin dificultades y acercarles la soluci\u00f3n nosotros desde el distrito. Esta es una iniciativa del ministro Gabriel Katopodis y del administrador Gustavo Arrieta, que viene a reconocer a los h\u00e9roes de Malvinas por su tit\u00e1nica tarea en la recuperaci\u00f3n del territorio argentino\u201d, expres\u00f3 Trankels.<\/p>\n<p>La exenci\u00f3n del pago de peajes es un reclamo hist\u00f3rico de los veteranos y veteranas de Malvinas, y un derecho que es reparado dentro del 90\u00b0 aniversario de la creaci\u00f3n de Vialidad Nacional. Adem\u00e1s, se enmarca dentro de la \u201cAgenda Malvinas \u2013 40 a\u00f1os\u201d que el presidente Alberto Fern\u00e1ndez lanz\u00f3 a finales de 2021 con el objetivo de elaborar acciones de reconocimiento y homenaje tanto a ex combatientes como a ca\u00eddos durante el conflicto del Atl\u00e1ntico Sur y sus familiares.<\/p>\n<p>En este sentido, una de las primeras disposiciones fue declarar, mediante el Decreto 17\/2022 del Poder Ejecutivo Nacional, al a\u00f1o 2022 como de homenaje del pueblo argentino a las personas ca\u00eddas, as\u00ed como a sus familiares y a los veteranos y las veteranas en el conflicto b\u00e9lico, adem\u00e1s difundir y concientizar acerca de los derechos soberanos argentinos.<\/p>\n<p>Asimismo, cabe destacar que la nueva medida es llevada a cabo no solo con el objetivo de homenajear a nuestros veteranos y veteranas haciendo lugar a su reclamo, sino tambi\u00e9n con el prop\u00f3sito de garantizar la accesibilidad, la continuidad y la calidad del servicio prestado a quienes utilizan la red de peajes, siempre en miras de mejorar la seguridad vial de la traza.<\/p>\n<p>&nbsp;<\/p>\n<h1>Forma de instrumentaci\u00f3n<\/h1>\n<p><strong>\u00a0<\/strong><\/p>\n<p>La exenci\u00f3n se tramitar\u00e1 ante el <a href=\"https:\/\/www.argentina.gob.ar\/obras-publicas\/vialidad-nacional\/atencion-al-usuario\">Centro de Atenci\u00f3n al Usuario de Vialidad Nacional<\/a><a href=\"https:\/\/www.argentina.gob.ar\/obras-publicas\/vialidad-nacional\/atencion-al-usuario\">. <\/a>Las personas beneficiarias podr\u00e1n iniciar el proceso mediante el env\u00edo de un formulario que se encontrar\u00e1 disponible en el sitio web del organismo mencionado, a fin de facilitar la accesibilidad para realizar el tr\u00e1mite desde cualquier lugar del pa\u00eds. Para ello, la persona usuaria beneficiaria deber\u00e1 vincular un \u00fanico veh\u00edculo en el que se traslade o sea trasladada. El mismo no podr\u00e1 ser de uso comercial y deber\u00e1 ser de hasta dos ejes y 2,30 metros de altura, sin rueda doble.<\/p>\n<p>&nbsp;<\/p>\n<p>&nbsp;<\/p>\n<p>La medida se instrumentar\u00e1 a trav\u00e9s del dispositivo TelePASE, que ser\u00e1 asignado e instalado en el veh\u00edculo vinculado luego del inicio del tr\u00e1mite y de su autorizaci\u00f3n por parte de Vialidad Nacional. Una vez que la exenci\u00f3n del pago de peaje sea autorizada por parte de Vialidad Nacional, el beneficio ser\u00e1 vinculado al dispositivo de TelePASE sin que la persona usuaria deba realizar ning\u00fan otro tr\u00e1mite. En este sentido, la habilitaci\u00f3n del TelePASE se har\u00e1 efectiva en un plazo no mayor a las 96 horas h\u00e1biles.<\/p>\n<p>&nbsp;<\/p>\n<p>Ante cualquier consulta, las personas interesadas pueden comunicarse con el Centro de Atenci\u00f3n al Usuario de Vialidad Nacional, disponible telef\u00f3nicamente de lunes a viernes entre las 9 y 18 hs llamando al 0800-222-6272 o al 0800-333-0073; o las 24 horas del d\u00eda enviando un correo electr\u00f3nico a <a href=\"mailto:atencionalusuario@vialidad.gob.ar\">atencionalusuario@vialidad.gob.ar.<\/a><\/p>\n","protected":false},"excerpt":{"rendered":"<p>La medida rige para ex combatientes que hayan tenido participaci\u00f3n en las acciones b\u00e9licas desarrolladas entre el 2 de abril y el 14 de junio de 1982. Las personas beneficiadas deber\u00e1n realizar un \u00fanico tr\u00e1mite de manera gratuita.<\/p>\n","protected":false},"author":3,"featured_media":0,"comment_status":"closed","ping_status":"closed","sticky":false,"template":"","format":"standard","meta":{"footnotes":""},"categories":[58,24,26],"tags":[48],"class_list":["post-79636","post","type-post","status-publish","format-standard","hentry","category-gobierno","category-politica","category-sociedad","tag-destacada"],"yoast_head":"<!-- This site is optimized with the Yoast SEO plugin v25.9 - https:\/\/yoast.com\/wordpress\/plugins\/seo\/ -->\n<title>Los veteranos y veteranas de Malvinas quedar\u00e1n exentos del pago de la tarifa de peaje en la red vial nacional concesionada. - Noticias Radio Reflejos<\/title>\n<meta name=\"robots\" content=\"index, follow, max-snippet:-1, max-image-preview:large, max-video-preview:-1\" \/>\n<link rel=\"canonical\" href=\"https:\/\/www.noticiasradioreflejos.com.ar\/2021\/los-veteranos-y-veteranas-de-malvinas-quedaran-exentos-del-pago-de-la-tarifa-de-peaje-en-la-red-vial-nacional-concesionada\/\" \/>\n<meta property=\"og:locale\" content=\"es_ES\" \/>\n<meta property=\"og:type\" content=\"article\" \/>\n<meta property=\"og:title\" content=\"Los veteranos y veteranas de Malvinas quedar\u00e1n exentos del pago de la tarifa de peaje en la red vial nacional concesionada. - Noticias Radio Reflejos\" \/>\n<meta property=\"og:description\" content=\"La medida rige para ex combatientes que hayan tenido participaci\u00f3n en las acciones b\u00e9licas desarrolladas entre el 2 de abril y el 14 de junio de 1982. Las personas beneficiadas deber\u00e1n realizar un \u00fanico tr\u00e1mite de manera gratuita.\" \/>\n<meta property=\"og:url\" content=\"https:\/\/www.noticiasradioreflejos.com.ar\/2021\/los-veteranos-y-veteranas-de-malvinas-quedaran-exentos-del-pago-de-la-tarifa-de-peaje-en-la-red-vial-nacional-concesionada\/\" \/>\n<meta property=\"og:site_name\" content=\"Noticias Radio Reflejos\" \/>\n<meta property=\"article:published_time\" content=\"2022-11-01T11:57:57+00:00\" \/>\n<meta property=\"article:modified_time\" content=\"2022-11-01T12:13:53+00:00\" \/>\n<meta property=\"og:image\" content=\"https:\/\/www.noticiasradioreflejos.com.ar\/2021\/wp-content\/uploads\/2021\/07\/logosol300x200.png\" \/>\n\t<meta property=\"og:image:width\" content=\"300\" \/>\n\t<meta property=\"og:image:height\" content=\"200\" \/>\n\t<meta property=\"og:image:type\" content=\"image\/png\" \/>\n<meta name=\"author\" content=\"Arnaldo Botto\" \/>\n<meta name=\"twitter:card\" content=\"summary_large_image\" \/>\n<script type=\"application\/ld+json\" class=\"yoast-schema-graph\">{\"@context\":\"https:\/\/schema.org\",\"@graph\":[{\"@type\":\"WebPage\",\"@id\":\"https:\/\/www.noticiasradioreflejos.com.ar\/2021\/los-veteranos-y-veteranas-de-malvinas-quedaran-exentos-del-pago-de-la-tarifa-de-peaje-en-la-red-vial-nacional-concesionada\/\",\"url\":\"https:\/\/www.noticiasradioreflejos.com.ar\/2021\/los-veteranos-y-veteranas-de-malvinas-quedaran-exentos-del-pago-de-la-tarifa-de-peaje-en-la-red-vial-nacional-concesionada\/\",\"name\":\"Los veteranos y veteranas de Malvinas quedar\u00e1n exentos del pago de la tarifa de peaje en la red vial nacional concesionada. - Noticias Radio Reflejos\",\"isPartOf\":{\"@id\":\"https:\/\/www.noticiasradioreflejos.com.ar\/2021\/#website\"},\"datePublished\":\"2022-11-01T11:57:57+00:00\",\"dateModified\":\"2022-11-01T12:13:53+00:00\",\"author\":{\"@id\":\"https:\/\/www.noticiasradioreflejos.com.ar\/2021\/#\/schema\/person\/ad82545263dcc5ec0996818884fd5fb1\"},\"breadcrumb\":{\"@id\":\"https:\/\/www.noticiasradioreflejos.com.ar\/2021\/los-veteranos-y-veteranas-de-malvinas-quedaran-exentos-del-pago-de-la-tarifa-de-peaje-en-la-red-vial-nacional-concesionada\/#breadcrumb\"},\"inLanguage\":\"es\",\"potentialAction\":[{\"@type\":\"ReadAction\",\"target\":[\"https:\/\/www.noticiasradioreflejos.com.ar\/2021\/los-veteranos-y-veteranas-de-malvinas-quedaran-exentos-del-pago-de-la-tarifa-de-peaje-en-la-red-vial-nacional-concesionada\/\"]}]},{\"@type\":\"BreadcrumbList\",\"@id\":\"https:\/\/www.noticiasradioreflejos.com.ar\/2021\/los-veteranos-y-veteranas-de-malvinas-quedaran-exentos-del-pago-de-la-tarifa-de-peaje-en-la-red-vial-nacional-concesionada\/#breadcrumb\",\"itemListElement\":[{\"@type\":\"ListItem\",\"position\":1,\"name\":\"Portada\",\"item\":\"https:\/\/www.noticiasradioreflejos.com.ar\/2021\/\"},{\"@type\":\"ListItem\",\"position\":2,\"name\":\"Los veteranos y veteranas de Malvinas quedar\u00e1n exentos del pago de la tarifa de peaje en la red vial nacional concesionada.\"}]},{\"@type\":\"WebSite\",\"@id\":\"https:\/\/www.noticiasradioreflejos.com.ar\/2021\/#website\",\"url\":\"https:\/\/www.noticiasradioreflejos.com.ar\/2021\/\",\"name\":\"Noticias Radio Reflejos\",\"description\":\"Las noticias de mi comarca\",\"potentialAction\":[{\"@type\":\"SearchAction\",\"target\":{\"@type\":\"EntryPoint\",\"urlTemplate\":\"https:\/\/www.noticiasradioreflejos.com.ar\/2021\/?s={search_term_string}\"},\"query-input\":{\"@type\":\"PropertyValueSpecification\",\"valueRequired\":true,\"valueName\":\"search_term_string\"}}],\"inLanguage\":\"es\"},{\"@type\":\"Person\",\"@id\":\"https:\/\/www.noticiasradioreflejos.com.ar\/2021\/#\/schema\/person\/ad82545263dcc5ec0996818884fd5fb1\",\"name\":\"Arnaldo Botto\",\"image\":{\"@type\":\"ImageObject\",\"inLanguage\":\"es\",\"@id\":\"https:\/\/www.noticiasradioreflejos.com.ar\/2021\/#\/schema\/person\/image\/\",\"url\":\"https:\/\/secure.gravatar.com\/avatar\/55cb5e37c1efa326397366e6974cb338056df65cb50e7d64d1cf314e87504837?s=96&d=mm&r=g\",\"contentUrl\":\"https:\/\/secure.gravatar.com\/avatar\/55cb5e37c1efa326397366e6974cb338056df65cb50e7d64d1cf314e87504837?s=96&d=mm&r=g\",\"caption\":\"Arnaldo Botto\"},\"url\":\"https:\/\/www.noticiasradioreflejos.com.ar\/2021\/author\/arnaldo\/\"}]}<\/script>\n<!-- \/ Yoast SEO plugin. -->","yoast_head_json":{"title":"Los veteranos y veteranas de Malvinas quedar\u00e1n exentos del pago de la tarifa de peaje en la red vial nacional concesionada. - Noticias Radio Reflejos","robots":{"index":"index","follow":"follow","max-snippet":"max-snippet:-1","max-image-preview":"max-image-preview:large","max-video-preview":"max-video-preview:-1"},"canonical":"https:\/\/www.noticiasradioreflejos.com.ar\/2021\/los-veteranos-y-veteranas-de-malvinas-quedaran-exentos-del-pago-de-la-tarifa-de-peaje-en-la-red-vial-nacional-concesionada\/","og_locale":"es_ES","og_type":"article","og_title":"Los veteranos y veteranas de Malvinas quedar\u00e1n exentos del pago de la tarifa de peaje en la red vial nacional concesionada. - Noticias Radio Reflejos","og_description":"La medida rige para ex combatientes que hayan tenido participaci\u00f3n en las acciones b\u00e9licas desarrolladas entre el 2 de abril y el 14 de junio de 1982. Las personas beneficiadas deber\u00e1n realizar un \u00fanico tr\u00e1mite de manera gratuita.","og_url":"https:\/\/www.noticiasradioreflejos.com.ar\/2021\/los-veteranos-y-veteranas-de-malvinas-quedaran-exentos-del-pago-de-la-tarifa-de-peaje-en-la-red-vial-nacional-concesionada\/","og_site_name":"Noticias Radio Reflejos","article_published_time":"2022-11-01T11:57:57+00:00","article_modified_time":"2022-11-01T12:13:53+00:00","og_image":[{"width":300,"height":200,"url":"https:\/\/www.noticiasradioreflejos.com.ar\/2021\/wp-content\/uploads\/2021\/07\/logosol300x200.png","type":"image\/png"}],"author":"Arnaldo Botto","twitter_card":"summary_large_image","schema":{"@context":"https:\/\/schema.org","@graph":[{"@type":"WebPage","@id":"https:\/\/www.noticiasradioreflejos.com.ar\/2021\/los-veteranos-y-veteranas-de-malvinas-quedaran-exentos-del-pago-de-la-tarifa-de-peaje-en-la-red-vial-nacional-concesionada\/","url":"https:\/\/www.noticiasradioreflejos.com.ar\/2021\/los-veteranos-y-veteranas-de-malvinas-quedaran-exentos-del-pago-de-la-tarifa-de-peaje-en-la-red-vial-nacional-concesionada\/","name":"Los veteranos y veteranas de Malvinas quedar\u00e1n exentos del pago de la tarifa de peaje en la red vial nacional concesionada. - Noticias Radio Reflejos","isPartOf":{"@id":"https:\/\/www.noticiasradioreflejos.com.ar\/2021\/#website"},"datePublished":"2022-11-01T11:57:57+00:00","dateModified":"2022-11-01T12:13:53+00:00","author":{"@id":"https:\/\/www.noticiasradioreflejos.com.ar\/2021\/#\/schema\/person\/ad82545263dcc5ec0996818884fd5fb1"},"breadcrumb":{"@id":"https:\/\/www.noticiasradioreflejos.com.ar\/2021\/los-veteranos-y-veteranas-de-malvinas-quedaran-exentos-del-pago-de-la-tarifa-de-peaje-en-la-red-vial-nacional-concesionada\/#breadcrumb"},"inLanguage":"es","potentialAction":[{"@type":"ReadAction","target":["https:\/\/www.noticiasradioreflejos.com.ar\/2021\/los-veteranos-y-veteranas-de-malvinas-quedaran-exentos-del-pago-de-la-tarifa-de-peaje-en-la-red-vial-nacional-concesionada\/"]}]},{"@type":"BreadcrumbList","@id":"https:\/\/www.noticiasradioreflejos.com.ar\/2021\/los-veteranos-y-veteranas-de-malvinas-quedaran-exentos-del-pago-de-la-tarifa-de-peaje-en-la-red-vial-nacional-concesionada\/#breadcrumb","itemListElement":[{"@type":"ListItem","position":1,"name":"Portada","item":"https:\/\/www.noticiasradioreflejos.com.ar\/2021\/"},{"@type":"ListItem","position":2,"name":"Los veteranos y veteranas de Malvinas quedar\u00e1n exentos del pago de la tarifa de peaje en la red vial nacional concesionada."}]},{"@type":"WebSite","@id":"https:\/\/www.noticiasradioreflejos.com.ar\/2021\/#website","url":"https:\/\/www.noticiasradioreflejos.com.ar\/2021\/","name":"Noticias Radio Reflejos","description":"Las noticias de mi comarca","potentialAction":[{"@type":"SearchAction","target":{"@type":"EntryPoint","urlTemplate":"https:\/\/www.noticiasradioreflejos.com.ar\/2021\/?s={search_term_string}"},"query-input":{"@type":"PropertyValueSpecification","valueRequired":true,"valueName":"search_term_string"}}],"inLanguage":"es"},{"@type":"Person","@id":"https:\/\/www.noticiasradioreflejos.com.ar\/2021\/#\/schema\/person\/ad82545263dcc5ec0996818884fd5fb1","name":"Arnaldo Botto","image":{"@type":"ImageObject","inLanguage":"es","@id":"https:\/\/www.noticiasradioreflejos.com.ar\/2021\/#\/schema\/person\/image\/","url":"https:\/\/secure.gravatar.com\/avatar\/55cb5e37c1efa326397366e6974cb338056df65cb50e7d64d1cf314e87504837?s=96&d=mm&r=g","contentUrl":"https:\/\/secure.gravatar.com\/avatar\/55cb5e37c1efa326397366e6974cb338056df65cb50e7d64d1cf314e87504837?s=96&d=mm&r=g","caption":"Arnaldo Botto"},"url":"https:\/\/www.noticiasradioreflejos.com.ar\/2021\/author\/arnaldo\/"}]}},"_links":{"self":[{"href":"https:\/\/www.noticiasradioreflejos.com.ar\/2021\/wp-json\/wp\/v2\/posts\/79636","targetHints":{"allow":["GET"]}}],"collection":[{"href":"https:\/\/www.noticiasradioreflejos.com.ar\/2021\/wp-json\/wp\/v2\/posts"}],"about":[{"href":"https:\/\/www.noticiasradioreflejos.com.ar\/2021\/wp-json\/wp\/v2\/types\/post"}],"author":[{"embeddable":true,"href":"https:\/\/www.noticiasradioreflejos.com.ar\/2021\/wp-json\/wp\/v2\/users\/3"}],"replies":[{"embeddable":true,"href":"https:\/\/www.noticiasradioreflejos.com.ar\/2021\/wp-json\/wp\/v2\/comments?post=79636"}],"version-history":[{"count":1,"href":"https:\/\/www.noticiasradioreflejos.com.ar\/2021\/wp-json\/wp\/v2\/posts\/79636\/revisions"}],"predecessor-version":[{"id":79638,"href":"https:\/\/www.noticiasradioreflejos.com.ar\/2021\/wp-json\/wp\/v2\/posts\/79636\/revisions\/79638"}],"wp:attachment":[{"href":"https:\/\/www.noticiasradioreflejos.com.ar\/2021\/wp-json\/wp\/v2\/media?parent=79636"}],"wp:term":[{"taxonomy":"category","embeddable":true,"href":"https:\/\/www.noticiasradioreflejos.com.ar\/2021\/wp-json\/wp\/v2\/categories?post=79636"},{"taxonomy":"post_tag","embeddable":true,"href":"https:\/\/www.noticiasradioreflejos.com.ar\/2021\/wp-json\/wp\/v2\/tags?post=79636"}],"curies":[{"name":"wp","href":"https:\/\/api.w.org\/{rel}","templated":true}]}}