{"id":79627,"date":"2022-11-01T11:03:24","date_gmt":"2022-11-01T11:03:24","guid":{"rendered":"http:\/\/www.noticiasradioreflejos.com.ar\/2021\/?p=79627"},"modified":"2022-11-01T11:06:22","modified_gmt":"2022-11-01T11:06:22","slug":"ahora-es-oficial-europa-cierra-la-puerta-definitivamente-a-los-motores-de-combustion","status":"publish","type":"post","link":"https:\/\/www.noticiasradioreflejos.com.ar\/2021\/ahora-es-oficial-europa-cierra-la-puerta-definitivamente-a-los-motores-de-combustion\/","title":{"rendered":"Ahora es oficial: Europa cierra la puerta definitivamente a los motores de combusti\u00f3n"},"content":{"rendered":"<p>Aunque a\u00fan restan 12 a\u00f1os y la fecha ya era conocida, para quienes esperaban no tener que tirar todo lo que construyeron en 2035 puede ser poco tiempo. Cu\u00e1l es el \u201cefecto Habana\u201d y por qu\u00e9 es una preocupaci\u00f3n que se debe atender.<!--more--><\/p>\n<article class=\"article\">\n<div class=\"nd-body-article\">\n<div class=\"visual__image\"><img loading=\"lazy\" decoding=\"async\" class=\"\" src=\"https:\/\/cloudfront-us-east-1.images.arcpublishing.com\/infobae\/YDWW3OQKB5B5RHVGYNMEC2ZBY4.jpg\" sizes=\"auto, (min-width: 800px) 50vw, 90vw\" srcset=\"https:\/\/www.infobae.com\/new-resizer\/G0xHCqriUmRlTHDV5vW0V8x_pBc=\/420x236\/filters:format(webp):quality(85)\/cloudfront-us-east-1.images.arcpublishing.com\/infobae\/YDWW3OQKB5B5RHVGYNMEC2ZBY4.jpg 420w,https:\/\/www.infobae.com\/new-resizer\/IOtqjYMRZ2BfuNR-Hnrc4Fx3Kso=\/768x432\/filters:format(webp):quality(85)\/cloudfront-us-east-1.images.arcpublishing.com\/infobae\/YDWW3OQKB5B5RHVGYNMEC2ZBY4.jpg 768w,https:\/\/www.infobae.com\/new-resizer\/QdT06a5KsppLlHSx6tb9fGcMFDk=\/992x558\/filters:format(webp):quality(85)\/cloudfront-us-east-1.images.arcpublishing.com\/infobae\/YDWW3OQKB5B5RHVGYNMEC2ZBY4.jpg 992w,https:\/\/www.infobae.com\/new-resizer\/tVB3z1SEy2qy2kgufXenTSlbiYQ=\/1200x675\/filters:format(webp):quality(85)\/cloudfront-us-east-1.images.arcpublishing.com\/infobae\/YDWW3OQKB5B5RHVGYNMEC2ZBY4.jpg 1200w,https:\/\/www.infobae.com\/new-resizer\/xdrQAqGi6i1Gkx_0-n78PQweuCI=\/1440x810\/filters:format(webp):quality(85)\/cloudfront-us-east-1.images.arcpublishing.com\/infobae\/YDWW3OQKB5B5RHVGYNMEC2ZBY4.jpg 1440w\" alt=\"Los motores de combusti\u00f3n interna que funcionan con derivados del petr\u00f3leo no se podr\u00e1n fabricar y vender en la Uni\u00f3n Europea desde 2035\" width=\"1920\" height=\"1080\" \/>Los motores de combusti\u00f3n interna que funcionan con derivados del petr\u00f3leo no se podr\u00e1n fabricar y vender en la Uni\u00f3n Europea desde 2035<\/div>\n<p class=\"paragraph\">Si quedaba alg\u00fan atisbo de esperanza, el pasado jueves en\u00a0<b>Bruselas<\/b>\u00a0todo se desplom\u00f3 definitivamente. La\u00a0<b>Comisi\u00f3n Europea<\/b>, el Parlamento Eurpeo y los estados miembros de la\u00a0<b>Uni\u00f3n Europea<\/b>, confirmaron que, a partir del 1 de enero de 2035, quedar\u00e1\u00a0<b>prohibida\u00a0<\/b>la\u00a0<b>venta\u00a0<\/b>de\u00a0<b>autom\u00f3viles<\/b>\u00a0nuevos impulsados por\u00a0<b>motores de combusti\u00f3n interna<\/b>\u00a0que emitan gases contaminantes.<\/p>\n<div class=\"recommended-card__image-container\"><\/div>\n<p class=\"paragraph\">La noticia no es nueva, es solo la confirmaci\u00f3n de aquello que se hab\u00eda\u00a0<b>anunciado en julio<\/b>, cuando por mayor\u00eda se logr\u00f3 el consenso para aprobar esta nueva Ley. Algunos fabricantes fueron duros con sus cr\u00edticas, esperado revertir la situaci\u00f3n, pero el pasado\u00a0<b>27 de octubre finalmente esos intentos fueron desechados.<\/b><\/p>\n<p class=\"paragraph\">La expectativa ahora est\u00e1 puesta en ver en\u00a0<b>cu\u00e1nto tiempo los fabricantes comienzan a dar final a los ciclos de producci\u00f3n de motores t\u00e9rmicos\u00a0<\/b>propulsados por derivados del petr\u00f3leo, al menos para alimentar el mercado europeo. Si bien se espera que m\u00e1s estados acompa\u00f1en la iniciativa de California, un escenario similar ser\u00eda el que ofrezca tambi\u00e9n\u00a0<b>EEUU<\/b>, ya que recientes anuncios de la<b>\u00a0Casa Blanca\u00a0<\/b>confirman un fuerte\u00a0<b>respaldo a las inversiones en movilidad el\u00e9ctrica y servicios el\u00e9ctricos anexos<\/b>\u00a0como las redes de carga para los pr\u00f3ximos a\u00f1os.<\/p>\n<div class=\"visual__image\"><img loading=\"lazy\" decoding=\"async\" class=\"\" src=\"https:\/\/cloudfront-us-east-1.images.arcpublishing.com\/infobae\/RCE6CTMMZHQVOOJARTN2TTSJP4.jpg\" sizes=\"auto, (min-width: 800px) 50vw, 90vw\" srcset=\"https:\/\/www.infobae.com\/new-resizer\/2dZn8Tji1cjBBugNUdJRb4UbqTE=\/420x280\/filters:format(webp):quality(85)\/cloudfront-us-east-1.images.arcpublishing.com\/infobae\/RCE6CTMMZHQVOOJARTN2TTSJP4.jpg 420w,https:\/\/www.infobae.com\/new-resizer\/7YGcx7lqOVzTecz_sHOzLFJyWIo=\/768x512\/filters:format(webp):quality(85)\/cloudfront-us-east-1.images.arcpublishing.com\/infobae\/RCE6CTMMZHQVOOJARTN2TTSJP4.jpg 768w,https:\/\/www.infobae.com\/new-resizer\/rNDbncvO9dLyOkZGnSLUV78TnbE=\/992x661\/filters:format(webp):quality(85)\/cloudfront-us-east-1.images.arcpublishing.com\/infobae\/RCE6CTMMZHQVOOJARTN2TTSJP4.jpg 992w,https:\/\/www.infobae.com\/new-resizer\/p4DryhadwqX9MjGlpux3dLxOcaA=\/1200x800\/filters:format(webp):quality(85)\/cloudfront-us-east-1.images.arcpublishing.com\/infobae\/RCE6CTMMZHQVOOJARTN2TTSJP4.jpg 1200w,https:\/\/www.infobae.com\/new-resizer\/AO1Ymg7YH1Ybho3KTLIjVEHyIw8=\/1440x960\/filters:format(webp):quality(85)\/cloudfront-us-east-1.images.arcpublishing.com\/infobae\/RCE6CTMMZHQVOOJARTN2TTSJP4.jpg 1440w\" alt=\"La Ley recientemente aprobada intenta propulsar exclusivamente la movilidad el\u00e9ctrica en todo el continente europeo \/ REUTERS\/Kai Pfaffenbach\/File Photo\" width=\"4638\" height=\"3149\" \/>La Ley recientemente aprobada intenta propulsar exclusivamente la movilidad el\u00e9ctrica en todo el continente europeo \/ REUTERS\/Kai Pfaffenbach\/File Photo<\/div>\n<p class=\"paragraph\">Pero el mundo es uno solo, y mientras\u00a0<b>Europa<\/b>\u00a0y\u00a0<b>Norteam\u00e9rica<\/b>\u00a0pueden tomar esas decisiones, quiz\u00e1s no sea el caso de otras regiones como\u00a0<b>Sudam\u00e9rica<\/b>, donde la\u00a0<b>matriz energ\u00e9tica a\u00fan no parece estar preparada<\/b>\u00a0para sostener un consumo el\u00e9ctrico como el que la movilidad sustentable requiere, y a la vez la econom\u00eda de muchos pa\u00edses no est\u00e1 en\u00a0<b>condiciones de prescindir de los autos con motores t\u00e9rmicos<\/b>\u00a0todav\u00eda.<\/p>\n<p>&nbsp;<\/p>\n<div class=\"recommended-card__image-container\"><img loading=\"lazy\" decoding=\"async\" class=\"recommended-card__image alignleft\" src=\"https:\/\/cloudfront-us-east-1.images.arcpublishing.com\/infobae\/55HFJKUUMJA2XFGFLDYH3H436Q.jpg\" sizes=\"auto, (min-width: 800px) 50vw, 90vw\" srcset=\"https:\/\/www.infobae.com\/new-resizer\/CLoUgM6TawH4OaCddfnnLizRCF0=\/265x149\/filters:format(webp):quality(85)\/cloudfront-us-east-1.images.arcpublishing.com\/infobae\/55HFJKUUMJA2XFGFLDYH3H436Q.jpg 265w,https:\/\/www.infobae.com\/new-resizer\/9VKjgasfIum1CQwrvxWfS_ncRVw=\/420x236\/filters:format(webp):quality(85)\/cloudfront-us-east-1.images.arcpublishing.com\/infobae\/55HFJKUUMJA2XFGFLDYH3H436Q.jpg 420w,https:\/\/www.infobae.com\/new-resizer\/LTSyCmVQQF9hIWX963XM4pUnJKU=\/768x432\/filters:format(webp):quality(85)\/cloudfront-us-east-1.images.arcpublishing.com\/infobae\/55HFJKUUMJA2XFGFLDYH3H436Q.jpg 768w,https:\/\/www.infobae.com\/new-resizer\/Xksv3u8svOQzUGmAO4iOJ_fiej8=\/992x558\/filters:format(webp):quality(85)\/cloudfront-us-east-1.images.arcpublishing.com\/infobae\/55HFJKUUMJA2XFGFLDYH3H436Q.jpg 992w,https:\/\/www.infobae.com\/new-resizer\/IgevQET4LL7YnSjkzcufD1ehBQA=\/1200x675\/filters:format(webp):quality(85)\/cloudfront-us-east-1.images.arcpublishing.com\/infobae\/55HFJKUUMJA2XFGFLDYH3H436Q.jpg 1200w,https:\/\/www.infobae.com\/new-resizer\/_yezQFIYtYnrj5mtX-ptIqn9gXE=\/1440x810\/filters:format(webp):quality(85)\/cloudfront-us-east-1.images.arcpublishing.com\/infobae\/55HFJKUUMJA2XFGFLDYH3H436Q.jpg 1440w\" alt=\"\" width=\"523\" height=\"294\" \/><\/div>\n<div class=\"recommended-card__devider\" style=\"text-align: left;\"><em><span class=\"recommended-card__info-title recommended-card__info-title--seconds\">El t\u00edpico taxi ingl\u00e9s en su versi\u00f3n 100% el\u00e9ctrica empieza a mostrar los primeros resultados<\/span><span class=\"recommended-card__info-text recommended-card__info-text--seconds recommended-card__info-text--infobae\">El LEVC TX naci\u00f3 en 2018 como la evoluci\u00f3n de los famosos taxis londinenses en versi\u00f3n moderna. Luego, apareci\u00f3 la versi\u00f3n a bater\u00edas que acaba de llegar a las 2.500 unidades y muestra el ahorro de consumo, y emisiones<\/span><\/em><\/div>\n<div class=\"recommended-card__info recommended-card__info--seconds\">\n<div class=\"recommended-card__info-button recommended-card__info-button--infobae recommended-card__info-button--seconds\">\n<p style=\"text-align: left;\">\n<\/div>\n<\/div>\n<p class=\"paragraph\">Algunas voces que se opon\u00edan a esta sanci\u00f3n de la\u00a0<b>Comisi\u00f3n Europea<\/b>\u00a0auguraban un\u00a0<b>\u201cefecto Habana\u201d<\/b>, lo que representa un escenario en el que, ante la\u00a0<b>imposibilidad de adquirir autos el\u00e9ctricos<\/b>, millones de usuarios mantengan sus\u00a0<b>autom\u00f3viles fabricados antes de 2035<\/b>\u00a0y m\u00e1s antiguos a\u00fan, lo que dejar\u00eda un\u00a0<b>continente plagado de autos viejos y contaminantes\u00a0<\/b>en lugar de un parque de veh\u00edculos sustentables el\u00e9ctricos como esperan los legisladores.<\/p>\n<p class=\"paragraph\">El\u00a0<b>autom\u00f3vil el\u00e9ctrico por un lado deber\u00e1 bajar su precio<\/b>\u00a0a valores razonables para que m\u00e1s personas puedan adquirirlo, y los gobiernos deber\u00e1n hacer\u00a0<b>grandes inversiones en infraestructura<\/b>\u00a0que aseguren soporte para una demanda que indudablemente superar\u00e1 todos los registros hist\u00f3ricos de electricidad.<\/p>\n<div class=\"visual__image\"><img loading=\"lazy\" decoding=\"async\" class=\"\" src=\"https:\/\/cloudfront-us-east-1.images.arcpublishing.com\/infobae\/WQ3KQ27NZ4MMOUGDLVEVW3FP64.jpg\" sizes=\"auto, (min-width: 800px) 50vw, 90vw\" srcset=\"https:\/\/www.infobae.com\/new-resizer\/hD0BgJu7F4A5XA33Mt3fO6ltTeo=\/420x280\/filters:format(webp):quality(85)\/cloudfront-us-east-1.images.arcpublishing.com\/infobae\/WQ3KQ27NZ4MMOUGDLVEVW3FP64.jpg 420w,https:\/\/www.infobae.com\/new-resizer\/Y-eWrQAyDaluNCz6dUjc0nXWDQo=\/768x512\/filters:format(webp):quality(85)\/cloudfront-us-east-1.images.arcpublishing.com\/infobae\/WQ3KQ27NZ4MMOUGDLVEVW3FP64.jpg 768w,https:\/\/www.infobae.com\/new-resizer\/BEqxhQ2QxKh23RQQPWQx6I4BceA=\/992x661\/filters:format(webp):quality(85)\/cloudfront-us-east-1.images.arcpublishing.com\/infobae\/WQ3KQ27NZ4MMOUGDLVEVW3FP64.jpg 992w,https:\/\/www.infobae.com\/new-resizer\/9whvrCyHXx24KGWPBURB1EgzjtA=\/1200x800\/filters:format(webp):quality(85)\/cloudfront-us-east-1.images.arcpublishing.com\/infobae\/WQ3KQ27NZ4MMOUGDLVEVW3FP64.jpg 1200w,https:\/\/www.infobae.com\/new-resizer\/zvnk6ikmKPBfV4xYupx-OVY6ZNU=\/1440x960\/filters:format(webp):quality(85)\/cloudfront-us-east-1.images.arcpublishing.com\/infobae\/WQ3KQ27NZ4MMOUGDLVEVW3FP64.jpg 1440w\" alt=\"El costo de los autos el\u00e9ctricos deber\u00e1 bajar, sino existe el riesgo de sufrir el &quot;efecto Habana&quot; con calles abarrotadas de autos viejos y contaminantes, aseguran los opositores a esta Ley \/ REUTERS\/Guglielmo Mangiapane\/File Photo\" width=\"5129\" height=\"3419\" \/>El costo de los autos el\u00e9ctricos deber\u00e1 bajar, sino existe el riesgo de sufrir el \u00abefecto Habana\u00bb con calles abarrotadas de autos viejos y contaminantes, aseguran los opositores a esta Ley \/ REUTERS\/Guglielmo Mangiapane\/File Photo<\/div>\n<p class=\"paragraph\">Pero no solo se tratar\u00e1 de infraestructura en s\u00ed misma, sino de grandes extensiones de\u00a0<b>fuentes de energ\u00eda sustentable<\/b>, como son\u00a0<b>parques e\u00f3licos y solares<\/b>, para que la contaminaci\u00f3n que no se emita desde los\u00a0<b>tubos de escape de los autos\u00a0<\/b>no se convierta en preocupaci\u00f3n porque emana de las\u00a0<b>generadoras de electricidad.<\/b><\/p>\n<p class=\"paragraph\">La crisis actual de falta de gas y el alto costo de la electricidad que preocupa tanto a la sociedad europea podr\u00eda pasar, pero tambi\u00e9n podr\u00eda regresar.\u00a0<b>El cambio clim\u00e1tico ya ha mostrado su peor cara el pasado verano<\/b>, con valores de alta temperatura que ocasionaron muchos problemas a los habitantes de las grandes ciudades,\u00a0<b>imposibilitados de utilizar aire acondicionado<\/b>\u00a0por el alto precio del kWh.<\/p>\n<div class=\"visual__image\"><img loading=\"lazy\" decoding=\"async\" class=\"\" src=\"https:\/\/cloudfront-us-east-1.images.arcpublishing.com\/infobae\/74L5UGQIRVAN5BUCLIDVEMQ3NU.jpg\" sizes=\"auto, (min-width: 800px) 50vw, 90vw\" srcset=\"https:\/\/www.infobae.com\/new-resizer\/bNZ_S-uOfJVQ-2smlw_tUkUOkkc=\/420x236\/filters:format(webp):quality(85)\/cloudfront-us-east-1.images.arcpublishing.com\/infobae\/74L5UGQIRVAN5BUCLIDVEMQ3NU.jpg 420w,https:\/\/www.infobae.com\/new-resizer\/YEn5fjeSSGmMbk_BHjbHXSYTkdw=\/768x432\/filters:format(webp):quality(85)\/cloudfront-us-east-1.images.arcpublishing.com\/infobae\/74L5UGQIRVAN5BUCLIDVEMQ3NU.jpg 768w,https:\/\/www.infobae.com\/new-resizer\/xR_fSMXDjxekRjmZ-nY9q0-iBzg=\/992x558\/filters:format(webp):quality(85)\/cloudfront-us-east-1.images.arcpublishing.com\/infobae\/74L5UGQIRVAN5BUCLIDVEMQ3NU.jpg 992w,https:\/\/www.infobae.com\/new-resizer\/P1FnfVYqU7Q5eUf0LQKWsUgB0k0=\/1200x675\/filters:format(webp):quality(85)\/cloudfront-us-east-1.images.arcpublishing.com\/infobae\/74L5UGQIRVAN5BUCLIDVEMQ3NU.jpg 1200w,https:\/\/www.infobae.com\/new-resizer\/nnKBqvB05IbZ4kDzqINafD1mgTY=\/1440x810\/filters:format(webp):quality(85)\/cloudfront-us-east-1.images.arcpublishing.com\/infobae\/74L5UGQIRVAN5BUCLIDVEMQ3NU.jpg 1440w\" alt=\"Los autos de baja producci\u00f3n anual como Ferrari o Lamborghini podr\u00e1n fabricar motores t\u00e9rmicos hasta 2036, pero probablemente se pasen a la electricidad antes de ese plazo\" width=\"1920\" height=\"1081\" \/>Los autos de baja producci\u00f3n anual como Ferrari o Lamborghini podr\u00e1n fabricar motores t\u00e9rmicos hasta 2036, pero probablemente se pasen a la electricidad antes de ese plazo<\/div>\n<p class=\"paragraph\">La misma Ley aprobada la semana pasada confirm\u00f3 tambi\u00e9n la\u00a0<b>extensi\u00f3n de ese plazo de 2035 por un a\u00f1o m\u00e1s<\/b>\u00a0para los veh\u00edculos de\u00a0<b>producciones menores a 10.000 unidades por a\u00f1o<\/b>, con lo cual en 2036 tambi\u00e9n deber\u00e1n dejar de fabricarse. Esta excepci\u00f3n permitir\u00eda que marcas como\u00a0<b>Ferrari\u00a0<\/b>o\u00a0<b>Lamborghini\u00a0<\/b>puedan acogerse a ese beneficio y mantener\u00a0<b>12 meses m\u00e1s sus modelos<\/b>, aunque con\u00a0<b>\u201cla espada de Damocles\u201d sobre s\u00ed<\/b>, probablemente eso no ocurra y eventualmente se fabriquen veh\u00edculos de ediciones especiales a modo de despedida.<\/p>\n<div class=\"recommended-card__image-container\"><img loading=\"lazy\" decoding=\"async\" class=\"recommended-card__image alignleft\" src=\"https:\/\/cloudfront-us-east-1.images.arcpublishing.com\/infobae\/TSUDRIKH4RGHJDOTOQ2VGBAK2I.jpg\" sizes=\"auto, (min-width: 800px) 50vw, 90vw\" srcset=\"https:\/\/www.infobae.com\/new-resizer\/3pYoIS2pw5mQuBbVP8szebBPKLc=\/265x149\/filters:format(webp):quality(85)\/cloudfront-us-east-1.images.arcpublishing.com\/infobae\/TSUDRIKH4RGHJDOTOQ2VGBAK2I.jpg 265w,https:\/\/www.infobae.com\/new-resizer\/DBtvHR9cwNF8dXvpZ6F8Eu87N9U=\/420x236\/filters:format(webp):quality(85)\/cloudfront-us-east-1.images.arcpublishing.com\/infobae\/TSUDRIKH4RGHJDOTOQ2VGBAK2I.jpg 420w,https:\/\/www.infobae.com\/new-resizer\/NKOS8YujPNAPChJzUpIyraI3-tE=\/768x432\/filters:format(webp):quality(85)\/cloudfront-us-east-1.images.arcpublishing.com\/infobae\/TSUDRIKH4RGHJDOTOQ2VGBAK2I.jpg 768w,https:\/\/www.infobae.com\/new-resizer\/Ewcu4bQSFHUvweq4ZUNdzRC81k8=\/992x558\/filters:format(webp):quality(85)\/cloudfront-us-east-1.images.arcpublishing.com\/infobae\/TSUDRIKH4RGHJDOTOQ2VGBAK2I.jpg 992w,https:\/\/www.infobae.com\/new-resizer\/6Oi7CZgoaSoWn6Ykrn4dj-QBHTA=\/1200x675\/filters:format(webp):quality(85)\/cloudfront-us-east-1.images.arcpublishing.com\/infobae\/TSUDRIKH4RGHJDOTOQ2VGBAK2I.jpg 1200w,https:\/\/www.infobae.com\/new-resizer\/aESQgEVQTjX5zp5C6j_UoZh7w2Q=\/1440x810\/filters:format(webp):quality(85)\/cloudfront-us-east-1.images.arcpublishing.com\/infobae\/TSUDRIKH4RGHJDOTOQ2VGBAK2I.jpg 1440w\" alt=\"\" width=\"534\" height=\"300\" \/><\/div>\n<div class=\"recommended-card__devider\"><em><span class=\"recommended-card__info-title recommended-card__info-title--seconds\">Los secretos del auto el\u00e9ctrico y solar que explican por qu\u00e9 vale 250.000 euros<\/span><span class=\"recommended-card__info-text recommended-card__info-text--seconds recommended-card__info-text--infobae\">El Lightyear 0 tiene una forma que mejora todos los valores de aerodin\u00e1mica. Se enchufa a la red el\u00e9ctrica, pero adem\u00e1s tiene el cap\u00f3, el techo y la parte trasera cubiertos con placas solares<\/span><\/em><\/div>\n<div class=\"recommended-card__info recommended-card__info--seconds\">\n<div class=\"recommended-card__info-button recommended-card__info-button--infobae recommended-card__info-button--seconds\">\n<p>&nbsp;<\/p>\n<\/div>\n<\/div>\n<p class=\"paragraph\">Quedar\u00e1n puertas abiertas para\u00a0<b>desarrollos de hidr\u00f3geno que no utilicen un motor el\u00e9ctrico<\/b>\u00a0como los Fuell-Cells y los\u00a0<b>combustibles sint\u00e9ticos.<\/b>\u00a0En caso de poder conseguir eficiencias y costos razonables, esa ser\u00e1 la \u00fanica manera de mantener vivos a los motores t\u00e9rmicos actuales a partir de esa fecha.<\/p>\n<div class=\"author-image\"><img loading=\"lazy\" decoding=\"async\" class=\"alignleft\" src=\"https:\/\/s3.amazonaws.com\/arc-authors\/infobae\/a3178f4e-03a5-47dd-ac98-58935fe2eece.jpg\" alt=\"Diego Zorrero\" width=\"141\" height=\"157\" \/><\/div>\n<div class=\"byline-text-wrapper\">\n<div class=\"authors-name-ctn\">\n<p>Por <a class=\"author-name\" href=\"https:\/\/www.infobae.com\/autor\/diego-zorrero\" aria-label=\"Diego Zorrero\">Diego Zorrero<\/a> &#8211; Infobae<\/p>\n<\/div>\n<\/div>\n<\/div>\n<\/article>\n","protected":false},"excerpt":{"rendered":"<p>Aunque a\u00fan restan 12 a\u00f1os y la fecha ya era conocida, para quienes esperaban no tener que tirar todo lo que construyeron en 2035 puede ser poco tiempo. Cu\u00e1l es el \u201cefecto Habana\u201d y por qu\u00e9 es una preocupaci\u00f3n que se debe atender.<\/p>\n","protected":false},"author":3,"featured_media":0,"comment_status":"closed","ping_status":"closed","sticky":false,"template":"","format":"standard","meta":{"footnotes":""},"categories":[46],"tags":[],"class_list":["post-79627","post","type-post","status-publish","format-standard","hentry","category-ciencia-y-tecnologia"],"yoast_head":"<!-- This site is optimized with the Yoast SEO plugin v25.9 - https:\/\/yoast.com\/wordpress\/plugins\/seo\/ -->\n<title>Ahora es oficial: Europa cierra la puerta definitivamente a los motores de combusti\u00f3n - Noticias Radio Reflejos<\/title>\n<meta name=\"robots\" content=\"index, follow, max-snippet:-1, max-image-preview:large, max-video-preview:-1\" \/>\n<link rel=\"canonical\" href=\"https:\/\/www.noticiasradioreflejos.com.ar\/2021\/ahora-es-oficial-europa-cierra-la-puerta-definitivamente-a-los-motores-de-combustion\/\" \/>\n<meta property=\"og:locale\" content=\"es_ES\" \/>\n<meta property=\"og:type\" content=\"article\" \/>\n<meta property=\"og:title\" content=\"Ahora es oficial: Europa cierra la puerta definitivamente a los motores de combusti\u00f3n - Noticias Radio Reflejos\" \/>\n<meta property=\"og:description\" content=\"Aunque a\u00fan restan 12 a\u00f1os y la fecha ya era conocida, para quienes esperaban no tener que tirar todo lo que construyeron en 2035 puede ser poco tiempo. Cu\u00e1l es el \u201cefecto Habana\u201d y por qu\u00e9 es una preocupaci\u00f3n que se debe atender.\" \/>\n<meta property=\"og:url\" content=\"https:\/\/www.noticiasradioreflejos.com.ar\/2021\/ahora-es-oficial-europa-cierra-la-puerta-definitivamente-a-los-motores-de-combustion\/\" \/>\n<meta property=\"og:site_name\" content=\"Noticias Radio Reflejos\" \/>\n<meta property=\"article:published_time\" content=\"2022-11-01T11:03:24+00:00\" \/>\n<meta property=\"article:modified_time\" content=\"2022-11-01T11:06:22+00:00\" \/>\n<meta property=\"og:image\" content=\"https:\/\/cloudfront-us-east-1.images.arcpublishing.com\/infobae\/YDWW3OQKB5B5RHVGYNMEC2ZBY4.jpg\" \/>\n<meta name=\"author\" content=\"Arnaldo Botto\" \/>\n<meta name=\"twitter:card\" content=\"summary_large_image\" \/>\n<script type=\"application\/ld+json\" class=\"yoast-schema-graph\">{\"@context\":\"https:\/\/schema.org\",\"@graph\":[{\"@type\":\"WebPage\",\"@id\":\"https:\/\/www.noticiasradioreflejos.com.ar\/2021\/ahora-es-oficial-europa-cierra-la-puerta-definitivamente-a-los-motores-de-combustion\/\",\"url\":\"https:\/\/www.noticiasradioreflejos.com.ar\/2021\/ahora-es-oficial-europa-cierra-la-puerta-definitivamente-a-los-motores-de-combustion\/\",\"name\":\"Ahora es oficial: Europa cierra la puerta definitivamente a los motores de combusti\u00f3n - Noticias Radio Reflejos\",\"isPartOf\":{\"@id\":\"https:\/\/www.noticiasradioreflejos.com.ar\/2021\/#website\"},\"primaryImageOfPage\":{\"@id\":\"https:\/\/www.noticiasradioreflejos.com.ar\/2021\/ahora-es-oficial-europa-cierra-la-puerta-definitivamente-a-los-motores-de-combustion\/#primaryimage\"},\"image\":{\"@id\":\"https:\/\/www.noticiasradioreflejos.com.ar\/2021\/ahora-es-oficial-europa-cierra-la-puerta-definitivamente-a-los-motores-de-combustion\/#primaryimage\"},\"thumbnailUrl\":\"https:\/\/cloudfront-us-east-1.images.arcpublishing.com\/infobae\/YDWW3OQKB5B5RHVGYNMEC2ZBY4.jpg\",\"datePublished\":\"2022-11-01T11:03:24+00:00\",\"dateModified\":\"2022-11-01T11:06:22+00:00\",\"author\":{\"@id\":\"https:\/\/www.noticiasradioreflejos.com.ar\/2021\/#\/schema\/person\/ad82545263dcc5ec0996818884fd5fb1\"},\"breadcrumb\":{\"@id\":\"https:\/\/www.noticiasradioreflejos.com.ar\/2021\/ahora-es-oficial-europa-cierra-la-puerta-definitivamente-a-los-motores-de-combustion\/#breadcrumb\"},\"inLanguage\":\"es\",\"potentialAction\":[{\"@type\":\"ReadAction\",\"target\":[\"https:\/\/www.noticiasradioreflejos.com.ar\/2021\/ahora-es-oficial-europa-cierra-la-puerta-definitivamente-a-los-motores-de-combustion\/\"]}]},{\"@type\":\"ImageObject\",\"inLanguage\":\"es\",\"@id\":\"https:\/\/www.noticiasradioreflejos.com.ar\/2021\/ahora-es-oficial-europa-cierra-la-puerta-definitivamente-a-los-motores-de-combustion\/#primaryimage\",\"url\":\"https:\/\/cloudfront-us-east-1.images.arcpublishing.com\/infobae\/YDWW3OQKB5B5RHVGYNMEC2ZBY4.jpg\",\"contentUrl\":\"https:\/\/cloudfront-us-east-1.images.arcpublishing.com\/infobae\/YDWW3OQKB5B5RHVGYNMEC2ZBY4.jpg\"},{\"@type\":\"BreadcrumbList\",\"@id\":\"https:\/\/www.noticiasradioreflejos.com.ar\/2021\/ahora-es-oficial-europa-cierra-la-puerta-definitivamente-a-los-motores-de-combustion\/#breadcrumb\",\"itemListElement\":[{\"@type\":\"ListItem\",\"position\":1,\"name\":\"Portada\",\"item\":\"https:\/\/www.noticiasradioreflejos.com.ar\/2021\/\"},{\"@type\":\"ListItem\",\"position\":2,\"name\":\"Ahora es oficial: Europa cierra la puerta definitivamente a los motores de combusti\u00f3n\"}]},{\"@type\":\"WebSite\",\"@id\":\"https:\/\/www.noticiasradioreflejos.com.ar\/2021\/#website\",\"url\":\"https:\/\/www.noticiasradioreflejos.com.ar\/2021\/\",\"name\":\"Noticias Radio Reflejos\",\"description\":\"Las noticias de mi comarca\",\"potentialAction\":[{\"@type\":\"SearchAction\",\"target\":{\"@type\":\"EntryPoint\",\"urlTemplate\":\"https:\/\/www.noticiasradioreflejos.com.ar\/2021\/?s={search_term_string}\"},\"query-input\":{\"@type\":\"PropertyValueSpecification\",\"valueRequired\":true,\"valueName\":\"search_term_string\"}}],\"inLanguage\":\"es\"},{\"@type\":\"Person\",\"@id\":\"https:\/\/www.noticiasradioreflejos.com.ar\/2021\/#\/schema\/person\/ad82545263dcc5ec0996818884fd5fb1\",\"name\":\"Arnaldo Botto\",\"image\":{\"@type\":\"ImageObject\",\"inLanguage\":\"es\",\"@id\":\"https:\/\/www.noticiasradioreflejos.com.ar\/2021\/#\/schema\/person\/image\/\",\"url\":\"https:\/\/secure.gravatar.com\/avatar\/55cb5e37c1efa326397366e6974cb338056df65cb50e7d64d1cf314e87504837?s=96&d=mm&r=g\",\"contentUrl\":\"https:\/\/secure.gravatar.com\/avatar\/55cb5e37c1efa326397366e6974cb338056df65cb50e7d64d1cf314e87504837?s=96&d=mm&r=g\",\"caption\":\"Arnaldo Botto\"},\"url\":\"https:\/\/www.noticiasradioreflejos.com.ar\/2021\/author\/arnaldo\/\"}]}<\/script>\n<!-- \/ Yoast SEO plugin. -->","yoast_head_json":{"title":"Ahora es oficial: Europa cierra la puerta definitivamente a los motores de combusti\u00f3n - Noticias Radio Reflejos","robots":{"index":"index","follow":"follow","max-snippet":"max-snippet:-1","max-image-preview":"max-image-preview:large","max-video-preview":"max-video-preview:-1"},"canonical":"https:\/\/www.noticiasradioreflejos.com.ar\/2021\/ahora-es-oficial-europa-cierra-la-puerta-definitivamente-a-los-motores-de-combustion\/","og_locale":"es_ES","og_type":"article","og_title":"Ahora es oficial: Europa cierra la puerta definitivamente a los motores de combusti\u00f3n - Noticias Radio Reflejos","og_description":"Aunque a\u00fan restan 12 a\u00f1os y la fecha ya era conocida, para quienes esperaban no tener que tirar todo lo que construyeron en 2035 puede ser poco tiempo. Cu\u00e1l es el \u201cefecto Habana\u201d y por qu\u00e9 es una preocupaci\u00f3n que se debe atender.","og_url":"https:\/\/www.noticiasradioreflejos.com.ar\/2021\/ahora-es-oficial-europa-cierra-la-puerta-definitivamente-a-los-motores-de-combustion\/","og_site_name":"Noticias Radio Reflejos","article_published_time":"2022-11-01T11:03:24+00:00","article_modified_time":"2022-11-01T11:06:22+00:00","og_image":[{"url":"https:\/\/cloudfront-us-east-1.images.arcpublishing.com\/infobae\/YDWW3OQKB5B5RHVGYNMEC2ZBY4.jpg","type":"","width":"","height":""}],"author":"Arnaldo Botto","twitter_card":"summary_large_image","schema":{"@context":"https:\/\/schema.org","@graph":[{"@type":"WebPage","@id":"https:\/\/www.noticiasradioreflejos.com.ar\/2021\/ahora-es-oficial-europa-cierra-la-puerta-definitivamente-a-los-motores-de-combustion\/","url":"https:\/\/www.noticiasradioreflejos.com.ar\/2021\/ahora-es-oficial-europa-cierra-la-puerta-definitivamente-a-los-motores-de-combustion\/","name":"Ahora es oficial: Europa cierra la puerta definitivamente a los motores de combusti\u00f3n - Noticias Radio Reflejos","isPartOf":{"@id":"https:\/\/www.noticiasradioreflejos.com.ar\/2021\/#website"},"primaryImageOfPage":{"@id":"https:\/\/www.noticiasradioreflejos.com.ar\/2021\/ahora-es-oficial-europa-cierra-la-puerta-definitivamente-a-los-motores-de-combustion\/#primaryimage"},"image":{"@id":"https:\/\/www.noticiasradioreflejos.com.ar\/2021\/ahora-es-oficial-europa-cierra-la-puerta-definitivamente-a-los-motores-de-combustion\/#primaryimage"},"thumbnailUrl":"https:\/\/cloudfront-us-east-1.images.arcpublishing.com\/infobae\/YDWW3OQKB5B5RHVGYNMEC2ZBY4.jpg","datePublished":"2022-11-01T11:03:24+00:00","dateModified":"2022-11-01T11:06:22+00:00","author":{"@id":"https:\/\/www.noticiasradioreflejos.com.ar\/2021\/#\/schema\/person\/ad82545263dcc5ec0996818884fd5fb1"},"breadcrumb":{"@id":"https:\/\/www.noticiasradioreflejos.com.ar\/2021\/ahora-es-oficial-europa-cierra-la-puerta-definitivamente-a-los-motores-de-combustion\/#breadcrumb"},"inLanguage":"es","potentialAction":[{"@type":"ReadAction","target":["https:\/\/www.noticiasradioreflejos.com.ar\/2021\/ahora-es-oficial-europa-cierra-la-puerta-definitivamente-a-los-motores-de-combustion\/"]}]},{"@type":"ImageObject","inLanguage":"es","@id":"https:\/\/www.noticiasradioreflejos.com.ar\/2021\/ahora-es-oficial-europa-cierra-la-puerta-definitivamente-a-los-motores-de-combustion\/#primaryimage","url":"https:\/\/cloudfront-us-east-1.images.arcpublishing.com\/infobae\/YDWW3OQKB5B5RHVGYNMEC2ZBY4.jpg","contentUrl":"https:\/\/cloudfront-us-east-1.images.arcpublishing.com\/infobae\/YDWW3OQKB5B5RHVGYNMEC2ZBY4.jpg"},{"@type":"BreadcrumbList","@id":"https:\/\/www.noticiasradioreflejos.com.ar\/2021\/ahora-es-oficial-europa-cierra-la-puerta-definitivamente-a-los-motores-de-combustion\/#breadcrumb","itemListElement":[{"@type":"ListItem","position":1,"name":"Portada","item":"https:\/\/www.noticiasradioreflejos.com.ar\/2021\/"},{"@type":"ListItem","position":2,"name":"Ahora es oficial: Europa cierra la puerta definitivamente a los motores de combusti\u00f3n"}]},{"@type":"WebSite","@id":"https:\/\/www.noticiasradioreflejos.com.ar\/2021\/#website","url":"https:\/\/www.noticiasradioreflejos.com.ar\/2021\/","name":"Noticias Radio Reflejos","description":"Las noticias de mi comarca","potentialAction":[{"@type":"SearchAction","target":{"@type":"EntryPoint","urlTemplate":"https:\/\/www.noticiasradioreflejos.com.ar\/2021\/?s={search_term_string}"},"query-input":{"@type":"PropertyValueSpecification","valueRequired":true,"valueName":"search_term_string"}}],"inLanguage":"es"},{"@type":"Person","@id":"https:\/\/www.noticiasradioreflejos.com.ar\/2021\/#\/schema\/person\/ad82545263dcc5ec0996818884fd5fb1","name":"Arnaldo Botto","image":{"@type":"ImageObject","inLanguage":"es","@id":"https:\/\/www.noticiasradioreflejos.com.ar\/2021\/#\/schema\/person\/image\/","url":"https:\/\/secure.gravatar.com\/avatar\/55cb5e37c1efa326397366e6974cb338056df65cb50e7d64d1cf314e87504837?s=96&d=mm&r=g","contentUrl":"https:\/\/secure.gravatar.com\/avatar\/55cb5e37c1efa326397366e6974cb338056df65cb50e7d64d1cf314e87504837?s=96&d=mm&r=g","caption":"Arnaldo Botto"},"url":"https:\/\/www.noticiasradioreflejos.com.ar\/2021\/author\/arnaldo\/"}]}},"_links":{"self":[{"href":"https:\/\/www.noticiasradioreflejos.com.ar\/2021\/wp-json\/wp\/v2\/posts\/79627","targetHints":{"allow":["GET"]}}],"collection":[{"href":"https:\/\/www.noticiasradioreflejos.com.ar\/2021\/wp-json\/wp\/v2\/posts"}],"about":[{"href":"https:\/\/www.noticiasradioreflejos.com.ar\/2021\/wp-json\/wp\/v2\/types\/post"}],"author":[{"embeddable":true,"href":"https:\/\/www.noticiasradioreflejos.com.ar\/2021\/wp-json\/wp\/v2\/users\/3"}],"replies":[{"embeddable":true,"href":"https:\/\/www.noticiasradioreflejos.com.ar\/2021\/wp-json\/wp\/v2\/comments?post=79627"}],"version-history":[{"count":3,"href":"https:\/\/www.noticiasradioreflejos.com.ar\/2021\/wp-json\/wp\/v2\/posts\/79627\/revisions"}],"predecessor-version":[{"id":79631,"href":"https:\/\/www.noticiasradioreflejos.com.ar\/2021\/wp-json\/wp\/v2\/posts\/79627\/revisions\/79631"}],"wp:attachment":[{"href":"https:\/\/www.noticiasradioreflejos.com.ar\/2021\/wp-json\/wp\/v2\/media?parent=79627"}],"wp:term":[{"taxonomy":"category","embeddable":true,"href":"https:\/\/www.noticiasradioreflejos.com.ar\/2021\/wp-json\/wp\/v2\/categories?post=79627"},{"taxonomy":"post_tag","embeddable":true,"href":"https:\/\/www.noticiasradioreflejos.com.ar\/2021\/wp-json\/wp\/v2\/tags?post=79627"}],"curies":[{"name":"wp","href":"https:\/\/api.w.org\/{rel}","templated":true}]}}