{"id":79509,"date":"2022-10-28T11:10:04","date_gmt":"2022-10-28T11:10:04","guid":{"rendered":"http:\/\/www.noticiasradioreflejos.com.ar\/2021\/?p=79509"},"modified":"2022-10-28T11:10:04","modified_gmt":"2022-10-28T11:10:04","slug":"vuelve-el-frio-se-espera-una-minima-de-3-para-la-proxima-semana","status":"publish","type":"post","link":"https:\/\/www.noticiasradioreflejos.com.ar\/2021\/vuelve-el-frio-se-espera-una-minima-de-3-para-la-proxima-semana\/","title":{"rendered":"Vuelve el fr\u00edo: se espera una m\u00ednima de -3\u00b0 para la pr\u00f3xima semana"},"content":{"rendered":"<p>Este marcado descenso de las temperaturas traer\u00e1 adem\u00e1s lluvias y tormentas para la regi\u00f3n cordillerana patag\u00f3nica y el Litoral. En tanto, las marcas t\u00e9rmicas en la ciudad de Buenos Aires rondar\u00e1n entre los 4 y 22 grados.<!--more--><\/p>\n<figure class=\"mb-3\"><img decoding=\"async\" src=\"https:\/\/www.telam.com.ar\/thumbs\/bluesteel\/advf\/imagenes\/2022\/04\/62693d20853cf_1200.jpg\" alt=\"El descenso de las temperaturas se producir por el ingreso de una masa de aire muy fro proveniente de regiones cercanas a la Antrtida\" width=\"100%\" height=\"100%\" \/><\/p>\n<div class=\"media-icons\"><\/div><figcaption>El descenso de las temperaturas se producir\u00e1 por el ingreso de una masa de aire muy fr\u00edo proveniente de regiones cercanas a la Ant\u00e1rtida.<\/figcaption><\/figure>\n<p>El Servicio Meteorol\u00f3gico Nacional (SMN) inform\u00f3 que el pr\u00f3ximo lunes se registrar\u00e1 un marcado descenso de las temperaturas, con marcas m\u00ednimas que rondar\u00e1n entre los -3 y 8 en todo el pa\u00eds, como consecuencia del ingreso de una masa de aire muy fr\u00edo proveniente de regiones cercanas a la Ant\u00e1rtida que avanzar\u00e1 desde el sur.<\/p>\n<p>Seg\u00fan un informe del organismo, este descenso t\u00e9rmico comenzar\u00e1 a registrarse desde este jueves en la Patagonia y \u201ctraer\u00e1 varios fen\u00f3menos asociados\u201d, como<strong>\u00a0lluvias para la regi\u00f3n cordillerana patag\u00f3nica<\/strong>\u00a0que pueden alcanzar valores acumulados de entre 30 y 90 mil\u00edmetros y nevadas acumuladas de entre 10 y 50 cent\u00edmetros.<\/p>\n<p>Adem\u00e1s, para lo que resta de esta jornada y el viernes se espera un aumento en la intensidad del viento sobre la mayor parte de la regi\u00f3n, con velocidades de entre 50 y 80 kil\u00f3metros por hora y r\u00e1fagas que podr\u00edan alcanzar los 120.<\/p>\n<p>Asimismo, la masa de aire fr\u00edo alcanzar\u00e1 \u201calgunas provincias de la regi\u00f3n central del pa\u00eds desde el s\u00e1bado\u201d y continuar\u00e1 su avance hacia el norte durante el domingo, con lo que se espera, adem\u00e1s del descenso de las temperaturas,<strong>\u00a0lluvias y tormentas de variada intensidad sobre la regi\u00f3n del Litoral.<\/strong><\/p>\n<blockquote class=\"twitter-tweet\" data-width=\"500\" data-dnt=\"true\">\n<p lang=\"es\" dir=\"ltr\">\u26a0\ufe0fJueves con condiciones muy ventosas en gran parte de la Patagonia. Esta ma\u00f1ana \ud835\udde3\ud835\ude02\ud835\uddf2\ud835\uddff\ud835\ude01\ud835\uddfc \ud835\uddd7\ud835\uddf2\ud835\ude00\ud835\uddf2\ud835\uddee\ud835\uddf1\ud835\uddfc, \ud835\udde6\ud835\uddee\ud835\uddfb\ud835\ude01\ud835\uddee \ud835\uddd6\ud835\uddff\ud835\ude02\ud835\ude07, \ud835\uddff\ud835\uddf2\ud835\uddf4\ud835\uddf6\ud835\ude00\ud835\ude01\ud835\uddff\ud835\uddfc\u0301 \ud835\uddff\ud835\uddee\u0301\ud835\uddf3\ud835\uddee\ud835\uddf4\ud835\uddee\ud835\ude00 \ud835\uddf1\ud835\uddf2 \ud835\udfed\ud835\udfee\ud835\udff5 \ud835\uddf8\ud835\uddfa\/\ud835\uddf5. <\/p>\n<p>En las pr\u00f3ximas horas permanecer\u00e1n las r\u00e1fagas muy intensas en la regi\u00f3n. <a href=\"https:\/\/t.co\/gpKb0ERJSd\">pic.twitter.com\/gpKb0ERJSd<\/a><\/p>\n<p>&mdash; SMN Argentina (@SMN_Argentina) <a href=\"https:\/\/twitter.com\/SMN_Argentina\/status\/1585668784223838210?ref_src=twsrc%5Etfw\">October 27, 2022<\/a><\/p><\/blockquote>\n<p><script async src=\"https:\/\/platform.twitter.com\/widgets.js\" charset=\"utf-8\"><\/script><\/p>\n<p>En este escenario, \u201centre\u201d el lunes y el martes pr\u00f3ximo se registrar\u00e1n temperaturas m\u00ednimas \u201cque podr\u00e1n ubicarse entre los -3 y los 8 \u00b0C desde el norte de la Patagonia hasta el extremo norte del pa\u00eds, con los que se espera la ocurrencia de heladas en la mayor parte de la regi\u00f3n\u201d.<\/p>\n<p>En\u00a0<a href=\"https:\/\/www.telam.com.ar\/notas\/202210\/609036-clima-27-octubre.html\" target=\"_blank\" rel=\"noopener\">la ciudad de Buenos Aires este jueves la m\u00e1xima ser\u00e1 de 26 grados<\/a>\u00a0y para el viernes de 31, en tanto<strong>\u00a0las marcas t\u00e9rmicas del lunes pr\u00f3ximo rondar\u00e1n entre los 6 y 16 grados<\/strong>\u00a0y el martes entre los 4 y 22.<\/p>\n<p>Seg\u00fan el informe, el frente fr\u00edo continuar\u00e1 su avance hacia el norte del continente y el descenso de temperaturas podr\u00eda alcanzar zonas ecuatoriales, en tanto el SMN recomend\u00f3 \u201cmantenerse informado de los pron\u00f3sticos\u00bb y del\u00a0<a href=\"http:\/\/www.smn.gob.ar\/\" target=\"_blank\" rel=\"noopener\">Sistema de Alerta Temprana<\/a>\u00a0que se encuentra en su web oficial.<\/p>\n","protected":false},"excerpt":{"rendered":"<p>Este marcado descenso de las temperaturas traer\u00e1 adem\u00e1s lluvias y tormentas para la regi\u00f3n cordillerana patag\u00f3nica y el Litoral. En tanto, las marcas t\u00e9rmicas en la ciudad de Buenos Aires rondar\u00e1n entre los 4 y 22 grados.<\/p>\n","protected":false},"author":3,"featured_media":0,"comment_status":"closed","ping_status":"closed","sticky":false,"template":"","format":"standard","meta":{"footnotes":""},"categories":[46],"tags":[48],"class_list":["post-79509","post","type-post","status-publish","format-standard","hentry","category-ciencia-y-tecnologia","tag-destacada"],"yoast_head":"<!-- This site is optimized with the Yoast SEO plugin v25.9 - https:\/\/yoast.com\/wordpress\/plugins\/seo\/ -->\n<title>Vuelve el fr\u00edo: se espera una m\u00ednima de -3\u00b0 para la pr\u00f3xima semana - Noticias Radio Reflejos<\/title>\n<meta name=\"robots\" content=\"index, follow, max-snippet:-1, max-image-preview:large, max-video-preview:-1\" \/>\n<link rel=\"canonical\" href=\"https:\/\/www.noticiasradioreflejos.com.ar\/2021\/vuelve-el-frio-se-espera-una-minima-de-3-para-la-proxima-semana\/\" \/>\n<meta property=\"og:locale\" content=\"es_ES\" \/>\n<meta property=\"og:type\" content=\"article\" \/>\n<meta property=\"og:title\" content=\"Vuelve el fr\u00edo: se espera una m\u00ednima de -3\u00b0 para la pr\u00f3xima semana - Noticias Radio Reflejos\" \/>\n<meta property=\"og:description\" content=\"Este marcado descenso de las temperaturas traer\u00e1 adem\u00e1s lluvias y tormentas para la regi\u00f3n cordillerana patag\u00f3nica y el Litoral. En tanto, las marcas t\u00e9rmicas en la ciudad de Buenos Aires rondar\u00e1n entre los 4 y 22 grados.\" \/>\n<meta property=\"og:url\" content=\"https:\/\/www.noticiasradioreflejos.com.ar\/2021\/vuelve-el-frio-se-espera-una-minima-de-3-para-la-proxima-semana\/\" \/>\n<meta property=\"og:site_name\" content=\"Noticias Radio Reflejos\" \/>\n<meta property=\"article:published_time\" content=\"2022-10-28T11:10:04+00:00\" \/>\n<meta property=\"og:image\" content=\"https:\/\/www.telam.com.ar\/thumbs\/bluesteel\/advf\/imagenes\/2022\/04\/62693d20853cf_1200.jpg\" \/>\n<meta name=\"author\" content=\"Arnaldo Botto\" \/>\n<meta name=\"twitter:card\" content=\"summary_large_image\" \/>\n<script type=\"application\/ld+json\" class=\"yoast-schema-graph\">{\"@context\":\"https:\/\/schema.org\",\"@graph\":[{\"@type\":\"WebPage\",\"@id\":\"https:\/\/www.noticiasradioreflejos.com.ar\/2021\/vuelve-el-frio-se-espera-una-minima-de-3-para-la-proxima-semana\/\",\"url\":\"https:\/\/www.noticiasradioreflejos.com.ar\/2021\/vuelve-el-frio-se-espera-una-minima-de-3-para-la-proxima-semana\/\",\"name\":\"Vuelve el fr\u00edo: se espera una m\u00ednima de -3\u00b0 para la pr\u00f3xima semana - Noticias Radio Reflejos\",\"isPartOf\":{\"@id\":\"https:\/\/www.noticiasradioreflejos.com.ar\/2021\/#website\"},\"primaryImageOfPage\":{\"@id\":\"https:\/\/www.noticiasradioreflejos.com.ar\/2021\/vuelve-el-frio-se-espera-una-minima-de-3-para-la-proxima-semana\/#primaryimage\"},\"image\":{\"@id\":\"https:\/\/www.noticiasradioreflejos.com.ar\/2021\/vuelve-el-frio-se-espera-una-minima-de-3-para-la-proxima-semana\/#primaryimage\"},\"thumbnailUrl\":\"https:\/\/www.telam.com.ar\/thumbs\/bluesteel\/advf\/imagenes\/2022\/04\/62693d20853cf_1200.jpg\",\"datePublished\":\"2022-10-28T11:10:04+00:00\",\"author\":{\"@id\":\"https:\/\/www.noticiasradioreflejos.com.ar\/2021\/#\/schema\/person\/ad82545263dcc5ec0996818884fd5fb1\"},\"breadcrumb\":{\"@id\":\"https:\/\/www.noticiasradioreflejos.com.ar\/2021\/vuelve-el-frio-se-espera-una-minima-de-3-para-la-proxima-semana\/#breadcrumb\"},\"inLanguage\":\"es\",\"potentialAction\":[{\"@type\":\"ReadAction\",\"target\":[\"https:\/\/www.noticiasradioreflejos.com.ar\/2021\/vuelve-el-frio-se-espera-una-minima-de-3-para-la-proxima-semana\/\"]}]},{\"@type\":\"ImageObject\",\"inLanguage\":\"es\",\"@id\":\"https:\/\/www.noticiasradioreflejos.com.ar\/2021\/vuelve-el-frio-se-espera-una-minima-de-3-para-la-proxima-semana\/#primaryimage\",\"url\":\"https:\/\/www.telam.com.ar\/thumbs\/bluesteel\/advf\/imagenes\/2022\/04\/62693d20853cf_1200.jpg\",\"contentUrl\":\"https:\/\/www.telam.com.ar\/thumbs\/bluesteel\/advf\/imagenes\/2022\/04\/62693d20853cf_1200.jpg\"},{\"@type\":\"BreadcrumbList\",\"@id\":\"https:\/\/www.noticiasradioreflejos.com.ar\/2021\/vuelve-el-frio-se-espera-una-minima-de-3-para-la-proxima-semana\/#breadcrumb\",\"itemListElement\":[{\"@type\":\"ListItem\",\"position\":1,\"name\":\"Portada\",\"item\":\"https:\/\/www.noticiasradioreflejos.com.ar\/2021\/\"},{\"@type\":\"ListItem\",\"position\":2,\"name\":\"Vuelve el fr\u00edo: se espera una m\u00ednima de -3\u00b0 para la pr\u00f3xima semana\"}]},{\"@type\":\"WebSite\",\"@id\":\"https:\/\/www.noticiasradioreflejos.com.ar\/2021\/#website\",\"url\":\"https:\/\/www.noticiasradioreflejos.com.ar\/2021\/\",\"name\":\"Noticias Radio Reflejos\",\"description\":\"Las noticias de mi comarca\",\"potentialAction\":[{\"@type\":\"SearchAction\",\"target\":{\"@type\":\"EntryPoint\",\"urlTemplate\":\"https:\/\/www.noticiasradioreflejos.com.ar\/2021\/?s={search_term_string}\"},\"query-input\":{\"@type\":\"PropertyValueSpecification\",\"valueRequired\":true,\"valueName\":\"search_term_string\"}}],\"inLanguage\":\"es\"},{\"@type\":\"Person\",\"@id\":\"https:\/\/www.noticiasradioreflejos.com.ar\/2021\/#\/schema\/person\/ad82545263dcc5ec0996818884fd5fb1\",\"name\":\"Arnaldo Botto\",\"image\":{\"@type\":\"ImageObject\",\"inLanguage\":\"es\",\"@id\":\"https:\/\/www.noticiasradioreflejos.com.ar\/2021\/#\/schema\/person\/image\/\",\"url\":\"https:\/\/secure.gravatar.com\/avatar\/55cb5e37c1efa326397366e6974cb338056df65cb50e7d64d1cf314e87504837?s=96&d=mm&r=g\",\"contentUrl\":\"https:\/\/secure.gravatar.com\/avatar\/55cb5e37c1efa326397366e6974cb338056df65cb50e7d64d1cf314e87504837?s=96&d=mm&r=g\",\"caption\":\"Arnaldo Botto\"},\"url\":\"https:\/\/www.noticiasradioreflejos.com.ar\/2021\/author\/arnaldo\/\"}]}<\/script>\n<!-- \/ Yoast SEO plugin. -->","yoast_head_json":{"title":"Vuelve el fr\u00edo: se espera una m\u00ednima de -3\u00b0 para la pr\u00f3xima semana - Noticias Radio Reflejos","robots":{"index":"index","follow":"follow","max-snippet":"max-snippet:-1","max-image-preview":"max-image-preview:large","max-video-preview":"max-video-preview:-1"},"canonical":"https:\/\/www.noticiasradioreflejos.com.ar\/2021\/vuelve-el-frio-se-espera-una-minima-de-3-para-la-proxima-semana\/","og_locale":"es_ES","og_type":"article","og_title":"Vuelve el fr\u00edo: se espera una m\u00ednima de -3\u00b0 para la pr\u00f3xima semana - Noticias Radio Reflejos","og_description":"Este marcado descenso de las temperaturas traer\u00e1 adem\u00e1s lluvias y tormentas para la regi\u00f3n cordillerana patag\u00f3nica y el Litoral. En tanto, las marcas t\u00e9rmicas en la ciudad de Buenos Aires rondar\u00e1n entre los 4 y 22 grados.","og_url":"https:\/\/www.noticiasradioreflejos.com.ar\/2021\/vuelve-el-frio-se-espera-una-minima-de-3-para-la-proxima-semana\/","og_site_name":"Noticias Radio Reflejos","article_published_time":"2022-10-28T11:10:04+00:00","og_image":[{"url":"https:\/\/www.telam.com.ar\/thumbs\/bluesteel\/advf\/imagenes\/2022\/04\/62693d20853cf_1200.jpg","type":"","width":"","height":""}],"author":"Arnaldo Botto","twitter_card":"summary_large_image","schema":{"@context":"https:\/\/schema.org","@graph":[{"@type":"WebPage","@id":"https:\/\/www.noticiasradioreflejos.com.ar\/2021\/vuelve-el-frio-se-espera-una-minima-de-3-para-la-proxima-semana\/","url":"https:\/\/www.noticiasradioreflejos.com.ar\/2021\/vuelve-el-frio-se-espera-una-minima-de-3-para-la-proxima-semana\/","name":"Vuelve el fr\u00edo: se espera una m\u00ednima de -3\u00b0 para la pr\u00f3xima semana - Noticias Radio Reflejos","isPartOf":{"@id":"https:\/\/www.noticiasradioreflejos.com.ar\/2021\/#website"},"primaryImageOfPage":{"@id":"https:\/\/www.noticiasradioreflejos.com.ar\/2021\/vuelve-el-frio-se-espera-una-minima-de-3-para-la-proxima-semana\/#primaryimage"},"image":{"@id":"https:\/\/www.noticiasradioreflejos.com.ar\/2021\/vuelve-el-frio-se-espera-una-minima-de-3-para-la-proxima-semana\/#primaryimage"},"thumbnailUrl":"https:\/\/www.telam.com.ar\/thumbs\/bluesteel\/advf\/imagenes\/2022\/04\/62693d20853cf_1200.jpg","datePublished":"2022-10-28T11:10:04+00:00","author":{"@id":"https:\/\/www.noticiasradioreflejos.com.ar\/2021\/#\/schema\/person\/ad82545263dcc5ec0996818884fd5fb1"},"breadcrumb":{"@id":"https:\/\/www.noticiasradioreflejos.com.ar\/2021\/vuelve-el-frio-se-espera-una-minima-de-3-para-la-proxima-semana\/#breadcrumb"},"inLanguage":"es","potentialAction":[{"@type":"ReadAction","target":["https:\/\/www.noticiasradioreflejos.com.ar\/2021\/vuelve-el-frio-se-espera-una-minima-de-3-para-la-proxima-semana\/"]}]},{"@type":"ImageObject","inLanguage":"es","@id":"https:\/\/www.noticiasradioreflejos.com.ar\/2021\/vuelve-el-frio-se-espera-una-minima-de-3-para-la-proxima-semana\/#primaryimage","url":"https:\/\/www.telam.com.ar\/thumbs\/bluesteel\/advf\/imagenes\/2022\/04\/62693d20853cf_1200.jpg","contentUrl":"https:\/\/www.telam.com.ar\/thumbs\/bluesteel\/advf\/imagenes\/2022\/04\/62693d20853cf_1200.jpg"},{"@type":"BreadcrumbList","@id":"https:\/\/www.noticiasradioreflejos.com.ar\/2021\/vuelve-el-frio-se-espera-una-minima-de-3-para-la-proxima-semana\/#breadcrumb","itemListElement":[{"@type":"ListItem","position":1,"name":"Portada","item":"https:\/\/www.noticiasradioreflejos.com.ar\/2021\/"},{"@type":"ListItem","position":2,"name":"Vuelve el fr\u00edo: se espera una m\u00ednima de -3\u00b0 para la pr\u00f3xima semana"}]},{"@type":"WebSite","@id":"https:\/\/www.noticiasradioreflejos.com.ar\/2021\/#website","url":"https:\/\/www.noticiasradioreflejos.com.ar\/2021\/","name":"Noticias Radio Reflejos","description":"Las noticias de mi comarca","potentialAction":[{"@type":"SearchAction","target":{"@type":"EntryPoint","urlTemplate":"https:\/\/www.noticiasradioreflejos.com.ar\/2021\/?s={search_term_string}"},"query-input":{"@type":"PropertyValueSpecification","valueRequired":true,"valueName":"search_term_string"}}],"inLanguage":"es"},{"@type":"Person","@id":"https:\/\/www.noticiasradioreflejos.com.ar\/2021\/#\/schema\/person\/ad82545263dcc5ec0996818884fd5fb1","name":"Arnaldo Botto","image":{"@type":"ImageObject","inLanguage":"es","@id":"https:\/\/www.noticiasradioreflejos.com.ar\/2021\/#\/schema\/person\/image\/","url":"https:\/\/secure.gravatar.com\/avatar\/55cb5e37c1efa326397366e6974cb338056df65cb50e7d64d1cf314e87504837?s=96&d=mm&r=g","contentUrl":"https:\/\/secure.gravatar.com\/avatar\/55cb5e37c1efa326397366e6974cb338056df65cb50e7d64d1cf314e87504837?s=96&d=mm&r=g","caption":"Arnaldo Botto"},"url":"https:\/\/www.noticiasradioreflejos.com.ar\/2021\/author\/arnaldo\/"}]}},"_links":{"self":[{"href":"https:\/\/www.noticiasradioreflejos.com.ar\/2021\/wp-json\/wp\/v2\/posts\/79509","targetHints":{"allow":["GET"]}}],"collection":[{"href":"https:\/\/www.noticiasradioreflejos.com.ar\/2021\/wp-json\/wp\/v2\/posts"}],"about":[{"href":"https:\/\/www.noticiasradioreflejos.com.ar\/2021\/wp-json\/wp\/v2\/types\/post"}],"author":[{"embeddable":true,"href":"https:\/\/www.noticiasradioreflejos.com.ar\/2021\/wp-json\/wp\/v2\/users\/3"}],"replies":[{"embeddable":true,"href":"https:\/\/www.noticiasradioreflejos.com.ar\/2021\/wp-json\/wp\/v2\/comments?post=79509"}],"version-history":[{"count":1,"href":"https:\/\/www.noticiasradioreflejos.com.ar\/2021\/wp-json\/wp\/v2\/posts\/79509\/revisions"}],"predecessor-version":[{"id":79511,"href":"https:\/\/www.noticiasradioreflejos.com.ar\/2021\/wp-json\/wp\/v2\/posts\/79509\/revisions\/79511"}],"wp:attachment":[{"href":"https:\/\/www.noticiasradioreflejos.com.ar\/2021\/wp-json\/wp\/v2\/media?parent=79509"}],"wp:term":[{"taxonomy":"category","embeddable":true,"href":"https:\/\/www.noticiasradioreflejos.com.ar\/2021\/wp-json\/wp\/v2\/categories?post=79509"},{"taxonomy":"post_tag","embeddable":true,"href":"https:\/\/www.noticiasradioreflejos.com.ar\/2021\/wp-json\/wp\/v2\/tags?post=79509"}],"curies":[{"name":"wp","href":"https:\/\/api.w.org\/{rel}","templated":true}]}}