{"id":79502,"date":"2022-10-28T10:54:49","date_gmt":"2022-10-28T10:54:49","guid":{"rendered":"http:\/\/www.noticiasradioreflejos.com.ar\/2021\/?p=79502"},"modified":"2022-10-28T10:54:49","modified_gmt":"2022-10-28T10:54:49","slug":"camioneros-acordo-un-aumento-salarial-de-107-y-un-bono-de-100-mil-pesos","status":"publish","type":"post","link":"https:\/\/www.noticiasradioreflejos.com.ar\/2021\/camioneros-acordo-un-aumento-salarial-de-107-y-un-bono-de-100-mil-pesos\/","title":{"rendered":"Camioneros acord\u00f3 un aumento salarial de 107% y un bono de 100 mil pesos"},"content":{"rendered":"<p>Finalmente el Sindicato y los empresarios lograron alcanzar un acuerdo tras una reuni\u00f3n en la cartera laboral en la que particip\u00f3 la ministra Olmos y el jefe del gremio, Hugo Moyano. Qued\u00f3 levantado el paro nacional de actividades que hab\u00edan anunciado para el pr\u00f3ximo lunes.<!--more--><\/p>\n<figure class=\"mb-3\"><img decoding=\"async\" src=\"https:\/\/www.telam.com.ar\/thumbs\/bluesteel\/advf\/imagenes\/2022\/10\/635adbd2439b4_1200.jpg\" alt=\"El gremio que conduce Pablo Moyano logr un aumento del 107 Foto TW MinTrabajoAR\" width=\"100%\" height=\"100%\" \/><\/p>\n<div class=\"media-icons\"><\/div><figcaption>El gremio que conduce Pablo Moyano logr\u00f3 un aumento del 107% \/ Foto: TW @MinTrabajoAR<\/figcaption><\/figure>\n<p>La Federaci\u00f3n Nacional de Trabajadores y Obreros Camioneros, que lideran Hugo y Pablo Moyano, y las c\u00e1maras empresarias de la actividad convinieron en la cartera laboral bajo la supervisi\u00f3n de la ministra Raquel Olmos\u00a0<strong>una recomposici\u00f3n salarial en paritarias del 107% y el pago de un bono de fin de a\u00f1o de 100 mil pesos en cuatro tramos<\/strong>.<\/p>\n<p>Fuentes gremiales y oficiales informaron los t\u00e9rminos del acuerdo y\u00a0<strong>se\u00f1alaron su satisfacci\u00f3n por la superaci\u00f3n de la negociaci\u00f3n paritaria sin tener que recurrir a medidas de fuerza<\/strong>.<\/p>\n<p>Los camioneros finalmente lograron el incremento luego del fracaso de cuatro reuniones paritarias previas, tras la intervenci\u00f3n de Olmos, quien condujo la negociaci\u00f3n con Hugo y Pablo Moyano.<\/p>\n<p>El encuentro se realiz\u00f3 en el piso 18 de la cartera laboral, en la avenida Leandro Alem al 600, y las partes convinieron en el acuerdo la mejora en cuatro tramos: 27% en noviembre, 27% en febrero de 2023, otro 27% en mayo y 26% en agosto del a\u00f1o pr\u00f3ximo, por lo que el gremio levant\u00f3 de forma definitiva la huelga nacional prevista para el lunes entrante.<\/p>\n<p>Adem\u00e1s, sindicalistas y empresarios\u00a0<strong>convinieron el pago de una asignaci\u00f3n extraordinaria o bono de 100 mil pesos en 4 cuotas para marzo, abril, mayo y junio pr\u00f3ximos<\/strong>.<\/p>\n<p>Los camioneros hab\u00edan anunciado ayer que a partir de la 0 del lunes iniciar\u00edan una huelga nacional en todas las ramas del convenio colectivo de trabajo 40\/89.<\/p>\n<p>Hugo Moyano y su hijo Pablo, adjunto del gremio, explicaron luego del encuentro en Trabajo que adem\u00e1s los empresarios se avinieron a otorgar un adicional del 10% para los choferes que cumplen tareas de larga distancia, quienes hace pocos d\u00edas fueron beneficiados con la exenci\u00f3n del pago de Ganancias sobre los vi\u00e1ticos, lo que fue incluido en un art\u00edculo del presupuesto 2023 que aprob\u00f3 la C\u00e1mara de Diputados.<\/p>\n<p>Tambi\u00e9n<strong>\u00a0los sindicalistas puntualizaron que el gremio obtuvo beneficios diferenciados para otras ramas de la actividad del sindicato<\/strong>.<\/p>\n<p>La ministra Olmos destac\u00f3 a la prensa que \u00abes un logro que se haya cerrado la paritaria\u00bb camionera y sostuvo que \u00ablos gremios que est\u00e1n en sistema de paritarias lograron un buen nivel de actualizaci\u00f3n\u00bb salarial.<\/p>\n<p>\u00abEl acuerdo super\u00f3 las expectativas, ya que a pesar de que al principio el gremio reclam\u00f3 un 131% de aumento, los empresarios solo ofrec\u00edan el 84% y, hasta la intervenci\u00f3n hoy de la ministra Olmos, las negociaciones estaban trabadas\u00bb, asever\u00f3 por su parte Pablo Moyano.<\/p>\n<figure class=\"mb-3\"><img decoding=\"async\" src=\"https:\/\/www.telam.com.ar\/thumbs\/bluesteel\/advf\/imagenes\/2022\/10\/635adbd25a7a9_1200.jpg\" alt=\"Foto TW MinTrabajoAR\" width=\"100%\" height=\"100%\" \/><\/p>\n<div class=\"media-icons\"><\/div><figcaption>Foto: TW @MinTrabajoAR<\/figcaption><\/figure>\n<p>Adem\u00e1s, el cotitular de la CGT ratific\u00f3 su demanda de pago de un bono salarial de emergencia para la totalidad de los trabajadores, un reclamo que el dirigente formul\u00f3 ante el propio presidente Alberto Fern\u00e1ndez y el ministro de Econom\u00eda, Sergio Massa.<\/p>\n<p>Moyano reivindic\u00f3 la conquista obtenida hoy por el gremio en Trabajo, aunque ratific\u00f3 que \u00abel Gobierno debe tener m\u00e1s fuerza con quienes aumentan los precios a diario\u00bb.<\/p>\n<p>En tanto, Hugo Moyano resalt\u00f3 que Olmos \u00abagradeci\u00f3\u00bb y destac\u00f3 \u00abla responsabilidad que tuvieron sindicalistas y empresarios\u00bb para alcanzar el acuerdo y sostuvo que el instrumento es \u00ablo que realmente merec\u00edan los trabajadores\u00bb.<\/p>\n<p>\u00abSiempre decimos que fueron esenciales durante la grave pandemia y, por lo mismo, deb\u00edan ser reivindicados, porque su esfuerzo permiti\u00f3 que nada le faltase a los argentinos en ese momento. El acuerdo firmado hoy as\u00ed lo confirma\u00bb, dijo el dirigente sindical.<\/p>\n<p>El gremio camionero dud\u00f3 en un principio, luego del nuevo fracaso paritario de ayer, en asistir hoy a Trabajo hasta que se le inform\u00f3 que Olmos encabezar\u00eda el encuentro.<\/p>\n<p>\u00abLo importante del acuerdo es que los trabajadores no perder\u00e1n poder adquisitivo salarial\u00bb, coincidieron ambos dirigentes luego del encuentro en la avenida Alem, y especificaron que el convenio paritario contempla el per\u00edodo noviembre-octubre.<\/p>\n<p>Por su parte, la Federaci\u00f3n Argentina de Entidades de Transporte y Log\u00edstica (Faetyl), sostuvo en un documento que el acuerdo logrado con el gremio ratific\u00f3 \u00abla voluntad del empresariado log\u00edstico de resguardar el poder adquisitivo y contribuir a la paz social, la que es imprescindible para la normal prestaci\u00f3n del servicio\u00bb de sus asociados\u00bb.<\/p>\n<div class=\"jumbotron pt-4 mt-3\">\n<h3 class=\"module-title\">LA MINISTRA OLMOS DESTAC\u00d3 ACUERDO DE CAMIONEROS Y DIJO QUE HAY \u00abBUEN NIVEL DE ACTUALIZACI\u00d3N\u00bb SALARIAL<\/h3>\n<p>La ministra de Trabajo, Raquel \u00abKelly\u00bb Olmos, destac\u00f3 como \u00abun logro\u00bb el acuerdo salarial firmado por el Sindicato de Camioneros y sostuvo que \u00ablos gremios que est\u00e1n en sistema de paritarias lograron un buen nivel de actualizaci\u00f3n\u00bb.<\/p>\n<p>La funcionaria advirti\u00f3 a la vez que \u00abel mayor problema\u00bb aparece en los sectores informales y de autoempleo.<\/p>\n<p><strong>\u00abEs un logro que se haya cerrado esa paritaria. Este 107% abarca 16 meses y tambi\u00e9n un bono de 100 mil pesos en cuatro cuotas\u00bb, destac\u00f3 Olmos<\/strong>\u00a0en di\u00e1logo con Radio Nacional, al referirse al acuerdo paritario obtenido este jueves por el Sindicato de Camioneros de Hugo Moyano, y resalt\u00f3 tambi\u00e9n que \u00ablos gremios de la alimentaci\u00f3n cerraron en un 87%\u00bb.<\/p>\n<p>En ese sentido, la ministra indic\u00f3 que \u00ablos gremios que est\u00e1n en sistema de paritarias lograron un buen nivel de actualizaci\u00f3n\u00bb pero advirti\u00f3: \u00abEl mayor problema que tenemos es en el sector informal y el autoempleo, a los cuales un bono de car\u00e1cter obligatorio en el sector laboral no los alcanza. A ellos los alcanza un bono tipo IFE, como dimos en la pandemia\u00bb.<\/p>\n<p><strong>\u00abLa mayor dispersi\u00f3n es entre trabajo informal, autoempleo y trabajo formal. En el marco de los convenios paritarios se ha logrado una cultura del acuerdo muy importante\u00bb<\/strong>, subray\u00f3.<\/p>\n<p>La titular de Trabajo afirm\u00f3 que \u00abtodos los d\u00edas se habla mal de los argentinos, nuestros dirigentes gremiales y pol\u00edticos\u00bb, sin embargo \u00aben este a\u00f1o, por ejemplo, se han conseguido m\u00e1s de 2.700 acuerdos\u00bb paritarios.<\/p>\n<p>\u00abEs un ejercicio adulto de democracia valios\u00edsimo que debemos reconocer\u00bb, afirm\u00f3.<\/p>\n<\/div>\n","protected":false},"excerpt":{"rendered":"<p>Finalmente el Sindicato y los empresarios lograron alcanzar un acuerdo tras una reuni\u00f3n en la cartera laboral en la que particip\u00f3 la ministra Olmos y el jefe del gremio, Hugo Moyano. Qued\u00f3 levantado el paro nacional de actividades que hab\u00edan anunciado para el pr\u00f3ximo lunes.<\/p>\n","protected":false},"author":3,"featured_media":0,"comment_status":"closed","ping_status":"closed","sticky":false,"template":"","format":"standard","meta":{"footnotes":""},"categories":[36,24],"tags":[],"class_list":["post-79502","post","type-post","status-publish","format-standard","hentry","category-economia","category-politica"],"yoast_head":"<!-- This site is optimized with the Yoast SEO plugin v25.9 - https:\/\/yoast.com\/wordpress\/plugins\/seo\/ -->\n<title>Camioneros acord\u00f3 un aumento salarial de 107% y un bono de 100 mil pesos - Noticias Radio Reflejos<\/title>\n<meta name=\"robots\" content=\"index, follow, max-snippet:-1, max-image-preview:large, max-video-preview:-1\" \/>\n<link rel=\"canonical\" href=\"https:\/\/www.noticiasradioreflejos.com.ar\/2021\/camioneros-acordo-un-aumento-salarial-de-107-y-un-bono-de-100-mil-pesos\/\" \/>\n<meta property=\"og:locale\" content=\"es_ES\" \/>\n<meta property=\"og:type\" content=\"article\" \/>\n<meta property=\"og:title\" content=\"Camioneros acord\u00f3 un aumento salarial de 107% y un bono de 100 mil pesos - Noticias Radio Reflejos\" \/>\n<meta property=\"og:description\" content=\"Finalmente el Sindicato y los empresarios lograron alcanzar un acuerdo tras una reuni\u00f3n en la cartera laboral en la que particip\u00f3 la ministra Olmos y el jefe del gremio, Hugo Moyano. Qued\u00f3 levantado el paro nacional de actividades que hab\u00edan anunciado para el pr\u00f3ximo lunes.\" \/>\n<meta property=\"og:url\" content=\"https:\/\/www.noticiasradioreflejos.com.ar\/2021\/camioneros-acordo-un-aumento-salarial-de-107-y-un-bono-de-100-mil-pesos\/\" \/>\n<meta property=\"og:site_name\" content=\"Noticias Radio Reflejos\" \/>\n<meta property=\"article:published_time\" content=\"2022-10-28T10:54:49+00:00\" \/>\n<meta property=\"og:image\" content=\"https:\/\/www.telam.com.ar\/thumbs\/bluesteel\/advf\/imagenes\/2022\/10\/635adbd2439b4_1200.jpg\" \/>\n<meta name=\"author\" content=\"Arnaldo Botto\" \/>\n<meta name=\"twitter:card\" content=\"summary_large_image\" \/>\n<script type=\"application\/ld+json\" class=\"yoast-schema-graph\">{\"@context\":\"https:\/\/schema.org\",\"@graph\":[{\"@type\":\"WebPage\",\"@id\":\"https:\/\/www.noticiasradioreflejos.com.ar\/2021\/camioneros-acordo-un-aumento-salarial-de-107-y-un-bono-de-100-mil-pesos\/\",\"url\":\"https:\/\/www.noticiasradioreflejos.com.ar\/2021\/camioneros-acordo-un-aumento-salarial-de-107-y-un-bono-de-100-mil-pesos\/\",\"name\":\"Camioneros acord\u00f3 un aumento salarial de 107% y un bono de 100 mil pesos - Noticias Radio Reflejos\",\"isPartOf\":{\"@id\":\"https:\/\/www.noticiasradioreflejos.com.ar\/2021\/#website\"},\"primaryImageOfPage\":{\"@id\":\"https:\/\/www.noticiasradioreflejos.com.ar\/2021\/camioneros-acordo-un-aumento-salarial-de-107-y-un-bono-de-100-mil-pesos\/#primaryimage\"},\"image\":{\"@id\":\"https:\/\/www.noticiasradioreflejos.com.ar\/2021\/camioneros-acordo-un-aumento-salarial-de-107-y-un-bono-de-100-mil-pesos\/#primaryimage\"},\"thumbnailUrl\":\"https:\/\/www.telam.com.ar\/thumbs\/bluesteel\/advf\/imagenes\/2022\/10\/635adbd2439b4_1200.jpg\",\"datePublished\":\"2022-10-28T10:54:49+00:00\",\"author\":{\"@id\":\"https:\/\/www.noticiasradioreflejos.com.ar\/2021\/#\/schema\/person\/ad82545263dcc5ec0996818884fd5fb1\"},\"breadcrumb\":{\"@id\":\"https:\/\/www.noticiasradioreflejos.com.ar\/2021\/camioneros-acordo-un-aumento-salarial-de-107-y-un-bono-de-100-mil-pesos\/#breadcrumb\"},\"inLanguage\":\"es\",\"potentialAction\":[{\"@type\":\"ReadAction\",\"target\":[\"https:\/\/www.noticiasradioreflejos.com.ar\/2021\/camioneros-acordo-un-aumento-salarial-de-107-y-un-bono-de-100-mil-pesos\/\"]}]},{\"@type\":\"ImageObject\",\"inLanguage\":\"es\",\"@id\":\"https:\/\/www.noticiasradioreflejos.com.ar\/2021\/camioneros-acordo-un-aumento-salarial-de-107-y-un-bono-de-100-mil-pesos\/#primaryimage\",\"url\":\"https:\/\/www.telam.com.ar\/thumbs\/bluesteel\/advf\/imagenes\/2022\/10\/635adbd2439b4_1200.jpg\",\"contentUrl\":\"https:\/\/www.telam.com.ar\/thumbs\/bluesteel\/advf\/imagenes\/2022\/10\/635adbd2439b4_1200.jpg\"},{\"@type\":\"BreadcrumbList\",\"@id\":\"https:\/\/www.noticiasradioreflejos.com.ar\/2021\/camioneros-acordo-un-aumento-salarial-de-107-y-un-bono-de-100-mil-pesos\/#breadcrumb\",\"itemListElement\":[{\"@type\":\"ListItem\",\"position\":1,\"name\":\"Portada\",\"item\":\"https:\/\/www.noticiasradioreflejos.com.ar\/2021\/\"},{\"@type\":\"ListItem\",\"position\":2,\"name\":\"Camioneros acord\u00f3 un aumento salarial de 107% y un bono de 100 mil pesos\"}]},{\"@type\":\"WebSite\",\"@id\":\"https:\/\/www.noticiasradioreflejos.com.ar\/2021\/#website\",\"url\":\"https:\/\/www.noticiasradioreflejos.com.ar\/2021\/\",\"name\":\"Noticias Radio Reflejos\",\"description\":\"Las noticias de mi comarca\",\"potentialAction\":[{\"@type\":\"SearchAction\",\"target\":{\"@type\":\"EntryPoint\",\"urlTemplate\":\"https:\/\/www.noticiasradioreflejos.com.ar\/2021\/?s={search_term_string}\"},\"query-input\":{\"@type\":\"PropertyValueSpecification\",\"valueRequired\":true,\"valueName\":\"search_term_string\"}}],\"inLanguage\":\"es\"},{\"@type\":\"Person\",\"@id\":\"https:\/\/www.noticiasradioreflejos.com.ar\/2021\/#\/schema\/person\/ad82545263dcc5ec0996818884fd5fb1\",\"name\":\"Arnaldo Botto\",\"image\":{\"@type\":\"ImageObject\",\"inLanguage\":\"es\",\"@id\":\"https:\/\/www.noticiasradioreflejos.com.ar\/2021\/#\/schema\/person\/image\/\",\"url\":\"https:\/\/secure.gravatar.com\/avatar\/55cb5e37c1efa326397366e6974cb338056df65cb50e7d64d1cf314e87504837?s=96&d=mm&r=g\",\"contentUrl\":\"https:\/\/secure.gravatar.com\/avatar\/55cb5e37c1efa326397366e6974cb338056df65cb50e7d64d1cf314e87504837?s=96&d=mm&r=g\",\"caption\":\"Arnaldo Botto\"},\"url\":\"https:\/\/www.noticiasradioreflejos.com.ar\/2021\/author\/arnaldo\/\"}]}<\/script>\n<!-- \/ Yoast SEO plugin. -->","yoast_head_json":{"title":"Camioneros acord\u00f3 un aumento salarial de 107% y un bono de 100 mil pesos - Noticias Radio Reflejos","robots":{"index":"index","follow":"follow","max-snippet":"max-snippet:-1","max-image-preview":"max-image-preview:large","max-video-preview":"max-video-preview:-1"},"canonical":"https:\/\/www.noticiasradioreflejos.com.ar\/2021\/camioneros-acordo-un-aumento-salarial-de-107-y-un-bono-de-100-mil-pesos\/","og_locale":"es_ES","og_type":"article","og_title":"Camioneros acord\u00f3 un aumento salarial de 107% y un bono de 100 mil pesos - Noticias Radio Reflejos","og_description":"Finalmente el Sindicato y los empresarios lograron alcanzar un acuerdo tras una reuni\u00f3n en la cartera laboral en la que particip\u00f3 la ministra Olmos y el jefe del gremio, Hugo Moyano. Qued\u00f3 levantado el paro nacional de actividades que hab\u00edan anunciado para el pr\u00f3ximo lunes.","og_url":"https:\/\/www.noticiasradioreflejos.com.ar\/2021\/camioneros-acordo-un-aumento-salarial-de-107-y-un-bono-de-100-mil-pesos\/","og_site_name":"Noticias Radio Reflejos","article_published_time":"2022-10-28T10:54:49+00:00","og_image":[{"url":"https:\/\/www.telam.com.ar\/thumbs\/bluesteel\/advf\/imagenes\/2022\/10\/635adbd2439b4_1200.jpg","type":"","width":"","height":""}],"author":"Arnaldo Botto","twitter_card":"summary_large_image","schema":{"@context":"https:\/\/schema.org","@graph":[{"@type":"WebPage","@id":"https:\/\/www.noticiasradioreflejos.com.ar\/2021\/camioneros-acordo-un-aumento-salarial-de-107-y-un-bono-de-100-mil-pesos\/","url":"https:\/\/www.noticiasradioreflejos.com.ar\/2021\/camioneros-acordo-un-aumento-salarial-de-107-y-un-bono-de-100-mil-pesos\/","name":"Camioneros acord\u00f3 un aumento salarial de 107% y un bono de 100 mil pesos - Noticias Radio Reflejos","isPartOf":{"@id":"https:\/\/www.noticiasradioreflejos.com.ar\/2021\/#website"},"primaryImageOfPage":{"@id":"https:\/\/www.noticiasradioreflejos.com.ar\/2021\/camioneros-acordo-un-aumento-salarial-de-107-y-un-bono-de-100-mil-pesos\/#primaryimage"},"image":{"@id":"https:\/\/www.noticiasradioreflejos.com.ar\/2021\/camioneros-acordo-un-aumento-salarial-de-107-y-un-bono-de-100-mil-pesos\/#primaryimage"},"thumbnailUrl":"https:\/\/www.telam.com.ar\/thumbs\/bluesteel\/advf\/imagenes\/2022\/10\/635adbd2439b4_1200.jpg","datePublished":"2022-10-28T10:54:49+00:00","author":{"@id":"https:\/\/www.noticiasradioreflejos.com.ar\/2021\/#\/schema\/person\/ad82545263dcc5ec0996818884fd5fb1"},"breadcrumb":{"@id":"https:\/\/www.noticiasradioreflejos.com.ar\/2021\/camioneros-acordo-un-aumento-salarial-de-107-y-un-bono-de-100-mil-pesos\/#breadcrumb"},"inLanguage":"es","potentialAction":[{"@type":"ReadAction","target":["https:\/\/www.noticiasradioreflejos.com.ar\/2021\/camioneros-acordo-un-aumento-salarial-de-107-y-un-bono-de-100-mil-pesos\/"]}]},{"@type":"ImageObject","inLanguage":"es","@id":"https:\/\/www.noticiasradioreflejos.com.ar\/2021\/camioneros-acordo-un-aumento-salarial-de-107-y-un-bono-de-100-mil-pesos\/#primaryimage","url":"https:\/\/www.telam.com.ar\/thumbs\/bluesteel\/advf\/imagenes\/2022\/10\/635adbd2439b4_1200.jpg","contentUrl":"https:\/\/www.telam.com.ar\/thumbs\/bluesteel\/advf\/imagenes\/2022\/10\/635adbd2439b4_1200.jpg"},{"@type":"BreadcrumbList","@id":"https:\/\/www.noticiasradioreflejos.com.ar\/2021\/camioneros-acordo-un-aumento-salarial-de-107-y-un-bono-de-100-mil-pesos\/#breadcrumb","itemListElement":[{"@type":"ListItem","position":1,"name":"Portada","item":"https:\/\/www.noticiasradioreflejos.com.ar\/2021\/"},{"@type":"ListItem","position":2,"name":"Camioneros acord\u00f3 un aumento salarial de 107% y un bono de 100 mil pesos"}]},{"@type":"WebSite","@id":"https:\/\/www.noticiasradioreflejos.com.ar\/2021\/#website","url":"https:\/\/www.noticiasradioreflejos.com.ar\/2021\/","name":"Noticias Radio Reflejos","description":"Las noticias de mi comarca","potentialAction":[{"@type":"SearchAction","target":{"@type":"EntryPoint","urlTemplate":"https:\/\/www.noticiasradioreflejos.com.ar\/2021\/?s={search_term_string}"},"query-input":{"@type":"PropertyValueSpecification","valueRequired":true,"valueName":"search_term_string"}}],"inLanguage":"es"},{"@type":"Person","@id":"https:\/\/www.noticiasradioreflejos.com.ar\/2021\/#\/schema\/person\/ad82545263dcc5ec0996818884fd5fb1","name":"Arnaldo Botto","image":{"@type":"ImageObject","inLanguage":"es","@id":"https:\/\/www.noticiasradioreflejos.com.ar\/2021\/#\/schema\/person\/image\/","url":"https:\/\/secure.gravatar.com\/avatar\/55cb5e37c1efa326397366e6974cb338056df65cb50e7d64d1cf314e87504837?s=96&d=mm&r=g","contentUrl":"https:\/\/secure.gravatar.com\/avatar\/55cb5e37c1efa326397366e6974cb338056df65cb50e7d64d1cf314e87504837?s=96&d=mm&r=g","caption":"Arnaldo Botto"},"url":"https:\/\/www.noticiasradioreflejos.com.ar\/2021\/author\/arnaldo\/"}]}},"_links":{"self":[{"href":"https:\/\/www.noticiasradioreflejos.com.ar\/2021\/wp-json\/wp\/v2\/posts\/79502","targetHints":{"allow":["GET"]}}],"collection":[{"href":"https:\/\/www.noticiasradioreflejos.com.ar\/2021\/wp-json\/wp\/v2\/posts"}],"about":[{"href":"https:\/\/www.noticiasradioreflejos.com.ar\/2021\/wp-json\/wp\/v2\/types\/post"}],"author":[{"embeddable":true,"href":"https:\/\/www.noticiasradioreflejos.com.ar\/2021\/wp-json\/wp\/v2\/users\/3"}],"replies":[{"embeddable":true,"href":"https:\/\/www.noticiasradioreflejos.com.ar\/2021\/wp-json\/wp\/v2\/comments?post=79502"}],"version-history":[{"count":1,"href":"https:\/\/www.noticiasradioreflejos.com.ar\/2021\/wp-json\/wp\/v2\/posts\/79502\/revisions"}],"predecessor-version":[{"id":79504,"href":"https:\/\/www.noticiasradioreflejos.com.ar\/2021\/wp-json\/wp\/v2\/posts\/79502\/revisions\/79504"}],"wp:attachment":[{"href":"https:\/\/www.noticiasradioreflejos.com.ar\/2021\/wp-json\/wp\/v2\/media?parent=79502"}],"wp:term":[{"taxonomy":"category","embeddable":true,"href":"https:\/\/www.noticiasradioreflejos.com.ar\/2021\/wp-json\/wp\/v2\/categories?post=79502"},{"taxonomy":"post_tag","embeddable":true,"href":"https:\/\/www.noticiasradioreflejos.com.ar\/2021\/wp-json\/wp\/v2\/tags?post=79502"}],"curies":[{"name":"wp","href":"https:\/\/api.w.org\/{rel}","templated":true}]}}