{"id":79477,"date":"2022-10-28T02:00:06","date_gmt":"2022-10-28T02:00:06","guid":{"rendered":"http:\/\/www.noticiasradioreflejos.com.ar\/2021\/?p=79477"},"modified":"2022-10-28T02:00:07","modified_gmt":"2022-10-28T02:00:07","slug":"la-feria-del-libro-de-sierra-de-la-ventana-promete-generar-una-edicion-inmejorable","status":"publish","type":"post","link":"https:\/\/www.noticiasradioreflejos.com.ar\/2021\/la-feria-del-libro-de-sierra-de-la-ventana-promete-generar-una-edicion-inmejorable\/","title":{"rendered":"La Feria del Libro de Sierra de la Ventana promete generar una edici\u00f3n inmejorable"},"content":{"rendered":"<p>Del 11 al 13 de noviembre, dentro del predio del Centro Cultural, la 12\u00b0 realizaci\u00f3n tendr\u00e1 actividades para todos los gustos, dentro de una agenda s\u00faper variada y apretada. Fernanda Tenca brind\u00f3 detalles al respecto.<!--more--><\/p>\n<p>En solo dos semanas la 12\u00b0 edici\u00f3n de la Feria del Libro de Sierra de la Ventana ver\u00e1 la luz. En esta oportunidad, el acontecimiento que se desarrollar\u00e1 en el predio del Centro Cultural, se extender\u00e1 desde el 11 al 13 de noviembre.<\/p>\n<p>Al respecto, una de sus organizadores, Fernanda Tenca explic\u00f3 que \u201cel viernes estar\u00e1 lleno de chicos porque recibiremos a los colegios. La feria les va a brindar distintos talleres; de escritura, al aire libre\u2026 talleres donde viene gente de Bah\u00eda, en el cierre habr\u00e1 una obra de t\u00edteres\u2026 el viernes con escuelas se viene completito\u201d.<\/p>\n<p>Sobre la diagramaci\u00f3n de este importante evento, sostuvo que \u201cvamos sumando siempre ideas, manos y teniendo lectura de lo que la comunidad quiere. As\u00ed la feria es espejo de la comunidad. Habr\u00e1 mucha gente local presentando libros, compartiendo su m\u00fasica, y est\u00e1 buen\u00edsimo porque se trata de intercambio de toda la comarca\u201d.<\/p>\n<p><a href=\"http:\/\/www.noticiasradioreflejos.com.ar\/2021\/la-feria-del-libro-de-sierra-de-la-ventana-promete-generar-una-edicion-inmejorable\/feria-del-libro\/\" rel=\"attachment wp-att-79494\"><img loading=\"lazy\" decoding=\"async\" class=\"aligncenter size-full wp-image-79494\" src=\"http:\/\/www.noticiasradioreflejos.com.ar\/2021\/wp-content\/uploads\/2022\/10\/Feria-del-Libro-scaled.jpg\" alt=\"\" width=\"2560\" height=\"1438\" \/><\/a><\/p>\n<p>Brindando m\u00e1s detalles, mencion\u00f3 que \u201cen principio tendremos 50 stands de libros, entre libros y espacios para las bibliotecas de Saldungaray, Villa y Sierra. Tendr\u00e1n un espacio com\u00fan dentro del galp\u00f3n que estar\u00e1 semi cerrado, con algunas comodidades para que la gente ingrese, pueda elegir un libro, y sentarse a leer un ratito en paz\u201d.<\/p>\n<p>De igual modo en el \u201cgalp\u00f3n grande tendremos adem\u00e1s un espacio cerrado donde Juan Chaveta estar\u00e1 exponiendo todas sus obras, para que sea un paseo de libros y de otras cosas\u201d.<\/p>\n<p>A su vez, \u201cen el Centro Cultural ah\u00ed habr\u00e1 muestras de distintos artistas locales que el a\u00f1o pasado estuvieron en el galp\u00f3n grande, hoy los pasamos ah\u00ed por una propuesta de ellos para tener un lugar m\u00e1s amplio de exposici\u00f3n\u201d.<\/p>\n<p>En otro pasaje de la charla Fernanda confirm\u00f3 que \u201cva a haber una carpa que estar\u00e1 orientada a un espacio de gastronom\u00eda. Habr\u00e1 sillas y mesas, para disfrutar cuando no haces ninguna actividad a la sombra. Los carros van a estar para brindar su servicio y eso nos permitir\u00e1 tener m\u00e1s diversidad de comidas\u201d.<\/p>\n<p>Mientras que por \u00faltimo subray\u00f3 que \u201cla Secretar\u00eda de Turismo nos ofreci\u00f3 bastante gazebos que nos permitir\u00e1n tener espacios de sombra en el predio. La semana que viene publicaremos el cronograma de actividades completo para que la gente se pueda ir organizando\u201d.<\/p>\n<p><iframe loading=\"lazy\" src=\"https:\/\/w.soundcloud.com\/player\/?url=https%3A\/\/api.soundcloud.com\/tracks\/1371130588&amp;color=%23ff5500&amp;auto_play=false&amp;hide_related=false&amp;show_comments=true&amp;show_user=true&amp;show_reposts=false&amp;show_teaser=true\" width=\"100%\" height=\"166\" frameborder=\"no\" scrolling=\"no\"><\/iframe><\/p>\n<div style=\"font-size: 10px; color: #cccccc; line-break: anywhere; word-break: normal; overflow: hidden; white-space: nowrap; text-overflow: ellipsis; font-family: Interstate,Lucida Grande,Lucida Sans Unicode,Lucida Sans,Garuda,Verdana,Tahoma,sans-serif; font-weight: 100;\"><a style=\"color: #cccccc; text-decoration: none;\" title=\"fmreflejos 103.7\" href=\"https:\/\/soundcloud.com\/fmreflejos-103-7\" target=\"_blank\" rel=\"noopener\">fmreflejos 103.7<\/a> \u00b7 <a style=\"color: #cccccc; text-decoration: none;\" title=\"Fernanda Tenca\" href=\"https:\/\/soundcloud.com\/fmreflejos-103-7\/fernanda-tenca-3\" target=\"_blank\" rel=\"noopener\">Fernanda Tenca<\/a><\/div>\n","protected":false},"excerpt":{"rendered":"<p>Del 11 al 13 de noviembre, dentro del predio del Centro Cultural, la 12\u00b0 realizaci\u00f3n tendr\u00e1 actividades para todos los gustos, dentro de una agenda s\u00faper variada y apretada. Fernanda Tenca brind\u00f3 detalles al respecto.<\/p>\n","protected":false},"author":3,"featured_media":0,"comment_status":"closed","ping_status":"closed","sticky":false,"template":"","format":"standard","meta":{"footnotes":""},"categories":[35],"tags":[48],"class_list":["post-79477","post","type-post","status-publish","format-standard","hentry","category-cultura","tag-destacada"],"yoast_head":"<!-- This site is optimized with the Yoast SEO plugin v25.9 - https:\/\/yoast.com\/wordpress\/plugins\/seo\/ -->\n<title>La Feria del Libro de Sierra de la Ventana promete generar una edici\u00f3n inmejorable - Noticias Radio Reflejos<\/title>\n<meta name=\"robots\" content=\"index, follow, max-snippet:-1, max-image-preview:large, max-video-preview:-1\" \/>\n<link rel=\"canonical\" href=\"https:\/\/www.noticiasradioreflejos.com.ar\/2021\/la-feria-del-libro-de-sierra-de-la-ventana-promete-generar-una-edicion-inmejorable\/\" \/>\n<meta property=\"og:locale\" content=\"es_ES\" \/>\n<meta property=\"og:type\" content=\"article\" \/>\n<meta property=\"og:title\" content=\"La Feria del Libro de Sierra de la Ventana promete generar una edici\u00f3n inmejorable - Noticias Radio Reflejos\" \/>\n<meta property=\"og:description\" content=\"Del 11 al 13 de noviembre, dentro del predio del Centro Cultural, la 12\u00b0 realizaci\u00f3n tendr\u00e1 actividades para todos los gustos, dentro de una agenda s\u00faper variada y apretada. Fernanda Tenca brind\u00f3 detalles al respecto.\" \/>\n<meta property=\"og:url\" content=\"https:\/\/www.noticiasradioreflejos.com.ar\/2021\/la-feria-del-libro-de-sierra-de-la-ventana-promete-generar-una-edicion-inmejorable\/\" \/>\n<meta property=\"og:site_name\" content=\"Noticias Radio Reflejos\" \/>\n<meta property=\"article:published_time\" content=\"2022-10-28T02:00:06+00:00\" \/>\n<meta property=\"article:modified_time\" content=\"2022-10-28T02:00:07+00:00\" \/>\n<meta property=\"og:image\" content=\"http:\/\/www.noticiasradioreflejos.com.ar\/2021\/wp-content\/uploads\/2022\/10\/Feria-del-Libro-scaled.jpg\" \/>\n<meta name=\"author\" content=\"Arnaldo Botto\" \/>\n<meta name=\"twitter:card\" content=\"summary_large_image\" \/>\n<script type=\"application\/ld+json\" class=\"yoast-schema-graph\">{\"@context\":\"https:\/\/schema.org\",\"@graph\":[{\"@type\":\"WebPage\",\"@id\":\"https:\/\/www.noticiasradioreflejos.com.ar\/2021\/la-feria-del-libro-de-sierra-de-la-ventana-promete-generar-una-edicion-inmejorable\/\",\"url\":\"https:\/\/www.noticiasradioreflejos.com.ar\/2021\/la-feria-del-libro-de-sierra-de-la-ventana-promete-generar-una-edicion-inmejorable\/\",\"name\":\"La Feria del Libro de Sierra de la Ventana promete generar una edici\u00f3n inmejorable - Noticias Radio Reflejos\",\"isPartOf\":{\"@id\":\"https:\/\/www.noticiasradioreflejos.com.ar\/2021\/#website\"},\"primaryImageOfPage\":{\"@id\":\"https:\/\/www.noticiasradioreflejos.com.ar\/2021\/la-feria-del-libro-de-sierra-de-la-ventana-promete-generar-una-edicion-inmejorable\/#primaryimage\"},\"image\":{\"@id\":\"https:\/\/www.noticiasradioreflejos.com.ar\/2021\/la-feria-del-libro-de-sierra-de-la-ventana-promete-generar-una-edicion-inmejorable\/#primaryimage\"},\"thumbnailUrl\":\"http:\/\/www.noticiasradioreflejos.com.ar\/2021\/wp-content\/uploads\/2022\/10\/Feria-del-Libro-scaled.jpg\",\"datePublished\":\"2022-10-28T02:00:06+00:00\",\"dateModified\":\"2022-10-28T02:00:07+00:00\",\"author\":{\"@id\":\"https:\/\/www.noticiasradioreflejos.com.ar\/2021\/#\/schema\/person\/ad82545263dcc5ec0996818884fd5fb1\"},\"breadcrumb\":{\"@id\":\"https:\/\/www.noticiasradioreflejos.com.ar\/2021\/la-feria-del-libro-de-sierra-de-la-ventana-promete-generar-una-edicion-inmejorable\/#breadcrumb\"},\"inLanguage\":\"es\",\"potentialAction\":[{\"@type\":\"ReadAction\",\"target\":[\"https:\/\/www.noticiasradioreflejos.com.ar\/2021\/la-feria-del-libro-de-sierra-de-la-ventana-promete-generar-una-edicion-inmejorable\/\"]}]},{\"@type\":\"ImageObject\",\"inLanguage\":\"es\",\"@id\":\"https:\/\/www.noticiasradioreflejos.com.ar\/2021\/la-feria-del-libro-de-sierra-de-la-ventana-promete-generar-una-edicion-inmejorable\/#primaryimage\",\"url\":\"\",\"contentUrl\":\"\"},{\"@type\":\"BreadcrumbList\",\"@id\":\"https:\/\/www.noticiasradioreflejos.com.ar\/2021\/la-feria-del-libro-de-sierra-de-la-ventana-promete-generar-una-edicion-inmejorable\/#breadcrumb\",\"itemListElement\":[{\"@type\":\"ListItem\",\"position\":1,\"name\":\"Portada\",\"item\":\"https:\/\/www.noticiasradioreflejos.com.ar\/2021\/\"},{\"@type\":\"ListItem\",\"position\":2,\"name\":\"La Feria del Libro de Sierra de la Ventana promete generar una edici\u00f3n inmejorable\"}]},{\"@type\":\"WebSite\",\"@id\":\"https:\/\/www.noticiasradioreflejos.com.ar\/2021\/#website\",\"url\":\"https:\/\/www.noticiasradioreflejos.com.ar\/2021\/\",\"name\":\"Noticias Radio Reflejos\",\"description\":\"Las noticias de mi comarca\",\"potentialAction\":[{\"@type\":\"SearchAction\",\"target\":{\"@type\":\"EntryPoint\",\"urlTemplate\":\"https:\/\/www.noticiasradioreflejos.com.ar\/2021\/?s={search_term_string}\"},\"query-input\":{\"@type\":\"PropertyValueSpecification\",\"valueRequired\":true,\"valueName\":\"search_term_string\"}}],\"inLanguage\":\"es\"},{\"@type\":\"Person\",\"@id\":\"https:\/\/www.noticiasradioreflejos.com.ar\/2021\/#\/schema\/person\/ad82545263dcc5ec0996818884fd5fb1\",\"name\":\"Arnaldo Botto\",\"image\":{\"@type\":\"ImageObject\",\"inLanguage\":\"es\",\"@id\":\"https:\/\/www.noticiasradioreflejos.com.ar\/2021\/#\/schema\/person\/image\/\",\"url\":\"https:\/\/secure.gravatar.com\/avatar\/55cb5e37c1efa326397366e6974cb338056df65cb50e7d64d1cf314e87504837?s=96&d=mm&r=g\",\"contentUrl\":\"https:\/\/secure.gravatar.com\/avatar\/55cb5e37c1efa326397366e6974cb338056df65cb50e7d64d1cf314e87504837?s=96&d=mm&r=g\",\"caption\":\"Arnaldo Botto\"},\"url\":\"https:\/\/www.noticiasradioreflejos.com.ar\/2021\/author\/arnaldo\/\"}]}<\/script>\n<!-- \/ Yoast SEO plugin. -->","yoast_head_json":{"title":"La Feria del Libro de Sierra de la Ventana promete generar una edici\u00f3n inmejorable - Noticias Radio Reflejos","robots":{"index":"index","follow":"follow","max-snippet":"max-snippet:-1","max-image-preview":"max-image-preview:large","max-video-preview":"max-video-preview:-1"},"canonical":"https:\/\/www.noticiasradioreflejos.com.ar\/2021\/la-feria-del-libro-de-sierra-de-la-ventana-promete-generar-una-edicion-inmejorable\/","og_locale":"es_ES","og_type":"article","og_title":"La Feria del Libro de Sierra de la Ventana promete generar una edici\u00f3n inmejorable - Noticias Radio Reflejos","og_description":"Del 11 al 13 de noviembre, dentro del predio del Centro Cultural, la 12\u00b0 realizaci\u00f3n tendr\u00e1 actividades para todos los gustos, dentro de una agenda s\u00faper variada y apretada. Fernanda Tenca brind\u00f3 detalles al respecto.","og_url":"https:\/\/www.noticiasradioreflejos.com.ar\/2021\/la-feria-del-libro-de-sierra-de-la-ventana-promete-generar-una-edicion-inmejorable\/","og_site_name":"Noticias Radio Reflejos","article_published_time":"2022-10-28T02:00:06+00:00","article_modified_time":"2022-10-28T02:00:07+00:00","og_image":[{"url":"http:\/\/www.noticiasradioreflejos.com.ar\/2021\/wp-content\/uploads\/2022\/10\/Feria-del-Libro-scaled.jpg","type":"","width":"","height":""}],"author":"Arnaldo Botto","twitter_card":"summary_large_image","schema":{"@context":"https:\/\/schema.org","@graph":[{"@type":"WebPage","@id":"https:\/\/www.noticiasradioreflejos.com.ar\/2021\/la-feria-del-libro-de-sierra-de-la-ventana-promete-generar-una-edicion-inmejorable\/","url":"https:\/\/www.noticiasradioreflejos.com.ar\/2021\/la-feria-del-libro-de-sierra-de-la-ventana-promete-generar-una-edicion-inmejorable\/","name":"La Feria del Libro de Sierra de la Ventana promete generar una edici\u00f3n inmejorable - Noticias Radio Reflejos","isPartOf":{"@id":"https:\/\/www.noticiasradioreflejos.com.ar\/2021\/#website"},"primaryImageOfPage":{"@id":"https:\/\/www.noticiasradioreflejos.com.ar\/2021\/la-feria-del-libro-de-sierra-de-la-ventana-promete-generar-una-edicion-inmejorable\/#primaryimage"},"image":{"@id":"https:\/\/www.noticiasradioreflejos.com.ar\/2021\/la-feria-del-libro-de-sierra-de-la-ventana-promete-generar-una-edicion-inmejorable\/#primaryimage"},"thumbnailUrl":"http:\/\/www.noticiasradioreflejos.com.ar\/2021\/wp-content\/uploads\/2022\/10\/Feria-del-Libro-scaled.jpg","datePublished":"2022-10-28T02:00:06+00:00","dateModified":"2022-10-28T02:00:07+00:00","author":{"@id":"https:\/\/www.noticiasradioreflejos.com.ar\/2021\/#\/schema\/person\/ad82545263dcc5ec0996818884fd5fb1"},"breadcrumb":{"@id":"https:\/\/www.noticiasradioreflejos.com.ar\/2021\/la-feria-del-libro-de-sierra-de-la-ventana-promete-generar-una-edicion-inmejorable\/#breadcrumb"},"inLanguage":"es","potentialAction":[{"@type":"ReadAction","target":["https:\/\/www.noticiasradioreflejos.com.ar\/2021\/la-feria-del-libro-de-sierra-de-la-ventana-promete-generar-una-edicion-inmejorable\/"]}]},{"@type":"ImageObject","inLanguage":"es","@id":"https:\/\/www.noticiasradioreflejos.com.ar\/2021\/la-feria-del-libro-de-sierra-de-la-ventana-promete-generar-una-edicion-inmejorable\/#primaryimage","url":"","contentUrl":""},{"@type":"BreadcrumbList","@id":"https:\/\/www.noticiasradioreflejos.com.ar\/2021\/la-feria-del-libro-de-sierra-de-la-ventana-promete-generar-una-edicion-inmejorable\/#breadcrumb","itemListElement":[{"@type":"ListItem","position":1,"name":"Portada","item":"https:\/\/www.noticiasradioreflejos.com.ar\/2021\/"},{"@type":"ListItem","position":2,"name":"La Feria del Libro de Sierra de la Ventana promete generar una edici\u00f3n inmejorable"}]},{"@type":"WebSite","@id":"https:\/\/www.noticiasradioreflejos.com.ar\/2021\/#website","url":"https:\/\/www.noticiasradioreflejos.com.ar\/2021\/","name":"Noticias Radio Reflejos","description":"Las noticias de mi comarca","potentialAction":[{"@type":"SearchAction","target":{"@type":"EntryPoint","urlTemplate":"https:\/\/www.noticiasradioreflejos.com.ar\/2021\/?s={search_term_string}"},"query-input":{"@type":"PropertyValueSpecification","valueRequired":true,"valueName":"search_term_string"}}],"inLanguage":"es"},{"@type":"Person","@id":"https:\/\/www.noticiasradioreflejos.com.ar\/2021\/#\/schema\/person\/ad82545263dcc5ec0996818884fd5fb1","name":"Arnaldo Botto","image":{"@type":"ImageObject","inLanguage":"es","@id":"https:\/\/www.noticiasradioreflejos.com.ar\/2021\/#\/schema\/person\/image\/","url":"https:\/\/secure.gravatar.com\/avatar\/55cb5e37c1efa326397366e6974cb338056df65cb50e7d64d1cf314e87504837?s=96&d=mm&r=g","contentUrl":"https:\/\/secure.gravatar.com\/avatar\/55cb5e37c1efa326397366e6974cb338056df65cb50e7d64d1cf314e87504837?s=96&d=mm&r=g","caption":"Arnaldo Botto"},"url":"https:\/\/www.noticiasradioreflejos.com.ar\/2021\/author\/arnaldo\/"}]}},"_links":{"self":[{"href":"https:\/\/www.noticiasradioreflejos.com.ar\/2021\/wp-json\/wp\/v2\/posts\/79477","targetHints":{"allow":["GET"]}}],"collection":[{"href":"https:\/\/www.noticiasradioreflejos.com.ar\/2021\/wp-json\/wp\/v2\/posts"}],"about":[{"href":"https:\/\/www.noticiasradioreflejos.com.ar\/2021\/wp-json\/wp\/v2\/types\/post"}],"author":[{"embeddable":true,"href":"https:\/\/www.noticiasradioreflejos.com.ar\/2021\/wp-json\/wp\/v2\/users\/3"}],"replies":[{"embeddable":true,"href":"https:\/\/www.noticiasradioreflejos.com.ar\/2021\/wp-json\/wp\/v2\/comments?post=79477"}],"version-history":[{"count":3,"href":"https:\/\/www.noticiasradioreflejos.com.ar\/2021\/wp-json\/wp\/v2\/posts\/79477\/revisions"}],"predecessor-version":[{"id":79496,"href":"https:\/\/www.noticiasradioreflejos.com.ar\/2021\/wp-json\/wp\/v2\/posts\/79477\/revisions\/79496"}],"wp:attachment":[{"href":"https:\/\/www.noticiasradioreflejos.com.ar\/2021\/wp-json\/wp\/v2\/media?parent=79477"}],"wp:term":[{"taxonomy":"category","embeddable":true,"href":"https:\/\/www.noticiasradioreflejos.com.ar\/2021\/wp-json\/wp\/v2\/categories?post=79477"},{"taxonomy":"post_tag","embeddable":true,"href":"https:\/\/www.noticiasradioreflejos.com.ar\/2021\/wp-json\/wp\/v2\/tags?post=79477"}],"curies":[{"name":"wp","href":"https:\/\/api.w.org\/{rel}","templated":true}]}}