{"id":79475,"date":"2022-10-28T02:04:07","date_gmt":"2022-10-28T02:04:07","guid":{"rendered":"http:\/\/www.noticiasradioreflejos.com.ar\/2021\/?p=79475"},"modified":"2022-10-28T02:04:07","modified_gmt":"2022-10-28T02:04:07","slug":"la-corte-suprema-sento-un-precedente-sobre-los-accidentes-laborales-con-personal-en-negro","status":"publish","type":"post","link":"https:\/\/www.noticiasradioreflejos.com.ar\/2021\/la-corte-suprema-sento-un-precedente-sobre-los-accidentes-laborales-con-personal-en-negro\/","title":{"rendered":"La Corte Suprema sent\u00f3 un precedente sobre los accidentes laborales con personal en negro"},"content":{"rendered":"<p>El Dr. Leandro Picardi explic\u00f3 que hace pocos d\u00edas el m\u00e1ximo tribunal argentino estableci\u00f3 una nueva doctrina, la cual podr\u00eda ser utilizada como recurso para las ART en este tipo de casos.<!--more--><\/p>\n<p>El Dr. Leandro Picardi explic\u00f3 los alcances de un fallo emitido por la Corte Suprema de la Naci\u00f3n, en donde una empresa multinacional deber\u00e1 responder por los da\u00f1os sufridos por un empleado no registrado, en contra mano de lo que ocurr\u00eda com\u00fanmente, en donde era la ART quien accionaba y luego intentaba llegar a un acuerdo con el empleador.<\/p>\n<p>Al respecto, el abogado explic\u00f3 que se trata de \u201cuna nueva doctrina que est\u00e1 abalado por el m\u00e1ximo tribunal argentina, que es la Corte Suprema. Hasta hace poco tiempo era indiscutible que cuando una persona no ten\u00eda empleo registrado, respond\u00eda de manera solidaria no solo el empleador que lo ten\u00eda en negro sino tambi\u00e9n la ART que el empleador se neg\u00f3 a darle\u201d.<\/p>\n<p>Siguiendo esa l\u00ednea mencion\u00f3 que \u201ccon un nuevo fallo, que deja desamparado al trabajador y es m\u00e1s para las aseguradoras que para el trabajador, lo que dispusieron b\u00e1sicamente es que quien debe pagar la indemnizaci\u00f3n por el accidente que sufra cualquier trabajador es el empleador y la ART no tiene ning\u00fan tipo de responsabilidad\u201d.<\/p>\n<p>De igual manera sostuvo que \u201cpor un lado es l\u00f3gico, ya que si el empleador no hab\u00eda registrado la relaci\u00f3n laboral, la ART no ten\u00eda conocimiento\u201d.<\/p>\n<p>Haciendo un poco de historia, Picardi cont\u00f3 que \u201chasta que sali\u00f3 este fallo lo que se creaba era una ficci\u00f3n jur\u00eddica, en donde el que abonaba la indemnizaci\u00f3n era la ART, y despu\u00e9s la ART en todo caso ten\u00eda derecho a cobrarle al empleador que no lo registr\u00f3. Con esto se buscaba que el accidentado tenga un resarcimiento, se le den todas las prestaciones necesarias, y que despu\u00e9s se arreglen entre la ART y el empleador\u201d.<\/p>\n<p>De all\u00ed que \u201ca partir de este fallo, que no es vinculante pero creo que sentar\u00e1 un precedente importante que usar\u00e1n las aseguradoras al momento de contestar las demandas, se deja de lado la ficci\u00f3n jur\u00eddica y queda claro que quien debe responder es solamente la empresa\u201d.<\/p>\n<p>Brindando m\u00e1s detalles, afirm\u00f3 que \u201cen este caso puntual, quien lo ten\u00eda en negro era Nestl\u00e9. Si fuese una empresa m\u00e1s chica, quiz\u00e1s no tiene dinero para cubrir la indemnizaci\u00f3n, y el trabajador o sus familiares se quedan sin ning\u00fan tipo de sueldo o prestaci\u00f3n dineraria. Hace ruido y va en contra de a\u00f1os de doctrina\u201d.<\/p>\n<p>Por \u00faltimo el abogado dej\u00f3 en claro que \u201clos tribunales no est\u00e1n obligados a seguir recedentes como ocurre en los Estados Unidos. All\u00e1 s\u00ed es fundamental. Ac\u00e1 no es as\u00ed. Ac\u00e1 cada juez puede tener su criterio. En Bah\u00eda Blanca el ambiente es chico, pero en el Conurbano o Capital hay varios tribunales de trabajo, y te puede tocar uno pro operario u otro pro empresa. De antemano podes intuir c\u00f3mo saldr\u00e1 el fallo\u201d.<\/p>\n<p><iframe loading=\"lazy\" src=\"https:\/\/w.soundcloud.com\/player\/?url=https%3A\/\/api.soundcloud.com\/tracks\/1371113365&amp;color=%23ff5500&amp;auto_play=false&amp;hide_related=false&amp;show_comments=true&amp;show_user=true&amp;show_reposts=false&amp;show_teaser=true\" width=\"100%\" height=\"166\" frameborder=\"no\" scrolling=\"no\"><\/iframe><\/p>\n<div style=\"font-size: 10px; color: #cccccc; line-break: anywhere; word-break: normal; overflow: hidden; white-space: nowrap; text-overflow: ellipsis; font-family: Interstate,Lucida Grande,Lucida Sans Unicode,Lucida Sans,Garuda,Verdana,Tahoma,sans-serif; font-weight: 100;\"><a style=\"color: #cccccc; text-decoration: none;\" title=\"fmreflejos 103.7\" href=\"https:\/\/soundcloud.com\/fmreflejos-103-7\" target=\"_blank\" rel=\"noopener\">fmreflejos 103.7<\/a> \u00b7 <a style=\"color: #cccccc; text-decoration: none;\" title=\"Leandro Picardi\" href=\"https:\/\/soundcloud.com\/fmreflejos-103-7\/leandro-picardi-987196603\" target=\"_blank\" rel=\"noopener\">Leandro Picardi<\/a><\/div>\n","protected":false},"excerpt":{"rendered":"<p>El Dr. Leandro Picardi explic\u00f3 que hace pocos d\u00edas el m\u00e1ximo tribunal argentino estableci\u00f3 una nueva doctrina, la cual podr\u00eda ser utilizada como recurso para las ART en este tipo de casos.<\/p>\n","protected":false},"author":3,"featured_media":11796,"comment_status":"closed","ping_status":"closed","sticky":false,"template":"","format":"standard","meta":{"footnotes":""},"categories":[57],"tags":[48],"class_list":["post-79475","post","type-post","status-publish","format-standard","has-post-thumbnail","hentry","category-judiciales","tag-destacada"],"yoast_head":"<!-- This site is optimized with the Yoast SEO plugin v25.9 - https:\/\/yoast.com\/wordpress\/plugins\/seo\/ -->\n<title>La Corte Suprema sent\u00f3 un precedente sobre los accidentes laborales con personal en negro - Noticias Radio Reflejos<\/title>\n<meta name=\"robots\" content=\"index, follow, max-snippet:-1, max-image-preview:large, max-video-preview:-1\" \/>\n<link rel=\"canonical\" href=\"https:\/\/www.noticiasradioreflejos.com.ar\/2021\/la-corte-suprema-sento-un-precedente-sobre-los-accidentes-laborales-con-personal-en-negro\/\" \/>\n<meta property=\"og:locale\" content=\"es_ES\" \/>\n<meta property=\"og:type\" content=\"article\" \/>\n<meta property=\"og:title\" content=\"La Corte Suprema sent\u00f3 un precedente sobre los accidentes laborales con personal en negro - Noticias Radio Reflejos\" \/>\n<meta property=\"og:description\" content=\"El Dr. Leandro Picardi explic\u00f3 que hace pocos d\u00edas el m\u00e1ximo tribunal argentino estableci\u00f3 una nueva doctrina, la cual podr\u00eda ser utilizada como recurso para las ART en este tipo de casos.\" \/>\n<meta property=\"og:url\" content=\"https:\/\/www.noticiasradioreflejos.com.ar\/2021\/la-corte-suprema-sento-un-precedente-sobre-los-accidentes-laborales-con-personal-en-negro\/\" \/>\n<meta property=\"og:site_name\" content=\"Noticias Radio Reflejos\" \/>\n<meta property=\"article:published_time\" content=\"2022-10-28T02:04:07+00:00\" \/>\n<meta property=\"og:image\" content=\"https:\/\/www.noticiasradioreflejos.com.ar\/2021\/wp-content\/uploads\/2017\/06\/justicia1_1000_750.jpg\" \/>\n\t<meta property=\"og:image:width\" content=\"750\" \/>\n\t<meta property=\"og:image:height\" content=\"500\" \/>\n\t<meta property=\"og:image:type\" content=\"image\/jpeg\" \/>\n<meta name=\"author\" content=\"Arnaldo Botto\" \/>\n<meta name=\"twitter:card\" content=\"summary_large_image\" \/>\n<script type=\"application\/ld+json\" class=\"yoast-schema-graph\">{\"@context\":\"https:\/\/schema.org\",\"@graph\":[{\"@type\":\"WebPage\",\"@id\":\"https:\/\/www.noticiasradioreflejos.com.ar\/2021\/la-corte-suprema-sento-un-precedente-sobre-los-accidentes-laborales-con-personal-en-negro\/\",\"url\":\"https:\/\/www.noticiasradioreflejos.com.ar\/2021\/la-corte-suprema-sento-un-precedente-sobre-los-accidentes-laborales-con-personal-en-negro\/\",\"name\":\"La Corte Suprema sent\u00f3 un precedente sobre los accidentes laborales con personal en negro - Noticias Radio Reflejos\",\"isPartOf\":{\"@id\":\"https:\/\/www.noticiasradioreflejos.com.ar\/2021\/#website\"},\"primaryImageOfPage\":{\"@id\":\"https:\/\/www.noticiasradioreflejos.com.ar\/2021\/la-corte-suprema-sento-un-precedente-sobre-los-accidentes-laborales-con-personal-en-negro\/#primaryimage\"},\"image\":{\"@id\":\"https:\/\/www.noticiasradioreflejos.com.ar\/2021\/la-corte-suprema-sento-un-precedente-sobre-los-accidentes-laborales-con-personal-en-negro\/#primaryimage\"},\"thumbnailUrl\":\"https:\/\/www.noticiasradioreflejos.com.ar\/2021\/wp-content\/uploads\/2017\/06\/justicia1_1000_750.jpg\",\"datePublished\":\"2022-10-28T02:04:07+00:00\",\"author\":{\"@id\":\"https:\/\/www.noticiasradioreflejos.com.ar\/2021\/#\/schema\/person\/ad82545263dcc5ec0996818884fd5fb1\"},\"breadcrumb\":{\"@id\":\"https:\/\/www.noticiasradioreflejos.com.ar\/2021\/la-corte-suprema-sento-un-precedente-sobre-los-accidentes-laborales-con-personal-en-negro\/#breadcrumb\"},\"inLanguage\":\"es\",\"potentialAction\":[{\"@type\":\"ReadAction\",\"target\":[\"https:\/\/www.noticiasradioreflejos.com.ar\/2021\/la-corte-suprema-sento-un-precedente-sobre-los-accidentes-laborales-con-personal-en-negro\/\"]}]},{\"@type\":\"ImageObject\",\"inLanguage\":\"es\",\"@id\":\"https:\/\/www.noticiasradioreflejos.com.ar\/2021\/la-corte-suprema-sento-un-precedente-sobre-los-accidentes-laborales-con-personal-en-negro\/#primaryimage\",\"url\":\"https:\/\/www.noticiasradioreflejos.com.ar\/2021\/wp-content\/uploads\/2017\/06\/justicia1_1000_750.jpg\",\"contentUrl\":\"https:\/\/www.noticiasradioreflejos.com.ar\/2021\/wp-content\/uploads\/2017\/06\/justicia1_1000_750.jpg\",\"width\":750,\"height\":500},{\"@type\":\"BreadcrumbList\",\"@id\":\"https:\/\/www.noticiasradioreflejos.com.ar\/2021\/la-corte-suprema-sento-un-precedente-sobre-los-accidentes-laborales-con-personal-en-negro\/#breadcrumb\",\"itemListElement\":[{\"@type\":\"ListItem\",\"position\":1,\"name\":\"Portada\",\"item\":\"https:\/\/www.noticiasradioreflejos.com.ar\/2021\/\"},{\"@type\":\"ListItem\",\"position\":2,\"name\":\"La Corte Suprema sent\u00f3 un precedente sobre los accidentes laborales con personal en negro\"}]},{\"@type\":\"WebSite\",\"@id\":\"https:\/\/www.noticiasradioreflejos.com.ar\/2021\/#website\",\"url\":\"https:\/\/www.noticiasradioreflejos.com.ar\/2021\/\",\"name\":\"Noticias Radio Reflejos\",\"description\":\"Las noticias de mi comarca\",\"potentialAction\":[{\"@type\":\"SearchAction\",\"target\":{\"@type\":\"EntryPoint\",\"urlTemplate\":\"https:\/\/www.noticiasradioreflejos.com.ar\/2021\/?s={search_term_string}\"},\"query-input\":{\"@type\":\"PropertyValueSpecification\",\"valueRequired\":true,\"valueName\":\"search_term_string\"}}],\"inLanguage\":\"es\"},{\"@type\":\"Person\",\"@id\":\"https:\/\/www.noticiasradioreflejos.com.ar\/2021\/#\/schema\/person\/ad82545263dcc5ec0996818884fd5fb1\",\"name\":\"Arnaldo Botto\",\"image\":{\"@type\":\"ImageObject\",\"inLanguage\":\"es\",\"@id\":\"https:\/\/www.noticiasradioreflejos.com.ar\/2021\/#\/schema\/person\/image\/\",\"url\":\"https:\/\/secure.gravatar.com\/avatar\/55cb5e37c1efa326397366e6974cb338056df65cb50e7d64d1cf314e87504837?s=96&d=mm&r=g\",\"contentUrl\":\"https:\/\/secure.gravatar.com\/avatar\/55cb5e37c1efa326397366e6974cb338056df65cb50e7d64d1cf314e87504837?s=96&d=mm&r=g\",\"caption\":\"Arnaldo Botto\"},\"url\":\"https:\/\/www.noticiasradioreflejos.com.ar\/2021\/author\/arnaldo\/\"}]}<\/script>\n<!-- \/ Yoast SEO plugin. -->","yoast_head_json":{"title":"La Corte Suprema sent\u00f3 un precedente sobre los accidentes laborales con personal en negro - Noticias Radio Reflejos","robots":{"index":"index","follow":"follow","max-snippet":"max-snippet:-1","max-image-preview":"max-image-preview:large","max-video-preview":"max-video-preview:-1"},"canonical":"https:\/\/www.noticiasradioreflejos.com.ar\/2021\/la-corte-suprema-sento-un-precedente-sobre-los-accidentes-laborales-con-personal-en-negro\/","og_locale":"es_ES","og_type":"article","og_title":"La Corte Suprema sent\u00f3 un precedente sobre los accidentes laborales con personal en negro - Noticias Radio Reflejos","og_description":"El Dr. Leandro Picardi explic\u00f3 que hace pocos d\u00edas el m\u00e1ximo tribunal argentino estableci\u00f3 una nueva doctrina, la cual podr\u00eda ser utilizada como recurso para las ART en este tipo de casos.","og_url":"https:\/\/www.noticiasradioreflejos.com.ar\/2021\/la-corte-suprema-sento-un-precedente-sobre-los-accidentes-laborales-con-personal-en-negro\/","og_site_name":"Noticias Radio Reflejos","article_published_time":"2022-10-28T02:04:07+00:00","og_image":[{"width":750,"height":500,"url":"https:\/\/www.noticiasradioreflejos.com.ar\/2021\/wp-content\/uploads\/2017\/06\/justicia1_1000_750.jpg","type":"image\/jpeg"}],"author":"Arnaldo Botto","twitter_card":"summary_large_image","schema":{"@context":"https:\/\/schema.org","@graph":[{"@type":"WebPage","@id":"https:\/\/www.noticiasradioreflejos.com.ar\/2021\/la-corte-suprema-sento-un-precedente-sobre-los-accidentes-laborales-con-personal-en-negro\/","url":"https:\/\/www.noticiasradioreflejos.com.ar\/2021\/la-corte-suprema-sento-un-precedente-sobre-los-accidentes-laborales-con-personal-en-negro\/","name":"La Corte Suprema sent\u00f3 un precedente sobre los accidentes laborales con personal en negro - Noticias Radio Reflejos","isPartOf":{"@id":"https:\/\/www.noticiasradioreflejos.com.ar\/2021\/#website"},"primaryImageOfPage":{"@id":"https:\/\/www.noticiasradioreflejos.com.ar\/2021\/la-corte-suprema-sento-un-precedente-sobre-los-accidentes-laborales-con-personal-en-negro\/#primaryimage"},"image":{"@id":"https:\/\/www.noticiasradioreflejos.com.ar\/2021\/la-corte-suprema-sento-un-precedente-sobre-los-accidentes-laborales-con-personal-en-negro\/#primaryimage"},"thumbnailUrl":"https:\/\/www.noticiasradioreflejos.com.ar\/2021\/wp-content\/uploads\/2017\/06\/justicia1_1000_750.jpg","datePublished":"2022-10-28T02:04:07+00:00","author":{"@id":"https:\/\/www.noticiasradioreflejos.com.ar\/2021\/#\/schema\/person\/ad82545263dcc5ec0996818884fd5fb1"},"breadcrumb":{"@id":"https:\/\/www.noticiasradioreflejos.com.ar\/2021\/la-corte-suprema-sento-un-precedente-sobre-los-accidentes-laborales-con-personal-en-negro\/#breadcrumb"},"inLanguage":"es","potentialAction":[{"@type":"ReadAction","target":["https:\/\/www.noticiasradioreflejos.com.ar\/2021\/la-corte-suprema-sento-un-precedente-sobre-los-accidentes-laborales-con-personal-en-negro\/"]}]},{"@type":"ImageObject","inLanguage":"es","@id":"https:\/\/www.noticiasradioreflejos.com.ar\/2021\/la-corte-suprema-sento-un-precedente-sobre-los-accidentes-laborales-con-personal-en-negro\/#primaryimage","url":"https:\/\/www.noticiasradioreflejos.com.ar\/2021\/wp-content\/uploads\/2017\/06\/justicia1_1000_750.jpg","contentUrl":"https:\/\/www.noticiasradioreflejos.com.ar\/2021\/wp-content\/uploads\/2017\/06\/justicia1_1000_750.jpg","width":750,"height":500},{"@type":"BreadcrumbList","@id":"https:\/\/www.noticiasradioreflejos.com.ar\/2021\/la-corte-suprema-sento-un-precedente-sobre-los-accidentes-laborales-con-personal-en-negro\/#breadcrumb","itemListElement":[{"@type":"ListItem","position":1,"name":"Portada","item":"https:\/\/www.noticiasradioreflejos.com.ar\/2021\/"},{"@type":"ListItem","position":2,"name":"La Corte Suprema sent\u00f3 un precedente sobre los accidentes laborales con personal en negro"}]},{"@type":"WebSite","@id":"https:\/\/www.noticiasradioreflejos.com.ar\/2021\/#website","url":"https:\/\/www.noticiasradioreflejos.com.ar\/2021\/","name":"Noticias Radio Reflejos","description":"Las noticias de mi comarca","potentialAction":[{"@type":"SearchAction","target":{"@type":"EntryPoint","urlTemplate":"https:\/\/www.noticiasradioreflejos.com.ar\/2021\/?s={search_term_string}"},"query-input":{"@type":"PropertyValueSpecification","valueRequired":true,"valueName":"search_term_string"}}],"inLanguage":"es"},{"@type":"Person","@id":"https:\/\/www.noticiasradioreflejos.com.ar\/2021\/#\/schema\/person\/ad82545263dcc5ec0996818884fd5fb1","name":"Arnaldo Botto","image":{"@type":"ImageObject","inLanguage":"es","@id":"https:\/\/www.noticiasradioreflejos.com.ar\/2021\/#\/schema\/person\/image\/","url":"https:\/\/secure.gravatar.com\/avatar\/55cb5e37c1efa326397366e6974cb338056df65cb50e7d64d1cf314e87504837?s=96&d=mm&r=g","contentUrl":"https:\/\/secure.gravatar.com\/avatar\/55cb5e37c1efa326397366e6974cb338056df65cb50e7d64d1cf314e87504837?s=96&d=mm&r=g","caption":"Arnaldo Botto"},"url":"https:\/\/www.noticiasradioreflejos.com.ar\/2021\/author\/arnaldo\/"}]}},"_links":{"self":[{"href":"https:\/\/www.noticiasradioreflejos.com.ar\/2021\/wp-json\/wp\/v2\/posts\/79475","targetHints":{"allow":["GET"]}}],"collection":[{"href":"https:\/\/www.noticiasradioreflejos.com.ar\/2021\/wp-json\/wp\/v2\/posts"}],"about":[{"href":"https:\/\/www.noticiasradioreflejos.com.ar\/2021\/wp-json\/wp\/v2\/types\/post"}],"author":[{"embeddable":true,"href":"https:\/\/www.noticiasradioreflejos.com.ar\/2021\/wp-json\/wp\/v2\/users\/3"}],"replies":[{"embeddable":true,"href":"https:\/\/www.noticiasradioreflejos.com.ar\/2021\/wp-json\/wp\/v2\/comments?post=79475"}],"version-history":[{"count":2,"href":"https:\/\/www.noticiasradioreflejos.com.ar\/2021\/wp-json\/wp\/v2\/posts\/79475\/revisions"}],"predecessor-version":[{"id":79497,"href":"https:\/\/www.noticiasradioreflejos.com.ar\/2021\/wp-json\/wp\/v2\/posts\/79475\/revisions\/79497"}],"wp:featuredmedia":[{"embeddable":true,"href":"https:\/\/www.noticiasradioreflejos.com.ar\/2021\/wp-json\/wp\/v2\/media\/11796"}],"wp:attachment":[{"href":"https:\/\/www.noticiasradioreflejos.com.ar\/2021\/wp-json\/wp\/v2\/media?parent=79475"}],"wp:term":[{"taxonomy":"category","embeddable":true,"href":"https:\/\/www.noticiasradioreflejos.com.ar\/2021\/wp-json\/wp\/v2\/categories?post=79475"},{"taxonomy":"post_tag","embeddable":true,"href":"https:\/\/www.noticiasradioreflejos.com.ar\/2021\/wp-json\/wp\/v2\/tags?post=79475"}],"curies":[{"name":"wp","href":"https:\/\/api.w.org\/{rel}","templated":true}]}}