{"id":79460,"date":"2022-10-27T12:15:25","date_gmt":"2022-10-27T12:15:25","guid":{"rendered":"http:\/\/www.noticiasradioreflejos.com.ar\/2021\/?p=79460"},"modified":"2022-10-27T12:15:25","modified_gmt":"2022-10-27T12:15:25","slug":"creditos-para-la-recuperacion-productiva-ya-se-entregaron-mas-de-2-100-millones-de-pesos","status":"publish","type":"post","link":"https:\/\/www.noticiasradioreflejos.com.ar\/2021\/creditos-para-la-recuperacion-productiva-ya-se-entregaron-mas-de-2-100-millones-de-pesos\/","title":{"rendered":"Cr\u00e9ditos para la Recuperaci\u00f3n Productiva: ya se entregaron m\u00e1s de 2.100 millones de pesos\u00a0"},"content":{"rendered":"<p dir=\"ltr\">Contin\u00faa abierta la l\u00ednea crediticia del Banco Provincia que fomenta la inversi\u00f3n y la producci\u00f3n e incluye bonificaci\u00f3n de tasas por parte de la cartera productiva bonaerense. <!--more--><\/p>\n<p dir=\"ltr\">El Ministerio de Producci\u00f3n, Ciencia e Innovaci\u00f3n Tecnol\u00f3gica bonaerense firm\u00f3 un convenio con el Banco Provincia que ampli\u00f3 a $7.500 millones de pesos la l\u00ednea de cr\u00e9ditos para inversi\u00f3n productiva. De esta forma, el Gobierno de la provincia de Buenos Aires consolida el perfil productivo de sus pol\u00edticas p\u00fablicas y contin\u00faa apoyando a las empresas que producen en la ampliaci\u00f3n de su capacidad, el agregado de valor y la generaci\u00f3n de empleo.<\/p>\n<p dir=\"ltr\">La l\u00ednea de Cr\u00e9ditos para la Recuperaci\u00f3n Productiva \u201cProvincia en Marcha\u201d, que permanece abierta, fue lanzada originalmente en 2021 y ya recibi\u00f3 y evalu\u00f3 540 proyectos de inversi\u00f3n de pymes bonaerenses en su primera edici\u00f3n. Los destinos de inversi\u00f3n fueron principalmente compra de maquinaria y equipo, adecuaciones y ampliaciones edilicias de plantas productivas y construcci\u00f3n de nuevas naves industriales. De ellos se otorgaron 188 cr\u00e9ditos por m\u00e1s de $5.800 millones. En esta nueva etapa, que se encuentra vigente hasta el 31 de marzo de 2023, se llevan recibidos m\u00e1s de 300 proyectos y ya se monetizaron 52 por $2.187 millones.<\/p>\n<p dir=\"ltr\">En esta nueva convocatoria se mantienen las principales caracter\u00edsticas de la l\u00ednea de pr\u00e9stamos y se agregan condiciones que, si las empresas cumplen, les permiten obtener m\u00e1s puntos de bonificaci\u00f3n. Se conservan los destinos posibles del pr\u00e9stamo (inversi\u00f3n productiva), el plazo de devoluci\u00f3n de hasta 60 meses y los 12 meses de gracia para el pago del capital. Por otro lado, se eleva el tope m\u00e1ximo del pr\u00e9stamo a $150 millones y se prev\u00e9n mayores bonificaciones de tasas para micro y peque\u00f1as empresas, brindando as\u00ed un apoyo adicional a dicho segmento para su crecimiento y consolidaci\u00f3n.<\/p>\n<p dir=\"ltr\">El programa cuenta con 3 l\u00edneas; L\u00ednea general, L\u00ednea Agrupamientos industriales y L\u00ednea Proyectos Sustentables. Para las dos primeras, la bonificaci\u00f3n de tasa m\u00ednima ser\u00e1 de 6 puntos porcentuales para empresas medianas y 8 puntos porcentuales para micro y peque\u00f1as. Y las empresas podr\u00e1n acumular puntos adicionales de bonificaci\u00f3n hasta un m\u00e1ximo de 12 puntos si son peque\u00f1as y 10 puntos si son empresas medianas.<\/p>\n<p dir=\"ltr\">Los puntos adicionales se obtienen cuando las empresas y los proyectos de inversi\u00f3n cumplen\u00a0 con determinados requisitos; por ejemplo, ser empresas exportadoras o tener proyectos de inversi\u00f3n realizados con bienes fabricados en la provincia de Buenos Aires (un punto adicional en cada caso), entre otros.<\/p>\n<p dir=\"ltr\">Adem\u00e1s, en pos de fortalecer la pol\u00edtica de g\u00e9nero se incorpor\u00f3 una bonificaci\u00f3n adicional para aquellas inversiones que contemplen la perspectiva de g\u00e9nero en el \u00e1mbito laboral, que permita crear las condiciones necesarias para incorporar a mujeres en las plantas de producci\u00f3n (por ejemplo, la adecuaci\u00f3n de vestuarios y ba\u00f1os), impulsar la corresponsabilidad de cuidado (guarder\u00edas) y contemplar la maternidad en el \u00e1mbito laboral (lactarios).<\/p>\n<p dir=\"ltr\">Por otro lado, se refuerza el compromiso de generar espacios seguros de trabajo, por lo que la l\u00ednea bonificar\u00e1 con un punto adicional aquellos proyectos que prevean realizar inversiones para mejorar las condiciones de salud, seguridad e higiene de las y los trabajadores.<\/p>\n<p dir=\"ltr\">Por \u00faltimo, la l\u00ednea de proyectos sustentables est\u00e1 destinada a mipymes que desarrollen un proyecto de inversi\u00f3n considerado sustentable y\/o de mejora ambiental y\/o con eficiencia energ\u00e9tica, en el marco de un plan de actividades integral. Esta l\u00ednea cuenta con la bonificaci\u00f3n m\u00e1xima seg\u00fan el tama\u00f1o de la empresa.<\/p>\n<p dir=\"ltr\">Con esta pol\u00edtica de financiamiento, la Provincia contin\u00faa apoyando al sector productivo y brindando herramientas para el fortalecimiento y crecimiento de la actividad.<\/p>\n<p dir=\"ltr\">\n<div dir=\"ltr\" align=\"left\">\n<table>\n<colgroup>\n<col width=\"567\" \/><\/colgroup>\n<tbody>\n<tr>\n<td>\n<p dir=\"ltr\"><img loading=\"lazy\" decoding=\"async\" class=\"CToWUd a6T\" tabindex=\"0\" src=\"https:\/\/lh4.googleusercontent.com\/N6KDjB8nvHWv9bfDSRGQIqTiBU56KmAcrt7thrigMBdu9_qIgTXt26ma-vzduttK2EURhaF15Y2MFWFsis_WFHgWuA2vbtGI_RnXPiIZVfY2M9dC71baA1tgL2cbavladjfrIMFotCqBm4JCYMxlveHwdhr3U5Bx-P4HYwcJgwuLzlO9qaNq8CgV2O-kKfVKkaud\" width=\"150\" height=\"150\" data-bit=\"iit\" \/><\/p>\n<p dir=\"ltr\">CARACTER\u00cdSTICAS:<\/p>\n<ul>\n<li dir=\"ltr\">\n<p dir=\"ltr\" role=\"presentation\">Monto: hasta $150 Millones por pyme<\/p>\n<\/li>\n<li dir=\"ltr\">\n<p dir=\"ltr\" role=\"presentation\">Tasa de inter\u00e9s: Aplica la tasa de la \u201cL\u00ednea de financiamiento para la inversi\u00f3n productiva de mipyme\u201d del B.C.R.A<\/p>\n<\/li>\n<li dir=\"ltr\">\n<p dir=\"ltr\" role=\"presentation\">Bonificaci\u00f3n: entre 6 y 12 puntos porcentuales a lo largo de la vida del cr\u00e9dito<\/p>\n<\/li>\n<li dir=\"ltr\">\n<p dir=\"ltr\" role=\"presentation\">Plazo: 60 meses<\/p>\n<\/li>\n<li dir=\"ltr\">\n<p dir=\"ltr\" role=\"presentation\">Per\u00edodo de gracia: 12 meses<\/p>\n<\/li>\n<li dir=\"ltr\">\n<p dir=\"ltr\" role=\"presentation\">Cupo de la l\u00ednea: $ 7.500 Millones<\/p>\n<\/li>\n<li dir=\"ltr\">\n<p dir=\"ltr\" role=\"presentation\">Vigencia: hasta 31-03-23<\/p>\n<\/li>\n<\/ul>\n<\/td>\n<\/tr>\n<\/tbody>\n<\/table>\n<\/div>\n<p>&nbsp;<\/p>\n<div dir=\"ltr\" align=\"left\">\n<table>\n<colgroup>\n<col width=\"567\" \/><\/colgroup>\n<tbody>\n<tr>\n<td>\n<p dir=\"ltr\"><img loading=\"lazy\" decoding=\"async\" class=\"CToWUd\" src=\"https:\/\/lh4.googleusercontent.com\/N6KDjB8nvHWv9bfDSRGQIqTiBU56KmAcrt7thrigMBdu9_qIgTXt26ma-vzduttK2EURhaF15Y2MFWFsis_WFHgWuA2vbtGI_RnXPiIZVfY2M9dC71baA1tgL2cbavladjfrIMFotCqBm4JCYMxlveHwdhr3U5Bx-P4HYwcJgwuLzlO9qaNq8CgV2O-kKfVKkaud\" width=\"143\" height=\"143\" data-bit=\"iit\" \/><\/p>\n<p dir=\"ltr\">ESQUEMA DE BONIFICACI\u00d3N<\/p>\n<p dir=\"ltr\">1. L\u00ednea General: bonificaci\u00f3n base de 8 ppt para micro y peque\u00f1as y 6 ppt para medianas<\/p>\n<p dir=\"ltr\">2. L\u00ednea Agrupamientos Industriales: bonificaci\u00f3n base de 10 ppt para micro y peque\u00f1as y 8 ppt para medianas<\/p>\n<p dir=\"ltr\">En ambas l\u00edneas aplicar\u00e1n los siguientes PUNTOS ADICIONALES:<\/p>\n<ul>\n<li dir=\"ltr\">\n<p dir=\"ltr\" role=\"presentation\">bienes fabricados en la provincia de Buenos Aires.<\/p>\n<\/li>\n<li dir=\"ltr\">\n<p dir=\"ltr\" role=\"presentation\">empresa exportadora<\/p>\n<\/li>\n<li dir=\"ltr\">\n<p dir=\"ltr\" role=\"presentation\">inversiones con perspectiva de g\u00e9nero<\/p>\n<\/li>\n<li dir=\"ltr\">\n<p dir=\"ltr\" role=\"presentation\">Galp\u00f3n (s\u00f3lo para sector industrial).<\/p>\n<\/li>\n<li dir=\"ltr\">\n<p dir=\"ltr\" role=\"presentation\">Salud, seguridad e higiene de las trabajadoras\/es.<\/p>\n<\/li>\n<\/ul>\n<p dir=\"ltr\">L\u00edmite de bonificaci\u00f3n: 12 ppt para micro y peque\u00f1as, 10 ppt para medianas.<\/p>\n<p dir=\"ltr\">L\u00ednea Proyectos Sustentables: 12 ppt para micro y peque\u00f1as y 10 ppt para medianas<\/p>\n<\/td>\n<\/tr>\n<\/tbody>\n<\/table>\n<\/div>\n<p>&nbsp;<\/p>\n","protected":false},"excerpt":{"rendered":"<p>Contin\u00faa abierta la l\u00ednea crediticia del Banco Provincia que fomenta la inversi\u00f3n y la producci\u00f3n e incluye bonificaci\u00f3n de tasas por parte de la cartera productiva bonaerense.<\/p>\n","protected":false},"author":3,"featured_media":0,"comment_status":"closed","ping_status":"closed","sticky":false,"template":"","format":"standard","meta":{"footnotes":""},"categories":[36,58],"tags":[],"class_list":["post-79460","post","type-post","status-publish","format-standard","hentry","category-economia","category-gobierno"],"yoast_head":"<!-- This site is optimized with the Yoast SEO plugin v25.9 - https:\/\/yoast.com\/wordpress\/plugins\/seo\/ -->\n<title>Cr\u00e9ditos para la Recuperaci\u00f3n Productiva: ya se entregaron m\u00e1s de 2.100 millones de pesos\u00a0 - Noticias Radio Reflejos<\/title>\n<meta name=\"robots\" content=\"index, follow, max-snippet:-1, max-image-preview:large, max-video-preview:-1\" \/>\n<link rel=\"canonical\" href=\"https:\/\/www.noticiasradioreflejos.com.ar\/2021\/creditos-para-la-recuperacion-productiva-ya-se-entregaron-mas-de-2-100-millones-de-pesos\/\" \/>\n<meta property=\"og:locale\" content=\"es_ES\" \/>\n<meta property=\"og:type\" content=\"article\" \/>\n<meta property=\"og:title\" content=\"Cr\u00e9ditos para la Recuperaci\u00f3n Productiva: ya se entregaron m\u00e1s de 2.100 millones de pesos\u00a0 - Noticias Radio Reflejos\" \/>\n<meta property=\"og:description\" content=\"Contin\u00faa abierta la l\u00ednea crediticia del Banco Provincia que fomenta la inversi\u00f3n y la producci\u00f3n e incluye bonificaci\u00f3n de tasas por parte de la cartera productiva bonaerense.\" \/>\n<meta property=\"og:url\" content=\"https:\/\/www.noticiasradioreflejos.com.ar\/2021\/creditos-para-la-recuperacion-productiva-ya-se-entregaron-mas-de-2-100-millones-de-pesos\/\" \/>\n<meta property=\"og:site_name\" content=\"Noticias Radio Reflejos\" \/>\n<meta property=\"article:published_time\" content=\"2022-10-27T12:15:25+00:00\" \/>\n<meta property=\"og:image\" content=\"https:\/\/lh4.googleusercontent.com\/N6KDjB8nvHWv9bfDSRGQIqTiBU56KmAcrt7thrigMBdu9_qIgTXt26ma-vzduttK2EURhaF15Y2MFWFsis_WFHgWuA2vbtGI_RnXPiIZVfY2M9dC71baA1tgL2cbavladjfrIMFotCqBm4JCYMxlveHwdhr3U5Bx-P4HYwcJgwuLzlO9qaNq8CgV2O-kKfVKkaud\" \/>\n<meta name=\"author\" content=\"Arnaldo Botto\" \/>\n<meta name=\"twitter:card\" content=\"summary_large_image\" \/>\n<script type=\"application\/ld+json\" class=\"yoast-schema-graph\">{\"@context\":\"https:\/\/schema.org\",\"@graph\":[{\"@type\":\"WebPage\",\"@id\":\"https:\/\/www.noticiasradioreflejos.com.ar\/2021\/creditos-para-la-recuperacion-productiva-ya-se-entregaron-mas-de-2-100-millones-de-pesos\/\",\"url\":\"https:\/\/www.noticiasradioreflejos.com.ar\/2021\/creditos-para-la-recuperacion-productiva-ya-se-entregaron-mas-de-2-100-millones-de-pesos\/\",\"name\":\"Cr\u00e9ditos para la Recuperaci\u00f3n Productiva: ya se entregaron m\u00e1s de 2.100 millones de pesos\u00a0 - Noticias Radio Reflejos\",\"isPartOf\":{\"@id\":\"https:\/\/www.noticiasradioreflejos.com.ar\/2021\/#website\"},\"primaryImageOfPage\":{\"@id\":\"https:\/\/www.noticiasradioreflejos.com.ar\/2021\/creditos-para-la-recuperacion-productiva-ya-se-entregaron-mas-de-2-100-millones-de-pesos\/#primaryimage\"},\"image\":{\"@id\":\"https:\/\/www.noticiasradioreflejos.com.ar\/2021\/creditos-para-la-recuperacion-productiva-ya-se-entregaron-mas-de-2-100-millones-de-pesos\/#primaryimage\"},\"thumbnailUrl\":\"https:\/\/lh4.googleusercontent.com\/N6KDjB8nvHWv9bfDSRGQIqTiBU56KmAcrt7thrigMBdu9_qIgTXt26ma-vzduttK2EURhaF15Y2MFWFsis_WFHgWuA2vbtGI_RnXPiIZVfY2M9dC71baA1tgL2cbavladjfrIMFotCqBm4JCYMxlveHwdhr3U5Bx-P4HYwcJgwuLzlO9qaNq8CgV2O-kKfVKkaud\",\"datePublished\":\"2022-10-27T12:15:25+00:00\",\"author\":{\"@id\":\"https:\/\/www.noticiasradioreflejos.com.ar\/2021\/#\/schema\/person\/ad82545263dcc5ec0996818884fd5fb1\"},\"breadcrumb\":{\"@id\":\"https:\/\/www.noticiasradioreflejos.com.ar\/2021\/creditos-para-la-recuperacion-productiva-ya-se-entregaron-mas-de-2-100-millones-de-pesos\/#breadcrumb\"},\"inLanguage\":\"es\",\"potentialAction\":[{\"@type\":\"ReadAction\",\"target\":[\"https:\/\/www.noticiasradioreflejos.com.ar\/2021\/creditos-para-la-recuperacion-productiva-ya-se-entregaron-mas-de-2-100-millones-de-pesos\/\"]}]},{\"@type\":\"ImageObject\",\"inLanguage\":\"es\",\"@id\":\"https:\/\/www.noticiasradioreflejos.com.ar\/2021\/creditos-para-la-recuperacion-productiva-ya-se-entregaron-mas-de-2-100-millones-de-pesos\/#primaryimage\",\"url\":\"https:\/\/lh4.googleusercontent.com\/N6KDjB8nvHWv9bfDSRGQIqTiBU56KmAcrt7thrigMBdu9_qIgTXt26ma-vzduttK2EURhaF15Y2MFWFsis_WFHgWuA2vbtGI_RnXPiIZVfY2M9dC71baA1tgL2cbavladjfrIMFotCqBm4JCYMxlveHwdhr3U5Bx-P4HYwcJgwuLzlO9qaNq8CgV2O-kKfVKkaud\",\"contentUrl\":\"https:\/\/lh4.googleusercontent.com\/N6KDjB8nvHWv9bfDSRGQIqTiBU56KmAcrt7thrigMBdu9_qIgTXt26ma-vzduttK2EURhaF15Y2MFWFsis_WFHgWuA2vbtGI_RnXPiIZVfY2M9dC71baA1tgL2cbavladjfrIMFotCqBm4JCYMxlveHwdhr3U5Bx-P4HYwcJgwuLzlO9qaNq8CgV2O-kKfVKkaud\"},{\"@type\":\"BreadcrumbList\",\"@id\":\"https:\/\/www.noticiasradioreflejos.com.ar\/2021\/creditos-para-la-recuperacion-productiva-ya-se-entregaron-mas-de-2-100-millones-de-pesos\/#breadcrumb\",\"itemListElement\":[{\"@type\":\"ListItem\",\"position\":1,\"name\":\"Portada\",\"item\":\"https:\/\/www.noticiasradioreflejos.com.ar\/2021\/\"},{\"@type\":\"ListItem\",\"position\":2,\"name\":\"Cr\u00e9ditos para la Recuperaci\u00f3n Productiva: ya se entregaron m\u00e1s de 2.100 millones de pesos\u00a0\"}]},{\"@type\":\"WebSite\",\"@id\":\"https:\/\/www.noticiasradioreflejos.com.ar\/2021\/#website\",\"url\":\"https:\/\/www.noticiasradioreflejos.com.ar\/2021\/\",\"name\":\"Noticias Radio Reflejos\",\"description\":\"Las noticias de mi comarca\",\"potentialAction\":[{\"@type\":\"SearchAction\",\"target\":{\"@type\":\"EntryPoint\",\"urlTemplate\":\"https:\/\/www.noticiasradioreflejos.com.ar\/2021\/?s={search_term_string}\"},\"query-input\":{\"@type\":\"PropertyValueSpecification\",\"valueRequired\":true,\"valueName\":\"search_term_string\"}}],\"inLanguage\":\"es\"},{\"@type\":\"Person\",\"@id\":\"https:\/\/www.noticiasradioreflejos.com.ar\/2021\/#\/schema\/person\/ad82545263dcc5ec0996818884fd5fb1\",\"name\":\"Arnaldo Botto\",\"image\":{\"@type\":\"ImageObject\",\"inLanguage\":\"es\",\"@id\":\"https:\/\/www.noticiasradioreflejos.com.ar\/2021\/#\/schema\/person\/image\/\",\"url\":\"https:\/\/secure.gravatar.com\/avatar\/55cb5e37c1efa326397366e6974cb338056df65cb50e7d64d1cf314e87504837?s=96&d=mm&r=g\",\"contentUrl\":\"https:\/\/secure.gravatar.com\/avatar\/55cb5e37c1efa326397366e6974cb338056df65cb50e7d64d1cf314e87504837?s=96&d=mm&r=g\",\"caption\":\"Arnaldo Botto\"},\"url\":\"https:\/\/www.noticiasradioreflejos.com.ar\/2021\/author\/arnaldo\/\"}]}<\/script>\n<!-- \/ Yoast SEO plugin. -->","yoast_head_json":{"title":"Cr\u00e9ditos para la Recuperaci\u00f3n Productiva: ya se entregaron m\u00e1s de 2.100 millones de pesos\u00a0 - Noticias Radio Reflejos","robots":{"index":"index","follow":"follow","max-snippet":"max-snippet:-1","max-image-preview":"max-image-preview:large","max-video-preview":"max-video-preview:-1"},"canonical":"https:\/\/www.noticiasradioreflejos.com.ar\/2021\/creditos-para-la-recuperacion-productiva-ya-se-entregaron-mas-de-2-100-millones-de-pesos\/","og_locale":"es_ES","og_type":"article","og_title":"Cr\u00e9ditos para la Recuperaci\u00f3n Productiva: ya se entregaron m\u00e1s de 2.100 millones de pesos\u00a0 - Noticias Radio Reflejos","og_description":"Contin\u00faa abierta la l\u00ednea crediticia del Banco Provincia que fomenta la inversi\u00f3n y la producci\u00f3n e incluye bonificaci\u00f3n de tasas por parte de la cartera productiva bonaerense.","og_url":"https:\/\/www.noticiasradioreflejos.com.ar\/2021\/creditos-para-la-recuperacion-productiva-ya-se-entregaron-mas-de-2-100-millones-de-pesos\/","og_site_name":"Noticias Radio Reflejos","article_published_time":"2022-10-27T12:15:25+00:00","og_image":[{"url":"https:\/\/lh4.googleusercontent.com\/N6KDjB8nvHWv9bfDSRGQIqTiBU56KmAcrt7thrigMBdu9_qIgTXt26ma-vzduttK2EURhaF15Y2MFWFsis_WFHgWuA2vbtGI_RnXPiIZVfY2M9dC71baA1tgL2cbavladjfrIMFotCqBm4JCYMxlveHwdhr3U5Bx-P4HYwcJgwuLzlO9qaNq8CgV2O-kKfVKkaud","type":"","width":"","height":""}],"author":"Arnaldo Botto","twitter_card":"summary_large_image","schema":{"@context":"https:\/\/schema.org","@graph":[{"@type":"WebPage","@id":"https:\/\/www.noticiasradioreflejos.com.ar\/2021\/creditos-para-la-recuperacion-productiva-ya-se-entregaron-mas-de-2-100-millones-de-pesos\/","url":"https:\/\/www.noticiasradioreflejos.com.ar\/2021\/creditos-para-la-recuperacion-productiva-ya-se-entregaron-mas-de-2-100-millones-de-pesos\/","name":"Cr\u00e9ditos para la Recuperaci\u00f3n Productiva: ya se entregaron m\u00e1s de 2.100 millones de pesos\u00a0 - Noticias Radio Reflejos","isPartOf":{"@id":"https:\/\/www.noticiasradioreflejos.com.ar\/2021\/#website"},"primaryImageOfPage":{"@id":"https:\/\/www.noticiasradioreflejos.com.ar\/2021\/creditos-para-la-recuperacion-productiva-ya-se-entregaron-mas-de-2-100-millones-de-pesos\/#primaryimage"},"image":{"@id":"https:\/\/www.noticiasradioreflejos.com.ar\/2021\/creditos-para-la-recuperacion-productiva-ya-se-entregaron-mas-de-2-100-millones-de-pesos\/#primaryimage"},"thumbnailUrl":"https:\/\/lh4.googleusercontent.com\/N6KDjB8nvHWv9bfDSRGQIqTiBU56KmAcrt7thrigMBdu9_qIgTXt26ma-vzduttK2EURhaF15Y2MFWFsis_WFHgWuA2vbtGI_RnXPiIZVfY2M9dC71baA1tgL2cbavladjfrIMFotCqBm4JCYMxlveHwdhr3U5Bx-P4HYwcJgwuLzlO9qaNq8CgV2O-kKfVKkaud","datePublished":"2022-10-27T12:15:25+00:00","author":{"@id":"https:\/\/www.noticiasradioreflejos.com.ar\/2021\/#\/schema\/person\/ad82545263dcc5ec0996818884fd5fb1"},"breadcrumb":{"@id":"https:\/\/www.noticiasradioreflejos.com.ar\/2021\/creditos-para-la-recuperacion-productiva-ya-se-entregaron-mas-de-2-100-millones-de-pesos\/#breadcrumb"},"inLanguage":"es","potentialAction":[{"@type":"ReadAction","target":["https:\/\/www.noticiasradioreflejos.com.ar\/2021\/creditos-para-la-recuperacion-productiva-ya-se-entregaron-mas-de-2-100-millones-de-pesos\/"]}]},{"@type":"ImageObject","inLanguage":"es","@id":"https:\/\/www.noticiasradioreflejos.com.ar\/2021\/creditos-para-la-recuperacion-productiva-ya-se-entregaron-mas-de-2-100-millones-de-pesos\/#primaryimage","url":"https:\/\/lh4.googleusercontent.com\/N6KDjB8nvHWv9bfDSRGQIqTiBU56KmAcrt7thrigMBdu9_qIgTXt26ma-vzduttK2EURhaF15Y2MFWFsis_WFHgWuA2vbtGI_RnXPiIZVfY2M9dC71baA1tgL2cbavladjfrIMFotCqBm4JCYMxlveHwdhr3U5Bx-P4HYwcJgwuLzlO9qaNq8CgV2O-kKfVKkaud","contentUrl":"https:\/\/lh4.googleusercontent.com\/N6KDjB8nvHWv9bfDSRGQIqTiBU56KmAcrt7thrigMBdu9_qIgTXt26ma-vzduttK2EURhaF15Y2MFWFsis_WFHgWuA2vbtGI_RnXPiIZVfY2M9dC71baA1tgL2cbavladjfrIMFotCqBm4JCYMxlveHwdhr3U5Bx-P4HYwcJgwuLzlO9qaNq8CgV2O-kKfVKkaud"},{"@type":"BreadcrumbList","@id":"https:\/\/www.noticiasradioreflejos.com.ar\/2021\/creditos-para-la-recuperacion-productiva-ya-se-entregaron-mas-de-2-100-millones-de-pesos\/#breadcrumb","itemListElement":[{"@type":"ListItem","position":1,"name":"Portada","item":"https:\/\/www.noticiasradioreflejos.com.ar\/2021\/"},{"@type":"ListItem","position":2,"name":"Cr\u00e9ditos para la Recuperaci\u00f3n Productiva: ya se entregaron m\u00e1s de 2.100 millones de pesos\u00a0"}]},{"@type":"WebSite","@id":"https:\/\/www.noticiasradioreflejos.com.ar\/2021\/#website","url":"https:\/\/www.noticiasradioreflejos.com.ar\/2021\/","name":"Noticias Radio Reflejos","description":"Las noticias de mi comarca","potentialAction":[{"@type":"SearchAction","target":{"@type":"EntryPoint","urlTemplate":"https:\/\/www.noticiasradioreflejos.com.ar\/2021\/?s={search_term_string}"},"query-input":{"@type":"PropertyValueSpecification","valueRequired":true,"valueName":"search_term_string"}}],"inLanguage":"es"},{"@type":"Person","@id":"https:\/\/www.noticiasradioreflejos.com.ar\/2021\/#\/schema\/person\/ad82545263dcc5ec0996818884fd5fb1","name":"Arnaldo Botto","image":{"@type":"ImageObject","inLanguage":"es","@id":"https:\/\/www.noticiasradioreflejos.com.ar\/2021\/#\/schema\/person\/image\/","url":"https:\/\/secure.gravatar.com\/avatar\/55cb5e37c1efa326397366e6974cb338056df65cb50e7d64d1cf314e87504837?s=96&d=mm&r=g","contentUrl":"https:\/\/secure.gravatar.com\/avatar\/55cb5e37c1efa326397366e6974cb338056df65cb50e7d64d1cf314e87504837?s=96&d=mm&r=g","caption":"Arnaldo Botto"},"url":"https:\/\/www.noticiasradioreflejos.com.ar\/2021\/author\/arnaldo\/"}]}},"_links":{"self":[{"href":"https:\/\/www.noticiasradioreflejos.com.ar\/2021\/wp-json\/wp\/v2\/posts\/79460","targetHints":{"allow":["GET"]}}],"collection":[{"href":"https:\/\/www.noticiasradioreflejos.com.ar\/2021\/wp-json\/wp\/v2\/posts"}],"about":[{"href":"https:\/\/www.noticiasradioreflejos.com.ar\/2021\/wp-json\/wp\/v2\/types\/post"}],"author":[{"embeddable":true,"href":"https:\/\/www.noticiasradioreflejos.com.ar\/2021\/wp-json\/wp\/v2\/users\/3"}],"replies":[{"embeddable":true,"href":"https:\/\/www.noticiasradioreflejos.com.ar\/2021\/wp-json\/wp\/v2\/comments?post=79460"}],"version-history":[{"count":1,"href":"https:\/\/www.noticiasradioreflejos.com.ar\/2021\/wp-json\/wp\/v2\/posts\/79460\/revisions"}],"predecessor-version":[{"id":79461,"href":"https:\/\/www.noticiasradioreflejos.com.ar\/2021\/wp-json\/wp\/v2\/posts\/79460\/revisions\/79461"}],"wp:attachment":[{"href":"https:\/\/www.noticiasradioreflejos.com.ar\/2021\/wp-json\/wp\/v2\/media?parent=79460"}],"wp:term":[{"taxonomy":"category","embeddable":true,"href":"https:\/\/www.noticiasradioreflejos.com.ar\/2021\/wp-json\/wp\/v2\/categories?post=79460"},{"taxonomy":"post_tag","embeddable":true,"href":"https:\/\/www.noticiasradioreflejos.com.ar\/2021\/wp-json\/wp\/v2\/tags?post=79460"}],"curies":[{"name":"wp","href":"https:\/\/api.w.org\/{rel}","templated":true}]}}