{"id":79457,"date":"2022-10-27T12:09:00","date_gmt":"2022-10-27T12:09:00","guid":{"rendered":"http:\/\/www.noticiasradioreflejos.com.ar\/2021\/?p=79457"},"modified":"2022-10-27T12:09:00","modified_gmt":"2022-10-27T12:09:00","slug":"lager-day-2022-llega-la-2-edicion-del-dia-de-la-cerveza-artesanal-de-la-argentina","status":"publish","type":"post","link":"https:\/\/www.noticiasradioreflejos.com.ar\/2021\/lager-day-2022-llega-la-2-edicion-del-dia-de-la-cerveza-artesanal-de-la-argentina\/","title":{"rendered":"Lager day 2022: llega la 2\u00b0 edici\u00f3n del d\u00eda de la cerveza artesanal de la Argentina"},"content":{"rendered":"<p>El primer jueves del mes de noviembre se celebra el Lager Day en Argentina. Productores argentinos de cerveza artesanal se unen nuevamente para impulsar el mercado local.<!--more--><br \/>\nEl pr\u00f3ximo jueves 3 de noviembre se celebra por segundo a\u00f1o consecutivo, el <strong>Lager Day<\/strong>; el d\u00eda en donde las marcas de\u00a0<strong>cerveza artesanal<\/strong>\u00a0m\u00e1s importantes del pa\u00eds se unen para ofrecer en sus locales diferentes propuestas para degustar las mejores pintas con Happy Hours extendidos y distintas promociones para disfrutar de los m\u00e1s de 30 tipos de lagers distintas que los productores argentinos ofrecen:\u00a0<strong>Mexican Lager, Pilsen, Bock, Festbier, IPLs y Amber Lager, entre otros estilos.<\/strong><\/p>\n<p>El\u00a0<strong>Lager Day<\/strong>\u00a0es una iniciativa que se\u00a0<strong>celebra el primer jueves del mes de noviembre<\/strong>, creada por los productores m\u00e1s importantes del sector y pensada para que los amantes de las lagers tengan la excusa perfecta para disfrutar de diferentes estilos de pintas.Todos los bares, cervecer\u00edas, tiendas, vinotecas y comercios afines pueden ser parte de este d\u00eda, completando un formulario a trav\u00e9s de la web oficial https:\/\/lagerday.com.ar\/#participar y as\u00ed impulsar el mercado local de cerveza artesanal y apoyar el negocio de las pymes del sector. Durante ese d\u00eda todas aquellas personas que quieran disfrutar de lagers pueden hacerlo acerc\u00e1ndose a los ya m\u00e1s de 100 locales de cerveza artesanal de Capital y Gran Buenos Aires adheridas al festejo y disfrutar de sabores y estilos diferentes, con promociones y descuentos especiales.\u00a0<strong>Para conocer los locales adheridos se puede visitar la p\u00e1gina de\u00a0<\/strong><strong>www.lagerday.com.ar<\/strong><strong>\u00a0y consultar el mapa interactivo hecho para esta fecha cervecera.<\/strong><\/p>\n<h2><strong>Datos del sector<\/strong><\/h2>\n<p>En los \u00faltimos a\u00f1os la bebida alcoh\u00f3lica artesanal comenz\u00f3 a ganar lugar en las mesas y reuniones de los argentinos, y entre ellas la cerveza gan\u00f3 un gran protagonismo. En el pa\u00eds el 3% de la cerveza que se consume es artesanal. Y lo que caracteriza al mercado artesanal es que es el sector que m\u00e1s variedad de Lagers produce &#8211;\u00a0<em>Pilsen, Doppelbock, IPL, Cold IPA, Festbie<\/em>r- si se compara con las industriales.<\/p>\n<p>Seg\u00fan la C\u00e1mara Argentina de Productores de Cerveza Artesanal, el rubro creci\u00f3 alrededor del 40%, con m\u00e1s de 1.500 productores en todo el pa\u00eds.\u00a0<em>\u201cA nivel internacional el consumo de la cerveza artesanal llega al 14%, lo que nos muestra que tenemos un largo camino por recorrer y que es a\u00fan posible seguir creciendo a nivel nacional\u201d,\u00a0<\/em>comenta\u00a0<strong>Jos\u00e9 Bini, uno de los creadores del Lager Day y Brew Master de Bierhaus.\u00a0<\/strong>\u201c<em>Iniciativas como el Lager Day tienen como fin justamente colaborar con este crecimiento y hacer que el mercado<\/em>\u00a0se consolide y sea generador de m\u00e1s trabajo y consumo.\u00a0<em>Ojal\u00e1 surjan m\u00e1s propuestas de este tipo para seguir apoyando al sector y con las que seguramente todos los que somos parte nos sumaremos<\/em>\u201d, agrega<\/p>\n<p>En el primer Lager Day se logr\u00f3 convocar a m\u00e1s de 125 bares y cervecer\u00edas de todo el pa\u00eds: Mendoza, C\u00f3rdoba, Buenos Aires, Salta, Santa Fe, Misiones, Tierra del Fuego, Chubut, R\u00edo Negro, Neuqu\u00e9n, San Juan, Entre R\u00edos. \u201c<em>En esta segunda edici\u00f3n esperamos seguir sumando a m\u00e1s productores, bares y cervecer\u00edas para poder llegar a m\u00e1s gente y m\u00e1s lugares de todo el pa\u00eds\u201d,\u00a0<\/em>comenta\u00a0<strong>Bini.<\/strong><\/p>\n<p>&nbsp;<\/p>\n<p><em><strong>Fuente Ambito<\/strong><\/em><\/p>\n","protected":false},"excerpt":{"rendered":"<p>El primer jueves del mes de noviembre se celebra el Lager Day en Argentina. Productores argentinos de cerveza artesanal se unen nuevamente para impulsar el mercado local.<\/p>\n","protected":false},"author":3,"featured_media":79458,"comment_status":"closed","ping_status":"closed","sticky":false,"template":"","format":"standard","meta":{"footnotes":""},"categories":[35,26,33],"tags":[],"class_list":["post-79457","post","type-post","status-publish","format-standard","has-post-thumbnail","hentry","category-cultura","category-sociedad","category-turismo"],"yoast_head":"<!-- This site is optimized with the Yoast SEO plugin v25.9 - https:\/\/yoast.com\/wordpress\/plugins\/seo\/ -->\n<title>Lager day 2022: llega la 2\u00b0 edici\u00f3n del d\u00eda de la cerveza artesanal de la Argentina - Noticias Radio Reflejos<\/title>\n<meta name=\"robots\" content=\"index, follow, max-snippet:-1, max-image-preview:large, max-video-preview:-1\" \/>\n<link rel=\"canonical\" href=\"https:\/\/www.noticiasradioreflejos.com.ar\/2021\/lager-day-2022-llega-la-2-edicion-del-dia-de-la-cerveza-artesanal-de-la-argentina\/\" \/>\n<meta property=\"og:locale\" content=\"es_ES\" \/>\n<meta property=\"og:type\" content=\"article\" \/>\n<meta property=\"og:title\" content=\"Lager day 2022: llega la 2\u00b0 edici\u00f3n del d\u00eda de la cerveza artesanal de la Argentina - Noticias Radio Reflejos\" \/>\n<meta property=\"og:description\" content=\"El primer jueves del mes de noviembre se celebra el Lager Day en Argentina. Productores argentinos de cerveza artesanal se unen nuevamente para impulsar el mercado local.\" \/>\n<meta property=\"og:url\" content=\"https:\/\/www.noticiasradioreflejos.com.ar\/2021\/lager-day-2022-llega-la-2-edicion-del-dia-de-la-cerveza-artesanal-de-la-argentina\/\" \/>\n<meta property=\"og:site_name\" content=\"Noticias Radio Reflejos\" \/>\n<meta property=\"article:published_time\" content=\"2022-10-27T12:09:00+00:00\" \/>\n<meta property=\"og:image\" content=\"https:\/\/www.noticiasradioreflejos.com.ar\/2021\/wp-content\/uploads\/2022\/10\/cerveza-Surena.jpg\" \/>\n\t<meta property=\"og:image:width\" content=\"960\" \/>\n\t<meta property=\"og:image:height\" content=\"540\" \/>\n\t<meta property=\"og:image:type\" content=\"image\/jpeg\" \/>\n<meta name=\"author\" content=\"Arnaldo Botto\" \/>\n<meta name=\"twitter:card\" content=\"summary_large_image\" \/>\n<script type=\"application\/ld+json\" class=\"yoast-schema-graph\">{\"@context\":\"https:\/\/schema.org\",\"@graph\":[{\"@type\":\"WebPage\",\"@id\":\"https:\/\/www.noticiasradioreflejos.com.ar\/2021\/lager-day-2022-llega-la-2-edicion-del-dia-de-la-cerveza-artesanal-de-la-argentina\/\",\"url\":\"https:\/\/www.noticiasradioreflejos.com.ar\/2021\/lager-day-2022-llega-la-2-edicion-del-dia-de-la-cerveza-artesanal-de-la-argentina\/\",\"name\":\"Lager day 2022: llega la 2\u00b0 edici\u00f3n del d\u00eda de la cerveza artesanal de la Argentina - Noticias Radio Reflejos\",\"isPartOf\":{\"@id\":\"https:\/\/www.noticiasradioreflejos.com.ar\/2021\/#website\"},\"primaryImageOfPage\":{\"@id\":\"https:\/\/www.noticiasradioreflejos.com.ar\/2021\/lager-day-2022-llega-la-2-edicion-del-dia-de-la-cerveza-artesanal-de-la-argentina\/#primaryimage\"},\"image\":{\"@id\":\"https:\/\/www.noticiasradioreflejos.com.ar\/2021\/lager-day-2022-llega-la-2-edicion-del-dia-de-la-cerveza-artesanal-de-la-argentina\/#primaryimage\"},\"thumbnailUrl\":\"https:\/\/www.noticiasradioreflejos.com.ar\/2021\/wp-content\/uploads\/2022\/10\/cerveza-Surena.jpg\",\"datePublished\":\"2022-10-27T12:09:00+00:00\",\"author\":{\"@id\":\"https:\/\/www.noticiasradioreflejos.com.ar\/2021\/#\/schema\/person\/ad82545263dcc5ec0996818884fd5fb1\"},\"breadcrumb\":{\"@id\":\"https:\/\/www.noticiasradioreflejos.com.ar\/2021\/lager-day-2022-llega-la-2-edicion-del-dia-de-la-cerveza-artesanal-de-la-argentina\/#breadcrumb\"},\"inLanguage\":\"es\",\"potentialAction\":[{\"@type\":\"ReadAction\",\"target\":[\"https:\/\/www.noticiasradioreflejos.com.ar\/2021\/lager-day-2022-llega-la-2-edicion-del-dia-de-la-cerveza-artesanal-de-la-argentina\/\"]}]},{\"@type\":\"ImageObject\",\"inLanguage\":\"es\",\"@id\":\"https:\/\/www.noticiasradioreflejos.com.ar\/2021\/lager-day-2022-llega-la-2-edicion-del-dia-de-la-cerveza-artesanal-de-la-argentina\/#primaryimage\",\"url\":\"https:\/\/www.noticiasradioreflejos.com.ar\/2021\/wp-content\/uploads\/2022\/10\/cerveza-Surena.jpg\",\"contentUrl\":\"https:\/\/www.noticiasradioreflejos.com.ar\/2021\/wp-content\/uploads\/2022\/10\/cerveza-Surena.jpg\",\"width\":960,\"height\":540},{\"@type\":\"BreadcrumbList\",\"@id\":\"https:\/\/www.noticiasradioreflejos.com.ar\/2021\/lager-day-2022-llega-la-2-edicion-del-dia-de-la-cerveza-artesanal-de-la-argentina\/#breadcrumb\",\"itemListElement\":[{\"@type\":\"ListItem\",\"position\":1,\"name\":\"Portada\",\"item\":\"https:\/\/www.noticiasradioreflejos.com.ar\/2021\/\"},{\"@type\":\"ListItem\",\"position\":2,\"name\":\"Lager day 2022: llega la 2\u00b0 edici\u00f3n del d\u00eda de la cerveza artesanal de la Argentina\"}]},{\"@type\":\"WebSite\",\"@id\":\"https:\/\/www.noticiasradioreflejos.com.ar\/2021\/#website\",\"url\":\"https:\/\/www.noticiasradioreflejos.com.ar\/2021\/\",\"name\":\"Noticias Radio Reflejos\",\"description\":\"Las noticias de mi comarca\",\"potentialAction\":[{\"@type\":\"SearchAction\",\"target\":{\"@type\":\"EntryPoint\",\"urlTemplate\":\"https:\/\/www.noticiasradioreflejos.com.ar\/2021\/?s={search_term_string}\"},\"query-input\":{\"@type\":\"PropertyValueSpecification\",\"valueRequired\":true,\"valueName\":\"search_term_string\"}}],\"inLanguage\":\"es\"},{\"@type\":\"Person\",\"@id\":\"https:\/\/www.noticiasradioreflejos.com.ar\/2021\/#\/schema\/person\/ad82545263dcc5ec0996818884fd5fb1\",\"name\":\"Arnaldo Botto\",\"image\":{\"@type\":\"ImageObject\",\"inLanguage\":\"es\",\"@id\":\"https:\/\/www.noticiasradioreflejos.com.ar\/2021\/#\/schema\/person\/image\/\",\"url\":\"https:\/\/secure.gravatar.com\/avatar\/55cb5e37c1efa326397366e6974cb338056df65cb50e7d64d1cf314e87504837?s=96&d=mm&r=g\",\"contentUrl\":\"https:\/\/secure.gravatar.com\/avatar\/55cb5e37c1efa326397366e6974cb338056df65cb50e7d64d1cf314e87504837?s=96&d=mm&r=g\",\"caption\":\"Arnaldo Botto\"},\"url\":\"https:\/\/www.noticiasradioreflejos.com.ar\/2021\/author\/arnaldo\/\"}]}<\/script>\n<!-- \/ Yoast SEO plugin. -->","yoast_head_json":{"title":"Lager day 2022: llega la 2\u00b0 edici\u00f3n del d\u00eda de la cerveza artesanal de la Argentina - Noticias Radio Reflejos","robots":{"index":"index","follow":"follow","max-snippet":"max-snippet:-1","max-image-preview":"max-image-preview:large","max-video-preview":"max-video-preview:-1"},"canonical":"https:\/\/www.noticiasradioreflejos.com.ar\/2021\/lager-day-2022-llega-la-2-edicion-del-dia-de-la-cerveza-artesanal-de-la-argentina\/","og_locale":"es_ES","og_type":"article","og_title":"Lager day 2022: llega la 2\u00b0 edici\u00f3n del d\u00eda de la cerveza artesanal de la Argentina - Noticias Radio Reflejos","og_description":"El primer jueves del mes de noviembre se celebra el Lager Day en Argentina. Productores argentinos de cerveza artesanal se unen nuevamente para impulsar el mercado local.","og_url":"https:\/\/www.noticiasradioreflejos.com.ar\/2021\/lager-day-2022-llega-la-2-edicion-del-dia-de-la-cerveza-artesanal-de-la-argentina\/","og_site_name":"Noticias Radio Reflejos","article_published_time":"2022-10-27T12:09:00+00:00","og_image":[{"width":960,"height":540,"url":"https:\/\/www.noticiasradioreflejos.com.ar\/2021\/wp-content\/uploads\/2022\/10\/cerveza-Surena.jpg","type":"image\/jpeg"}],"author":"Arnaldo Botto","twitter_card":"summary_large_image","schema":{"@context":"https:\/\/schema.org","@graph":[{"@type":"WebPage","@id":"https:\/\/www.noticiasradioreflejos.com.ar\/2021\/lager-day-2022-llega-la-2-edicion-del-dia-de-la-cerveza-artesanal-de-la-argentina\/","url":"https:\/\/www.noticiasradioreflejos.com.ar\/2021\/lager-day-2022-llega-la-2-edicion-del-dia-de-la-cerveza-artesanal-de-la-argentina\/","name":"Lager day 2022: llega la 2\u00b0 edici\u00f3n del d\u00eda de la cerveza artesanal de la Argentina - Noticias Radio Reflejos","isPartOf":{"@id":"https:\/\/www.noticiasradioreflejos.com.ar\/2021\/#website"},"primaryImageOfPage":{"@id":"https:\/\/www.noticiasradioreflejos.com.ar\/2021\/lager-day-2022-llega-la-2-edicion-del-dia-de-la-cerveza-artesanal-de-la-argentina\/#primaryimage"},"image":{"@id":"https:\/\/www.noticiasradioreflejos.com.ar\/2021\/lager-day-2022-llega-la-2-edicion-del-dia-de-la-cerveza-artesanal-de-la-argentina\/#primaryimage"},"thumbnailUrl":"https:\/\/www.noticiasradioreflejos.com.ar\/2021\/wp-content\/uploads\/2022\/10\/cerveza-Surena.jpg","datePublished":"2022-10-27T12:09:00+00:00","author":{"@id":"https:\/\/www.noticiasradioreflejos.com.ar\/2021\/#\/schema\/person\/ad82545263dcc5ec0996818884fd5fb1"},"breadcrumb":{"@id":"https:\/\/www.noticiasradioreflejos.com.ar\/2021\/lager-day-2022-llega-la-2-edicion-del-dia-de-la-cerveza-artesanal-de-la-argentina\/#breadcrumb"},"inLanguage":"es","potentialAction":[{"@type":"ReadAction","target":["https:\/\/www.noticiasradioreflejos.com.ar\/2021\/lager-day-2022-llega-la-2-edicion-del-dia-de-la-cerveza-artesanal-de-la-argentina\/"]}]},{"@type":"ImageObject","inLanguage":"es","@id":"https:\/\/www.noticiasradioreflejos.com.ar\/2021\/lager-day-2022-llega-la-2-edicion-del-dia-de-la-cerveza-artesanal-de-la-argentina\/#primaryimage","url":"https:\/\/www.noticiasradioreflejos.com.ar\/2021\/wp-content\/uploads\/2022\/10\/cerveza-Surena.jpg","contentUrl":"https:\/\/www.noticiasradioreflejos.com.ar\/2021\/wp-content\/uploads\/2022\/10\/cerveza-Surena.jpg","width":960,"height":540},{"@type":"BreadcrumbList","@id":"https:\/\/www.noticiasradioreflejos.com.ar\/2021\/lager-day-2022-llega-la-2-edicion-del-dia-de-la-cerveza-artesanal-de-la-argentina\/#breadcrumb","itemListElement":[{"@type":"ListItem","position":1,"name":"Portada","item":"https:\/\/www.noticiasradioreflejos.com.ar\/2021\/"},{"@type":"ListItem","position":2,"name":"Lager day 2022: llega la 2\u00b0 edici\u00f3n del d\u00eda de la cerveza artesanal de la Argentina"}]},{"@type":"WebSite","@id":"https:\/\/www.noticiasradioreflejos.com.ar\/2021\/#website","url":"https:\/\/www.noticiasradioreflejos.com.ar\/2021\/","name":"Noticias Radio Reflejos","description":"Las noticias de mi comarca","potentialAction":[{"@type":"SearchAction","target":{"@type":"EntryPoint","urlTemplate":"https:\/\/www.noticiasradioreflejos.com.ar\/2021\/?s={search_term_string}"},"query-input":{"@type":"PropertyValueSpecification","valueRequired":true,"valueName":"search_term_string"}}],"inLanguage":"es"},{"@type":"Person","@id":"https:\/\/www.noticiasradioreflejos.com.ar\/2021\/#\/schema\/person\/ad82545263dcc5ec0996818884fd5fb1","name":"Arnaldo Botto","image":{"@type":"ImageObject","inLanguage":"es","@id":"https:\/\/www.noticiasradioreflejos.com.ar\/2021\/#\/schema\/person\/image\/","url":"https:\/\/secure.gravatar.com\/avatar\/55cb5e37c1efa326397366e6974cb338056df65cb50e7d64d1cf314e87504837?s=96&d=mm&r=g","contentUrl":"https:\/\/secure.gravatar.com\/avatar\/55cb5e37c1efa326397366e6974cb338056df65cb50e7d64d1cf314e87504837?s=96&d=mm&r=g","caption":"Arnaldo Botto"},"url":"https:\/\/www.noticiasradioreflejos.com.ar\/2021\/author\/arnaldo\/"}]}},"_links":{"self":[{"href":"https:\/\/www.noticiasradioreflejos.com.ar\/2021\/wp-json\/wp\/v2\/posts\/79457","targetHints":{"allow":["GET"]}}],"collection":[{"href":"https:\/\/www.noticiasradioreflejos.com.ar\/2021\/wp-json\/wp\/v2\/posts"}],"about":[{"href":"https:\/\/www.noticiasradioreflejos.com.ar\/2021\/wp-json\/wp\/v2\/types\/post"}],"author":[{"embeddable":true,"href":"https:\/\/www.noticiasradioreflejos.com.ar\/2021\/wp-json\/wp\/v2\/users\/3"}],"replies":[{"embeddable":true,"href":"https:\/\/www.noticiasradioreflejos.com.ar\/2021\/wp-json\/wp\/v2\/comments?post=79457"}],"version-history":[{"count":1,"href":"https:\/\/www.noticiasradioreflejos.com.ar\/2021\/wp-json\/wp\/v2\/posts\/79457\/revisions"}],"predecessor-version":[{"id":79459,"href":"https:\/\/www.noticiasradioreflejos.com.ar\/2021\/wp-json\/wp\/v2\/posts\/79457\/revisions\/79459"}],"wp:featuredmedia":[{"embeddable":true,"href":"https:\/\/www.noticiasradioreflejos.com.ar\/2021\/wp-json\/wp\/v2\/media\/79458"}],"wp:attachment":[{"href":"https:\/\/www.noticiasradioreflejos.com.ar\/2021\/wp-json\/wp\/v2\/media?parent=79457"}],"wp:term":[{"taxonomy":"category","embeddable":true,"href":"https:\/\/www.noticiasradioreflejos.com.ar\/2021\/wp-json\/wp\/v2\/categories?post=79457"},{"taxonomy":"post_tag","embeddable":true,"href":"https:\/\/www.noticiasradioreflejos.com.ar\/2021\/wp-json\/wp\/v2\/tags?post=79457"}],"curies":[{"name":"wp","href":"https:\/\/api.w.org\/{rel}","templated":true}]}}