{"id":79452,"date":"2022-10-27T10:55:16","date_gmt":"2022-10-27T10:55:16","guid":{"rendered":"http:\/\/www.noticiasradioreflejos.com.ar\/2021\/?p=79452"},"modified":"2022-10-27T10:55:16","modified_gmt":"2022-10-27T10:55:16","slug":"condenan-a-un-hombre-a-9-anos-y-medio-de-prision-por-golpear-abusar-y-privar-de-la-libertad-a-su-pareja","status":"publish","type":"post","link":"https:\/\/www.noticiasradioreflejos.com.ar\/2021\/condenan-a-un-hombre-a-9-anos-y-medio-de-prision-por-golpear-abusar-y-privar-de-la-libertad-a-su-pareja\/","title":{"rendered":"Condenan a un hombre a 9 a\u00f1os y medio de prisi\u00f3n por golpear, abusar y privar de la libertad a su pareja"},"content":{"rendered":"<p>Un hombre fue condenado -en juicio abreviado- a la pena de 9 a\u00f1os y 6 meses de prisi\u00f3n por haber golpeado, abusado y privado de la libertad a su pareja en Bah\u00eda Blanca.<!--more--><\/p>\n<p>En el marco de una investigaci\u00f3n realizada por la\u00a0<strong>UFIJ N.\u00ba 3, a cargo de la fiscal Agustina Olgu\u00edn<\/strong>, se determin\u00f3 que el 16 de enero del presente a\u00f1o cuando la mujer fue al domicilio del hombre para terminar con la relaci\u00f3n, \u00e9ste le clav\u00f3 un tenedor en ambas piernas y la pate\u00f3 ocasion\u00e1ndole varias lesiones.<\/p>\n<p>Adem\u00e1s el pasado 8 de abril el hombre ingres\u00f3 sin autorizaci\u00f3n al patio delantero de la casa de la mujer, la empuj\u00f3 hacia el interior de la vivienda, la encerr\u00f3 con llave y le dijo \u201cde ac\u00e1 no sal\u00eds\u201d.<\/p>\n<p>Una vez dentro, la golpe\u00f3 en distintas partes del cuerpo, le tir\u00f3 una silla provoc\u00e1ndole diversas lesiones, la amenaz\u00f3 con un cuchillo, le dijo que iba a prender fuego la casa, ocasion\u00f3 da\u00f1os y roturas dentro del lugar, la llev\u00f3 a la habitaci\u00f3n donde abus\u00f3 de ella y la priv\u00f3 de la libertad hasta el d\u00eda siguiente, cuando decidi\u00f3 retirarse.<\/p>\n<p>Tambi\u00e9n se le endilg\u00f3 haber violado la prohibici\u00f3n de mantener cualquier tipo de contacto con la mujer, cuando el 2 de mayo le mand\u00f3 un mensaje de texto a su tel\u00e9fono celular siendo que se encontraba vigente una orden judicial.<\/p>\n<p>El juez Christian Yesari, integrante del Tribunal en lo Criminal N\u00b0 1, lo conden\u00f3 como autor penalmente responsable de los delitos de \u2013dos hechos- de lesiones leves agravadas por el v\u00ednculo y por mediar violencia de g\u00e9nero, da\u00f1o, abuso sexual con acceso carnal y privaci\u00f3n ileg\u00edtima de la libertad agravada, concurriendo realmente con el delito de desobediencia.<\/p>\n","protected":false},"excerpt":{"rendered":"<p>Un hombre fue condenado -en juicio abreviado- a la pena de 9 a\u00f1os y 6 meses de prisi\u00f3n por haber golpeado, abusado y privado de la libertad a su pareja en Bah\u00eda Blanca.<\/p>\n","protected":false},"author":3,"featured_media":0,"comment_status":"closed","ping_status":"closed","sticky":false,"template":"","format":"standard","meta":{"footnotes":""},"categories":[57],"tags":[],"class_list":["post-79452","post","type-post","status-publish","format-standard","hentry","category-judiciales"],"yoast_head":"<!-- This site is optimized with the Yoast SEO plugin v25.9 - https:\/\/yoast.com\/wordpress\/plugins\/seo\/ -->\n<title>Condenan a un hombre a 9 a\u00f1os y medio de prisi\u00f3n por golpear, abusar y privar de la libertad a su pareja - Noticias Radio Reflejos<\/title>\n<meta name=\"robots\" content=\"index, follow, max-snippet:-1, max-image-preview:large, max-video-preview:-1\" \/>\n<link rel=\"canonical\" href=\"https:\/\/www.noticiasradioreflejos.com.ar\/2021\/condenan-a-un-hombre-a-9-anos-y-medio-de-prision-por-golpear-abusar-y-privar-de-la-libertad-a-su-pareja\/\" \/>\n<meta property=\"og:locale\" content=\"es_ES\" \/>\n<meta property=\"og:type\" content=\"article\" \/>\n<meta property=\"og:title\" content=\"Condenan a un hombre a 9 a\u00f1os y medio de prisi\u00f3n por golpear, abusar y privar de la libertad a su pareja - Noticias Radio Reflejos\" \/>\n<meta property=\"og:description\" content=\"Un hombre fue condenado -en juicio abreviado- a la pena de 9 a\u00f1os y 6 meses de prisi\u00f3n por haber golpeado, abusado y privado de la libertad a su pareja en Bah\u00eda Blanca.\" \/>\n<meta property=\"og:url\" content=\"https:\/\/www.noticiasradioreflejos.com.ar\/2021\/condenan-a-un-hombre-a-9-anos-y-medio-de-prision-por-golpear-abusar-y-privar-de-la-libertad-a-su-pareja\/\" \/>\n<meta property=\"og:site_name\" content=\"Noticias Radio Reflejos\" \/>\n<meta property=\"article:published_time\" content=\"2022-10-27T10:55:16+00:00\" \/>\n<meta property=\"og:image\" content=\"https:\/\/www.noticiasradioreflejos.com.ar\/2021\/wp-content\/uploads\/2021\/07\/logosol300x200.png\" \/>\n\t<meta property=\"og:image:width\" content=\"300\" \/>\n\t<meta property=\"og:image:height\" content=\"200\" \/>\n\t<meta property=\"og:image:type\" content=\"image\/png\" \/>\n<meta name=\"author\" content=\"Arnaldo Botto\" \/>\n<meta name=\"twitter:card\" content=\"summary_large_image\" \/>\n<script type=\"application\/ld+json\" class=\"yoast-schema-graph\">{\"@context\":\"https:\/\/schema.org\",\"@graph\":[{\"@type\":\"WebPage\",\"@id\":\"https:\/\/www.noticiasradioreflejos.com.ar\/2021\/condenan-a-un-hombre-a-9-anos-y-medio-de-prision-por-golpear-abusar-y-privar-de-la-libertad-a-su-pareja\/\",\"url\":\"https:\/\/www.noticiasradioreflejos.com.ar\/2021\/condenan-a-un-hombre-a-9-anos-y-medio-de-prision-por-golpear-abusar-y-privar-de-la-libertad-a-su-pareja\/\",\"name\":\"Condenan a un hombre a 9 a\u00f1os y medio de prisi\u00f3n por golpear, abusar y privar de la libertad a su pareja - Noticias Radio Reflejos\",\"isPartOf\":{\"@id\":\"https:\/\/www.noticiasradioreflejos.com.ar\/2021\/#website\"},\"datePublished\":\"2022-10-27T10:55:16+00:00\",\"author\":{\"@id\":\"https:\/\/www.noticiasradioreflejos.com.ar\/2021\/#\/schema\/person\/ad82545263dcc5ec0996818884fd5fb1\"},\"breadcrumb\":{\"@id\":\"https:\/\/www.noticiasradioreflejos.com.ar\/2021\/condenan-a-un-hombre-a-9-anos-y-medio-de-prision-por-golpear-abusar-y-privar-de-la-libertad-a-su-pareja\/#breadcrumb\"},\"inLanguage\":\"es\",\"potentialAction\":[{\"@type\":\"ReadAction\",\"target\":[\"https:\/\/www.noticiasradioreflejos.com.ar\/2021\/condenan-a-un-hombre-a-9-anos-y-medio-de-prision-por-golpear-abusar-y-privar-de-la-libertad-a-su-pareja\/\"]}]},{\"@type\":\"BreadcrumbList\",\"@id\":\"https:\/\/www.noticiasradioreflejos.com.ar\/2021\/condenan-a-un-hombre-a-9-anos-y-medio-de-prision-por-golpear-abusar-y-privar-de-la-libertad-a-su-pareja\/#breadcrumb\",\"itemListElement\":[{\"@type\":\"ListItem\",\"position\":1,\"name\":\"Portada\",\"item\":\"https:\/\/www.noticiasradioreflejos.com.ar\/2021\/\"},{\"@type\":\"ListItem\",\"position\":2,\"name\":\"Condenan a un hombre a 9 a\u00f1os y medio de prisi\u00f3n por golpear, abusar y privar de la libertad a su pareja\"}]},{\"@type\":\"WebSite\",\"@id\":\"https:\/\/www.noticiasradioreflejos.com.ar\/2021\/#website\",\"url\":\"https:\/\/www.noticiasradioreflejos.com.ar\/2021\/\",\"name\":\"Noticias Radio Reflejos\",\"description\":\"Las noticias de mi comarca\",\"potentialAction\":[{\"@type\":\"SearchAction\",\"target\":{\"@type\":\"EntryPoint\",\"urlTemplate\":\"https:\/\/www.noticiasradioreflejos.com.ar\/2021\/?s={search_term_string}\"},\"query-input\":{\"@type\":\"PropertyValueSpecification\",\"valueRequired\":true,\"valueName\":\"search_term_string\"}}],\"inLanguage\":\"es\"},{\"@type\":\"Person\",\"@id\":\"https:\/\/www.noticiasradioreflejos.com.ar\/2021\/#\/schema\/person\/ad82545263dcc5ec0996818884fd5fb1\",\"name\":\"Arnaldo Botto\",\"image\":{\"@type\":\"ImageObject\",\"inLanguage\":\"es\",\"@id\":\"https:\/\/www.noticiasradioreflejos.com.ar\/2021\/#\/schema\/person\/image\/\",\"url\":\"https:\/\/secure.gravatar.com\/avatar\/55cb5e37c1efa326397366e6974cb338056df65cb50e7d64d1cf314e87504837?s=96&d=mm&r=g\",\"contentUrl\":\"https:\/\/secure.gravatar.com\/avatar\/55cb5e37c1efa326397366e6974cb338056df65cb50e7d64d1cf314e87504837?s=96&d=mm&r=g\",\"caption\":\"Arnaldo Botto\"},\"url\":\"https:\/\/www.noticiasradioreflejos.com.ar\/2021\/author\/arnaldo\/\"}]}<\/script>\n<!-- \/ Yoast SEO plugin. -->","yoast_head_json":{"title":"Condenan a un hombre a 9 a\u00f1os y medio de prisi\u00f3n por golpear, abusar y privar de la libertad a su pareja - Noticias Radio Reflejos","robots":{"index":"index","follow":"follow","max-snippet":"max-snippet:-1","max-image-preview":"max-image-preview:large","max-video-preview":"max-video-preview:-1"},"canonical":"https:\/\/www.noticiasradioreflejos.com.ar\/2021\/condenan-a-un-hombre-a-9-anos-y-medio-de-prision-por-golpear-abusar-y-privar-de-la-libertad-a-su-pareja\/","og_locale":"es_ES","og_type":"article","og_title":"Condenan a un hombre a 9 a\u00f1os y medio de prisi\u00f3n por golpear, abusar y privar de la libertad a su pareja - Noticias Radio Reflejos","og_description":"Un hombre fue condenado -en juicio abreviado- a la pena de 9 a\u00f1os y 6 meses de prisi\u00f3n por haber golpeado, abusado y privado de la libertad a su pareja en Bah\u00eda Blanca.","og_url":"https:\/\/www.noticiasradioreflejos.com.ar\/2021\/condenan-a-un-hombre-a-9-anos-y-medio-de-prision-por-golpear-abusar-y-privar-de-la-libertad-a-su-pareja\/","og_site_name":"Noticias Radio Reflejos","article_published_time":"2022-10-27T10:55:16+00:00","og_image":[{"width":300,"height":200,"url":"https:\/\/www.noticiasradioreflejos.com.ar\/2021\/wp-content\/uploads\/2021\/07\/logosol300x200.png","type":"image\/png"}],"author":"Arnaldo Botto","twitter_card":"summary_large_image","schema":{"@context":"https:\/\/schema.org","@graph":[{"@type":"WebPage","@id":"https:\/\/www.noticiasradioreflejos.com.ar\/2021\/condenan-a-un-hombre-a-9-anos-y-medio-de-prision-por-golpear-abusar-y-privar-de-la-libertad-a-su-pareja\/","url":"https:\/\/www.noticiasradioreflejos.com.ar\/2021\/condenan-a-un-hombre-a-9-anos-y-medio-de-prision-por-golpear-abusar-y-privar-de-la-libertad-a-su-pareja\/","name":"Condenan a un hombre a 9 a\u00f1os y medio de prisi\u00f3n por golpear, abusar y privar de la libertad a su pareja - Noticias Radio Reflejos","isPartOf":{"@id":"https:\/\/www.noticiasradioreflejos.com.ar\/2021\/#website"},"datePublished":"2022-10-27T10:55:16+00:00","author":{"@id":"https:\/\/www.noticiasradioreflejos.com.ar\/2021\/#\/schema\/person\/ad82545263dcc5ec0996818884fd5fb1"},"breadcrumb":{"@id":"https:\/\/www.noticiasradioreflejos.com.ar\/2021\/condenan-a-un-hombre-a-9-anos-y-medio-de-prision-por-golpear-abusar-y-privar-de-la-libertad-a-su-pareja\/#breadcrumb"},"inLanguage":"es","potentialAction":[{"@type":"ReadAction","target":["https:\/\/www.noticiasradioreflejos.com.ar\/2021\/condenan-a-un-hombre-a-9-anos-y-medio-de-prision-por-golpear-abusar-y-privar-de-la-libertad-a-su-pareja\/"]}]},{"@type":"BreadcrumbList","@id":"https:\/\/www.noticiasradioreflejos.com.ar\/2021\/condenan-a-un-hombre-a-9-anos-y-medio-de-prision-por-golpear-abusar-y-privar-de-la-libertad-a-su-pareja\/#breadcrumb","itemListElement":[{"@type":"ListItem","position":1,"name":"Portada","item":"https:\/\/www.noticiasradioreflejos.com.ar\/2021\/"},{"@type":"ListItem","position":2,"name":"Condenan a un hombre a 9 a\u00f1os y medio de prisi\u00f3n por golpear, abusar y privar de la libertad a su pareja"}]},{"@type":"WebSite","@id":"https:\/\/www.noticiasradioreflejos.com.ar\/2021\/#website","url":"https:\/\/www.noticiasradioreflejos.com.ar\/2021\/","name":"Noticias Radio Reflejos","description":"Las noticias de mi comarca","potentialAction":[{"@type":"SearchAction","target":{"@type":"EntryPoint","urlTemplate":"https:\/\/www.noticiasradioreflejos.com.ar\/2021\/?s={search_term_string}"},"query-input":{"@type":"PropertyValueSpecification","valueRequired":true,"valueName":"search_term_string"}}],"inLanguage":"es"},{"@type":"Person","@id":"https:\/\/www.noticiasradioreflejos.com.ar\/2021\/#\/schema\/person\/ad82545263dcc5ec0996818884fd5fb1","name":"Arnaldo Botto","image":{"@type":"ImageObject","inLanguage":"es","@id":"https:\/\/www.noticiasradioreflejos.com.ar\/2021\/#\/schema\/person\/image\/","url":"https:\/\/secure.gravatar.com\/avatar\/55cb5e37c1efa326397366e6974cb338056df65cb50e7d64d1cf314e87504837?s=96&d=mm&r=g","contentUrl":"https:\/\/secure.gravatar.com\/avatar\/55cb5e37c1efa326397366e6974cb338056df65cb50e7d64d1cf314e87504837?s=96&d=mm&r=g","caption":"Arnaldo Botto"},"url":"https:\/\/www.noticiasradioreflejos.com.ar\/2021\/author\/arnaldo\/"}]}},"_links":{"self":[{"href":"https:\/\/www.noticiasradioreflejos.com.ar\/2021\/wp-json\/wp\/v2\/posts\/79452","targetHints":{"allow":["GET"]}}],"collection":[{"href":"https:\/\/www.noticiasradioreflejos.com.ar\/2021\/wp-json\/wp\/v2\/posts"}],"about":[{"href":"https:\/\/www.noticiasradioreflejos.com.ar\/2021\/wp-json\/wp\/v2\/types\/post"}],"author":[{"embeddable":true,"href":"https:\/\/www.noticiasradioreflejos.com.ar\/2021\/wp-json\/wp\/v2\/users\/3"}],"replies":[{"embeddable":true,"href":"https:\/\/www.noticiasradioreflejos.com.ar\/2021\/wp-json\/wp\/v2\/comments?post=79452"}],"version-history":[{"count":1,"href":"https:\/\/www.noticiasradioreflejos.com.ar\/2021\/wp-json\/wp\/v2\/posts\/79452\/revisions"}],"predecessor-version":[{"id":79454,"href":"https:\/\/www.noticiasradioreflejos.com.ar\/2021\/wp-json\/wp\/v2\/posts\/79452\/revisions\/79454"}],"wp:attachment":[{"href":"https:\/\/www.noticiasradioreflejos.com.ar\/2021\/wp-json\/wp\/v2\/media?parent=79452"}],"wp:term":[{"taxonomy":"category","embeddable":true,"href":"https:\/\/www.noticiasradioreflejos.com.ar\/2021\/wp-json\/wp\/v2\/categories?post=79452"},{"taxonomy":"post_tag","embeddable":true,"href":"https:\/\/www.noticiasradioreflejos.com.ar\/2021\/wp-json\/wp\/v2\/tags?post=79452"}],"curies":[{"name":"wp","href":"https:\/\/api.w.org\/{rel}","templated":true}]}}