{"id":79449,"date":"2022-10-27T10:49:24","date_gmt":"2022-10-27T10:49:24","guid":{"rendered":"http:\/\/www.noticiasradioreflejos.com.ar\/2021\/?p=79449"},"modified":"2022-10-27T10:49:24","modified_gmt":"2022-10-27T10:49:24","slug":"distinguieron-como-cientifica-del-ano-a-una-investigadora-del-conicet","status":"publish","type":"post","link":"https:\/\/www.noticiasradioreflejos.com.ar\/2021\/distinguieron-como-cientifica-del-ano-a-una-investigadora-del-conicet\/","title":{"rendered":"Distinguieron como \u00abcient\u00edfica del a\u00f1o\u00bb a una investigadora del Conicet"},"content":{"rendered":"<p>Florencia Cayrol recibi\u00f3 la menci\u00f3n de la Women Economic Forum 2022 por sus estudios acerca de c\u00f3mo mejorar tratamientos oncol\u00f3gicos con bajos efectos secundarios.<!--more--><\/p>\n<figure class=\"mb-3\"><img decoding=\"async\" src=\"https:\/\/www.telam.com.ar\/thumbs\/bluesteel\/advf\/imagenes\/2022\/05\/629157e5ea938_1200.jpg\" alt=\"Foto CONICETDialoga\" width=\"100%\" height=\"100%\" \/><\/p>\n<div class=\"media-icons\"><\/div><figcaption>Foto: @CONICETDialoga<\/figcaption><\/figure>\n<p>La biotecn\u00f3loga e investigadora del Conicet\u00a0<strong>Florencia Cayrol<\/strong>\u00a0fue distinguida como la cient\u00edfica del a\u00f1o por la Women Economic Forum 2022 por sus estudios sobre los tratamientos oncol\u00f3gicos, informaron oficialmente.<\/p>\n<p>La cient\u00edfica es investigadora en el Instituto de Investigaciones Biom\u00e9dicas (Biomed, Conicet-UCA) y forma parte del Laboratorio de Neuroinmunomodulaci\u00f3n y Oncolog\u00eda Molecular.<\/p>\n<p>Cayrol fue reconocida\u00a0<strong>por sus estudios acerca de c\u00f3mo mejorar tratamientos oncol\u00f3gicos con bajos efectos secundarios<\/strong>\u00a0de diferentes tipos de tumores malignos.<\/p>\n<p>\u00abEnterarme que iba a ser distinguida por WEF, fue una gran sorpresa y alegr\u00eda, sobre todo porque es un premio donde cualquier persona puede participar, postularte y votarte\u00bb, se\u00f1al\u00f3 la cient\u00edfica.<\/p>\n<p>A su vez remarc\u00f3 \u00abes muy lindo recibir el apoyo de un grupo de mujeres que cumplen roles muy importantes en distintas \u00e1reas de nuestra sociedad\u00bb.<\/p>\n<figure class=\"mb-3\"><img decoding=\"async\" src=\"https:\/\/www.telam.com.ar\/thumbs\/bluesteel\/advf\/imagenes\/2022\/06\/629797a884ecb_1200.jpg\" alt=\"Foto archivo\" width=\"100%\" height=\"100%\" \/><\/p>\n<div class=\"media-icons\"><\/div><figcaption>Foto: archivo.<\/figcaption><\/figure>\n<p>La biotecn\u00f3loga del Conicet, quien\u00a0<strong>tambi\u00e9n fue ganadora del Rising Talent en el Premio Internacional L&#8217;Or\u00e9al-Unesco \u00abPor las Mujeres en la Ciencia\u00bb<\/strong>, consider\u00f3 que \u00abesta distinci\u00f3n, no es una cuesti\u00f3n personal, sino que es en definitiva en representaci\u00f3n de todas las mujeres cient\u00edficas de nuestro pa\u00eds y sobre todo mis compa\u00f1eras de trabajo\u00bb.<\/p>\n<p>Los premios WEF se presentan para reconocer a diez personalidades representativas e inspiradoras del mundo.<\/p>\n<blockquote class=\"\"><p>\u00abEnterarme que iba a ser distinguida por WEF, fue una gran sorpresa y alegr\u00eda, sobre todo porque es un premio donde cualquier persona puede participar, postularte y votarte\u00bb<\/p><\/blockquote>\n<p>Las categor\u00edas que se presentaron para votar fueron mujer del a\u00f1o, mujer de la d\u00e9cada, mujer CEO o directora del a\u00f1o, artista del a\u00f1o, deportista del a\u00f1o, j\u00f3venes innovadores creando un mundo mejor para todos, empresa del a\u00f1o, emprendedora del a\u00f1o, mujer del a\u00f1o, empresaria del a\u00f1o y cient\u00edfica del a\u00f1o.<\/p>\n<p>El evento es el \u00fanico enfocado en la econom\u00eda de la mujer, la reactivaci\u00f3n econ\u00f3mica, el rol de la mujer y un an\u00e1lisis de la igualdad, la diversidad y la inclusi\u00f3n.<\/p>\n","protected":false},"excerpt":{"rendered":"<p>Florencia Cayrol recibi\u00f3 la menci\u00f3n de la Women Economic Forum 2022 por sus estudios acerca de c\u00f3mo mejorar tratamientos oncol\u00f3gicos con bajos efectos secundarios.<\/p>\n","protected":false},"author":3,"featured_media":0,"comment_status":"closed","ping_status":"closed","sticky":false,"template":"","format":"standard","meta":{"footnotes":""},"categories":[1],"tags":[],"class_list":["post-79449","post","type-post","status-publish","format-standard","hentry","category-sin-categoria"],"yoast_head":"<!-- This site is optimized with the Yoast SEO plugin v25.9 - https:\/\/yoast.com\/wordpress\/plugins\/seo\/ -->\n<title>Distinguieron como &quot;cient\u00edfica del a\u00f1o&quot; a una investigadora del Conicet - Noticias Radio Reflejos<\/title>\n<meta name=\"robots\" content=\"index, follow, max-snippet:-1, max-image-preview:large, max-video-preview:-1\" \/>\n<link rel=\"canonical\" href=\"https:\/\/www.noticiasradioreflejos.com.ar\/2021\/distinguieron-como-cientifica-del-ano-a-una-investigadora-del-conicet\/\" \/>\n<meta property=\"og:locale\" content=\"es_ES\" \/>\n<meta property=\"og:type\" content=\"article\" \/>\n<meta property=\"og:title\" content=\"Distinguieron como &quot;cient\u00edfica del a\u00f1o&quot; a una investigadora del Conicet - Noticias Radio Reflejos\" \/>\n<meta property=\"og:description\" content=\"Florencia Cayrol recibi\u00f3 la menci\u00f3n de la Women Economic Forum 2022 por sus estudios acerca de c\u00f3mo mejorar tratamientos oncol\u00f3gicos con bajos efectos secundarios.\" \/>\n<meta property=\"og:url\" content=\"https:\/\/www.noticiasradioreflejos.com.ar\/2021\/distinguieron-como-cientifica-del-ano-a-una-investigadora-del-conicet\/\" \/>\n<meta property=\"og:site_name\" content=\"Noticias Radio Reflejos\" \/>\n<meta property=\"article:published_time\" content=\"2022-10-27T10:49:24+00:00\" \/>\n<meta property=\"og:image\" content=\"https:\/\/www.telam.com.ar\/thumbs\/bluesteel\/advf\/imagenes\/2022\/05\/629157e5ea938_1200.jpg\" \/>\n<meta name=\"author\" content=\"Arnaldo Botto\" \/>\n<meta name=\"twitter:card\" content=\"summary_large_image\" \/>\n<script type=\"application\/ld+json\" class=\"yoast-schema-graph\">{\"@context\":\"https:\/\/schema.org\",\"@graph\":[{\"@type\":\"WebPage\",\"@id\":\"https:\/\/www.noticiasradioreflejos.com.ar\/2021\/distinguieron-como-cientifica-del-ano-a-una-investigadora-del-conicet\/\",\"url\":\"https:\/\/www.noticiasradioreflejos.com.ar\/2021\/distinguieron-como-cientifica-del-ano-a-una-investigadora-del-conicet\/\",\"name\":\"Distinguieron como \\\"cient\u00edfica del a\u00f1o\\\" a una investigadora del Conicet - Noticias Radio Reflejos\",\"isPartOf\":{\"@id\":\"https:\/\/www.noticiasradioreflejos.com.ar\/2021\/#website\"},\"primaryImageOfPage\":{\"@id\":\"https:\/\/www.noticiasradioreflejos.com.ar\/2021\/distinguieron-como-cientifica-del-ano-a-una-investigadora-del-conicet\/#primaryimage\"},\"image\":{\"@id\":\"https:\/\/www.noticiasradioreflejos.com.ar\/2021\/distinguieron-como-cientifica-del-ano-a-una-investigadora-del-conicet\/#primaryimage\"},\"thumbnailUrl\":\"https:\/\/www.telam.com.ar\/thumbs\/bluesteel\/advf\/imagenes\/2022\/05\/629157e5ea938_1200.jpg\",\"datePublished\":\"2022-10-27T10:49:24+00:00\",\"author\":{\"@id\":\"https:\/\/www.noticiasradioreflejos.com.ar\/2021\/#\/schema\/person\/ad82545263dcc5ec0996818884fd5fb1\"},\"breadcrumb\":{\"@id\":\"https:\/\/www.noticiasradioreflejos.com.ar\/2021\/distinguieron-como-cientifica-del-ano-a-una-investigadora-del-conicet\/#breadcrumb\"},\"inLanguage\":\"es\",\"potentialAction\":[{\"@type\":\"ReadAction\",\"target\":[\"https:\/\/www.noticiasradioreflejos.com.ar\/2021\/distinguieron-como-cientifica-del-ano-a-una-investigadora-del-conicet\/\"]}]},{\"@type\":\"ImageObject\",\"inLanguage\":\"es\",\"@id\":\"https:\/\/www.noticiasradioreflejos.com.ar\/2021\/distinguieron-como-cientifica-del-ano-a-una-investigadora-del-conicet\/#primaryimage\",\"url\":\"https:\/\/www.telam.com.ar\/thumbs\/bluesteel\/advf\/imagenes\/2022\/05\/629157e5ea938_1200.jpg\",\"contentUrl\":\"https:\/\/www.telam.com.ar\/thumbs\/bluesteel\/advf\/imagenes\/2022\/05\/629157e5ea938_1200.jpg\"},{\"@type\":\"BreadcrumbList\",\"@id\":\"https:\/\/www.noticiasradioreflejos.com.ar\/2021\/distinguieron-como-cientifica-del-ano-a-una-investigadora-del-conicet\/#breadcrumb\",\"itemListElement\":[{\"@type\":\"ListItem\",\"position\":1,\"name\":\"Portada\",\"item\":\"https:\/\/www.noticiasradioreflejos.com.ar\/2021\/\"},{\"@type\":\"ListItem\",\"position\":2,\"name\":\"Distinguieron como \u00abcient\u00edfica del a\u00f1o\u00bb a una investigadora del Conicet\"}]},{\"@type\":\"WebSite\",\"@id\":\"https:\/\/www.noticiasradioreflejos.com.ar\/2021\/#website\",\"url\":\"https:\/\/www.noticiasradioreflejos.com.ar\/2021\/\",\"name\":\"Noticias Radio Reflejos\",\"description\":\"Las noticias de mi comarca\",\"potentialAction\":[{\"@type\":\"SearchAction\",\"target\":{\"@type\":\"EntryPoint\",\"urlTemplate\":\"https:\/\/www.noticiasradioreflejos.com.ar\/2021\/?s={search_term_string}\"},\"query-input\":{\"@type\":\"PropertyValueSpecification\",\"valueRequired\":true,\"valueName\":\"search_term_string\"}}],\"inLanguage\":\"es\"},{\"@type\":\"Person\",\"@id\":\"https:\/\/www.noticiasradioreflejos.com.ar\/2021\/#\/schema\/person\/ad82545263dcc5ec0996818884fd5fb1\",\"name\":\"Arnaldo Botto\",\"image\":{\"@type\":\"ImageObject\",\"inLanguage\":\"es\",\"@id\":\"https:\/\/www.noticiasradioreflejos.com.ar\/2021\/#\/schema\/person\/image\/\",\"url\":\"https:\/\/secure.gravatar.com\/avatar\/55cb5e37c1efa326397366e6974cb338056df65cb50e7d64d1cf314e87504837?s=96&d=mm&r=g\",\"contentUrl\":\"https:\/\/secure.gravatar.com\/avatar\/55cb5e37c1efa326397366e6974cb338056df65cb50e7d64d1cf314e87504837?s=96&d=mm&r=g\",\"caption\":\"Arnaldo Botto\"},\"url\":\"https:\/\/www.noticiasradioreflejos.com.ar\/2021\/author\/arnaldo\/\"}]}<\/script>\n<!-- \/ Yoast SEO plugin. -->","yoast_head_json":{"title":"Distinguieron como \"cient\u00edfica del a\u00f1o\" a una investigadora del Conicet - Noticias Radio Reflejos","robots":{"index":"index","follow":"follow","max-snippet":"max-snippet:-1","max-image-preview":"max-image-preview:large","max-video-preview":"max-video-preview:-1"},"canonical":"https:\/\/www.noticiasradioreflejos.com.ar\/2021\/distinguieron-como-cientifica-del-ano-a-una-investigadora-del-conicet\/","og_locale":"es_ES","og_type":"article","og_title":"Distinguieron como \"cient\u00edfica del a\u00f1o\" a una investigadora del Conicet - Noticias Radio Reflejos","og_description":"Florencia Cayrol recibi\u00f3 la menci\u00f3n de la Women Economic Forum 2022 por sus estudios acerca de c\u00f3mo mejorar tratamientos oncol\u00f3gicos con bajos efectos secundarios.","og_url":"https:\/\/www.noticiasradioreflejos.com.ar\/2021\/distinguieron-como-cientifica-del-ano-a-una-investigadora-del-conicet\/","og_site_name":"Noticias Radio Reflejos","article_published_time":"2022-10-27T10:49:24+00:00","og_image":[{"url":"https:\/\/www.telam.com.ar\/thumbs\/bluesteel\/advf\/imagenes\/2022\/05\/629157e5ea938_1200.jpg","type":"","width":"","height":""}],"author":"Arnaldo Botto","twitter_card":"summary_large_image","schema":{"@context":"https:\/\/schema.org","@graph":[{"@type":"WebPage","@id":"https:\/\/www.noticiasradioreflejos.com.ar\/2021\/distinguieron-como-cientifica-del-ano-a-una-investigadora-del-conicet\/","url":"https:\/\/www.noticiasradioreflejos.com.ar\/2021\/distinguieron-como-cientifica-del-ano-a-una-investigadora-del-conicet\/","name":"Distinguieron como \"cient\u00edfica del a\u00f1o\" a una investigadora del Conicet - Noticias Radio Reflejos","isPartOf":{"@id":"https:\/\/www.noticiasradioreflejos.com.ar\/2021\/#website"},"primaryImageOfPage":{"@id":"https:\/\/www.noticiasradioreflejos.com.ar\/2021\/distinguieron-como-cientifica-del-ano-a-una-investigadora-del-conicet\/#primaryimage"},"image":{"@id":"https:\/\/www.noticiasradioreflejos.com.ar\/2021\/distinguieron-como-cientifica-del-ano-a-una-investigadora-del-conicet\/#primaryimage"},"thumbnailUrl":"https:\/\/www.telam.com.ar\/thumbs\/bluesteel\/advf\/imagenes\/2022\/05\/629157e5ea938_1200.jpg","datePublished":"2022-10-27T10:49:24+00:00","author":{"@id":"https:\/\/www.noticiasradioreflejos.com.ar\/2021\/#\/schema\/person\/ad82545263dcc5ec0996818884fd5fb1"},"breadcrumb":{"@id":"https:\/\/www.noticiasradioreflejos.com.ar\/2021\/distinguieron-como-cientifica-del-ano-a-una-investigadora-del-conicet\/#breadcrumb"},"inLanguage":"es","potentialAction":[{"@type":"ReadAction","target":["https:\/\/www.noticiasradioreflejos.com.ar\/2021\/distinguieron-como-cientifica-del-ano-a-una-investigadora-del-conicet\/"]}]},{"@type":"ImageObject","inLanguage":"es","@id":"https:\/\/www.noticiasradioreflejos.com.ar\/2021\/distinguieron-como-cientifica-del-ano-a-una-investigadora-del-conicet\/#primaryimage","url":"https:\/\/www.telam.com.ar\/thumbs\/bluesteel\/advf\/imagenes\/2022\/05\/629157e5ea938_1200.jpg","contentUrl":"https:\/\/www.telam.com.ar\/thumbs\/bluesteel\/advf\/imagenes\/2022\/05\/629157e5ea938_1200.jpg"},{"@type":"BreadcrumbList","@id":"https:\/\/www.noticiasradioreflejos.com.ar\/2021\/distinguieron-como-cientifica-del-ano-a-una-investigadora-del-conicet\/#breadcrumb","itemListElement":[{"@type":"ListItem","position":1,"name":"Portada","item":"https:\/\/www.noticiasradioreflejos.com.ar\/2021\/"},{"@type":"ListItem","position":2,"name":"Distinguieron como \u00abcient\u00edfica del a\u00f1o\u00bb a una investigadora del Conicet"}]},{"@type":"WebSite","@id":"https:\/\/www.noticiasradioreflejos.com.ar\/2021\/#website","url":"https:\/\/www.noticiasradioreflejos.com.ar\/2021\/","name":"Noticias Radio Reflejos","description":"Las noticias de mi comarca","potentialAction":[{"@type":"SearchAction","target":{"@type":"EntryPoint","urlTemplate":"https:\/\/www.noticiasradioreflejos.com.ar\/2021\/?s={search_term_string}"},"query-input":{"@type":"PropertyValueSpecification","valueRequired":true,"valueName":"search_term_string"}}],"inLanguage":"es"},{"@type":"Person","@id":"https:\/\/www.noticiasradioreflejos.com.ar\/2021\/#\/schema\/person\/ad82545263dcc5ec0996818884fd5fb1","name":"Arnaldo Botto","image":{"@type":"ImageObject","inLanguage":"es","@id":"https:\/\/www.noticiasradioreflejos.com.ar\/2021\/#\/schema\/person\/image\/","url":"https:\/\/secure.gravatar.com\/avatar\/55cb5e37c1efa326397366e6974cb338056df65cb50e7d64d1cf314e87504837?s=96&d=mm&r=g","contentUrl":"https:\/\/secure.gravatar.com\/avatar\/55cb5e37c1efa326397366e6974cb338056df65cb50e7d64d1cf314e87504837?s=96&d=mm&r=g","caption":"Arnaldo Botto"},"url":"https:\/\/www.noticiasradioreflejos.com.ar\/2021\/author\/arnaldo\/"}]}},"_links":{"self":[{"href":"https:\/\/www.noticiasradioreflejos.com.ar\/2021\/wp-json\/wp\/v2\/posts\/79449","targetHints":{"allow":["GET"]}}],"collection":[{"href":"https:\/\/www.noticiasradioreflejos.com.ar\/2021\/wp-json\/wp\/v2\/posts"}],"about":[{"href":"https:\/\/www.noticiasradioreflejos.com.ar\/2021\/wp-json\/wp\/v2\/types\/post"}],"author":[{"embeddable":true,"href":"https:\/\/www.noticiasradioreflejos.com.ar\/2021\/wp-json\/wp\/v2\/users\/3"}],"replies":[{"embeddable":true,"href":"https:\/\/www.noticiasradioreflejos.com.ar\/2021\/wp-json\/wp\/v2\/comments?post=79449"}],"version-history":[{"count":1,"href":"https:\/\/www.noticiasradioreflejos.com.ar\/2021\/wp-json\/wp\/v2\/posts\/79449\/revisions"}],"predecessor-version":[{"id":79451,"href":"https:\/\/www.noticiasradioreflejos.com.ar\/2021\/wp-json\/wp\/v2\/posts\/79449\/revisions\/79451"}],"wp:attachment":[{"href":"https:\/\/www.noticiasradioreflejos.com.ar\/2021\/wp-json\/wp\/v2\/media?parent=79449"}],"wp:term":[{"taxonomy":"category","embeddable":true,"href":"https:\/\/www.noticiasradioreflejos.com.ar\/2021\/wp-json\/wp\/v2\/categories?post=79449"},{"taxonomy":"post_tag","embeddable":true,"href":"https:\/\/www.noticiasradioreflejos.com.ar\/2021\/wp-json\/wp\/v2\/tags?post=79449"}],"curies":[{"name":"wp","href":"https:\/\/api.w.org\/{rel}","templated":true}]}}