{"id":79445,"date":"2022-10-26T23:34:20","date_gmt":"2022-10-26T23:34:20","guid":{"rendered":"http:\/\/www.noticiasradioreflejos.com.ar\/2021\/?p=79445"},"modified":"2022-10-26T23:34:20","modified_gmt":"2022-10-26T23:34:20","slug":"el-servicio-de-trenes-a-buenos-aires-estara-suspendido-hasta-febrero","status":"publish","type":"post","link":"https:\/\/www.noticiasradioreflejos.com.ar\/2021\/el-servicio-de-trenes-a-buenos-aires-estara-suspendido-hasta-febrero\/","title":{"rendered":"El servicio de trenes a Buenos Aires estar\u00e1 suspendido hasta febrero"},"content":{"rendered":"<header id=\"mvp-post-head\" class=\"left relative\">La decisi\u00f3n y los plazos, fueron informados por la empresa FerroSur Roca.<\/p>\n<\/header>\n<p><!--more--><\/p>\n<div class=\"mvp-post-main-out left relative\">\n<div class=\"mvp-post-main-in\">\n<div id=\"mvp-post-content\" class=\"left relative\">\n<div id=\"mvp-post-feat-img\" class=\"left relative mvp-post-feat-img-wide2\"><picture><source srcset=\"https:\/\/www.labrujula24.com\/wp-content\/webp-express\/webp-images\/uploads\/2022\/04\/tren-1.jpg.webp 1200w, https:\/\/www.labrujula24.com\/wp-content\/webp-express\/webp-images\/uploads\/2022\/04\/tren-1-768x512.jpg.webp 768w\" type=\"image\/webp\" sizes=\"(max-width: 1200px) 100vw, 1200px\" \/><img loading=\"lazy\" decoding=\"async\" class=\"attachment- size- wp-post-image webpexpress-processed\" src=\"https:\/\/www.labrujula24.com\/wp-content\/uploads\/2022\/04\/tren-1.jpg\" sizes=\"auto, (max-width: 1200px) 100vw, 1200px\" srcset=\"https:\/\/www.labrujula24.com\/wp-content\/uploads\/2022\/04\/tren-1.jpg 1200w, https:\/\/www.labrujula24.com\/wp-content\/uploads\/2022\/04\/tren-1-768x512.jpg 768w\" alt=\"\" width=\"1200\" height=\"800\" \/><\/picture><\/div>\n<div id=\"mvp-content-wrap\" class=\"left relative\">\n<div class=\"mvp-post-soc-out right relative\">\n<div class=\"mvp-post-soc-in\">\n<div id=\"mvp-content-body\" class=\"left relative\">\n<div id=\"mvp-content-body-top\" class=\"left relative\">\n<div id=\"mvp-content-main\" class=\"left relative\">\n<div id=\"textbody\">\n<div class=\"at-above-post addthis_tool\" data-url=\"https:\/\/www.labrujula24.com\/notas\/2022\/10\/26\/el-servicio-de-trenes-a-buenos-aires-estara-suspendido-hasta-febrero-n251767\/\"><\/div>\n<p>El servicio de trenes que conecta a Bah\u00eda Blanca con Buenos Aires estar\u00e1 suspendido hasta febrero de 2023, como consecuencia de la ejecuci\u00f3n de obras en el puente sobre el r\u00edo Salado, inform\u00f3 hoy la empresa Trenes Argentinos.<\/p>\n<p>\u201cLa decisi\u00f3n y los plazos, fueron informados por la empresa FerroSur Roca, prestataria del ferrocarril de cargas y de quien depende el tendido de v\u00edas, debido a la necesidad imperiosa de reparar el deterioro que produjo en la estructura el dragado del curso del agua\u201d, dijeron en un comunicado.<\/p>\n<p>El servicio\u00a0se suspendi\u00f3 a principios de este mes, por \u201cirregularidades en las v\u00edas a la altura del r\u00edo Salado\u201d.<\/p>\n<p>La obra \u201cdebe ser realizada ya que las condiciones de seguridad de los pasajeros y pasajeras no se encuentran garantizadas debido al estado actual de ese puente\u201d, agregaron.<\/p>\n<p>La operadora ferroviaria dijo tambi\u00e9n que trabaja en la devoluci\u00f3n de los boletos que hab\u00edan sido adquiridos para viajar hasta fines de noviembre.<\/p>\n<p>Este ha sido un a\u00f1o complicado para el tren que conecta a Bah\u00eda Blanca con Buenos Aires y que es la alternativa m\u00e1s barata para viajar por v\u00eda terrestre. En marzo, un descarrilamiento en Pourtal\u00e9, partido de Olavarr\u00eda, se suspendi\u00f3 el servicio por mes y medio.<\/p>\n<p>A finales de abril se retom\u00f3 y se recort\u00f3 de 3 a 2 las frecuencias semanales, adem\u00e1s la circulaci\u00f3n se hizo m\u00e1s lenta, prolongando el viaje por casi 20 horas.<\/p>\n<p>Trenes Argentino invit\u00f3 a quienes tengan dudas sobre pasajes comprados o de cualquier otro tipo a consultar en\u00a0<a href=\"https:\/\/www.argentina.gob.ar\/transporte\/trenes-argentinos\">https:\/\/www.argentina.gob.ar\/transporte\/trenes-argentinos<\/a><\/p>\n<\/div>\n<\/div>\n<\/div>\n<\/div>\n<\/div>\n<\/div>\n<\/div>\n<\/div>\n<\/div>\n<\/div>\n","protected":false},"excerpt":{"rendered":"<p>La decisi\u00f3n y los plazos, fueron informados por la empresa FerroSur Roca.<\/p>\n","protected":false},"author":3,"featured_media":0,"comment_status":"closed","ping_status":"closed","sticky":false,"template":"","format":"standard","meta":{"footnotes":""},"categories":[26,33],"tags":[],"class_list":["post-79445","post","type-post","status-publish","format-standard","hentry","category-sociedad","category-turismo"],"yoast_head":"<!-- This site is optimized with the Yoast SEO plugin v25.9 - https:\/\/yoast.com\/wordpress\/plugins\/seo\/ -->\n<title>El servicio de trenes a Buenos Aires estar\u00e1 suspendido hasta febrero - Noticias Radio Reflejos<\/title>\n<meta name=\"robots\" content=\"index, follow, max-snippet:-1, max-image-preview:large, max-video-preview:-1\" \/>\n<link rel=\"canonical\" href=\"https:\/\/www.noticiasradioreflejos.com.ar\/2021\/el-servicio-de-trenes-a-buenos-aires-estara-suspendido-hasta-febrero\/\" \/>\n<meta property=\"og:locale\" content=\"es_ES\" \/>\n<meta property=\"og:type\" content=\"article\" \/>\n<meta property=\"og:title\" content=\"El servicio de trenes a Buenos Aires estar\u00e1 suspendido hasta febrero - Noticias Radio Reflejos\" \/>\n<meta property=\"og:description\" content=\"La decisi\u00f3n y los plazos, fueron informados por la empresa FerroSur Roca.\" \/>\n<meta property=\"og:url\" content=\"https:\/\/www.noticiasradioreflejos.com.ar\/2021\/el-servicio-de-trenes-a-buenos-aires-estara-suspendido-hasta-febrero\/\" \/>\n<meta property=\"og:site_name\" content=\"Noticias Radio Reflejos\" \/>\n<meta property=\"article:published_time\" content=\"2022-10-26T23:34:20+00:00\" \/>\n<meta property=\"og:image\" content=\"https:\/\/www.labrujula24.com\/wp-content\/uploads\/2022\/04\/tren-1.jpg\" \/>\n<meta name=\"author\" content=\"Arnaldo Botto\" \/>\n<meta name=\"twitter:card\" content=\"summary_large_image\" \/>\n<script type=\"application\/ld+json\" class=\"yoast-schema-graph\">{\"@context\":\"https:\/\/schema.org\",\"@graph\":[{\"@type\":\"WebPage\",\"@id\":\"https:\/\/www.noticiasradioreflejos.com.ar\/2021\/el-servicio-de-trenes-a-buenos-aires-estara-suspendido-hasta-febrero\/\",\"url\":\"https:\/\/www.noticiasradioreflejos.com.ar\/2021\/el-servicio-de-trenes-a-buenos-aires-estara-suspendido-hasta-febrero\/\",\"name\":\"El servicio de trenes a Buenos Aires estar\u00e1 suspendido hasta febrero - Noticias Radio Reflejos\",\"isPartOf\":{\"@id\":\"https:\/\/www.noticiasradioreflejos.com.ar\/2021\/#website\"},\"primaryImageOfPage\":{\"@id\":\"https:\/\/www.noticiasradioreflejos.com.ar\/2021\/el-servicio-de-trenes-a-buenos-aires-estara-suspendido-hasta-febrero\/#primaryimage\"},\"image\":{\"@id\":\"https:\/\/www.noticiasradioreflejos.com.ar\/2021\/el-servicio-de-trenes-a-buenos-aires-estara-suspendido-hasta-febrero\/#primaryimage\"},\"thumbnailUrl\":\"https:\/\/www.labrujula24.com\/wp-content\/uploads\/2022\/04\/tren-1.jpg\",\"datePublished\":\"2022-10-26T23:34:20+00:00\",\"author\":{\"@id\":\"https:\/\/www.noticiasradioreflejos.com.ar\/2021\/#\/schema\/person\/ad82545263dcc5ec0996818884fd5fb1\"},\"breadcrumb\":{\"@id\":\"https:\/\/www.noticiasradioreflejos.com.ar\/2021\/el-servicio-de-trenes-a-buenos-aires-estara-suspendido-hasta-febrero\/#breadcrumb\"},\"inLanguage\":\"es\",\"potentialAction\":[{\"@type\":\"ReadAction\",\"target\":[\"https:\/\/www.noticiasradioreflejos.com.ar\/2021\/el-servicio-de-trenes-a-buenos-aires-estara-suspendido-hasta-febrero\/\"]}]},{\"@type\":\"ImageObject\",\"inLanguage\":\"es\",\"@id\":\"https:\/\/www.noticiasradioreflejos.com.ar\/2021\/el-servicio-de-trenes-a-buenos-aires-estara-suspendido-hasta-febrero\/#primaryimage\",\"url\":\"https:\/\/www.labrujula24.com\/wp-content\/uploads\/2022\/04\/tren-1.jpg\",\"contentUrl\":\"https:\/\/www.labrujula24.com\/wp-content\/uploads\/2022\/04\/tren-1.jpg\"},{\"@type\":\"BreadcrumbList\",\"@id\":\"https:\/\/www.noticiasradioreflejos.com.ar\/2021\/el-servicio-de-trenes-a-buenos-aires-estara-suspendido-hasta-febrero\/#breadcrumb\",\"itemListElement\":[{\"@type\":\"ListItem\",\"position\":1,\"name\":\"Portada\",\"item\":\"https:\/\/www.noticiasradioreflejos.com.ar\/2021\/\"},{\"@type\":\"ListItem\",\"position\":2,\"name\":\"El servicio de trenes a Buenos Aires estar\u00e1 suspendido hasta febrero\"}]},{\"@type\":\"WebSite\",\"@id\":\"https:\/\/www.noticiasradioreflejos.com.ar\/2021\/#website\",\"url\":\"https:\/\/www.noticiasradioreflejos.com.ar\/2021\/\",\"name\":\"Noticias Radio Reflejos\",\"description\":\"Las noticias de mi comarca\",\"potentialAction\":[{\"@type\":\"SearchAction\",\"target\":{\"@type\":\"EntryPoint\",\"urlTemplate\":\"https:\/\/www.noticiasradioreflejos.com.ar\/2021\/?s={search_term_string}\"},\"query-input\":{\"@type\":\"PropertyValueSpecification\",\"valueRequired\":true,\"valueName\":\"search_term_string\"}}],\"inLanguage\":\"es\"},{\"@type\":\"Person\",\"@id\":\"https:\/\/www.noticiasradioreflejos.com.ar\/2021\/#\/schema\/person\/ad82545263dcc5ec0996818884fd5fb1\",\"name\":\"Arnaldo Botto\",\"image\":{\"@type\":\"ImageObject\",\"inLanguage\":\"es\",\"@id\":\"https:\/\/www.noticiasradioreflejos.com.ar\/2021\/#\/schema\/person\/image\/\",\"url\":\"https:\/\/secure.gravatar.com\/avatar\/55cb5e37c1efa326397366e6974cb338056df65cb50e7d64d1cf314e87504837?s=96&d=mm&r=g\",\"contentUrl\":\"https:\/\/secure.gravatar.com\/avatar\/55cb5e37c1efa326397366e6974cb338056df65cb50e7d64d1cf314e87504837?s=96&d=mm&r=g\",\"caption\":\"Arnaldo Botto\"},\"url\":\"https:\/\/www.noticiasradioreflejos.com.ar\/2021\/author\/arnaldo\/\"}]}<\/script>\n<!-- \/ Yoast SEO plugin. -->","yoast_head_json":{"title":"El servicio de trenes a Buenos Aires estar\u00e1 suspendido hasta febrero - Noticias Radio Reflejos","robots":{"index":"index","follow":"follow","max-snippet":"max-snippet:-1","max-image-preview":"max-image-preview:large","max-video-preview":"max-video-preview:-1"},"canonical":"https:\/\/www.noticiasradioreflejos.com.ar\/2021\/el-servicio-de-trenes-a-buenos-aires-estara-suspendido-hasta-febrero\/","og_locale":"es_ES","og_type":"article","og_title":"El servicio de trenes a Buenos Aires estar\u00e1 suspendido hasta febrero - Noticias Radio Reflejos","og_description":"La decisi\u00f3n y los plazos, fueron informados por la empresa FerroSur Roca.","og_url":"https:\/\/www.noticiasradioreflejos.com.ar\/2021\/el-servicio-de-trenes-a-buenos-aires-estara-suspendido-hasta-febrero\/","og_site_name":"Noticias Radio Reflejos","article_published_time":"2022-10-26T23:34:20+00:00","og_image":[{"url":"https:\/\/www.labrujula24.com\/wp-content\/uploads\/2022\/04\/tren-1.jpg","type":"","width":"","height":""}],"author":"Arnaldo Botto","twitter_card":"summary_large_image","schema":{"@context":"https:\/\/schema.org","@graph":[{"@type":"WebPage","@id":"https:\/\/www.noticiasradioreflejos.com.ar\/2021\/el-servicio-de-trenes-a-buenos-aires-estara-suspendido-hasta-febrero\/","url":"https:\/\/www.noticiasradioreflejos.com.ar\/2021\/el-servicio-de-trenes-a-buenos-aires-estara-suspendido-hasta-febrero\/","name":"El servicio de trenes a Buenos Aires estar\u00e1 suspendido hasta febrero - Noticias Radio Reflejos","isPartOf":{"@id":"https:\/\/www.noticiasradioreflejos.com.ar\/2021\/#website"},"primaryImageOfPage":{"@id":"https:\/\/www.noticiasradioreflejos.com.ar\/2021\/el-servicio-de-trenes-a-buenos-aires-estara-suspendido-hasta-febrero\/#primaryimage"},"image":{"@id":"https:\/\/www.noticiasradioreflejos.com.ar\/2021\/el-servicio-de-trenes-a-buenos-aires-estara-suspendido-hasta-febrero\/#primaryimage"},"thumbnailUrl":"https:\/\/www.labrujula24.com\/wp-content\/uploads\/2022\/04\/tren-1.jpg","datePublished":"2022-10-26T23:34:20+00:00","author":{"@id":"https:\/\/www.noticiasradioreflejos.com.ar\/2021\/#\/schema\/person\/ad82545263dcc5ec0996818884fd5fb1"},"breadcrumb":{"@id":"https:\/\/www.noticiasradioreflejos.com.ar\/2021\/el-servicio-de-trenes-a-buenos-aires-estara-suspendido-hasta-febrero\/#breadcrumb"},"inLanguage":"es","potentialAction":[{"@type":"ReadAction","target":["https:\/\/www.noticiasradioreflejos.com.ar\/2021\/el-servicio-de-trenes-a-buenos-aires-estara-suspendido-hasta-febrero\/"]}]},{"@type":"ImageObject","inLanguage":"es","@id":"https:\/\/www.noticiasradioreflejos.com.ar\/2021\/el-servicio-de-trenes-a-buenos-aires-estara-suspendido-hasta-febrero\/#primaryimage","url":"https:\/\/www.labrujula24.com\/wp-content\/uploads\/2022\/04\/tren-1.jpg","contentUrl":"https:\/\/www.labrujula24.com\/wp-content\/uploads\/2022\/04\/tren-1.jpg"},{"@type":"BreadcrumbList","@id":"https:\/\/www.noticiasradioreflejos.com.ar\/2021\/el-servicio-de-trenes-a-buenos-aires-estara-suspendido-hasta-febrero\/#breadcrumb","itemListElement":[{"@type":"ListItem","position":1,"name":"Portada","item":"https:\/\/www.noticiasradioreflejos.com.ar\/2021\/"},{"@type":"ListItem","position":2,"name":"El servicio de trenes a Buenos Aires estar\u00e1 suspendido hasta febrero"}]},{"@type":"WebSite","@id":"https:\/\/www.noticiasradioreflejos.com.ar\/2021\/#website","url":"https:\/\/www.noticiasradioreflejos.com.ar\/2021\/","name":"Noticias Radio Reflejos","description":"Las noticias de mi comarca","potentialAction":[{"@type":"SearchAction","target":{"@type":"EntryPoint","urlTemplate":"https:\/\/www.noticiasradioreflejos.com.ar\/2021\/?s={search_term_string}"},"query-input":{"@type":"PropertyValueSpecification","valueRequired":true,"valueName":"search_term_string"}}],"inLanguage":"es"},{"@type":"Person","@id":"https:\/\/www.noticiasradioreflejos.com.ar\/2021\/#\/schema\/person\/ad82545263dcc5ec0996818884fd5fb1","name":"Arnaldo Botto","image":{"@type":"ImageObject","inLanguage":"es","@id":"https:\/\/www.noticiasradioreflejos.com.ar\/2021\/#\/schema\/person\/image\/","url":"https:\/\/secure.gravatar.com\/avatar\/55cb5e37c1efa326397366e6974cb338056df65cb50e7d64d1cf314e87504837?s=96&d=mm&r=g","contentUrl":"https:\/\/secure.gravatar.com\/avatar\/55cb5e37c1efa326397366e6974cb338056df65cb50e7d64d1cf314e87504837?s=96&d=mm&r=g","caption":"Arnaldo Botto"},"url":"https:\/\/www.noticiasradioreflejos.com.ar\/2021\/author\/arnaldo\/"}]}},"_links":{"self":[{"href":"https:\/\/www.noticiasradioreflejos.com.ar\/2021\/wp-json\/wp\/v2\/posts\/79445","targetHints":{"allow":["GET"]}}],"collection":[{"href":"https:\/\/www.noticiasradioreflejos.com.ar\/2021\/wp-json\/wp\/v2\/posts"}],"about":[{"href":"https:\/\/www.noticiasradioreflejos.com.ar\/2021\/wp-json\/wp\/v2\/types\/post"}],"author":[{"embeddable":true,"href":"https:\/\/www.noticiasradioreflejos.com.ar\/2021\/wp-json\/wp\/v2\/users\/3"}],"replies":[{"embeddable":true,"href":"https:\/\/www.noticiasradioreflejos.com.ar\/2021\/wp-json\/wp\/v2\/comments?post=79445"}],"version-history":[{"count":1,"href":"https:\/\/www.noticiasradioreflejos.com.ar\/2021\/wp-json\/wp\/v2\/posts\/79445\/revisions"}],"predecessor-version":[{"id":79446,"href":"https:\/\/www.noticiasradioreflejos.com.ar\/2021\/wp-json\/wp\/v2\/posts\/79445\/revisions\/79446"}],"wp:attachment":[{"href":"https:\/\/www.noticiasradioreflejos.com.ar\/2021\/wp-json\/wp\/v2\/media?parent=79445"}],"wp:term":[{"taxonomy":"category","embeddable":true,"href":"https:\/\/www.noticiasradioreflejos.com.ar\/2021\/wp-json\/wp\/v2\/categories?post=79445"},{"taxonomy":"post_tag","embeddable":true,"href":"https:\/\/www.noticiasradioreflejos.com.ar\/2021\/wp-json\/wp\/v2\/tags?post=79445"}],"curies":[{"name":"wp","href":"https:\/\/api.w.org\/{rel}","templated":true}]}}