{"id":79442,"date":"2022-10-26T20:43:19","date_gmt":"2022-10-26T20:43:19","guid":{"rendered":"http:\/\/www.noticiasradioreflejos.com.ar\/2021\/?p=79442"},"modified":"2022-10-26T20:43:19","modified_gmt":"2022-10-26T20:43:19","slug":"un-investigador-restauro-una-represa-prehispanica-para-proveer-agua-a-un-municipio-en-peru","status":"publish","type":"post","link":"https:\/\/www.noticiasradioreflejos.com.ar\/2021\/un-investigador-restauro-una-represa-prehispanica-para-proveer-agua-a-un-municipio-en-peru\/","title":{"rendered":"Un investigador restaur\u00f3 una represa prehisp\u00e1nica para proveer agua a un municipio en Per\u00fa"},"content":{"rendered":"<p>Kevin Lane dirigi\u00f3 la rehabilitaci\u00f3n de \u00abRicococha Alta\u00bb, una de las 18 represas prehisp\u00e1nicas de la zona, para preservar el patrimonio arqueol\u00f3gico y llevar agua a trescientos vecinos de Pamparom\u00e1s. Ahora hay que esperar las lluvias de octubre a marzo para llenar el dique.<!--more--><\/p>\n<figure class=\"mb-3\"><img decoding=\"async\" src=\"https:\/\/www.telam.com.ar\/thumbs\/bluesteel\/advf\/imagenes\/2022\/10\/635935c1846b1_1200.jpg\" alt=\"Ricococha Alta se rehabilit con mano de obra local \" width=\"100%\" height=\"100%\" \/><\/p>\n<div class=\"media-icons\"><\/div><figcaption>\u00abRicococha Alta\u00bb se rehabilit\u00f3 con mano de obra local.<\/figcaption><\/figure>\n<p>El investigador del Conicet Kevin Lane dirigi\u00f3 la rehabilitaci\u00f3n de una represa prehisp\u00e1nica en el departamento de Ancash, Per\u00fa, para preservar el patrimonio arqueol\u00f3gico y suministrar agua a una poblaci\u00f3n de trescientos vecinos del distrito de Pamparom\u00e1s, ubicado al norte de la capital Lima, en la costa del oc\u00e9ano Pac\u00edfico.<\/p>\n<p>En la llamada \u00abCordillera Negra\u00bb de los Andes de Per\u00fa se rehabilit\u00f3 con mano de obra local a \u00abRicococha Alta\u00bb, una de las dieciocho represas prehisp\u00e1nicas de la zona construidas durante el per\u00edodo Horizonte Medio (750-1000 d.C.) por el pueblo de los Huaylas y despu\u00e9s por los Incas (1400-1532 d.C.).<\/p>\n<p><strong>\u00abLa fase de construcci\u00f3n del proyecto ya est\u00e1 terminada. Ahora estamos esperando las lluvias de octubre a marzo del a\u00f1o que viene<\/strong>\u00a0para ver llenarse el dique, de una capacidad de quince mil metros c\u00fabicos de agua\u00bb, indic\u00f3 Lane, director del proyecto e investigador del Conicet en el Instituto de las Culturas (Idecu).<\/p>\n<figure class=\"mb-3\"><img decoding=\"async\" src=\"https:\/\/www.telam.com.ar\/thumbs\/bluesteel\/advf\/imagenes\/2022\/10\/635935c1bbc59_1200.jpg\" alt=\"Ricococha Alta la represa prehispnica en el departamento de Ancash\" width=\"100%\" height=\"100%\" \/><\/p>\n<div class=\"media-icons\"><\/div><figcaption>\u00abRicococha Alta\u00bb, la represa prehisp\u00e1nica en el departamento de Ancash.<\/figcaption><\/figure>\n<p><strong>El investigador, que hizo su doctorado en Arqueolog\u00eda en la Universidad de Cambridge<\/strong>, explic\u00f3 que \u00abcomo all\u00e1 no hay glaciares, se espera que la represa contenga las aguas de las lluvias y manantiales\u00bb, con el fin de garantizar las necesidades de agua para consumo personal, cultivo y ganader\u00eda.<\/p>\n<p>Lane lider\u00f3 la rehabilitaci\u00f3n de la represa con t\u00e9cnicas de construcci\u00f3n locales basadas en piedra y arcilla, mientras que tambi\u00e9n agregaron una geomembrana en el interior de n\u00facleo para mejorar el represamiento de la estructura.<\/p>\n<p>Por el cambio clim\u00e1tico que hoy afecta a la localidad de Pamparom\u00e1s,\u00a0<strong>las aguas de lluvia en la zona se han vuelto \u00abm\u00e1s escasas e impredecibles y del 2020 al 2021 hubo una fuerte sequ\u00eda\u00bb<\/strong>, inform\u00f3 el Conicet a trav\u00e9s de un comunicado de prensa.<\/p>\n<figure class=\"mb-3\"><img decoding=\"async\" src=\"https:\/\/www.telam.com.ar\/thumbs\/bluesteel\/advf\/imagenes\/2022\/10\/635935c1a1207_1200.jpg\" alt=\"Ricococha Alta se rehabilit con mano de obra local \" width=\"100%\" height=\"100%\" \/><\/p>\n<div class=\"media-icons\"><\/div><figcaption>\u00abRicococha Alta\u00bb se rehabilit\u00f3 con mano de obra local.<\/figcaption><\/figure>\n<p>Si bien la soluci\u00f3n moderna a la escasez de agua ser\u00eda la construcci\u00f3n de represas de cemento, \u00ab\u00e9stas normalmente se hacen en sitios donde ya existen represas prehisp\u00e1nicas\u00bb, indic\u00f3 Lane, arque\u00f3logo ingl\u00e9s que se desempe\u00f1a en el Conicet, organismo nacional que tambi\u00e9n integra investigadores extranjeros.<\/p>\n<p>A su vez, remarc\u00f3 que \u00ablas represas de cemento son muy caras, en el orden de un mill\u00f3n de d\u00f3lares hacia arriba, y su gesti\u00f3n demora normalmente de tres a cinco a\u00f1os. Nosotros tardamos un a\u00f1o\u00bb.<\/p>\n<p>Adem\u00e1s,\u00a0<strong>al ser de cemento \u00abtienden a ser muy r\u00edgidas frente los temblores frecuentes de la zona, llevando a que fallen en un lapso de veinticinco a treinta y cinco a\u00f1os\u00bb, continu\u00f3 Lane.<\/strong><\/p>\n<p>El proyecto cont\u00f3 con la autorizaci\u00f3n del Ministerio de Cultura de Per\u00fa y fue financiado con un presupuesto de 100.000 d\u00f3lares otorgado por la Fundaci\u00f3n alemana Gerda Henkel.<\/p>\n<p>Se estima que en la Cordillera Negra de los Andes norcentral podr\u00eda haber restos arqueol\u00f3gicos de 350 estructuras de represas prehisp\u00e1nicas.<\/p>\n<figure class=\"mb-3\"><img decoding=\"async\" src=\"https:\/\/www.telam.com.ar\/thumbs\/bluesteel\/advf\/imagenes\/2022\/10\/635935c170d1c_1200.jpg\" alt=\"Kevin Lane investigador del Conicet\" width=\"100%\" height=\"100%\" \/><\/p>\n<div class=\"media-icons\"><\/div><figcaption>Kevin Lane, investigador del Conicet.<\/figcaption><\/figure>\n<p><strong>\u00abEstamos considerando replicar esta experiencia en otras regiones con escasez de agua\u00bb, adelant\u00f3 el arque\u00f3logo.<\/strong><\/p>\n<p>En la Argentina tambi\u00e9n se descubrieron represas prehisp\u00e1nicas que han sido utilizadas para el riego agr\u00edcola.<\/p>\n<p>En 2018, la investigadora del Conicet y de la Universidad Nacional de Jujuy (UNJu) Lorena Grana junto a su equipo de trabajo hallaron la primera represa prehisp\u00e1nica registrada hasta la fecha en la puna catamarque\u00f1a, en Antofagasta de la Sierra.<\/p>\n<p>Para la doctora en arqueolog\u00eda,\u00a0<strong>la meta no es s\u00f3lo aspirar a una r\u00e9plica, sino a generar un proceso de aprendizaje entre las familias agropastoriles interesadas, equipos de investigaci\u00f3n e instituciones para encontrar estrategias de manejo sustentable del agua y hacer frente a los problemas socio-ambientales que atraviesan.<\/strong><\/p>\n<p>\u00abEl caso de la obra liderada por Lane en Per\u00fa demuestra el alto potencial que tienen estos proyectos para considerar los conocimientos ecohidrol\u00f3gicos ancestrales a la hora de pensar alternativas de gesti\u00f3n sobre los recursos h\u00eddricos actuales\u00bb, concluy\u00f3 Grana.<\/p>\n","protected":false},"excerpt":{"rendered":"<p>Kevin Lane dirigi\u00f3 la rehabilitaci\u00f3n de \u00abRicococha Alta\u00bb, una de las 18 represas prehisp\u00e1nicas de la zona, para preservar el patrimonio arqueol\u00f3gico y llevar agua a trescientos vecinos de Pamparom\u00e1s. Ahora hay que esperar las lluvias de octubre a marzo para llenar el dique.<\/p>\n","protected":false},"author":3,"featured_media":0,"comment_status":"closed","ping_status":"closed","sticky":false,"template":"","format":"standard","meta":{"footnotes":""},"categories":[46],"tags":[],"class_list":["post-79442","post","type-post","status-publish","format-standard","hentry","category-ciencia-y-tecnologia"],"yoast_head":"<!-- This site is optimized with the Yoast SEO plugin v25.9 - https:\/\/yoast.com\/wordpress\/plugins\/seo\/ -->\n<title>Un investigador restaur\u00f3 una represa prehisp\u00e1nica para proveer agua a un municipio en Per\u00fa - Noticias Radio Reflejos<\/title>\n<meta name=\"robots\" content=\"index, follow, max-snippet:-1, max-image-preview:large, max-video-preview:-1\" \/>\n<link rel=\"canonical\" href=\"https:\/\/www.noticiasradioreflejos.com.ar\/2021\/un-investigador-restauro-una-represa-prehispanica-para-proveer-agua-a-un-municipio-en-peru\/\" \/>\n<meta property=\"og:locale\" content=\"es_ES\" \/>\n<meta property=\"og:type\" content=\"article\" \/>\n<meta property=\"og:title\" content=\"Un investigador restaur\u00f3 una represa prehisp\u00e1nica para proveer agua a un municipio en Per\u00fa - Noticias Radio Reflejos\" \/>\n<meta property=\"og:description\" content=\"Kevin Lane dirigi\u00f3 la rehabilitaci\u00f3n de \u00abRicococha Alta\u00bb, una de las 18 represas prehisp\u00e1nicas de la zona, para preservar el patrimonio arqueol\u00f3gico y llevar agua a trescientos vecinos de Pamparom\u00e1s. Ahora hay que esperar las lluvias de octubre a marzo para llenar el dique.\" \/>\n<meta property=\"og:url\" content=\"https:\/\/www.noticiasradioreflejos.com.ar\/2021\/un-investigador-restauro-una-represa-prehispanica-para-proveer-agua-a-un-municipio-en-peru\/\" \/>\n<meta property=\"og:site_name\" content=\"Noticias Radio Reflejos\" \/>\n<meta property=\"article:published_time\" content=\"2022-10-26T20:43:19+00:00\" \/>\n<meta property=\"og:image\" content=\"https:\/\/www.telam.com.ar\/thumbs\/bluesteel\/advf\/imagenes\/2022\/10\/635935c1846b1_1200.jpg\" \/>\n<meta name=\"author\" content=\"Arnaldo Botto\" \/>\n<meta name=\"twitter:card\" content=\"summary_large_image\" \/>\n<script type=\"application\/ld+json\" class=\"yoast-schema-graph\">{\"@context\":\"https:\/\/schema.org\",\"@graph\":[{\"@type\":\"WebPage\",\"@id\":\"https:\/\/www.noticiasradioreflejos.com.ar\/2021\/un-investigador-restauro-una-represa-prehispanica-para-proveer-agua-a-un-municipio-en-peru\/\",\"url\":\"https:\/\/www.noticiasradioreflejos.com.ar\/2021\/un-investigador-restauro-una-represa-prehispanica-para-proveer-agua-a-un-municipio-en-peru\/\",\"name\":\"Un investigador restaur\u00f3 una represa prehisp\u00e1nica para proveer agua a un municipio en Per\u00fa - Noticias Radio Reflejos\",\"isPartOf\":{\"@id\":\"https:\/\/www.noticiasradioreflejos.com.ar\/2021\/#website\"},\"primaryImageOfPage\":{\"@id\":\"https:\/\/www.noticiasradioreflejos.com.ar\/2021\/un-investigador-restauro-una-represa-prehispanica-para-proveer-agua-a-un-municipio-en-peru\/#primaryimage\"},\"image\":{\"@id\":\"https:\/\/www.noticiasradioreflejos.com.ar\/2021\/un-investigador-restauro-una-represa-prehispanica-para-proveer-agua-a-un-municipio-en-peru\/#primaryimage\"},\"thumbnailUrl\":\"https:\/\/www.telam.com.ar\/thumbs\/bluesteel\/advf\/imagenes\/2022\/10\/635935c1846b1_1200.jpg\",\"datePublished\":\"2022-10-26T20:43:19+00:00\",\"author\":{\"@id\":\"https:\/\/www.noticiasradioreflejos.com.ar\/2021\/#\/schema\/person\/ad82545263dcc5ec0996818884fd5fb1\"},\"breadcrumb\":{\"@id\":\"https:\/\/www.noticiasradioreflejos.com.ar\/2021\/un-investigador-restauro-una-represa-prehispanica-para-proveer-agua-a-un-municipio-en-peru\/#breadcrumb\"},\"inLanguage\":\"es\",\"potentialAction\":[{\"@type\":\"ReadAction\",\"target\":[\"https:\/\/www.noticiasradioreflejos.com.ar\/2021\/un-investigador-restauro-una-represa-prehispanica-para-proveer-agua-a-un-municipio-en-peru\/\"]}]},{\"@type\":\"ImageObject\",\"inLanguage\":\"es\",\"@id\":\"https:\/\/www.noticiasradioreflejos.com.ar\/2021\/un-investigador-restauro-una-represa-prehispanica-para-proveer-agua-a-un-municipio-en-peru\/#primaryimage\",\"url\":\"https:\/\/www.telam.com.ar\/thumbs\/bluesteel\/advf\/imagenes\/2022\/10\/635935c1846b1_1200.jpg\",\"contentUrl\":\"https:\/\/www.telam.com.ar\/thumbs\/bluesteel\/advf\/imagenes\/2022\/10\/635935c1846b1_1200.jpg\"},{\"@type\":\"BreadcrumbList\",\"@id\":\"https:\/\/www.noticiasradioreflejos.com.ar\/2021\/un-investigador-restauro-una-represa-prehispanica-para-proveer-agua-a-un-municipio-en-peru\/#breadcrumb\",\"itemListElement\":[{\"@type\":\"ListItem\",\"position\":1,\"name\":\"Portada\",\"item\":\"https:\/\/www.noticiasradioreflejos.com.ar\/2021\/\"},{\"@type\":\"ListItem\",\"position\":2,\"name\":\"Un investigador restaur\u00f3 una represa prehisp\u00e1nica para proveer agua a un municipio en Per\u00fa\"}]},{\"@type\":\"WebSite\",\"@id\":\"https:\/\/www.noticiasradioreflejos.com.ar\/2021\/#website\",\"url\":\"https:\/\/www.noticiasradioreflejos.com.ar\/2021\/\",\"name\":\"Noticias Radio Reflejos\",\"description\":\"Las noticias de mi comarca\",\"potentialAction\":[{\"@type\":\"SearchAction\",\"target\":{\"@type\":\"EntryPoint\",\"urlTemplate\":\"https:\/\/www.noticiasradioreflejos.com.ar\/2021\/?s={search_term_string}\"},\"query-input\":{\"@type\":\"PropertyValueSpecification\",\"valueRequired\":true,\"valueName\":\"search_term_string\"}}],\"inLanguage\":\"es\"},{\"@type\":\"Person\",\"@id\":\"https:\/\/www.noticiasradioreflejos.com.ar\/2021\/#\/schema\/person\/ad82545263dcc5ec0996818884fd5fb1\",\"name\":\"Arnaldo Botto\",\"image\":{\"@type\":\"ImageObject\",\"inLanguage\":\"es\",\"@id\":\"https:\/\/www.noticiasradioreflejos.com.ar\/2021\/#\/schema\/person\/image\/\",\"url\":\"https:\/\/secure.gravatar.com\/avatar\/55cb5e37c1efa326397366e6974cb338056df65cb50e7d64d1cf314e87504837?s=96&d=mm&r=g\",\"contentUrl\":\"https:\/\/secure.gravatar.com\/avatar\/55cb5e37c1efa326397366e6974cb338056df65cb50e7d64d1cf314e87504837?s=96&d=mm&r=g\",\"caption\":\"Arnaldo Botto\"},\"url\":\"https:\/\/www.noticiasradioreflejos.com.ar\/2021\/author\/arnaldo\/\"}]}<\/script>\n<!-- \/ Yoast SEO plugin. -->","yoast_head_json":{"title":"Un investigador restaur\u00f3 una represa prehisp\u00e1nica para proveer agua a un municipio en Per\u00fa - Noticias Radio Reflejos","robots":{"index":"index","follow":"follow","max-snippet":"max-snippet:-1","max-image-preview":"max-image-preview:large","max-video-preview":"max-video-preview:-1"},"canonical":"https:\/\/www.noticiasradioreflejos.com.ar\/2021\/un-investigador-restauro-una-represa-prehispanica-para-proveer-agua-a-un-municipio-en-peru\/","og_locale":"es_ES","og_type":"article","og_title":"Un investigador restaur\u00f3 una represa prehisp\u00e1nica para proveer agua a un municipio en Per\u00fa - Noticias Radio Reflejos","og_description":"Kevin Lane dirigi\u00f3 la rehabilitaci\u00f3n de \u00abRicococha Alta\u00bb, una de las 18 represas prehisp\u00e1nicas de la zona, para preservar el patrimonio arqueol\u00f3gico y llevar agua a trescientos vecinos de Pamparom\u00e1s. Ahora hay que esperar las lluvias de octubre a marzo para llenar el dique.","og_url":"https:\/\/www.noticiasradioreflejos.com.ar\/2021\/un-investigador-restauro-una-represa-prehispanica-para-proveer-agua-a-un-municipio-en-peru\/","og_site_name":"Noticias Radio Reflejos","article_published_time":"2022-10-26T20:43:19+00:00","og_image":[{"url":"https:\/\/www.telam.com.ar\/thumbs\/bluesteel\/advf\/imagenes\/2022\/10\/635935c1846b1_1200.jpg","type":"","width":"","height":""}],"author":"Arnaldo Botto","twitter_card":"summary_large_image","schema":{"@context":"https:\/\/schema.org","@graph":[{"@type":"WebPage","@id":"https:\/\/www.noticiasradioreflejos.com.ar\/2021\/un-investigador-restauro-una-represa-prehispanica-para-proveer-agua-a-un-municipio-en-peru\/","url":"https:\/\/www.noticiasradioreflejos.com.ar\/2021\/un-investigador-restauro-una-represa-prehispanica-para-proveer-agua-a-un-municipio-en-peru\/","name":"Un investigador restaur\u00f3 una represa prehisp\u00e1nica para proveer agua a un municipio en Per\u00fa - Noticias Radio Reflejos","isPartOf":{"@id":"https:\/\/www.noticiasradioreflejos.com.ar\/2021\/#website"},"primaryImageOfPage":{"@id":"https:\/\/www.noticiasradioreflejos.com.ar\/2021\/un-investigador-restauro-una-represa-prehispanica-para-proveer-agua-a-un-municipio-en-peru\/#primaryimage"},"image":{"@id":"https:\/\/www.noticiasradioreflejos.com.ar\/2021\/un-investigador-restauro-una-represa-prehispanica-para-proveer-agua-a-un-municipio-en-peru\/#primaryimage"},"thumbnailUrl":"https:\/\/www.telam.com.ar\/thumbs\/bluesteel\/advf\/imagenes\/2022\/10\/635935c1846b1_1200.jpg","datePublished":"2022-10-26T20:43:19+00:00","author":{"@id":"https:\/\/www.noticiasradioreflejos.com.ar\/2021\/#\/schema\/person\/ad82545263dcc5ec0996818884fd5fb1"},"breadcrumb":{"@id":"https:\/\/www.noticiasradioreflejos.com.ar\/2021\/un-investigador-restauro-una-represa-prehispanica-para-proveer-agua-a-un-municipio-en-peru\/#breadcrumb"},"inLanguage":"es","potentialAction":[{"@type":"ReadAction","target":["https:\/\/www.noticiasradioreflejos.com.ar\/2021\/un-investigador-restauro-una-represa-prehispanica-para-proveer-agua-a-un-municipio-en-peru\/"]}]},{"@type":"ImageObject","inLanguage":"es","@id":"https:\/\/www.noticiasradioreflejos.com.ar\/2021\/un-investigador-restauro-una-represa-prehispanica-para-proveer-agua-a-un-municipio-en-peru\/#primaryimage","url":"https:\/\/www.telam.com.ar\/thumbs\/bluesteel\/advf\/imagenes\/2022\/10\/635935c1846b1_1200.jpg","contentUrl":"https:\/\/www.telam.com.ar\/thumbs\/bluesteel\/advf\/imagenes\/2022\/10\/635935c1846b1_1200.jpg"},{"@type":"BreadcrumbList","@id":"https:\/\/www.noticiasradioreflejos.com.ar\/2021\/un-investigador-restauro-una-represa-prehispanica-para-proveer-agua-a-un-municipio-en-peru\/#breadcrumb","itemListElement":[{"@type":"ListItem","position":1,"name":"Portada","item":"https:\/\/www.noticiasradioreflejos.com.ar\/2021\/"},{"@type":"ListItem","position":2,"name":"Un investigador restaur\u00f3 una represa prehisp\u00e1nica para proveer agua a un municipio en Per\u00fa"}]},{"@type":"WebSite","@id":"https:\/\/www.noticiasradioreflejos.com.ar\/2021\/#website","url":"https:\/\/www.noticiasradioreflejos.com.ar\/2021\/","name":"Noticias Radio Reflejos","description":"Las noticias de mi comarca","potentialAction":[{"@type":"SearchAction","target":{"@type":"EntryPoint","urlTemplate":"https:\/\/www.noticiasradioreflejos.com.ar\/2021\/?s={search_term_string}"},"query-input":{"@type":"PropertyValueSpecification","valueRequired":true,"valueName":"search_term_string"}}],"inLanguage":"es"},{"@type":"Person","@id":"https:\/\/www.noticiasradioreflejos.com.ar\/2021\/#\/schema\/person\/ad82545263dcc5ec0996818884fd5fb1","name":"Arnaldo Botto","image":{"@type":"ImageObject","inLanguage":"es","@id":"https:\/\/www.noticiasradioreflejos.com.ar\/2021\/#\/schema\/person\/image\/","url":"https:\/\/secure.gravatar.com\/avatar\/55cb5e37c1efa326397366e6974cb338056df65cb50e7d64d1cf314e87504837?s=96&d=mm&r=g","contentUrl":"https:\/\/secure.gravatar.com\/avatar\/55cb5e37c1efa326397366e6974cb338056df65cb50e7d64d1cf314e87504837?s=96&d=mm&r=g","caption":"Arnaldo Botto"},"url":"https:\/\/www.noticiasradioreflejos.com.ar\/2021\/author\/arnaldo\/"}]}},"_links":{"self":[{"href":"https:\/\/www.noticiasradioreflejos.com.ar\/2021\/wp-json\/wp\/v2\/posts\/79442","targetHints":{"allow":["GET"]}}],"collection":[{"href":"https:\/\/www.noticiasradioreflejos.com.ar\/2021\/wp-json\/wp\/v2\/posts"}],"about":[{"href":"https:\/\/www.noticiasradioreflejos.com.ar\/2021\/wp-json\/wp\/v2\/types\/post"}],"author":[{"embeddable":true,"href":"https:\/\/www.noticiasradioreflejos.com.ar\/2021\/wp-json\/wp\/v2\/users\/3"}],"replies":[{"embeddable":true,"href":"https:\/\/www.noticiasradioreflejos.com.ar\/2021\/wp-json\/wp\/v2\/comments?post=79442"}],"version-history":[{"count":1,"href":"https:\/\/www.noticiasradioreflejos.com.ar\/2021\/wp-json\/wp\/v2\/posts\/79442\/revisions"}],"predecessor-version":[{"id":79444,"href":"https:\/\/www.noticiasradioreflejos.com.ar\/2021\/wp-json\/wp\/v2\/posts\/79442\/revisions\/79444"}],"wp:attachment":[{"href":"https:\/\/www.noticiasradioreflejos.com.ar\/2021\/wp-json\/wp\/v2\/media?parent=79442"}],"wp:term":[{"taxonomy":"category","embeddable":true,"href":"https:\/\/www.noticiasradioreflejos.com.ar\/2021\/wp-json\/wp\/v2\/categories?post=79442"},{"taxonomy":"post_tag","embeddable":true,"href":"https:\/\/www.noticiasradioreflejos.com.ar\/2021\/wp-json\/wp\/v2\/tags?post=79442"}],"curies":[{"name":"wp","href":"https:\/\/api.w.org\/{rel}","templated":true}]}}