{"id":79439,"date":"2022-10-26T20:38:52","date_gmt":"2022-10-26T20:38:52","guid":{"rendered":"http:\/\/www.noticiasradioreflejos.com.ar\/2021\/?p=79439"},"modified":"2022-10-26T20:38:52","modified_gmt":"2022-10-26T20:38:52","slug":"bajaron-en-helicoptero-a-una-mujer-de-60-anos-y-a-4-jovenes-varados-en-el-cerro-champaqui","status":"publish","type":"post","link":"https:\/\/www.noticiasradioreflejos.com.ar\/2021\/bajaron-en-helicoptero-a-una-mujer-de-60-anos-y-a-4-jovenes-varados-en-el-cerro-champaqui\/","title":{"rendered":"Bajaron en helic\u00f3ptero a una mujer de 60 a\u00f1os y a 4 j\u00f3venes varados en el Cerro Champaqu\u00ed"},"content":{"rendered":"<p>Dos contingentes prevenientes de Rosario y Mar del Plata debieron ser socorridos cuando los sorprendi\u00f3 un temporal. Las autoridades informaron que \u00abse encuentran con gu\u00edas, bien contenidos y en albergues acondicionados\u00bb.<!--more--><\/p>\n<figure class=\"mb-3\"><img decoding=\"async\" src=\"https:\/\/www.telam.com.ar\/thumbs\/bluesteel\/advf\/imagenes\/2022\/10\/635940d3c0d84_1200.jpg\" alt=\"Rescate en el cerro Champaqu\" width=\"100%\" height=\"100%\" \/><\/p>\n<div class=\"media-icons\"><\/div><figcaption>Rescate en el cerro Champaqu\u00ed.<\/figcaption><\/figure>\n<p>Bomberos Voluntarios y el Equipo T\u00e9cnico de Acci\u00f3n ante Cat\u00e1strofe (ETAC) evacuaron a cinco personas que presentaban alg\u00fan problema de salud, del total de 75 que quedaron varadas a la medianoche en el cerro Champaqu\u00ed, en el oeste de la provincia de C\u00f3rdoba, debido a un temporal, inform\u00f3 un rescatista.<\/p>\n<p>\u201cYa se realiz\u00f3 la aeroevacuaci\u00f3n de cuatro j\u00f3venes por presentar dolor estomacal y en el otro helic\u00f3ptero fue trasladada al Hospital San Roque una mujer de 60 a\u00f1os que presentaba aparentemente un cuadro de accidente cerebro vascular (ACV)\u201d, dijo un bombero rescatista al canal TN.<\/p>\n<p>En tanto, expres\u00f3 que el resto de los j\u00f3venes est\u00e1 siendo evaluado en el lugar, pero se determin\u00f3 que presentan buenas condiciones de salud.<\/p>\n<p>\u00abNo ameritar\u00eda una aeroevacuaci\u00f3n sino que har\u00e1n el descenso por tierra en el transcurso del d\u00eda\u201d, a\u00f1adi\u00f3.<\/p>\n<p>El Ministerio de Gobierno y Seguridad de C\u00f3rdoba hab\u00eda informado m\u00e1s temprano a trav\u00e9s de Twitter que se encontraba trabajando en el lugar el secretario de Gesti\u00f3n Gesti\u00f3n de Riesgo, Claudio Vigneta y que hab\u00eda dos helic\u00f3pteros \u00abpara rescatar a una persona mayor de edad que ser\u00e1 trasladada al Hospital San Roque\u00bb.<\/p>\n<blockquote class=\"twitter-tweet\" data-width=\"500\" data-dnt=\"true\">\n<p lang=\"es\" dir=\"ltr\"><a href=\"https:\/\/twitter.com\/hashtag\/BomberosVoluntarios?src=hash&amp;ref_src=twsrc%5Etfw\">#BomberosVoluntarios<\/a> y efectivos del <a href=\"https:\/\/twitter.com\/hashtag\/ETAC?src=hash&amp;ref_src=twsrc%5Etfw\">#ETAC<\/a> trabajan conjuntamente en el <a href=\"https:\/\/twitter.com\/hashtag\/rescate?src=hash&amp;ref_src=twsrc%5Etfw\">#rescate<\/a> de dos contingentes de colegios que se encuentran en el cerro <a href=\"https:\/\/twitter.com\/hashtag\/Champaqui?src=hash&amp;ref_src=twsrc%5Etfw\">#Champaqui<\/a>. <\/p>\n<p>\ud83d\udd3aUn grupo de 54 personas, proviene de Rosario.<br \/>\ud83d\udd3aEl otro grupo de 21 turistas es de Mar Del Plata.<\/p>\n<p>&mdash; Ministerio de Seguridad (@minsegcba) <a href=\"https:\/\/twitter.com\/minsegcba\/status\/1585264811356594179?ref_src=twsrc%5Etfw\">October 26, 2022<\/a><\/p><\/blockquote>\n<p><script async src=\"https:\/\/platform.twitter.com\/widgets.js\" charset=\"utf-8\"><\/script><\/p>\n<p>Tambi\u00e9n hab\u00eda indicado que \u00abmenores ser\u00e1n trasladados al Hospital de Santa Rosa de Calamuchita\u00bb.<\/p>\n<p>Las 75 personas varadas integraban dos contingentes, uno de 54 que llegaron de Rosario y otro de 21 turistas provenientes de Mar Del Plata.<\/p>\n<p>Sergio Cravero, director del Departamento Unidades de Alto Riesgo (Duar), dijo esta ma\u00f1ana que las personas \u00abse encuentran con gu\u00edas, bien contenidos y en los albergues que est\u00e1n acondicionados para que est\u00e9n seguras\u00bb.<\/p>\n<blockquote class=\"\"><p>\u00abPor la tormenta de anoche ten\u00edamos el riesgo de hacer el ascenso. Ten\u00edamos que cruzar dos arroyos que estaban crecidos por la tormenta\u00bb<\/p><\/blockquote>\n<p>Cravero detall\u00f3 a medios locales que a medianoche notificaron a Duar que hab\u00eda un pedido de auxilio en la zona de Champaqu\u00ed por dos contingentes varados.<\/p>\n<p>Con respecto al rescate, hab\u00eda apuntado m\u00e1s temprano que el personal de Duar estaba en el lugar y evaluaba la aeroevacuaci\u00f3n con helic\u00f3pteros, aunque el operativo estaba sujeto a las condiciones clim\u00e1ticas favorables.<\/p>\n<p>\u00abPor la tormenta de anoche ten\u00edamos el riesgo de hacer el ascenso. Ten\u00edamos que cruzar dos arroyos que estaban crecidos por la tormenta\u00bb, hab\u00eda se\u00f1alado.<\/p>\n","protected":false},"excerpt":{"rendered":"<p>Dos contingentes prevenientes de Rosario y Mar del Plata debieron ser socorridos cuando los sorprendi\u00f3 un temporal. Las autoridades informaron que \u00abse encuentran con gu\u00edas, bien contenidos y en albergues acondicionados\u00bb.<\/p>\n","protected":false},"author":3,"featured_media":0,"comment_status":"closed","ping_status":"closed","sticky":false,"template":"","format":"standard","meta":{"footnotes":""},"categories":[29],"tags":[],"class_list":["post-79439","post","type-post","status-publish","format-standard","hentry","category-policiales"],"yoast_head":"<!-- This site is optimized with the Yoast SEO plugin v25.9 - https:\/\/yoast.com\/wordpress\/plugins\/seo\/ -->\n<title>Bajaron en helic\u00f3ptero a una mujer de 60 a\u00f1os y a 4 j\u00f3venes varados en el Cerro Champaqu\u00ed - Noticias Radio Reflejos<\/title>\n<meta name=\"robots\" content=\"index, follow, max-snippet:-1, max-image-preview:large, max-video-preview:-1\" \/>\n<link rel=\"canonical\" href=\"https:\/\/www.noticiasradioreflejos.com.ar\/2021\/bajaron-en-helicoptero-a-una-mujer-de-60-anos-y-a-4-jovenes-varados-en-el-cerro-champaqui\/\" \/>\n<meta property=\"og:locale\" content=\"es_ES\" \/>\n<meta property=\"og:type\" content=\"article\" \/>\n<meta property=\"og:title\" content=\"Bajaron en helic\u00f3ptero a una mujer de 60 a\u00f1os y a 4 j\u00f3venes varados en el Cerro Champaqu\u00ed - Noticias Radio Reflejos\" \/>\n<meta property=\"og:description\" content=\"Dos contingentes prevenientes de Rosario y Mar del Plata debieron ser socorridos cuando los sorprendi\u00f3 un temporal. Las autoridades informaron que \u00abse encuentran con gu\u00edas, bien contenidos y en albergues acondicionados\u00bb.\" \/>\n<meta property=\"og:url\" content=\"https:\/\/www.noticiasradioreflejos.com.ar\/2021\/bajaron-en-helicoptero-a-una-mujer-de-60-anos-y-a-4-jovenes-varados-en-el-cerro-champaqui\/\" \/>\n<meta property=\"og:site_name\" content=\"Noticias Radio Reflejos\" \/>\n<meta property=\"article:published_time\" content=\"2022-10-26T20:38:52+00:00\" \/>\n<meta property=\"og:image\" content=\"https:\/\/www.telam.com.ar\/thumbs\/bluesteel\/advf\/imagenes\/2022\/10\/635940d3c0d84_1200.jpg\" \/>\n<meta name=\"author\" content=\"Arnaldo Botto\" \/>\n<meta name=\"twitter:card\" content=\"summary_large_image\" \/>\n<script type=\"application\/ld+json\" class=\"yoast-schema-graph\">{\"@context\":\"https:\/\/schema.org\",\"@graph\":[{\"@type\":\"WebPage\",\"@id\":\"https:\/\/www.noticiasradioreflejos.com.ar\/2021\/bajaron-en-helicoptero-a-una-mujer-de-60-anos-y-a-4-jovenes-varados-en-el-cerro-champaqui\/\",\"url\":\"https:\/\/www.noticiasradioreflejos.com.ar\/2021\/bajaron-en-helicoptero-a-una-mujer-de-60-anos-y-a-4-jovenes-varados-en-el-cerro-champaqui\/\",\"name\":\"Bajaron en helic\u00f3ptero a una mujer de 60 a\u00f1os y a 4 j\u00f3venes varados en el Cerro Champaqu\u00ed - Noticias Radio Reflejos\",\"isPartOf\":{\"@id\":\"https:\/\/www.noticiasradioreflejos.com.ar\/2021\/#website\"},\"primaryImageOfPage\":{\"@id\":\"https:\/\/www.noticiasradioreflejos.com.ar\/2021\/bajaron-en-helicoptero-a-una-mujer-de-60-anos-y-a-4-jovenes-varados-en-el-cerro-champaqui\/#primaryimage\"},\"image\":{\"@id\":\"https:\/\/www.noticiasradioreflejos.com.ar\/2021\/bajaron-en-helicoptero-a-una-mujer-de-60-anos-y-a-4-jovenes-varados-en-el-cerro-champaqui\/#primaryimage\"},\"thumbnailUrl\":\"https:\/\/www.telam.com.ar\/thumbs\/bluesteel\/advf\/imagenes\/2022\/10\/635940d3c0d84_1200.jpg\",\"datePublished\":\"2022-10-26T20:38:52+00:00\",\"author\":{\"@id\":\"https:\/\/www.noticiasradioreflejos.com.ar\/2021\/#\/schema\/person\/ad82545263dcc5ec0996818884fd5fb1\"},\"breadcrumb\":{\"@id\":\"https:\/\/www.noticiasradioreflejos.com.ar\/2021\/bajaron-en-helicoptero-a-una-mujer-de-60-anos-y-a-4-jovenes-varados-en-el-cerro-champaqui\/#breadcrumb\"},\"inLanguage\":\"es\",\"potentialAction\":[{\"@type\":\"ReadAction\",\"target\":[\"https:\/\/www.noticiasradioreflejos.com.ar\/2021\/bajaron-en-helicoptero-a-una-mujer-de-60-anos-y-a-4-jovenes-varados-en-el-cerro-champaqui\/\"]}]},{\"@type\":\"ImageObject\",\"inLanguage\":\"es\",\"@id\":\"https:\/\/www.noticiasradioreflejos.com.ar\/2021\/bajaron-en-helicoptero-a-una-mujer-de-60-anos-y-a-4-jovenes-varados-en-el-cerro-champaqui\/#primaryimage\",\"url\":\"https:\/\/www.telam.com.ar\/thumbs\/bluesteel\/advf\/imagenes\/2022\/10\/635940d3c0d84_1200.jpg\",\"contentUrl\":\"https:\/\/www.telam.com.ar\/thumbs\/bluesteel\/advf\/imagenes\/2022\/10\/635940d3c0d84_1200.jpg\"},{\"@type\":\"BreadcrumbList\",\"@id\":\"https:\/\/www.noticiasradioreflejos.com.ar\/2021\/bajaron-en-helicoptero-a-una-mujer-de-60-anos-y-a-4-jovenes-varados-en-el-cerro-champaqui\/#breadcrumb\",\"itemListElement\":[{\"@type\":\"ListItem\",\"position\":1,\"name\":\"Portada\",\"item\":\"https:\/\/www.noticiasradioreflejos.com.ar\/2021\/\"},{\"@type\":\"ListItem\",\"position\":2,\"name\":\"Bajaron en helic\u00f3ptero a una mujer de 60 a\u00f1os y a 4 j\u00f3venes varados en el Cerro Champaqu\u00ed\"}]},{\"@type\":\"WebSite\",\"@id\":\"https:\/\/www.noticiasradioreflejos.com.ar\/2021\/#website\",\"url\":\"https:\/\/www.noticiasradioreflejos.com.ar\/2021\/\",\"name\":\"Noticias Radio Reflejos\",\"description\":\"Las noticias de mi comarca\",\"potentialAction\":[{\"@type\":\"SearchAction\",\"target\":{\"@type\":\"EntryPoint\",\"urlTemplate\":\"https:\/\/www.noticiasradioreflejos.com.ar\/2021\/?s={search_term_string}\"},\"query-input\":{\"@type\":\"PropertyValueSpecification\",\"valueRequired\":true,\"valueName\":\"search_term_string\"}}],\"inLanguage\":\"es\"},{\"@type\":\"Person\",\"@id\":\"https:\/\/www.noticiasradioreflejos.com.ar\/2021\/#\/schema\/person\/ad82545263dcc5ec0996818884fd5fb1\",\"name\":\"Arnaldo Botto\",\"image\":{\"@type\":\"ImageObject\",\"inLanguage\":\"es\",\"@id\":\"https:\/\/www.noticiasradioreflejos.com.ar\/2021\/#\/schema\/person\/image\/\",\"url\":\"https:\/\/secure.gravatar.com\/avatar\/55cb5e37c1efa326397366e6974cb338056df65cb50e7d64d1cf314e87504837?s=96&d=mm&r=g\",\"contentUrl\":\"https:\/\/secure.gravatar.com\/avatar\/55cb5e37c1efa326397366e6974cb338056df65cb50e7d64d1cf314e87504837?s=96&d=mm&r=g\",\"caption\":\"Arnaldo Botto\"},\"url\":\"https:\/\/www.noticiasradioreflejos.com.ar\/2021\/author\/arnaldo\/\"}]}<\/script>\n<!-- \/ Yoast SEO plugin. -->","yoast_head_json":{"title":"Bajaron en helic\u00f3ptero a una mujer de 60 a\u00f1os y a 4 j\u00f3venes varados en el Cerro Champaqu\u00ed - Noticias Radio Reflejos","robots":{"index":"index","follow":"follow","max-snippet":"max-snippet:-1","max-image-preview":"max-image-preview:large","max-video-preview":"max-video-preview:-1"},"canonical":"https:\/\/www.noticiasradioreflejos.com.ar\/2021\/bajaron-en-helicoptero-a-una-mujer-de-60-anos-y-a-4-jovenes-varados-en-el-cerro-champaqui\/","og_locale":"es_ES","og_type":"article","og_title":"Bajaron en helic\u00f3ptero a una mujer de 60 a\u00f1os y a 4 j\u00f3venes varados en el Cerro Champaqu\u00ed - Noticias Radio Reflejos","og_description":"Dos contingentes prevenientes de Rosario y Mar del Plata debieron ser socorridos cuando los sorprendi\u00f3 un temporal. Las autoridades informaron que \u00abse encuentran con gu\u00edas, bien contenidos y en albergues acondicionados\u00bb.","og_url":"https:\/\/www.noticiasradioreflejos.com.ar\/2021\/bajaron-en-helicoptero-a-una-mujer-de-60-anos-y-a-4-jovenes-varados-en-el-cerro-champaqui\/","og_site_name":"Noticias Radio Reflejos","article_published_time":"2022-10-26T20:38:52+00:00","og_image":[{"url":"https:\/\/www.telam.com.ar\/thumbs\/bluesteel\/advf\/imagenes\/2022\/10\/635940d3c0d84_1200.jpg","type":"","width":"","height":""}],"author":"Arnaldo Botto","twitter_card":"summary_large_image","schema":{"@context":"https:\/\/schema.org","@graph":[{"@type":"WebPage","@id":"https:\/\/www.noticiasradioreflejos.com.ar\/2021\/bajaron-en-helicoptero-a-una-mujer-de-60-anos-y-a-4-jovenes-varados-en-el-cerro-champaqui\/","url":"https:\/\/www.noticiasradioreflejos.com.ar\/2021\/bajaron-en-helicoptero-a-una-mujer-de-60-anos-y-a-4-jovenes-varados-en-el-cerro-champaqui\/","name":"Bajaron en helic\u00f3ptero a una mujer de 60 a\u00f1os y a 4 j\u00f3venes varados en el Cerro Champaqu\u00ed - Noticias Radio Reflejos","isPartOf":{"@id":"https:\/\/www.noticiasradioreflejos.com.ar\/2021\/#website"},"primaryImageOfPage":{"@id":"https:\/\/www.noticiasradioreflejos.com.ar\/2021\/bajaron-en-helicoptero-a-una-mujer-de-60-anos-y-a-4-jovenes-varados-en-el-cerro-champaqui\/#primaryimage"},"image":{"@id":"https:\/\/www.noticiasradioreflejos.com.ar\/2021\/bajaron-en-helicoptero-a-una-mujer-de-60-anos-y-a-4-jovenes-varados-en-el-cerro-champaqui\/#primaryimage"},"thumbnailUrl":"https:\/\/www.telam.com.ar\/thumbs\/bluesteel\/advf\/imagenes\/2022\/10\/635940d3c0d84_1200.jpg","datePublished":"2022-10-26T20:38:52+00:00","author":{"@id":"https:\/\/www.noticiasradioreflejos.com.ar\/2021\/#\/schema\/person\/ad82545263dcc5ec0996818884fd5fb1"},"breadcrumb":{"@id":"https:\/\/www.noticiasradioreflejos.com.ar\/2021\/bajaron-en-helicoptero-a-una-mujer-de-60-anos-y-a-4-jovenes-varados-en-el-cerro-champaqui\/#breadcrumb"},"inLanguage":"es","potentialAction":[{"@type":"ReadAction","target":["https:\/\/www.noticiasradioreflejos.com.ar\/2021\/bajaron-en-helicoptero-a-una-mujer-de-60-anos-y-a-4-jovenes-varados-en-el-cerro-champaqui\/"]}]},{"@type":"ImageObject","inLanguage":"es","@id":"https:\/\/www.noticiasradioreflejos.com.ar\/2021\/bajaron-en-helicoptero-a-una-mujer-de-60-anos-y-a-4-jovenes-varados-en-el-cerro-champaqui\/#primaryimage","url":"https:\/\/www.telam.com.ar\/thumbs\/bluesteel\/advf\/imagenes\/2022\/10\/635940d3c0d84_1200.jpg","contentUrl":"https:\/\/www.telam.com.ar\/thumbs\/bluesteel\/advf\/imagenes\/2022\/10\/635940d3c0d84_1200.jpg"},{"@type":"BreadcrumbList","@id":"https:\/\/www.noticiasradioreflejos.com.ar\/2021\/bajaron-en-helicoptero-a-una-mujer-de-60-anos-y-a-4-jovenes-varados-en-el-cerro-champaqui\/#breadcrumb","itemListElement":[{"@type":"ListItem","position":1,"name":"Portada","item":"https:\/\/www.noticiasradioreflejos.com.ar\/2021\/"},{"@type":"ListItem","position":2,"name":"Bajaron en helic\u00f3ptero a una mujer de 60 a\u00f1os y a 4 j\u00f3venes varados en el Cerro Champaqu\u00ed"}]},{"@type":"WebSite","@id":"https:\/\/www.noticiasradioreflejos.com.ar\/2021\/#website","url":"https:\/\/www.noticiasradioreflejos.com.ar\/2021\/","name":"Noticias Radio Reflejos","description":"Las noticias de mi comarca","potentialAction":[{"@type":"SearchAction","target":{"@type":"EntryPoint","urlTemplate":"https:\/\/www.noticiasradioreflejos.com.ar\/2021\/?s={search_term_string}"},"query-input":{"@type":"PropertyValueSpecification","valueRequired":true,"valueName":"search_term_string"}}],"inLanguage":"es"},{"@type":"Person","@id":"https:\/\/www.noticiasradioreflejos.com.ar\/2021\/#\/schema\/person\/ad82545263dcc5ec0996818884fd5fb1","name":"Arnaldo Botto","image":{"@type":"ImageObject","inLanguage":"es","@id":"https:\/\/www.noticiasradioreflejos.com.ar\/2021\/#\/schema\/person\/image\/","url":"https:\/\/secure.gravatar.com\/avatar\/55cb5e37c1efa326397366e6974cb338056df65cb50e7d64d1cf314e87504837?s=96&d=mm&r=g","contentUrl":"https:\/\/secure.gravatar.com\/avatar\/55cb5e37c1efa326397366e6974cb338056df65cb50e7d64d1cf314e87504837?s=96&d=mm&r=g","caption":"Arnaldo Botto"},"url":"https:\/\/www.noticiasradioreflejos.com.ar\/2021\/author\/arnaldo\/"}]}},"_links":{"self":[{"href":"https:\/\/www.noticiasradioreflejos.com.ar\/2021\/wp-json\/wp\/v2\/posts\/79439","targetHints":{"allow":["GET"]}}],"collection":[{"href":"https:\/\/www.noticiasradioreflejos.com.ar\/2021\/wp-json\/wp\/v2\/posts"}],"about":[{"href":"https:\/\/www.noticiasradioreflejos.com.ar\/2021\/wp-json\/wp\/v2\/types\/post"}],"author":[{"embeddable":true,"href":"https:\/\/www.noticiasradioreflejos.com.ar\/2021\/wp-json\/wp\/v2\/users\/3"}],"replies":[{"embeddable":true,"href":"https:\/\/www.noticiasradioreflejos.com.ar\/2021\/wp-json\/wp\/v2\/comments?post=79439"}],"version-history":[{"count":1,"href":"https:\/\/www.noticiasradioreflejos.com.ar\/2021\/wp-json\/wp\/v2\/posts\/79439\/revisions"}],"predecessor-version":[{"id":79441,"href":"https:\/\/www.noticiasradioreflejos.com.ar\/2021\/wp-json\/wp\/v2\/posts\/79439\/revisions\/79441"}],"wp:attachment":[{"href":"https:\/\/www.noticiasradioreflejos.com.ar\/2021\/wp-json\/wp\/v2\/media?parent=79439"}],"wp:term":[{"taxonomy":"category","embeddable":true,"href":"https:\/\/www.noticiasradioreflejos.com.ar\/2021\/wp-json\/wp\/v2\/categories?post=79439"},{"taxonomy":"post_tag","embeddable":true,"href":"https:\/\/www.noticiasradioreflejos.com.ar\/2021\/wp-json\/wp\/v2\/tags?post=79439"}],"curies":[{"name":"wp","href":"https:\/\/api.w.org\/{rel}","templated":true}]}}