{"id":79436,"date":"2022-10-26T20:34:39","date_gmt":"2022-10-26T20:34:39","guid":{"rendered":"http:\/\/www.noticiasradioreflejos.com.ar\/2021\/?p=79436"},"modified":"2022-10-26T20:34:39","modified_gmt":"2022-10-26T20:34:39","slug":"fracaso-la-paritaria-de-camioneros-y-el-lunes-empieza-un-paro-nacional","status":"publish","type":"post","link":"https:\/\/www.noticiasradioreflejos.com.ar\/2021\/fracaso-la-paritaria-de-camioneros-y-el-lunes-empieza-un-paro-nacional\/","title":{"rendered":"Fracas\u00f3 la paritaria de camioneros y el lunes empieza un paro nacional"},"content":{"rendered":"<p>El gremio, que solicita un aumento del 131%, no logr\u00f3 ponerse de acuerdo con los empresarios del sector y anunci\u00f3 que iniciar\u00e1n una medida de fuerza en todo el pa\u00eds.<!--more--><\/p>\n<figure class=\"mb-3\"><img decoding=\"async\" src=\"https:\/\/www.telam.com.ar\/thumbs\/bluesteel\/advf\/imagenes\/2022\/10\/63598182bdd7e_1200.jpg\" alt=\"Foto Pablo Aeli\" width=\"100%\" height=\"100%\" \/><\/p>\n<div class=\"media-icons\"><\/div><figcaption>Foto: Pablo A\u00f1eli.<\/figcaption><\/figure>\n<p>Las negociaciones salariales entre el Sindicato de Camioneros y los empresarios del sector fracasaron este mi\u00e9rcoles, por lo que el gremio de Hugo y Pablo Moyano iniciar\u00e1 un paro nacional el pr\u00f3ximo lunes, informaron a T\u00e9lam fuentes de la organizaci\u00f3n sindical.<\/p>\n<p>Poco antes de la finalizaci\u00f3n de una reuni\u00f3n paritaria en el Ministerio de Trabajo, Hugo Moyano hab\u00eda dicho que el sector patronal \u00abse niega a reconocer lo que el trabajador merece\u00bb, y advirti\u00f3 que\u00a0<strong>\u00absi no dan el aumento\u00bb del 131% que reclama Camioneros \u00abel lunes arrancamos con las medidas de fuerza\u00bb, consistente en paros a nivel nacional.<\/strong><\/p>\n<p>Habl\u00f3 ante afiliados y activistas de Camioneros concentrados frente a la sede del Ministerio de Trabajo, en Callao al 100, mientras transcurr\u00edan las negociaciones paritarias en las que el gremio hab\u00eda anunciado que iba a reiterar el pedido de una mejora salarial del 131% y los empresarios mantendr\u00edan su ofrecimiento de 84% de incremento.<\/p>\n<figure class=\"mb-3\"><img decoding=\"async\" src=\"https:\/\/www.telam.com.ar\/thumbs\/bluesteel\/advf\/imagenes\/2022\/10\/63598182eeb53_1200.jpg\" alt=\"Foto Pablo Aeli\" width=\"100%\" height=\"100%\" \/><\/p>\n<div class=\"media-icons\"><\/div><figcaption>Foto: Pablo A\u00f1eli.<\/figcaption><\/figure>\n<p>\u00abHemos venido ac\u00e1 porque el sector empresario se niega a reconocer lo que el trabajador merece\u00bb, dijo Moyano y manifest\u00f3 que \u00abno quieren reconocer el esfuerzo y sacrificio que hicimos durante la pandemia, nunca dejaron de trabajar\u00bb.<\/p>\n<p>En esa l\u00ednea, sostuvo que \u00absi no dan el aumento que el trabajador se merece, el lunes arrancamos con las medidas de fuerza\u00bb y remarc\u00f3 que \u00abvamos a demostrar que con los trabajadores no se juega\u00bb.<\/p>\n<p>La organizaci\u00f3n gremial nacional que conducen Hugo y Pablo Moyano\u00a0<strong>demanda adem\u00e1s el pago de un bono de fin de a\u00f1o\u00a0<\/strong>y el incremento de los adicionales para los trabajadores de las 18 ramas que contempla el convenio colectivo laboral 40\/89 del sector, indicaron a T\u00e9lam fuentes gremiales.<\/p>\n<figure class=\"mb-3\"><img decoding=\"async\" src=\"https:\/\/www.telam.com.ar\/thumbs\/bluesteel\/advf\/imagenes\/editadas\/63598657c5c2b_1200.jpg\" alt=\"Foto Pablo Aeli\" width=\"100%\" height=\"100%\" \/><\/p>\n<div class=\"media-icons\"><\/div><figcaption>Foto: Pablo A\u00f1eli.<\/figcaption><\/figure>\n<p>En una cuarta instancia de negociaci\u00f3n, luego de varios cuartos intermedios, sindicalistas y empresarios negociaron desde las 15 en la sede laboral de la porte\u00f1a avenida Callao al 100 en procura de superar las distantes posiciones y evitar la posibilidad de un conflicto.<\/p>\n<p>Pablo Moyano hab\u00eda calificado la semana anterior como \u00abinsuficiente\u00bb la oferta salarial de las c\u00e1maras empresarias y advirti\u00f3 sobre la posibilidad de iniciar medidas de fuerza.<\/p>\n<p>El dirigente gremial y cotitular de la CGT hab\u00eda considerado como\u00a0<strong>\u00abuna ridiculez\u00bb la oferta patronal de recomposici\u00f3n de los haberes del 84% para todo el a\u00f1o, y ratific\u00f3 la exigencia de un 131%, de un bono y de una mejora de todos los adicionales, a la vez que acus\u00f3 a varios grupos empresarios de \u00abespeculadores que aumentan los precios\u00bb.<\/strong><\/p>\n<figure class=\"mb-3\"><img decoding=\"async\" src=\"https:\/\/www.telam.com.ar\/thumbs\/bluesteel\/advf\/imagenes\/editadas\/635986da15158_1200.jpg\" alt=\"Foto Pablo Aeli\" width=\"100%\" height=\"100%\" \/><\/p>\n<div class=\"media-icons\"><\/div><figcaption>Foto: Pablo A\u00f1eli.<\/figcaption><\/figure>\n<p>\u00abEl ofrecimiento de un 84% es una falta de respeto a los camioneros, por lo que si las c\u00e1maras contin\u00faan con esta propuesta rid\u00edcula comenzar\u00e1n las acciones de fuerza y ser\u00e1n los empresarios los responsables de esas medidas\u00bb, afirm\u00f3 entonces Moyano.<\/p>\n<p>El dirigente hab\u00eda calificado como \u00abespeculadores\u00bb a Arcor, la Sociedad Rural Argentina (SRA), Mercado Libre, Techint y a Paolo Rocca, entre otros, porque \u00abaumentan a diario los precios de los productos\u00bb, y explic\u00f3 que el bono deben percibirlo todos los trabajadores, en especial los que no cubren la canasta b\u00e1sica y sobre una base inicial de 30.000 pesos.<\/p>\n","protected":false},"excerpt":{"rendered":"<p>El gremio, que solicita un aumento del 131%, no logr\u00f3 ponerse de acuerdo con los empresarios del sector y anunci\u00f3 que iniciar\u00e1n una medida de fuerza en todo el pa\u00eds.<\/p>\n","protected":false},"author":3,"featured_media":0,"comment_status":"closed","ping_status":"closed","sticky":false,"template":"","format":"standard","meta":{"footnotes":""},"categories":[1],"tags":[],"class_list":["post-79436","post","type-post","status-publish","format-standard","hentry","category-sin-categoria"],"yoast_head":"<!-- This site is optimized with the Yoast SEO plugin v25.9 - https:\/\/yoast.com\/wordpress\/plugins\/seo\/ -->\n<title>Fracas\u00f3 la paritaria de camioneros y el lunes empieza un paro nacional - Noticias Radio Reflejos<\/title>\n<meta name=\"robots\" content=\"index, follow, max-snippet:-1, max-image-preview:large, max-video-preview:-1\" \/>\n<link rel=\"canonical\" href=\"https:\/\/www.noticiasradioreflejos.com.ar\/2021\/fracaso-la-paritaria-de-camioneros-y-el-lunes-empieza-un-paro-nacional\/\" \/>\n<meta property=\"og:locale\" content=\"es_ES\" \/>\n<meta property=\"og:type\" content=\"article\" \/>\n<meta property=\"og:title\" content=\"Fracas\u00f3 la paritaria de camioneros y el lunes empieza un paro nacional - Noticias Radio Reflejos\" \/>\n<meta property=\"og:description\" content=\"El gremio, que solicita un aumento del 131%, no logr\u00f3 ponerse de acuerdo con los empresarios del sector y anunci\u00f3 que iniciar\u00e1n una medida de fuerza en todo el pa\u00eds.\" \/>\n<meta property=\"og:url\" content=\"https:\/\/www.noticiasradioreflejos.com.ar\/2021\/fracaso-la-paritaria-de-camioneros-y-el-lunes-empieza-un-paro-nacional\/\" \/>\n<meta property=\"og:site_name\" content=\"Noticias Radio Reflejos\" \/>\n<meta property=\"article:published_time\" content=\"2022-10-26T20:34:39+00:00\" \/>\n<meta property=\"og:image\" content=\"https:\/\/www.telam.com.ar\/thumbs\/bluesteel\/advf\/imagenes\/2022\/10\/63598182bdd7e_1200.jpg\" \/>\n<meta name=\"author\" content=\"Arnaldo Botto\" \/>\n<meta name=\"twitter:card\" content=\"summary_large_image\" \/>\n<script type=\"application\/ld+json\" class=\"yoast-schema-graph\">{\"@context\":\"https:\/\/schema.org\",\"@graph\":[{\"@type\":\"WebPage\",\"@id\":\"https:\/\/www.noticiasradioreflejos.com.ar\/2021\/fracaso-la-paritaria-de-camioneros-y-el-lunes-empieza-un-paro-nacional\/\",\"url\":\"https:\/\/www.noticiasradioreflejos.com.ar\/2021\/fracaso-la-paritaria-de-camioneros-y-el-lunes-empieza-un-paro-nacional\/\",\"name\":\"Fracas\u00f3 la paritaria de camioneros y el lunes empieza un paro nacional - Noticias Radio Reflejos\",\"isPartOf\":{\"@id\":\"https:\/\/www.noticiasradioreflejos.com.ar\/2021\/#website\"},\"primaryImageOfPage\":{\"@id\":\"https:\/\/www.noticiasradioreflejos.com.ar\/2021\/fracaso-la-paritaria-de-camioneros-y-el-lunes-empieza-un-paro-nacional\/#primaryimage\"},\"image\":{\"@id\":\"https:\/\/www.noticiasradioreflejos.com.ar\/2021\/fracaso-la-paritaria-de-camioneros-y-el-lunes-empieza-un-paro-nacional\/#primaryimage\"},\"thumbnailUrl\":\"https:\/\/www.telam.com.ar\/thumbs\/bluesteel\/advf\/imagenes\/2022\/10\/63598182bdd7e_1200.jpg\",\"datePublished\":\"2022-10-26T20:34:39+00:00\",\"author\":{\"@id\":\"https:\/\/www.noticiasradioreflejos.com.ar\/2021\/#\/schema\/person\/ad82545263dcc5ec0996818884fd5fb1\"},\"breadcrumb\":{\"@id\":\"https:\/\/www.noticiasradioreflejos.com.ar\/2021\/fracaso-la-paritaria-de-camioneros-y-el-lunes-empieza-un-paro-nacional\/#breadcrumb\"},\"inLanguage\":\"es\",\"potentialAction\":[{\"@type\":\"ReadAction\",\"target\":[\"https:\/\/www.noticiasradioreflejos.com.ar\/2021\/fracaso-la-paritaria-de-camioneros-y-el-lunes-empieza-un-paro-nacional\/\"]}]},{\"@type\":\"ImageObject\",\"inLanguage\":\"es\",\"@id\":\"https:\/\/www.noticiasradioreflejos.com.ar\/2021\/fracaso-la-paritaria-de-camioneros-y-el-lunes-empieza-un-paro-nacional\/#primaryimage\",\"url\":\"https:\/\/www.telam.com.ar\/thumbs\/bluesteel\/advf\/imagenes\/2022\/10\/63598182bdd7e_1200.jpg\",\"contentUrl\":\"https:\/\/www.telam.com.ar\/thumbs\/bluesteel\/advf\/imagenes\/2022\/10\/63598182bdd7e_1200.jpg\"},{\"@type\":\"BreadcrumbList\",\"@id\":\"https:\/\/www.noticiasradioreflejos.com.ar\/2021\/fracaso-la-paritaria-de-camioneros-y-el-lunes-empieza-un-paro-nacional\/#breadcrumb\",\"itemListElement\":[{\"@type\":\"ListItem\",\"position\":1,\"name\":\"Portada\",\"item\":\"https:\/\/www.noticiasradioreflejos.com.ar\/2021\/\"},{\"@type\":\"ListItem\",\"position\":2,\"name\":\"Fracas\u00f3 la paritaria de camioneros y el lunes empieza un paro nacional\"}]},{\"@type\":\"WebSite\",\"@id\":\"https:\/\/www.noticiasradioreflejos.com.ar\/2021\/#website\",\"url\":\"https:\/\/www.noticiasradioreflejos.com.ar\/2021\/\",\"name\":\"Noticias Radio Reflejos\",\"description\":\"Las noticias de mi comarca\",\"potentialAction\":[{\"@type\":\"SearchAction\",\"target\":{\"@type\":\"EntryPoint\",\"urlTemplate\":\"https:\/\/www.noticiasradioreflejos.com.ar\/2021\/?s={search_term_string}\"},\"query-input\":{\"@type\":\"PropertyValueSpecification\",\"valueRequired\":true,\"valueName\":\"search_term_string\"}}],\"inLanguage\":\"es\"},{\"@type\":\"Person\",\"@id\":\"https:\/\/www.noticiasradioreflejos.com.ar\/2021\/#\/schema\/person\/ad82545263dcc5ec0996818884fd5fb1\",\"name\":\"Arnaldo Botto\",\"image\":{\"@type\":\"ImageObject\",\"inLanguage\":\"es\",\"@id\":\"https:\/\/www.noticiasradioreflejos.com.ar\/2021\/#\/schema\/person\/image\/\",\"url\":\"https:\/\/secure.gravatar.com\/avatar\/55cb5e37c1efa326397366e6974cb338056df65cb50e7d64d1cf314e87504837?s=96&d=mm&r=g\",\"contentUrl\":\"https:\/\/secure.gravatar.com\/avatar\/55cb5e37c1efa326397366e6974cb338056df65cb50e7d64d1cf314e87504837?s=96&d=mm&r=g\",\"caption\":\"Arnaldo Botto\"},\"url\":\"https:\/\/www.noticiasradioreflejos.com.ar\/2021\/author\/arnaldo\/\"}]}<\/script>\n<!-- \/ Yoast SEO plugin. -->","yoast_head_json":{"title":"Fracas\u00f3 la paritaria de camioneros y el lunes empieza un paro nacional - Noticias Radio Reflejos","robots":{"index":"index","follow":"follow","max-snippet":"max-snippet:-1","max-image-preview":"max-image-preview:large","max-video-preview":"max-video-preview:-1"},"canonical":"https:\/\/www.noticiasradioreflejos.com.ar\/2021\/fracaso-la-paritaria-de-camioneros-y-el-lunes-empieza-un-paro-nacional\/","og_locale":"es_ES","og_type":"article","og_title":"Fracas\u00f3 la paritaria de camioneros y el lunes empieza un paro nacional - Noticias Radio Reflejos","og_description":"El gremio, que solicita un aumento del 131%, no logr\u00f3 ponerse de acuerdo con los empresarios del sector y anunci\u00f3 que iniciar\u00e1n una medida de fuerza en todo el pa\u00eds.","og_url":"https:\/\/www.noticiasradioreflejos.com.ar\/2021\/fracaso-la-paritaria-de-camioneros-y-el-lunes-empieza-un-paro-nacional\/","og_site_name":"Noticias Radio Reflejos","article_published_time":"2022-10-26T20:34:39+00:00","og_image":[{"url":"https:\/\/www.telam.com.ar\/thumbs\/bluesteel\/advf\/imagenes\/2022\/10\/63598182bdd7e_1200.jpg","type":"","width":"","height":""}],"author":"Arnaldo Botto","twitter_card":"summary_large_image","schema":{"@context":"https:\/\/schema.org","@graph":[{"@type":"WebPage","@id":"https:\/\/www.noticiasradioreflejos.com.ar\/2021\/fracaso-la-paritaria-de-camioneros-y-el-lunes-empieza-un-paro-nacional\/","url":"https:\/\/www.noticiasradioreflejos.com.ar\/2021\/fracaso-la-paritaria-de-camioneros-y-el-lunes-empieza-un-paro-nacional\/","name":"Fracas\u00f3 la paritaria de camioneros y el lunes empieza un paro nacional - Noticias Radio Reflejos","isPartOf":{"@id":"https:\/\/www.noticiasradioreflejos.com.ar\/2021\/#website"},"primaryImageOfPage":{"@id":"https:\/\/www.noticiasradioreflejos.com.ar\/2021\/fracaso-la-paritaria-de-camioneros-y-el-lunes-empieza-un-paro-nacional\/#primaryimage"},"image":{"@id":"https:\/\/www.noticiasradioreflejos.com.ar\/2021\/fracaso-la-paritaria-de-camioneros-y-el-lunes-empieza-un-paro-nacional\/#primaryimage"},"thumbnailUrl":"https:\/\/www.telam.com.ar\/thumbs\/bluesteel\/advf\/imagenes\/2022\/10\/63598182bdd7e_1200.jpg","datePublished":"2022-10-26T20:34:39+00:00","author":{"@id":"https:\/\/www.noticiasradioreflejos.com.ar\/2021\/#\/schema\/person\/ad82545263dcc5ec0996818884fd5fb1"},"breadcrumb":{"@id":"https:\/\/www.noticiasradioreflejos.com.ar\/2021\/fracaso-la-paritaria-de-camioneros-y-el-lunes-empieza-un-paro-nacional\/#breadcrumb"},"inLanguage":"es","potentialAction":[{"@type":"ReadAction","target":["https:\/\/www.noticiasradioreflejos.com.ar\/2021\/fracaso-la-paritaria-de-camioneros-y-el-lunes-empieza-un-paro-nacional\/"]}]},{"@type":"ImageObject","inLanguage":"es","@id":"https:\/\/www.noticiasradioreflejos.com.ar\/2021\/fracaso-la-paritaria-de-camioneros-y-el-lunes-empieza-un-paro-nacional\/#primaryimage","url":"https:\/\/www.telam.com.ar\/thumbs\/bluesteel\/advf\/imagenes\/2022\/10\/63598182bdd7e_1200.jpg","contentUrl":"https:\/\/www.telam.com.ar\/thumbs\/bluesteel\/advf\/imagenes\/2022\/10\/63598182bdd7e_1200.jpg"},{"@type":"BreadcrumbList","@id":"https:\/\/www.noticiasradioreflejos.com.ar\/2021\/fracaso-la-paritaria-de-camioneros-y-el-lunes-empieza-un-paro-nacional\/#breadcrumb","itemListElement":[{"@type":"ListItem","position":1,"name":"Portada","item":"https:\/\/www.noticiasradioreflejos.com.ar\/2021\/"},{"@type":"ListItem","position":2,"name":"Fracas\u00f3 la paritaria de camioneros y el lunes empieza un paro nacional"}]},{"@type":"WebSite","@id":"https:\/\/www.noticiasradioreflejos.com.ar\/2021\/#website","url":"https:\/\/www.noticiasradioreflejos.com.ar\/2021\/","name":"Noticias Radio Reflejos","description":"Las noticias de mi comarca","potentialAction":[{"@type":"SearchAction","target":{"@type":"EntryPoint","urlTemplate":"https:\/\/www.noticiasradioreflejos.com.ar\/2021\/?s={search_term_string}"},"query-input":{"@type":"PropertyValueSpecification","valueRequired":true,"valueName":"search_term_string"}}],"inLanguage":"es"},{"@type":"Person","@id":"https:\/\/www.noticiasradioreflejos.com.ar\/2021\/#\/schema\/person\/ad82545263dcc5ec0996818884fd5fb1","name":"Arnaldo Botto","image":{"@type":"ImageObject","inLanguage":"es","@id":"https:\/\/www.noticiasradioreflejos.com.ar\/2021\/#\/schema\/person\/image\/","url":"https:\/\/secure.gravatar.com\/avatar\/55cb5e37c1efa326397366e6974cb338056df65cb50e7d64d1cf314e87504837?s=96&d=mm&r=g","contentUrl":"https:\/\/secure.gravatar.com\/avatar\/55cb5e37c1efa326397366e6974cb338056df65cb50e7d64d1cf314e87504837?s=96&d=mm&r=g","caption":"Arnaldo Botto"},"url":"https:\/\/www.noticiasradioreflejos.com.ar\/2021\/author\/arnaldo\/"}]}},"_links":{"self":[{"href":"https:\/\/www.noticiasradioreflejos.com.ar\/2021\/wp-json\/wp\/v2\/posts\/79436","targetHints":{"allow":["GET"]}}],"collection":[{"href":"https:\/\/www.noticiasradioreflejos.com.ar\/2021\/wp-json\/wp\/v2\/posts"}],"about":[{"href":"https:\/\/www.noticiasradioreflejos.com.ar\/2021\/wp-json\/wp\/v2\/types\/post"}],"author":[{"embeddable":true,"href":"https:\/\/www.noticiasradioreflejos.com.ar\/2021\/wp-json\/wp\/v2\/users\/3"}],"replies":[{"embeddable":true,"href":"https:\/\/www.noticiasradioreflejos.com.ar\/2021\/wp-json\/wp\/v2\/comments?post=79436"}],"version-history":[{"count":1,"href":"https:\/\/www.noticiasradioreflejos.com.ar\/2021\/wp-json\/wp\/v2\/posts\/79436\/revisions"}],"predecessor-version":[{"id":79438,"href":"https:\/\/www.noticiasradioreflejos.com.ar\/2021\/wp-json\/wp\/v2\/posts\/79436\/revisions\/79438"}],"wp:attachment":[{"href":"https:\/\/www.noticiasradioreflejos.com.ar\/2021\/wp-json\/wp\/v2\/media?parent=79436"}],"wp:term":[{"taxonomy":"category","embeddable":true,"href":"https:\/\/www.noticiasradioreflejos.com.ar\/2021\/wp-json\/wp\/v2\/categories?post=79436"},{"taxonomy":"post_tag","embeddable":true,"href":"https:\/\/www.noticiasradioreflejos.com.ar\/2021\/wp-json\/wp\/v2\/tags?post=79436"}],"curies":[{"name":"wp","href":"https:\/\/api.w.org\/{rel}","templated":true}]}}