{"id":79422,"date":"2022-10-26T17:33:06","date_gmt":"2022-10-26T17:33:06","guid":{"rendered":"http:\/\/www.noticiasradioreflejos.com.ar\/2021\/?p=79422"},"modified":"2022-10-26T17:33:07","modified_gmt":"2022-10-26T17:33:07","slug":"embarcacion-hallada-en-necochea-no-es-determinante-que-eso-sea-de-un-submarino-y-menos-de-uno-nazi","status":"publish","type":"post","link":"https:\/\/www.noticiasradioreflejos.com.ar\/2021\/embarcacion-hallada-en-necochea-no-es-determinante-que-eso-sea-de-un-submarino-y-menos-de-uno-nazi\/","title":{"rendered":"Embarcaci\u00f3n hallada en Necochea: \u201cNo es determinante que eso sea de un submarino y menos de uno nazi\u201d"},"content":{"rendered":"<p>El <strong>Dr. Fernando Oliva<\/strong>, miembro del Centro de Registro del Patrimonio Arqueol\u00f3gico y Paleontol\u00f3gico (CRePAP) busc\u00f3 ser cauto ante las filmaciones que comenzaron a circular y dijo que por el momento no hay evidencia para lanzar semejantes afirmaciones.<!--more--><\/p>\n<p>Fue un verdadero boom. Portales y diarios capitalinos utilizaron miles de caracteres para confirmar que frente a las costas de Necochea se hab\u00eda dado con un submarino nazi, el cual con toda intensi\u00f3n se hab\u00eda hecho implosionar para no dejar rastro.<\/p>\n<p>Sin embargo, un sector especializado busca bajar la euforia y mostrarse cauto, sobre todo ante lo que consideran muy pocas evidencias que por el momento se tienen.<\/p>\n<p><strong><a href=\"http:\/\/www.noticiasradioreflejos.com.ar\/2021\/embarcacion-hallada-en-necochea-no-es-determinante-que-eso-sea-de-un-submarino-y-menos-de-uno-nazi\/fernando-oliva\/\" rel=\"attachment wp-att-79430\"><img loading=\"lazy\" decoding=\"async\" class=\" wp-image-79430 alignleft\" src=\"http:\/\/www.noticiasradioreflejos.com.ar\/2021\/wp-content\/uploads\/2022\/10\/Fernando-Oliva.jpg\" alt=\"\" width=\"371\" height=\"371\" srcset=\"https:\/\/www.noticiasradioreflejos.com.ar\/2021\/wp-content\/uploads\/2022\/10\/Fernando-Oliva.jpg 500w, https:\/\/www.noticiasradioreflejos.com.ar\/2021\/wp-content\/uploads\/2022\/10\/Fernando-Oliva-300x300.jpg 300w, https:\/\/www.noticiasradioreflejos.com.ar\/2021\/wp-content\/uploads\/2022\/10\/Fernando-Oliva-150x150.jpg 150w, https:\/\/www.noticiasradioreflejos.com.ar\/2021\/wp-content\/uploads\/2022\/10\/Fernando-Oliva-75x75.jpg 75w\" sizes=\"auto, (max-width: 371px) 100vw, 371px\" \/><\/a>El Dr. Fernando Oliva<\/strong>, miembro del Centro de Registro del Patrimonio Arqueol\u00f3gico y Paleontol\u00f3gico (CRePAP) aprovech\u00f3 la ocasi\u00f3n para expresar que \u201cdada la trascendencia que ha tenido esto, es necesario aclarar. Esto tiene implicancia geopol\u00edtica importante. Uno no lo ve en el momento, pero puede llegar a tener cosas aparejadas\u201d.<\/p>\n<p>Apoy\u00e1ndose en lo ocurrido hasta ac\u00e1, el especialista reafirm\u00f3 que \u201cPrefectura solo ha hecho un reconocimiento y piensan hacer otro en un futuro inmediato. Pero no es determinante que esto sea de un submarino, y menos de un submarino nazi, lo cual tiene una implicancia muy fuerte. Un periodista ayer dijo que Hitler hab\u00eda bajado de ah\u00ed\u2026 estamos en un nivel de locura muy grande\u201d.<\/p>\n<p>Ante lo ocurrido, el Doctor mencion\u00f3 que \u201cante presunci\u00f3n de una cuesti\u00f3n que podr\u00eda tener un inter\u00e9s patrimonial\u2026 adem\u00e1s de toda excavaci\u00f3n de temas particulares como embarcaciones, necesita tener una metodolog\u00eda arqueol\u00f3gica\u2026 de all\u00ed que requerimos nosotros que sea investigado por arque\u00f3logos como indica la ley\u201d.<\/p>\n<p>Volviendo sobre sus dichos, remarc\u00f3 que \u201cpor ahora no tenemos una evidencia clara para afirmar las conclusiones que est\u00e1n dando en la televisi\u00f3n. Son especulaciones. Lo que hay que tratar es de ser serios, usar barridos m\u00faltiples, con diferentes \u00f3ptimas; obtener muestras, analizar, y luego s\u00ed, como conclusi\u00f3n dar los argumentos para explicar qu\u00e9 es\u201d.<\/p>\n<p>Incluso, cont\u00f3 que \u201cpuede ser cualquier embarcaci\u00f3n que se haya sumergido hace cincuenta, sesenta, ochenta a\u00f1os\u2026 toda presunci\u00f3n de patrimonio arqueol\u00f3gico est\u00e1 regulado por la ley 25743. Nuestro lugar de trabajo est\u00e1 en la oficina que regula esto. Nosotros requerimos que si va a intervenir el lugar, que haya arque\u00f3logos especialistas, para que se sumerjan y coordinen. Puede ser cualquier arque\u00f3logo. Nosotros tenemos acuerdos con otras instituciones\u201d.<\/p>\n<p>Por \u00faltimo, y como remate, concluy\u00f3 que \u201cla tecnolog\u00eda que se us\u00f3 hasta el presente no permite determinar una implicancia mayor a que se trata de una embarcaci\u00f3n que est\u00e1 sumergida, y que por el tipo de soldadura utilizada podr\u00eda ser de los 40 o 50, pero nada m\u00e1s. No se puede decir m\u00e1s nada\u201d.<\/p>\n<p>&nbsp;<\/p>\n<p><iframe loading=\"lazy\" src=\"https:\/\/w.soundcloud.com\/player\/?url=https%3A\/\/api.soundcloud.com\/tracks\/1370452213&amp;color=%23ff5500&amp;auto_play=false&amp;hide_related=false&amp;show_comments=true&amp;show_user=true&amp;show_reposts=false&amp;show_teaser=true\" width=\"100%\" height=\"166\" frameborder=\"no\" scrolling=\"no\"><\/iframe><\/p>\n<div style=\"font-size: 10px; color: #cccccc; line-break: anywhere; word-break: normal; overflow: hidden; white-space: nowrap; text-overflow: ellipsis; font-family: Interstate,Lucida Grande,Lucida Sans Unicode,Lucida Sans,Garuda,Verdana,Tahoma,sans-serif; font-weight: 100;\"><a style=\"color: #cccccc; text-decoration: none;\" title=\"fmreflejos 103.7\" href=\"https:\/\/soundcloud.com\/fmreflejos-103-7\" target=\"_blank\" rel=\"noopener\">fmreflejos 103.7<\/a> \u00b7 <a style=\"color: #cccccc; text-decoration: none;\" title=\"Fernando Oliva\" href=\"https:\/\/soundcloud.com\/fmreflejos-103-7\/fernando-oliva-1\" target=\"_blank\" rel=\"noopener\">Fernando Oliva<\/a><\/div>\n<p><a title=\"Submarino\" href=\"https:\/\/www.flickr.com\/photos\/182279889@N02\/52455477266\/in\/dateposted-public\/\" data-flickr-embed=\"true\"><img loading=\"lazy\" decoding=\"async\" src=\"https:\/\/live.staticflickr.com\/31337\/52455477266_59538889a2_c.jpg\" alt=\"Submarino\" width=\"800\" height=\"450\" \/><\/a><script async src=\"\/\/embedr.flickr.com\/assets\/client-code.js\" charset=\"utf-8\"><\/script><\/p>\n<p><span style=\"color: #ff6600;\"><strong><em>Video de Abel Basti presentando la investigaci\u00f3n sobre el objeto hundido en el Mar Argentino<\/em><\/strong><\/span><\/p>\n","protected":false},"excerpt":{"rendered":"<p>El Dr. Fernando Oliva, miembro del Centro de Registro del Patrimonio Arqueol\u00f3gico y Paleontol\u00f3gico (CRePAP) busc\u00f3 ser cauto ante las filmaciones que comenzaron a circular y dijo que por el momento no hay evidencia para lanzar semejantes afirmaciones.<\/p>\n","protected":false},"author":3,"featured_media":0,"comment_status":"closed","ping_status":"closed","sticky":false,"template":"","format":"standard","meta":{"footnotes":""},"categories":[46],"tags":[48],"class_list":["post-79422","post","type-post","status-publish","format-standard","hentry","category-ciencia-y-tecnologia","tag-destacada"],"yoast_head":"<!-- This site is optimized with the Yoast SEO plugin v25.9 - https:\/\/yoast.com\/wordpress\/plugins\/seo\/ -->\n<title>Embarcaci\u00f3n hallada en Necochea: \u201cNo es determinante que eso sea de un submarino y menos de uno nazi\u201d - Noticias Radio Reflejos<\/title>\n<meta name=\"robots\" content=\"index, follow, max-snippet:-1, max-image-preview:large, max-video-preview:-1\" \/>\n<link rel=\"canonical\" href=\"https:\/\/www.noticiasradioreflejos.com.ar\/2021\/embarcacion-hallada-en-necochea-no-es-determinante-que-eso-sea-de-un-submarino-y-menos-de-uno-nazi\/\" \/>\n<meta property=\"og:locale\" content=\"es_ES\" \/>\n<meta property=\"og:type\" content=\"article\" \/>\n<meta property=\"og:title\" content=\"Embarcaci\u00f3n hallada en Necochea: \u201cNo es determinante que eso sea de un submarino y menos de uno nazi\u201d - Noticias Radio Reflejos\" \/>\n<meta property=\"og:description\" content=\"El Dr. Fernando Oliva, miembro del Centro de Registro del Patrimonio Arqueol\u00f3gico y Paleontol\u00f3gico (CRePAP) busc\u00f3 ser cauto ante las filmaciones que comenzaron a circular y dijo que por el momento no hay evidencia para lanzar semejantes afirmaciones.\" \/>\n<meta property=\"og:url\" content=\"https:\/\/www.noticiasradioreflejos.com.ar\/2021\/embarcacion-hallada-en-necochea-no-es-determinante-que-eso-sea-de-un-submarino-y-menos-de-uno-nazi\/\" \/>\n<meta property=\"og:site_name\" content=\"Noticias Radio Reflejos\" \/>\n<meta property=\"article:published_time\" content=\"2022-10-26T17:33:06+00:00\" \/>\n<meta property=\"article:modified_time\" content=\"2022-10-26T17:33:07+00:00\" \/>\n<meta property=\"og:image\" content=\"http:\/\/www.noticiasradioreflejos.com.ar\/2021\/wp-content\/uploads\/2022\/10\/Fernando-Oliva.jpg\" \/>\n<meta name=\"author\" content=\"Arnaldo Botto\" \/>\n<meta name=\"twitter:card\" content=\"summary_large_image\" \/>\n<script type=\"application\/ld+json\" class=\"yoast-schema-graph\">{\"@context\":\"https:\/\/schema.org\",\"@graph\":[{\"@type\":\"WebPage\",\"@id\":\"https:\/\/www.noticiasradioreflejos.com.ar\/2021\/embarcacion-hallada-en-necochea-no-es-determinante-que-eso-sea-de-un-submarino-y-menos-de-uno-nazi\/\",\"url\":\"https:\/\/www.noticiasradioreflejos.com.ar\/2021\/embarcacion-hallada-en-necochea-no-es-determinante-que-eso-sea-de-un-submarino-y-menos-de-uno-nazi\/\",\"name\":\"Embarcaci\u00f3n hallada en Necochea: \u201cNo es determinante que eso sea de un submarino y menos de uno nazi\u201d - Noticias Radio Reflejos\",\"isPartOf\":{\"@id\":\"https:\/\/www.noticiasradioreflejos.com.ar\/2021\/#website\"},\"primaryImageOfPage\":{\"@id\":\"https:\/\/www.noticiasradioreflejos.com.ar\/2021\/embarcacion-hallada-en-necochea-no-es-determinante-que-eso-sea-de-un-submarino-y-menos-de-uno-nazi\/#primaryimage\"},\"image\":{\"@id\":\"https:\/\/www.noticiasradioreflejos.com.ar\/2021\/embarcacion-hallada-en-necochea-no-es-determinante-que-eso-sea-de-un-submarino-y-menos-de-uno-nazi\/#primaryimage\"},\"thumbnailUrl\":\"http:\/\/www.noticiasradioreflejos.com.ar\/2021\/wp-content\/uploads\/2022\/10\/Fernando-Oliva.jpg\",\"datePublished\":\"2022-10-26T17:33:06+00:00\",\"dateModified\":\"2022-10-26T17:33:07+00:00\",\"author\":{\"@id\":\"https:\/\/www.noticiasradioreflejos.com.ar\/2021\/#\/schema\/person\/ad82545263dcc5ec0996818884fd5fb1\"},\"breadcrumb\":{\"@id\":\"https:\/\/www.noticiasradioreflejos.com.ar\/2021\/embarcacion-hallada-en-necochea-no-es-determinante-que-eso-sea-de-un-submarino-y-menos-de-uno-nazi\/#breadcrumb\"},\"inLanguage\":\"es\",\"potentialAction\":[{\"@type\":\"ReadAction\",\"target\":[\"https:\/\/www.noticiasradioreflejos.com.ar\/2021\/embarcacion-hallada-en-necochea-no-es-determinante-que-eso-sea-de-un-submarino-y-menos-de-uno-nazi\/\"]}]},{\"@type\":\"ImageObject\",\"inLanguage\":\"es\",\"@id\":\"https:\/\/www.noticiasradioreflejos.com.ar\/2021\/embarcacion-hallada-en-necochea-no-es-determinante-que-eso-sea-de-un-submarino-y-menos-de-uno-nazi\/#primaryimage\",\"url\":\"https:\/\/www.noticiasradioreflejos.com.ar\/2021\/wp-content\/uploads\/2022\/10\/Fernando-Oliva.jpg\",\"contentUrl\":\"https:\/\/www.noticiasradioreflejos.com.ar\/2021\/wp-content\/uploads\/2022\/10\/Fernando-Oliva.jpg\",\"width\":500,\"height\":500},{\"@type\":\"BreadcrumbList\",\"@id\":\"https:\/\/www.noticiasradioreflejos.com.ar\/2021\/embarcacion-hallada-en-necochea-no-es-determinante-que-eso-sea-de-un-submarino-y-menos-de-uno-nazi\/#breadcrumb\",\"itemListElement\":[{\"@type\":\"ListItem\",\"position\":1,\"name\":\"Portada\",\"item\":\"https:\/\/www.noticiasradioreflejos.com.ar\/2021\/\"},{\"@type\":\"ListItem\",\"position\":2,\"name\":\"Embarcaci\u00f3n hallada en Necochea: \u201cNo es determinante que eso sea de un submarino y menos de uno nazi\u201d\"}]},{\"@type\":\"WebSite\",\"@id\":\"https:\/\/www.noticiasradioreflejos.com.ar\/2021\/#website\",\"url\":\"https:\/\/www.noticiasradioreflejos.com.ar\/2021\/\",\"name\":\"Noticias Radio Reflejos\",\"description\":\"Las noticias de mi comarca\",\"potentialAction\":[{\"@type\":\"SearchAction\",\"target\":{\"@type\":\"EntryPoint\",\"urlTemplate\":\"https:\/\/www.noticiasradioreflejos.com.ar\/2021\/?s={search_term_string}\"},\"query-input\":{\"@type\":\"PropertyValueSpecification\",\"valueRequired\":true,\"valueName\":\"search_term_string\"}}],\"inLanguage\":\"es\"},{\"@type\":\"Person\",\"@id\":\"https:\/\/www.noticiasradioreflejos.com.ar\/2021\/#\/schema\/person\/ad82545263dcc5ec0996818884fd5fb1\",\"name\":\"Arnaldo Botto\",\"image\":{\"@type\":\"ImageObject\",\"inLanguage\":\"es\",\"@id\":\"https:\/\/www.noticiasradioreflejos.com.ar\/2021\/#\/schema\/person\/image\/\",\"url\":\"https:\/\/secure.gravatar.com\/avatar\/55cb5e37c1efa326397366e6974cb338056df65cb50e7d64d1cf314e87504837?s=96&d=mm&r=g\",\"contentUrl\":\"https:\/\/secure.gravatar.com\/avatar\/55cb5e37c1efa326397366e6974cb338056df65cb50e7d64d1cf314e87504837?s=96&d=mm&r=g\",\"caption\":\"Arnaldo Botto\"},\"url\":\"https:\/\/www.noticiasradioreflejos.com.ar\/2021\/author\/arnaldo\/\"}]}<\/script>\n<!-- \/ Yoast SEO plugin. -->","yoast_head_json":{"title":"Embarcaci\u00f3n hallada en Necochea: \u201cNo es determinante que eso sea de un submarino y menos de uno nazi\u201d - Noticias Radio Reflejos","robots":{"index":"index","follow":"follow","max-snippet":"max-snippet:-1","max-image-preview":"max-image-preview:large","max-video-preview":"max-video-preview:-1"},"canonical":"https:\/\/www.noticiasradioreflejos.com.ar\/2021\/embarcacion-hallada-en-necochea-no-es-determinante-que-eso-sea-de-un-submarino-y-menos-de-uno-nazi\/","og_locale":"es_ES","og_type":"article","og_title":"Embarcaci\u00f3n hallada en Necochea: \u201cNo es determinante que eso sea de un submarino y menos de uno nazi\u201d - Noticias Radio Reflejos","og_description":"El Dr. Fernando Oliva, miembro del Centro de Registro del Patrimonio Arqueol\u00f3gico y Paleontol\u00f3gico (CRePAP) busc\u00f3 ser cauto ante las filmaciones que comenzaron a circular y dijo que por el momento no hay evidencia para lanzar semejantes afirmaciones.","og_url":"https:\/\/www.noticiasradioreflejos.com.ar\/2021\/embarcacion-hallada-en-necochea-no-es-determinante-que-eso-sea-de-un-submarino-y-menos-de-uno-nazi\/","og_site_name":"Noticias Radio Reflejos","article_published_time":"2022-10-26T17:33:06+00:00","article_modified_time":"2022-10-26T17:33:07+00:00","og_image":[{"url":"http:\/\/www.noticiasradioreflejos.com.ar\/2021\/wp-content\/uploads\/2022\/10\/Fernando-Oliva.jpg","type":"","width":"","height":""}],"author":"Arnaldo Botto","twitter_card":"summary_large_image","schema":{"@context":"https:\/\/schema.org","@graph":[{"@type":"WebPage","@id":"https:\/\/www.noticiasradioreflejos.com.ar\/2021\/embarcacion-hallada-en-necochea-no-es-determinante-que-eso-sea-de-un-submarino-y-menos-de-uno-nazi\/","url":"https:\/\/www.noticiasradioreflejos.com.ar\/2021\/embarcacion-hallada-en-necochea-no-es-determinante-que-eso-sea-de-un-submarino-y-menos-de-uno-nazi\/","name":"Embarcaci\u00f3n hallada en Necochea: \u201cNo es determinante que eso sea de un submarino y menos de uno nazi\u201d - Noticias Radio Reflejos","isPartOf":{"@id":"https:\/\/www.noticiasradioreflejos.com.ar\/2021\/#website"},"primaryImageOfPage":{"@id":"https:\/\/www.noticiasradioreflejos.com.ar\/2021\/embarcacion-hallada-en-necochea-no-es-determinante-que-eso-sea-de-un-submarino-y-menos-de-uno-nazi\/#primaryimage"},"image":{"@id":"https:\/\/www.noticiasradioreflejos.com.ar\/2021\/embarcacion-hallada-en-necochea-no-es-determinante-que-eso-sea-de-un-submarino-y-menos-de-uno-nazi\/#primaryimage"},"thumbnailUrl":"http:\/\/www.noticiasradioreflejos.com.ar\/2021\/wp-content\/uploads\/2022\/10\/Fernando-Oliva.jpg","datePublished":"2022-10-26T17:33:06+00:00","dateModified":"2022-10-26T17:33:07+00:00","author":{"@id":"https:\/\/www.noticiasradioreflejos.com.ar\/2021\/#\/schema\/person\/ad82545263dcc5ec0996818884fd5fb1"},"breadcrumb":{"@id":"https:\/\/www.noticiasradioreflejos.com.ar\/2021\/embarcacion-hallada-en-necochea-no-es-determinante-que-eso-sea-de-un-submarino-y-menos-de-uno-nazi\/#breadcrumb"},"inLanguage":"es","potentialAction":[{"@type":"ReadAction","target":["https:\/\/www.noticiasradioreflejos.com.ar\/2021\/embarcacion-hallada-en-necochea-no-es-determinante-que-eso-sea-de-un-submarino-y-menos-de-uno-nazi\/"]}]},{"@type":"ImageObject","inLanguage":"es","@id":"https:\/\/www.noticiasradioreflejos.com.ar\/2021\/embarcacion-hallada-en-necochea-no-es-determinante-que-eso-sea-de-un-submarino-y-menos-de-uno-nazi\/#primaryimage","url":"https:\/\/www.noticiasradioreflejos.com.ar\/2021\/wp-content\/uploads\/2022\/10\/Fernando-Oliva.jpg","contentUrl":"https:\/\/www.noticiasradioreflejos.com.ar\/2021\/wp-content\/uploads\/2022\/10\/Fernando-Oliva.jpg","width":500,"height":500},{"@type":"BreadcrumbList","@id":"https:\/\/www.noticiasradioreflejos.com.ar\/2021\/embarcacion-hallada-en-necochea-no-es-determinante-que-eso-sea-de-un-submarino-y-menos-de-uno-nazi\/#breadcrumb","itemListElement":[{"@type":"ListItem","position":1,"name":"Portada","item":"https:\/\/www.noticiasradioreflejos.com.ar\/2021\/"},{"@type":"ListItem","position":2,"name":"Embarcaci\u00f3n hallada en Necochea: \u201cNo es determinante que eso sea de un submarino y menos de uno nazi\u201d"}]},{"@type":"WebSite","@id":"https:\/\/www.noticiasradioreflejos.com.ar\/2021\/#website","url":"https:\/\/www.noticiasradioreflejos.com.ar\/2021\/","name":"Noticias Radio Reflejos","description":"Las noticias de mi comarca","potentialAction":[{"@type":"SearchAction","target":{"@type":"EntryPoint","urlTemplate":"https:\/\/www.noticiasradioreflejos.com.ar\/2021\/?s={search_term_string}"},"query-input":{"@type":"PropertyValueSpecification","valueRequired":true,"valueName":"search_term_string"}}],"inLanguage":"es"},{"@type":"Person","@id":"https:\/\/www.noticiasradioreflejos.com.ar\/2021\/#\/schema\/person\/ad82545263dcc5ec0996818884fd5fb1","name":"Arnaldo Botto","image":{"@type":"ImageObject","inLanguage":"es","@id":"https:\/\/www.noticiasradioreflejos.com.ar\/2021\/#\/schema\/person\/image\/","url":"https:\/\/secure.gravatar.com\/avatar\/55cb5e37c1efa326397366e6974cb338056df65cb50e7d64d1cf314e87504837?s=96&d=mm&r=g","contentUrl":"https:\/\/secure.gravatar.com\/avatar\/55cb5e37c1efa326397366e6974cb338056df65cb50e7d64d1cf314e87504837?s=96&d=mm&r=g","caption":"Arnaldo Botto"},"url":"https:\/\/www.noticiasradioreflejos.com.ar\/2021\/author\/arnaldo\/"}]}},"_links":{"self":[{"href":"https:\/\/www.noticiasradioreflejos.com.ar\/2021\/wp-json\/wp\/v2\/posts\/79422","targetHints":{"allow":["GET"]}}],"collection":[{"href":"https:\/\/www.noticiasradioreflejos.com.ar\/2021\/wp-json\/wp\/v2\/posts"}],"about":[{"href":"https:\/\/www.noticiasradioreflejos.com.ar\/2021\/wp-json\/wp\/v2\/types\/post"}],"author":[{"embeddable":true,"href":"https:\/\/www.noticiasradioreflejos.com.ar\/2021\/wp-json\/wp\/v2\/users\/3"}],"replies":[{"embeddable":true,"href":"https:\/\/www.noticiasradioreflejos.com.ar\/2021\/wp-json\/wp\/v2\/comments?post=79422"}],"version-history":[{"count":3,"href":"https:\/\/www.noticiasradioreflejos.com.ar\/2021\/wp-json\/wp\/v2\/posts\/79422\/revisions"}],"predecessor-version":[{"id":79432,"href":"https:\/\/www.noticiasradioreflejos.com.ar\/2021\/wp-json\/wp\/v2\/posts\/79422\/revisions\/79432"}],"wp:attachment":[{"href":"https:\/\/www.noticiasradioreflejos.com.ar\/2021\/wp-json\/wp\/v2\/media?parent=79422"}],"wp:term":[{"taxonomy":"category","embeddable":true,"href":"https:\/\/www.noticiasradioreflejos.com.ar\/2021\/wp-json\/wp\/v2\/categories?post=79422"},{"taxonomy":"post_tag","embeddable":true,"href":"https:\/\/www.noticiasradioreflejos.com.ar\/2021\/wp-json\/wp\/v2\/tags?post=79422"}],"curies":[{"name":"wp","href":"https:\/\/api.w.org\/{rel}","templated":true}]}}