{"id":79399,"date":"2022-10-26T11:34:02","date_gmt":"2022-10-26T11:34:02","guid":{"rendered":"http:\/\/www.noticiasradioreflejos.com.ar\/2021\/?p=79399"},"modified":"2022-10-26T11:35:23","modified_gmt":"2022-10-26T11:35:23","slug":"trasladaran-al-tortugo-jorge-a-mar-del-plata-tras-38-anos-en-cautiverio-en-mendoza","status":"publish","type":"post","link":"https:\/\/www.noticiasradioreflejos.com.ar\/2021\/trasladaran-al-tortugo-jorge-a-mar-del-plata-tras-38-anos-en-cautiverio-en-mendoza\/","title":{"rendered":"Trasladar\u00e1n al tortugo Jorge a Mar del Plata tras 38 a\u00f1os en cautiverio en Mendoza"},"content":{"rendered":"<p>Una vez que llegue al Centro de Rehabilitaci\u00f3n del Aquarium Mar del Plata, el animal tendr\u00e1 una etapa de adaptaci\u00f3n en un estanque de 120 mil litros de agua marina, y se espera que luego pueda ser traspasado a una laguna colindante al mar<!--more--><\/p>\n<figure class=\"mb-3\"><img decoding=\"async\" src=\"https:\/\/www.telam.com.ar\/thumbs\/bluesteel\/advf\/imagenes\/2022\/10\/63587d8ecadaf_1200.jpg\" alt=\"El tortugo viajar en un vuelo privado y se estima que el vuelo durar unas cuatro horas Foto Ramiro Gmez\" width=\"100%\" height=\"100%\" \/><\/p>\n<div class=\"media-icons\"><\/div><figcaption>El tortugo viajar\u00e1 en un vuelo privado y se estima que el vuelo durar\u00e1 unas cuatro horas \/ Foto Ramiro G\u00f3mez<\/figcaption><\/figure>\n<p><strong>El tortugo marino Jorge<\/strong>, que hace 38 a\u00f1os est\u00e1 en cautiverio en el ex acuario municipal de Mendoza- este martes reconvertido en un Centro de Conservaci\u00f3n para la Biodiversidad- ser\u00e1 trasladado este mi\u00e9rcoles a un\u00a0<strong>Centro de Rehabilitaci\u00f3n de Fauna Marina<\/strong>\u00a0de la ciudad de Mar del Plata para comenzar su reinserci\u00f3n paulatina y progresiva a la vida natural, informaron fuentes municipales.<\/p>\n<p>Una vez que llegue al Centro de Rehabilitaci\u00f3n del Aquarium Mar del Plata, el animal tendr\u00e1 una etapa de adaptaci\u00f3n en un estanque de 120 mil litros de agua marina, y se espera que luego pueda ser traspasado a una laguna colindante al mar, detallaron desde el municipio.<\/p>\n<p>Actualmente, \u00abJorge\u00bb permanece en un estanque de 20.000 litros de agua.<\/p>\n<p>\u201cEste hecho hist\u00f3rico tiene la finalidad de cumplir con dos grandes objetivos: incrementar los niveles de bienestar ambiental que actualmente goza el tortugo Jorge y explorar la posibilidad, luego de haber realizado un plan sistem\u00e1tico consistente t\u00e9cnicamente y acompa\u00f1ado por un grupo de especialistas, de que eventualmente Jorge vuelva a su ecosistema natural\u201d, explic\u00f3 este martes Sebasti\u00e1n Fermani, subsecretario de Ambiente de la Municipalidad de la ciudad de Mendoza<\/p>\n<figure class=\"mb-3\"><img decoding=\"async\" src=\"https:\/\/www.telam.com.ar\/thumbs\/bluesteel\/advf\/imagenes\/2022\/10\/63587d8f34027_1200.jpg\" alt=\" Foto Ramiro Gmez\" width=\"100%\" height=\"100%\" \/><\/p>\n<div class=\"media-icons\"><\/div><figcaption>\/ Foto Ramiro G\u00f3mez<\/figcaption><\/figure>\n<p>Fermani destac\u00f3 que este plan de trabajo se inserta en un proceso m\u00e1s amplio que tiene que ver con la reconversi\u00f3n del ex acuario al actual Centro de Reconversi\u00f3n de la Diversidad.<\/p>\n<p>Seg\u00fan detall\u00f3 el funcionario, el traslado del tortugo Jorge implic\u00f3 \u201cun gran desaf\u00edo\u201d y remarc\u00f3 que \u201cdesde que se lo encontr\u00f3 en las costas de Bah\u00eda Blanca y hasta que se traslad\u00f3 a nuestro municipio ha pasado 38 a\u00f1os en condiciones de cautiverio muy bien cuidado\u201d.<\/p>\n<p>Destac\u00f3 adem\u00e1s que<strong>\u00a0\u201ces muy dif\u00edcil pensar hoy en una liberaci\u00f3n inmediata al mar\u201d ya que implicar\u00eda atentar contra su bienestar<\/strong>\u00a0y record\u00f3 que \u201cdurante todos estos a\u00f1os ha sido alimentado y ha nadado a una profundidad promedio de un metro y medio\u201d.<\/p>\n<p>\u201cActualmente en el mar existen grandes peligros que podr\u00edan atentar con su propia vida como las redes de pesca, pl\u00e1stico, entre otras amenazas\u201d, agreg\u00f3.<\/p>\n<p>\u201cHay pocos antecedes en el mundo de un caso similar al del tortugo Jorge\u201d destac\u00f3 Fermani por lo que \u00abel desaf\u00edo es aun mayor porque no tenemos ejemplos de comparaci\u00f3n\u201d.<\/p>\n<figure class=\"mb-3\"><img decoding=\"async\" src=\"https:\/\/www.telam.com.ar\/thumbs\/bluesteel\/advf\/imagenes\/2022\/10\/63587d8eea3db_1200.jpg\" alt=\" Foto Ramiro Gmez\" width=\"100%\" height=\"100%\" \/><\/p>\n<div class=\"media-icons\"><\/div><figcaption>\/ Foto Ramiro G\u00f3mez<\/figcaption><\/figure>\n<p>Indic\u00f3 que despu\u00e9s de haber consultado a especialistas de todo el mundo, el municipio celebr\u00f3 un acuerdo con el mencionado centro de rehabilitaci\u00f3n estableciendo un plan de trabajo para mejorar la calidad de vida del ejemplar.<\/p>\n<p>A\u00f1adi\u00f3 que el tortugo no podr\u00e1 ser exhibido p\u00fablicamente y que el municipio no se desentiende de \u00e9l.<\/p>\n<p><strong>\u201cNosotros mantenemos la tutela legal nos vamos a asegurar de que cada etapa sea cumplida y que \u00abJorge\u00bb goce de un mayor bienestar animal\u00bb<\/strong>, indic\u00f3 el funcionario.<\/p>\n<p>El tortugo viajar\u00e1 en un vuelo privado de la empresa local Aerotec y se estima que el vuelo durar\u00e1 unas cuatro horas.<\/p>\n<p>Por su parte, el Jefe de Veterinaria del Centro Aquarium, Adri\u00e1n Faiella, destac\u00f3 que \u00abes un desaf\u00edo y una responsabilidad importante para nosotros que hemos encarado este plan conjunto en varias etapas\u00bb.<\/p>\n<p>\u00abHace m\u00e1s de un a\u00f1o que venimos trabajando, tratando de hacer una adecuaci\u00f3n paulatina de Jorge a un medio salino y natural\u00bb, indic\u00f3 el especialista.<\/p>\n<figure class=\"mb-3\"><img decoding=\"async\" src=\"https:\/\/www.telam.com.ar\/thumbs\/bluesteel\/advf\/imagenes\/2022\/10\/63587d8f14a88_1200.jpg\" alt=\" Foto Ramiro Gmez\" width=\"100%\" height=\"100%\" \/><\/p>\n<div class=\"media-icons\"><\/div><figcaption>\/ Foto Ramiro G\u00f3mez<\/figcaption><\/figure>\n<p>El veterinario resalt\u00f3 que el pr\u00f3ximo desaf\u00edo es el traslado de este mi\u00e9rcoles.<\/p>\n<p>\u00abEstamos hablando de un animal de cien kilos y estamos atentos y expectantes para que todo salga bien\u00bb, a\u00f1adi\u00f3.<\/p>\n<p><strong>\u00abEl traslado de estos animales no se hace en seco, manteni\u00e9ndolo h\u00famedo, controlando la temperatura del ambiente y en un contenedor que limite sus movimientos\u00bb<\/strong>, explic\u00f3 el veterinario, quien a\u00f1adi\u00f3 que ser\u00e1n dos los veterinarios que lo acompa\u00f1aran en el viaje.<\/p>\n<p>El quelonio hab\u00eda llegado a Mendoza en 1984 luego de ser encontrado en una zona pesquera de Bah\u00eda Blanca, hacia donde se cree habr\u00eda sido arrastrado por las corrientes marinas desde el Golfo de M\u00e9xico, donde habitualmente habitan estas tortugas de gran tama\u00f1o.<\/p>\n<p>Pero como en la Argentina no hab\u00eda sitios para ser recibido, las autoridades decidieron alojarlo en el acuario mendocino.<\/p>\n","protected":false},"excerpt":{"rendered":"<p>Una vez que llegue al Centro de Rehabilitaci\u00f3n del Aquarium Mar del Plata, el animal tendr\u00e1 una etapa de adaptaci\u00f3n en un estanque de 120 mil litros de agua marina, y se espera que luego pueda ser traspasado a una laguna colindante al mar<\/p>\n","protected":false},"author":3,"featured_media":0,"comment_status":"closed","ping_status":"closed","sticky":false,"template":"","format":"standard","meta":{"footnotes":""},"categories":[46],"tags":[],"class_list":["post-79399","post","type-post","status-publish","format-standard","hentry","category-ciencia-y-tecnologia"],"yoast_head":"<!-- This site is optimized with the Yoast SEO plugin v25.9 - https:\/\/yoast.com\/wordpress\/plugins\/seo\/ -->\n<title>Trasladar\u00e1n al tortugo Jorge a Mar del Plata tras 38 a\u00f1os en cautiverio en Mendoza - Noticias Radio Reflejos<\/title>\n<meta name=\"robots\" content=\"index, follow, max-snippet:-1, max-image-preview:large, max-video-preview:-1\" \/>\n<link rel=\"canonical\" href=\"https:\/\/www.noticiasradioreflejos.com.ar\/2021\/trasladaran-al-tortugo-jorge-a-mar-del-plata-tras-38-anos-en-cautiverio-en-mendoza\/\" \/>\n<meta property=\"og:locale\" content=\"es_ES\" \/>\n<meta property=\"og:type\" content=\"article\" \/>\n<meta property=\"og:title\" content=\"Trasladar\u00e1n al tortugo Jorge a Mar del Plata tras 38 a\u00f1os en cautiverio en Mendoza - Noticias Radio Reflejos\" \/>\n<meta property=\"og:description\" content=\"Una vez que llegue al Centro de Rehabilitaci\u00f3n del Aquarium Mar del Plata, el animal tendr\u00e1 una etapa de adaptaci\u00f3n en un estanque de 120 mil litros de agua marina, y se espera que luego pueda ser traspasado a una laguna colindante al mar\" \/>\n<meta property=\"og:url\" content=\"https:\/\/www.noticiasradioreflejos.com.ar\/2021\/trasladaran-al-tortugo-jorge-a-mar-del-plata-tras-38-anos-en-cautiverio-en-mendoza\/\" \/>\n<meta property=\"og:site_name\" content=\"Noticias Radio Reflejos\" \/>\n<meta property=\"article:published_time\" content=\"2022-10-26T11:34:02+00:00\" \/>\n<meta property=\"article:modified_time\" content=\"2022-10-26T11:35:23+00:00\" \/>\n<meta property=\"og:image\" content=\"https:\/\/www.telam.com.ar\/thumbs\/bluesteel\/advf\/imagenes\/2022\/10\/63587d8ecadaf_1200.jpg\" \/>\n<meta name=\"author\" content=\"Arnaldo Botto\" \/>\n<meta name=\"twitter:card\" content=\"summary_large_image\" \/>\n<script type=\"application\/ld+json\" class=\"yoast-schema-graph\">{\"@context\":\"https:\/\/schema.org\",\"@graph\":[{\"@type\":\"WebPage\",\"@id\":\"https:\/\/www.noticiasradioreflejos.com.ar\/2021\/trasladaran-al-tortugo-jorge-a-mar-del-plata-tras-38-anos-en-cautiverio-en-mendoza\/\",\"url\":\"https:\/\/www.noticiasradioreflejos.com.ar\/2021\/trasladaran-al-tortugo-jorge-a-mar-del-plata-tras-38-anos-en-cautiverio-en-mendoza\/\",\"name\":\"Trasladar\u00e1n al tortugo Jorge a Mar del Plata tras 38 a\u00f1os en cautiverio en Mendoza - Noticias Radio Reflejos\",\"isPartOf\":{\"@id\":\"https:\/\/www.noticiasradioreflejos.com.ar\/2021\/#website\"},\"primaryImageOfPage\":{\"@id\":\"https:\/\/www.noticiasradioreflejos.com.ar\/2021\/trasladaran-al-tortugo-jorge-a-mar-del-plata-tras-38-anos-en-cautiverio-en-mendoza\/#primaryimage\"},\"image\":{\"@id\":\"https:\/\/www.noticiasradioreflejos.com.ar\/2021\/trasladaran-al-tortugo-jorge-a-mar-del-plata-tras-38-anos-en-cautiverio-en-mendoza\/#primaryimage\"},\"thumbnailUrl\":\"https:\/\/www.telam.com.ar\/thumbs\/bluesteel\/advf\/imagenes\/2022\/10\/63587d8ecadaf_1200.jpg\",\"datePublished\":\"2022-10-26T11:34:02+00:00\",\"dateModified\":\"2022-10-26T11:35:23+00:00\",\"author\":{\"@id\":\"https:\/\/www.noticiasradioreflejos.com.ar\/2021\/#\/schema\/person\/ad82545263dcc5ec0996818884fd5fb1\"},\"breadcrumb\":{\"@id\":\"https:\/\/www.noticiasradioreflejos.com.ar\/2021\/trasladaran-al-tortugo-jorge-a-mar-del-plata-tras-38-anos-en-cautiverio-en-mendoza\/#breadcrumb\"},\"inLanguage\":\"es\",\"potentialAction\":[{\"@type\":\"ReadAction\",\"target\":[\"https:\/\/www.noticiasradioreflejos.com.ar\/2021\/trasladaran-al-tortugo-jorge-a-mar-del-plata-tras-38-anos-en-cautiverio-en-mendoza\/\"]}]},{\"@type\":\"ImageObject\",\"inLanguage\":\"es\",\"@id\":\"https:\/\/www.noticiasradioreflejos.com.ar\/2021\/trasladaran-al-tortugo-jorge-a-mar-del-plata-tras-38-anos-en-cautiverio-en-mendoza\/#primaryimage\",\"url\":\"https:\/\/www.telam.com.ar\/thumbs\/bluesteel\/advf\/imagenes\/2022\/10\/63587d8ecadaf_1200.jpg\",\"contentUrl\":\"https:\/\/www.telam.com.ar\/thumbs\/bluesteel\/advf\/imagenes\/2022\/10\/63587d8ecadaf_1200.jpg\"},{\"@type\":\"BreadcrumbList\",\"@id\":\"https:\/\/www.noticiasradioreflejos.com.ar\/2021\/trasladaran-al-tortugo-jorge-a-mar-del-plata-tras-38-anos-en-cautiverio-en-mendoza\/#breadcrumb\",\"itemListElement\":[{\"@type\":\"ListItem\",\"position\":1,\"name\":\"Portada\",\"item\":\"https:\/\/www.noticiasradioreflejos.com.ar\/2021\/\"},{\"@type\":\"ListItem\",\"position\":2,\"name\":\"Trasladar\u00e1n al tortugo Jorge a Mar del Plata tras 38 a\u00f1os en cautiverio en Mendoza\"}]},{\"@type\":\"WebSite\",\"@id\":\"https:\/\/www.noticiasradioreflejos.com.ar\/2021\/#website\",\"url\":\"https:\/\/www.noticiasradioreflejos.com.ar\/2021\/\",\"name\":\"Noticias Radio Reflejos\",\"description\":\"Las noticias de mi comarca\",\"potentialAction\":[{\"@type\":\"SearchAction\",\"target\":{\"@type\":\"EntryPoint\",\"urlTemplate\":\"https:\/\/www.noticiasradioreflejos.com.ar\/2021\/?s={search_term_string}\"},\"query-input\":{\"@type\":\"PropertyValueSpecification\",\"valueRequired\":true,\"valueName\":\"search_term_string\"}}],\"inLanguage\":\"es\"},{\"@type\":\"Person\",\"@id\":\"https:\/\/www.noticiasradioreflejos.com.ar\/2021\/#\/schema\/person\/ad82545263dcc5ec0996818884fd5fb1\",\"name\":\"Arnaldo Botto\",\"image\":{\"@type\":\"ImageObject\",\"inLanguage\":\"es\",\"@id\":\"https:\/\/www.noticiasradioreflejos.com.ar\/2021\/#\/schema\/person\/image\/\",\"url\":\"https:\/\/secure.gravatar.com\/avatar\/55cb5e37c1efa326397366e6974cb338056df65cb50e7d64d1cf314e87504837?s=96&d=mm&r=g\",\"contentUrl\":\"https:\/\/secure.gravatar.com\/avatar\/55cb5e37c1efa326397366e6974cb338056df65cb50e7d64d1cf314e87504837?s=96&d=mm&r=g\",\"caption\":\"Arnaldo Botto\"},\"url\":\"https:\/\/www.noticiasradioreflejos.com.ar\/2021\/author\/arnaldo\/\"}]}<\/script>\n<!-- \/ Yoast SEO plugin. -->","yoast_head_json":{"title":"Trasladar\u00e1n al tortugo Jorge a Mar del Plata tras 38 a\u00f1os en cautiverio en Mendoza - Noticias Radio Reflejos","robots":{"index":"index","follow":"follow","max-snippet":"max-snippet:-1","max-image-preview":"max-image-preview:large","max-video-preview":"max-video-preview:-1"},"canonical":"https:\/\/www.noticiasradioreflejos.com.ar\/2021\/trasladaran-al-tortugo-jorge-a-mar-del-plata-tras-38-anos-en-cautiverio-en-mendoza\/","og_locale":"es_ES","og_type":"article","og_title":"Trasladar\u00e1n al tortugo Jorge a Mar del Plata tras 38 a\u00f1os en cautiverio en Mendoza - Noticias Radio Reflejos","og_description":"Una vez que llegue al Centro de Rehabilitaci\u00f3n del Aquarium Mar del Plata, el animal tendr\u00e1 una etapa de adaptaci\u00f3n en un estanque de 120 mil litros de agua marina, y se espera que luego pueda ser traspasado a una laguna colindante al mar","og_url":"https:\/\/www.noticiasradioreflejos.com.ar\/2021\/trasladaran-al-tortugo-jorge-a-mar-del-plata-tras-38-anos-en-cautiverio-en-mendoza\/","og_site_name":"Noticias Radio Reflejos","article_published_time":"2022-10-26T11:34:02+00:00","article_modified_time":"2022-10-26T11:35:23+00:00","og_image":[{"url":"https:\/\/www.telam.com.ar\/thumbs\/bluesteel\/advf\/imagenes\/2022\/10\/63587d8ecadaf_1200.jpg","type":"","width":"","height":""}],"author":"Arnaldo Botto","twitter_card":"summary_large_image","schema":{"@context":"https:\/\/schema.org","@graph":[{"@type":"WebPage","@id":"https:\/\/www.noticiasradioreflejos.com.ar\/2021\/trasladaran-al-tortugo-jorge-a-mar-del-plata-tras-38-anos-en-cautiverio-en-mendoza\/","url":"https:\/\/www.noticiasradioreflejos.com.ar\/2021\/trasladaran-al-tortugo-jorge-a-mar-del-plata-tras-38-anos-en-cautiverio-en-mendoza\/","name":"Trasladar\u00e1n al tortugo Jorge a Mar del Plata tras 38 a\u00f1os en cautiverio en Mendoza - Noticias Radio Reflejos","isPartOf":{"@id":"https:\/\/www.noticiasradioreflejos.com.ar\/2021\/#website"},"primaryImageOfPage":{"@id":"https:\/\/www.noticiasradioreflejos.com.ar\/2021\/trasladaran-al-tortugo-jorge-a-mar-del-plata-tras-38-anos-en-cautiverio-en-mendoza\/#primaryimage"},"image":{"@id":"https:\/\/www.noticiasradioreflejos.com.ar\/2021\/trasladaran-al-tortugo-jorge-a-mar-del-plata-tras-38-anos-en-cautiverio-en-mendoza\/#primaryimage"},"thumbnailUrl":"https:\/\/www.telam.com.ar\/thumbs\/bluesteel\/advf\/imagenes\/2022\/10\/63587d8ecadaf_1200.jpg","datePublished":"2022-10-26T11:34:02+00:00","dateModified":"2022-10-26T11:35:23+00:00","author":{"@id":"https:\/\/www.noticiasradioreflejos.com.ar\/2021\/#\/schema\/person\/ad82545263dcc5ec0996818884fd5fb1"},"breadcrumb":{"@id":"https:\/\/www.noticiasradioreflejos.com.ar\/2021\/trasladaran-al-tortugo-jorge-a-mar-del-plata-tras-38-anos-en-cautiverio-en-mendoza\/#breadcrumb"},"inLanguage":"es","potentialAction":[{"@type":"ReadAction","target":["https:\/\/www.noticiasradioreflejos.com.ar\/2021\/trasladaran-al-tortugo-jorge-a-mar-del-plata-tras-38-anos-en-cautiverio-en-mendoza\/"]}]},{"@type":"ImageObject","inLanguage":"es","@id":"https:\/\/www.noticiasradioreflejos.com.ar\/2021\/trasladaran-al-tortugo-jorge-a-mar-del-plata-tras-38-anos-en-cautiverio-en-mendoza\/#primaryimage","url":"https:\/\/www.telam.com.ar\/thumbs\/bluesteel\/advf\/imagenes\/2022\/10\/63587d8ecadaf_1200.jpg","contentUrl":"https:\/\/www.telam.com.ar\/thumbs\/bluesteel\/advf\/imagenes\/2022\/10\/63587d8ecadaf_1200.jpg"},{"@type":"BreadcrumbList","@id":"https:\/\/www.noticiasradioreflejos.com.ar\/2021\/trasladaran-al-tortugo-jorge-a-mar-del-plata-tras-38-anos-en-cautiverio-en-mendoza\/#breadcrumb","itemListElement":[{"@type":"ListItem","position":1,"name":"Portada","item":"https:\/\/www.noticiasradioreflejos.com.ar\/2021\/"},{"@type":"ListItem","position":2,"name":"Trasladar\u00e1n al tortugo Jorge a Mar del Plata tras 38 a\u00f1os en cautiverio en Mendoza"}]},{"@type":"WebSite","@id":"https:\/\/www.noticiasradioreflejos.com.ar\/2021\/#website","url":"https:\/\/www.noticiasradioreflejos.com.ar\/2021\/","name":"Noticias Radio Reflejos","description":"Las noticias de mi comarca","potentialAction":[{"@type":"SearchAction","target":{"@type":"EntryPoint","urlTemplate":"https:\/\/www.noticiasradioreflejos.com.ar\/2021\/?s={search_term_string}"},"query-input":{"@type":"PropertyValueSpecification","valueRequired":true,"valueName":"search_term_string"}}],"inLanguage":"es"},{"@type":"Person","@id":"https:\/\/www.noticiasradioreflejos.com.ar\/2021\/#\/schema\/person\/ad82545263dcc5ec0996818884fd5fb1","name":"Arnaldo Botto","image":{"@type":"ImageObject","inLanguage":"es","@id":"https:\/\/www.noticiasradioreflejos.com.ar\/2021\/#\/schema\/person\/image\/","url":"https:\/\/secure.gravatar.com\/avatar\/55cb5e37c1efa326397366e6974cb338056df65cb50e7d64d1cf314e87504837?s=96&d=mm&r=g","contentUrl":"https:\/\/secure.gravatar.com\/avatar\/55cb5e37c1efa326397366e6974cb338056df65cb50e7d64d1cf314e87504837?s=96&d=mm&r=g","caption":"Arnaldo Botto"},"url":"https:\/\/www.noticiasradioreflejos.com.ar\/2021\/author\/arnaldo\/"}]}},"_links":{"self":[{"href":"https:\/\/www.noticiasradioreflejos.com.ar\/2021\/wp-json\/wp\/v2\/posts\/79399","targetHints":{"allow":["GET"]}}],"collection":[{"href":"https:\/\/www.noticiasradioreflejos.com.ar\/2021\/wp-json\/wp\/v2\/posts"}],"about":[{"href":"https:\/\/www.noticiasradioreflejos.com.ar\/2021\/wp-json\/wp\/v2\/types\/post"}],"author":[{"embeddable":true,"href":"https:\/\/www.noticiasradioreflejos.com.ar\/2021\/wp-json\/wp\/v2\/users\/3"}],"replies":[{"embeddable":true,"href":"https:\/\/www.noticiasradioreflejos.com.ar\/2021\/wp-json\/wp\/v2\/comments?post=79399"}],"version-history":[{"count":1,"href":"https:\/\/www.noticiasradioreflejos.com.ar\/2021\/wp-json\/wp\/v2\/posts\/79399\/revisions"}],"predecessor-version":[{"id":79401,"href":"https:\/\/www.noticiasradioreflejos.com.ar\/2021\/wp-json\/wp\/v2\/posts\/79399\/revisions\/79401"}],"wp:attachment":[{"href":"https:\/\/www.noticiasradioreflejos.com.ar\/2021\/wp-json\/wp\/v2\/media?parent=79399"}],"wp:term":[{"taxonomy":"category","embeddable":true,"href":"https:\/\/www.noticiasradioreflejos.com.ar\/2021\/wp-json\/wp\/v2\/categories?post=79399"},{"taxonomy":"post_tag","embeddable":true,"href":"https:\/\/www.noticiasradioreflejos.com.ar\/2021\/wp-json\/wp\/v2\/tags?post=79399"}],"curies":[{"name":"wp","href":"https:\/\/api.w.org\/{rel}","templated":true}]}}