{"id":79392,"date":"2022-10-26T11:16:21","date_gmt":"2022-10-26T11:16:21","guid":{"rendered":"http:\/\/www.noticiasradioreflejos.com.ar\/2021\/?p=79392"},"modified":"2022-10-26T12:58:07","modified_gmt":"2022-10-26T12:58:07","slug":"comunicado-sobre-el-hallazgo-de-un-supuesto-submarino-aleman-en-las-costas-de-arenas-verdes","status":"publish","type":"post","link":"https:\/\/www.noticiasradioreflejos.com.ar\/2021\/comunicado-sobre-el-hallazgo-de-un-supuesto-submarino-aleman-en-las-costas-de-arenas-verdes\/","title":{"rendered":"Comunicado sobre el hallazgo de un supuesto submarino alem\u00e1n en las costas de Arenas Verdes."},"content":{"rendered":"<p>El Centro de Registro del Patrimonio Arqueol\u00f3gico y Paleontol\u00f3gico en conjunto con el Instituto Nacional de Antropolog\u00eda y Pensamiento .<!--more--><\/p>\n<p><strong>COMUNICADO<\/strong><\/p>\n<p>En los \u00faltimos d\u00edas diversos medios de prensa han difundido noticias referidas al hallazgo de restos de un naufragio frente a las costas de Quequ\u00e9n, en la Provincia de Buenos Aires, y su identificaci\u00f3n como un submarino alem\u00e1n de la Segunda Guerra Mundial.<\/p>\n<p>Debido a que estos restos podr\u00edan estar protegidos por la legislaci\u00f3n nacional y provincial de patrimonio arqueol\u00f3gico, los organismos competentes de la Naci\u00f3n y de dicha provincia han tomado intervenci\u00f3n en el asunto. Estos organismos son el Instituto Nacional de Antropolog\u00eda y Pensamiento Latinoamericano (INAPL), que pertenece al Ministerio de Cultura de la Naci\u00f3n, y el Centro de Registro del Patrimonio Arqueol\u00f3gico y Paleontol\u00f3gico (CRePAP), que depende de la Direcci\u00f3n Provincial de Patrimonio Cultural de la Provincia de Buenos Aires, respectivamente.<\/p>\n<p>Como parte de las acciones realizadas por dichos organismos, se instruy\u00f3 a la Prefectura Naval Argentina en la aplicaci\u00f3n de los protocolos de protecci\u00f3n del patrimonio arqueol\u00f3gico y los requerimientos que deben exigirse para la realizaci\u00f3n de prospecciones e investigaciones arqueol\u00f3gicas. Asimismo, se definieron los recaudos que el \u00e1rea operativa de buceo de la Prefectura Naval deb\u00eda cumplir al realizar la inspecci\u00f3n de los restos y, posteriormente a esta inspecci\u00f3n, se realiz\u00f3 una evaluaci\u00f3n t\u00e9cnica de las im\u00e1genes de video obtenidas.<\/p>\n<p>Dichas im\u00e1genes muestran un conjunto de estructuras y objetos met\u00e1licos, la mayor parte desarticulados y colapsados, en un estado de corrosi\u00f3n avanzada y colonizados por organismos marinos. De acuerdo con sus caracter\u00edsticas, estos elementos podr\u00edan estar asociados a alg\u00fan tipo de plataforma flotante o embarcaci\u00f3n de uso portuario, probablemente de la segunda mitad del siglo XX.<\/p>\n<p>No obstante, para poder confirmar en forma concluyente a qu\u00e9 tipo de embarcaci\u00f3n corresponden los restos, ser\u00eda necesario realizar una evaluaci\u00f3n arqueol\u00f3gica con la intervenci\u00f3n de arque\u00f3logos profesionales especializados. La metodolog\u00eda apropiada para esta clase de evaluaciones generalmente incluye la utilizaci\u00f3n de equipos de sensoramiento remoto como el sonar de barrido lateral y el sonar multi haz, relevamientos in situ con arque\u00f3logos buzos, registros con fotos y videos, y an\u00e1lisis de muestras de componentes met\u00e1licos.<\/p>\n<p>&nbsp;<\/p>\n<p>&nbsp;<\/p>\n<p>&nbsp;<\/p>\n","protected":false},"excerpt":{"rendered":"<p>El Centro de Registro del Patrimonio Arqueol\u00f3gico y Paleontol\u00f3gico en conjunto con el Instituto Nacional de Antropolog\u00eda y Pensamiento .<\/p>\n","protected":false},"author":3,"featured_media":0,"comment_status":"closed","ping_status":"closed","sticky":false,"template":"","format":"standard","meta":{"footnotes":""},"categories":[46,24],"tags":[48],"class_list":["post-79392","post","type-post","status-publish","format-standard","hentry","category-ciencia-y-tecnologia","category-politica","tag-destacada"],"yoast_head":"<!-- This site is optimized with the Yoast SEO plugin v25.9 - https:\/\/yoast.com\/wordpress\/plugins\/seo\/ -->\n<title>Comunicado sobre el hallazgo de un supuesto submarino alem\u00e1n en las costas de Arenas Verdes. - Noticias Radio Reflejos<\/title>\n<meta name=\"robots\" content=\"index, follow, max-snippet:-1, max-image-preview:large, max-video-preview:-1\" \/>\n<link rel=\"canonical\" href=\"https:\/\/www.noticiasradioreflejos.com.ar\/2021\/comunicado-sobre-el-hallazgo-de-un-supuesto-submarino-aleman-en-las-costas-de-arenas-verdes\/\" \/>\n<meta property=\"og:locale\" content=\"es_ES\" \/>\n<meta property=\"og:type\" content=\"article\" \/>\n<meta property=\"og:title\" content=\"Comunicado sobre el hallazgo de un supuesto submarino alem\u00e1n en las costas de Arenas Verdes. - Noticias Radio Reflejos\" \/>\n<meta property=\"og:description\" content=\"El Centro de Registro del Patrimonio Arqueol\u00f3gico y Paleontol\u00f3gico en conjunto con el Instituto Nacional de Antropolog\u00eda y Pensamiento .\" \/>\n<meta property=\"og:url\" content=\"https:\/\/www.noticiasradioreflejos.com.ar\/2021\/comunicado-sobre-el-hallazgo-de-un-supuesto-submarino-aleman-en-las-costas-de-arenas-verdes\/\" \/>\n<meta property=\"og:site_name\" content=\"Noticias Radio Reflejos\" \/>\n<meta property=\"article:published_time\" content=\"2022-10-26T11:16:21+00:00\" \/>\n<meta property=\"article:modified_time\" content=\"2022-10-26T12:58:07+00:00\" \/>\n<meta property=\"og:image\" content=\"https:\/\/www.noticiasradioreflejos.com.ar\/2021\/wp-content\/uploads\/2021\/07\/logosol300x200.png\" \/>\n\t<meta property=\"og:image:width\" content=\"300\" \/>\n\t<meta property=\"og:image:height\" content=\"200\" \/>\n\t<meta property=\"og:image:type\" content=\"image\/png\" \/>\n<meta name=\"author\" content=\"Arnaldo Botto\" \/>\n<meta name=\"twitter:card\" content=\"summary_large_image\" \/>\n<script type=\"application\/ld+json\" class=\"yoast-schema-graph\">{\"@context\":\"https:\/\/schema.org\",\"@graph\":[{\"@type\":\"WebPage\",\"@id\":\"https:\/\/www.noticiasradioreflejos.com.ar\/2021\/comunicado-sobre-el-hallazgo-de-un-supuesto-submarino-aleman-en-las-costas-de-arenas-verdes\/\",\"url\":\"https:\/\/www.noticiasradioreflejos.com.ar\/2021\/comunicado-sobre-el-hallazgo-de-un-supuesto-submarino-aleman-en-las-costas-de-arenas-verdes\/\",\"name\":\"Comunicado sobre el hallazgo de un supuesto submarino alem\u00e1n en las costas de Arenas Verdes. - Noticias Radio Reflejos\",\"isPartOf\":{\"@id\":\"https:\/\/www.noticiasradioreflejos.com.ar\/2021\/#website\"},\"datePublished\":\"2022-10-26T11:16:21+00:00\",\"dateModified\":\"2022-10-26T12:58:07+00:00\",\"author\":{\"@id\":\"https:\/\/www.noticiasradioreflejos.com.ar\/2021\/#\/schema\/person\/ad82545263dcc5ec0996818884fd5fb1\"},\"breadcrumb\":{\"@id\":\"https:\/\/www.noticiasradioreflejos.com.ar\/2021\/comunicado-sobre-el-hallazgo-de-un-supuesto-submarino-aleman-en-las-costas-de-arenas-verdes\/#breadcrumb\"},\"inLanguage\":\"es\",\"potentialAction\":[{\"@type\":\"ReadAction\",\"target\":[\"https:\/\/www.noticiasradioreflejos.com.ar\/2021\/comunicado-sobre-el-hallazgo-de-un-supuesto-submarino-aleman-en-las-costas-de-arenas-verdes\/\"]}]},{\"@type\":\"BreadcrumbList\",\"@id\":\"https:\/\/www.noticiasradioreflejos.com.ar\/2021\/comunicado-sobre-el-hallazgo-de-un-supuesto-submarino-aleman-en-las-costas-de-arenas-verdes\/#breadcrumb\",\"itemListElement\":[{\"@type\":\"ListItem\",\"position\":1,\"name\":\"Portada\",\"item\":\"https:\/\/www.noticiasradioreflejos.com.ar\/2021\/\"},{\"@type\":\"ListItem\",\"position\":2,\"name\":\"Comunicado sobre el hallazgo de un supuesto submarino alem\u00e1n en las costas de Arenas Verdes.\"}]},{\"@type\":\"WebSite\",\"@id\":\"https:\/\/www.noticiasradioreflejos.com.ar\/2021\/#website\",\"url\":\"https:\/\/www.noticiasradioreflejos.com.ar\/2021\/\",\"name\":\"Noticias Radio Reflejos\",\"description\":\"Las noticias de mi comarca\",\"potentialAction\":[{\"@type\":\"SearchAction\",\"target\":{\"@type\":\"EntryPoint\",\"urlTemplate\":\"https:\/\/www.noticiasradioreflejos.com.ar\/2021\/?s={search_term_string}\"},\"query-input\":{\"@type\":\"PropertyValueSpecification\",\"valueRequired\":true,\"valueName\":\"search_term_string\"}}],\"inLanguage\":\"es\"},{\"@type\":\"Person\",\"@id\":\"https:\/\/www.noticiasradioreflejos.com.ar\/2021\/#\/schema\/person\/ad82545263dcc5ec0996818884fd5fb1\",\"name\":\"Arnaldo Botto\",\"image\":{\"@type\":\"ImageObject\",\"inLanguage\":\"es\",\"@id\":\"https:\/\/www.noticiasradioreflejos.com.ar\/2021\/#\/schema\/person\/image\/\",\"url\":\"https:\/\/secure.gravatar.com\/avatar\/55cb5e37c1efa326397366e6974cb338056df65cb50e7d64d1cf314e87504837?s=96&d=mm&r=g\",\"contentUrl\":\"https:\/\/secure.gravatar.com\/avatar\/55cb5e37c1efa326397366e6974cb338056df65cb50e7d64d1cf314e87504837?s=96&d=mm&r=g\",\"caption\":\"Arnaldo Botto\"},\"url\":\"https:\/\/www.noticiasradioreflejos.com.ar\/2021\/author\/arnaldo\/\"}]}<\/script>\n<!-- \/ Yoast SEO plugin. -->","yoast_head_json":{"title":"Comunicado sobre el hallazgo de un supuesto submarino alem\u00e1n en las costas de Arenas Verdes. - Noticias Radio Reflejos","robots":{"index":"index","follow":"follow","max-snippet":"max-snippet:-1","max-image-preview":"max-image-preview:large","max-video-preview":"max-video-preview:-1"},"canonical":"https:\/\/www.noticiasradioreflejos.com.ar\/2021\/comunicado-sobre-el-hallazgo-de-un-supuesto-submarino-aleman-en-las-costas-de-arenas-verdes\/","og_locale":"es_ES","og_type":"article","og_title":"Comunicado sobre el hallazgo de un supuesto submarino alem\u00e1n en las costas de Arenas Verdes. - Noticias Radio Reflejos","og_description":"El Centro de Registro del Patrimonio Arqueol\u00f3gico y Paleontol\u00f3gico en conjunto con el Instituto Nacional de Antropolog\u00eda y Pensamiento .","og_url":"https:\/\/www.noticiasradioreflejos.com.ar\/2021\/comunicado-sobre-el-hallazgo-de-un-supuesto-submarino-aleman-en-las-costas-de-arenas-verdes\/","og_site_name":"Noticias Radio Reflejos","article_published_time":"2022-10-26T11:16:21+00:00","article_modified_time":"2022-10-26T12:58:07+00:00","og_image":[{"width":300,"height":200,"url":"https:\/\/www.noticiasradioreflejos.com.ar\/2021\/wp-content\/uploads\/2021\/07\/logosol300x200.png","type":"image\/png"}],"author":"Arnaldo Botto","twitter_card":"summary_large_image","schema":{"@context":"https:\/\/schema.org","@graph":[{"@type":"WebPage","@id":"https:\/\/www.noticiasradioreflejos.com.ar\/2021\/comunicado-sobre-el-hallazgo-de-un-supuesto-submarino-aleman-en-las-costas-de-arenas-verdes\/","url":"https:\/\/www.noticiasradioreflejos.com.ar\/2021\/comunicado-sobre-el-hallazgo-de-un-supuesto-submarino-aleman-en-las-costas-de-arenas-verdes\/","name":"Comunicado sobre el hallazgo de un supuesto submarino alem\u00e1n en las costas de Arenas Verdes. - Noticias Radio Reflejos","isPartOf":{"@id":"https:\/\/www.noticiasradioreflejos.com.ar\/2021\/#website"},"datePublished":"2022-10-26T11:16:21+00:00","dateModified":"2022-10-26T12:58:07+00:00","author":{"@id":"https:\/\/www.noticiasradioreflejos.com.ar\/2021\/#\/schema\/person\/ad82545263dcc5ec0996818884fd5fb1"},"breadcrumb":{"@id":"https:\/\/www.noticiasradioreflejos.com.ar\/2021\/comunicado-sobre-el-hallazgo-de-un-supuesto-submarino-aleman-en-las-costas-de-arenas-verdes\/#breadcrumb"},"inLanguage":"es","potentialAction":[{"@type":"ReadAction","target":["https:\/\/www.noticiasradioreflejos.com.ar\/2021\/comunicado-sobre-el-hallazgo-de-un-supuesto-submarino-aleman-en-las-costas-de-arenas-verdes\/"]}]},{"@type":"BreadcrumbList","@id":"https:\/\/www.noticiasradioreflejos.com.ar\/2021\/comunicado-sobre-el-hallazgo-de-un-supuesto-submarino-aleman-en-las-costas-de-arenas-verdes\/#breadcrumb","itemListElement":[{"@type":"ListItem","position":1,"name":"Portada","item":"https:\/\/www.noticiasradioreflejos.com.ar\/2021\/"},{"@type":"ListItem","position":2,"name":"Comunicado sobre el hallazgo de un supuesto submarino alem\u00e1n en las costas de Arenas Verdes."}]},{"@type":"WebSite","@id":"https:\/\/www.noticiasradioreflejos.com.ar\/2021\/#website","url":"https:\/\/www.noticiasradioreflejos.com.ar\/2021\/","name":"Noticias Radio Reflejos","description":"Las noticias de mi comarca","potentialAction":[{"@type":"SearchAction","target":{"@type":"EntryPoint","urlTemplate":"https:\/\/www.noticiasradioreflejos.com.ar\/2021\/?s={search_term_string}"},"query-input":{"@type":"PropertyValueSpecification","valueRequired":true,"valueName":"search_term_string"}}],"inLanguage":"es"},{"@type":"Person","@id":"https:\/\/www.noticiasradioreflejos.com.ar\/2021\/#\/schema\/person\/ad82545263dcc5ec0996818884fd5fb1","name":"Arnaldo Botto","image":{"@type":"ImageObject","inLanguage":"es","@id":"https:\/\/www.noticiasradioreflejos.com.ar\/2021\/#\/schema\/person\/image\/","url":"https:\/\/secure.gravatar.com\/avatar\/55cb5e37c1efa326397366e6974cb338056df65cb50e7d64d1cf314e87504837?s=96&d=mm&r=g","contentUrl":"https:\/\/secure.gravatar.com\/avatar\/55cb5e37c1efa326397366e6974cb338056df65cb50e7d64d1cf314e87504837?s=96&d=mm&r=g","caption":"Arnaldo Botto"},"url":"https:\/\/www.noticiasradioreflejos.com.ar\/2021\/author\/arnaldo\/"}]}},"_links":{"self":[{"href":"https:\/\/www.noticiasradioreflejos.com.ar\/2021\/wp-json\/wp\/v2\/posts\/79392","targetHints":{"allow":["GET"]}}],"collection":[{"href":"https:\/\/www.noticiasradioreflejos.com.ar\/2021\/wp-json\/wp\/v2\/posts"}],"about":[{"href":"https:\/\/www.noticiasradioreflejos.com.ar\/2021\/wp-json\/wp\/v2\/types\/post"}],"author":[{"embeddable":true,"href":"https:\/\/www.noticiasradioreflejos.com.ar\/2021\/wp-json\/wp\/v2\/users\/3"}],"replies":[{"embeddable":true,"href":"https:\/\/www.noticiasradioreflejos.com.ar\/2021\/wp-json\/wp\/v2\/comments?post=79392"}],"version-history":[{"count":1,"href":"https:\/\/www.noticiasradioreflejos.com.ar\/2021\/wp-json\/wp\/v2\/posts\/79392\/revisions"}],"predecessor-version":[{"id":79395,"href":"https:\/\/www.noticiasradioreflejos.com.ar\/2021\/wp-json\/wp\/v2\/posts\/79392\/revisions\/79395"}],"wp:attachment":[{"href":"https:\/\/www.noticiasradioreflejos.com.ar\/2021\/wp-json\/wp\/v2\/media?parent=79392"}],"wp:term":[{"taxonomy":"category","embeddable":true,"href":"https:\/\/www.noticiasradioreflejos.com.ar\/2021\/wp-json\/wp\/v2\/categories?post=79392"},{"taxonomy":"post_tag","embeddable":true,"href":"https:\/\/www.noticiasradioreflejos.com.ar\/2021\/wp-json\/wp\/v2\/tags?post=79392"}],"curies":[{"name":"wp","href":"https:\/\/api.w.org\/{rel}","templated":true}]}}