{"id":79390,"date":"2022-10-26T10:53:24","date_gmt":"2022-10-26T10:53:24","guid":{"rendered":"http:\/\/www.noticiasradioreflejos.com.ar\/2021\/?p=79390"},"modified":"2022-10-26T12:57:25","modified_gmt":"2022-10-26T12:57:25","slug":"abundantes-lluvias-durante-el-martes-y-se-esperan-mas-para-hoy","status":"publish","type":"post","link":"https:\/\/www.noticiasradioreflejos.com.ar\/2021\/abundantes-lluvias-durante-el-martes-y-se-esperan-mas-para-hoy\/","title":{"rendered":"Abundantes lluvias durante el martes y se esperan m\u00e1s para hoy."},"content":{"rendered":"<p>Toda la regi\u00f3n sudoeste de Buenos Aires tuvo registros de lluvias muy abundantes durante la jornada pasada; en Sierra de la Ventana se alcanz\u00f3 los 52 mm y Tornquist tuvo 85 mm.<!--more--><\/p>\n<p>Durante todo el d\u00eda de ayer, la zona serrana tuvo lluvias y tormentas que dejaron importantes niveles en los pluvi\u00f3metros y muy bien recibido por el sector agropecuario.<\/p>\n<p>Parejo llovi\u00f3 todo el d\u00eda, con eventuales descargas el\u00e9ctricas que no ocasionaron mayores da\u00f1os.<\/p>\n<p>El alerta amarillo emitido por el SMN continua en nuestra regi\u00f3n y para hoy se esperan mas precipitaciones con la llegada de fuertes vientos de SO en horas de la tarde. La temperatura m\u00e1xima estar\u00eda en los 17 a 18 grados y descendiendo hacia la noche.<\/p>\n<p>Para ma\u00f1ana jueves se espera una jornada soleada con temperaturas entre los 6 y 23 grados, cielos despejados y vientos moderados a fuertes del sector oeste y noroeste.<\/p>\n<p>&nbsp;<\/p>\n<p><strong>Total de lluvias hasta las 7 hs de este mi\u00e9rcoles.<\/strong><\/p>\n<p>52 mm en Sierra de la Ventana<br \/>\n50 mm en Calqu\u00edn<br \/>\n50 mm en Saldungaray<br \/>\n71 mm en Villa Ventana<br \/>\n92 mm en Cerros Colorados<br \/>\n52 mm en Cerro Napost\u00e1 Oeste<br \/>\n85 mm en Tornquist<br \/>\n60 mm Villa Serrana la Gruta<br \/>\n73.5 mm en Funke<br \/>\n44 mm en El Pantanoso<br \/>\n61 mm en Tres Picos<br \/>\n72 mm en Chas\u00edc\u00f3<br \/>\n42 mm en Cabildo<br \/>\n49 mm en Frapal<br \/>\n23 mm en Cnel Pringles.<br \/>\n39 mm en Pigue<br \/>\n50.5 mm en Dufaur<br \/>\n35 mm en Goyena<br \/>\n25 mm en Arroyo Corto<br \/>\n35 mm en Coronel Suarez<br \/>\n90 mm en Huanguelen<br \/>\n34 mm en San Eloy<br \/>\n28 mm en Cura Malal<br \/>\n47 mm en Pasman<br \/>\n35 mm en Guamin\u00ed<br \/>\n46 mm en Garre<br \/>\n40 mm en Casbas<br \/>\n96 en Felipe Sola<br \/>\n20 mm en Carhue<br \/>\n23 mm en Monte Hermoso<\/p>\n","protected":false},"excerpt":{"rendered":"<p>Toda la regi\u00f3n sudoeste de Buenos Aires tuvo registros de lluvias muy abundantes durante la jornada pasada; en Sierra de la Ventana se alcanz\u00f3 los 52 mm y Tornquist tuvo 85 mm.<\/p>\n","protected":false},"author":3,"featured_media":67902,"comment_status":"closed","ping_status":"closed","sticky":false,"template":"","format":"standard","meta":{"footnotes":""},"categories":[46],"tags":[48],"class_list":["post-79390","post","type-post","status-publish","format-standard","has-post-thumbnail","hentry","category-ciencia-y-tecnologia","tag-destacada"],"yoast_head":"<!-- This site is optimized with the Yoast SEO plugin v25.9 - https:\/\/yoast.com\/wordpress\/plugins\/seo\/ -->\n<title>Abundantes lluvias durante el martes y se esperan m\u00e1s para hoy. - Noticias Radio Reflejos<\/title>\n<meta name=\"robots\" content=\"index, follow, max-snippet:-1, max-image-preview:large, max-video-preview:-1\" \/>\n<link rel=\"canonical\" href=\"https:\/\/www.noticiasradioreflejos.com.ar\/2021\/abundantes-lluvias-durante-el-martes-y-se-esperan-mas-para-hoy\/\" \/>\n<meta property=\"og:locale\" content=\"es_ES\" \/>\n<meta property=\"og:type\" content=\"article\" \/>\n<meta property=\"og:title\" content=\"Abundantes lluvias durante el martes y se esperan m\u00e1s para hoy. - Noticias Radio Reflejos\" \/>\n<meta property=\"og:description\" content=\"Toda la regi\u00f3n sudoeste de Buenos Aires tuvo registros de lluvias muy abundantes durante la jornada pasada; en Sierra de la Ventana se alcanz\u00f3 los 52 mm y Tornquist tuvo 85 mm.\" \/>\n<meta property=\"og:url\" content=\"https:\/\/www.noticiasradioreflejos.com.ar\/2021\/abundantes-lluvias-durante-el-martes-y-se-esperan-mas-para-hoy\/\" \/>\n<meta property=\"og:site_name\" content=\"Noticias Radio Reflejos\" \/>\n<meta property=\"article:published_time\" content=\"2022-10-26T10:53:24+00:00\" \/>\n<meta property=\"article:modified_time\" content=\"2022-10-26T12:57:25+00:00\" \/>\n<meta property=\"og:image\" content=\"https:\/\/www.noticiasradioreflejos.com.ar\/2021\/wp-content\/uploads\/2022\/02\/lluvia-en-sierra.jpg\" \/>\n\t<meta property=\"og:image:width\" content=\"2048\" \/>\n\t<meta property=\"og:image:height\" content=\"1365\" \/>\n\t<meta property=\"og:image:type\" content=\"image\/jpeg\" \/>\n<meta name=\"author\" content=\"Arnaldo Botto\" \/>\n<meta name=\"twitter:card\" content=\"summary_large_image\" \/>\n<script type=\"application\/ld+json\" class=\"yoast-schema-graph\">{\"@context\":\"https:\/\/schema.org\",\"@graph\":[{\"@type\":\"WebPage\",\"@id\":\"https:\/\/www.noticiasradioreflejos.com.ar\/2021\/abundantes-lluvias-durante-el-martes-y-se-esperan-mas-para-hoy\/\",\"url\":\"https:\/\/www.noticiasradioreflejos.com.ar\/2021\/abundantes-lluvias-durante-el-martes-y-se-esperan-mas-para-hoy\/\",\"name\":\"Abundantes lluvias durante el martes y se esperan m\u00e1s para hoy. - Noticias Radio Reflejos\",\"isPartOf\":{\"@id\":\"https:\/\/www.noticiasradioreflejos.com.ar\/2021\/#website\"},\"primaryImageOfPage\":{\"@id\":\"https:\/\/www.noticiasradioreflejos.com.ar\/2021\/abundantes-lluvias-durante-el-martes-y-se-esperan-mas-para-hoy\/#primaryimage\"},\"image\":{\"@id\":\"https:\/\/www.noticiasradioreflejos.com.ar\/2021\/abundantes-lluvias-durante-el-martes-y-se-esperan-mas-para-hoy\/#primaryimage\"},\"thumbnailUrl\":\"https:\/\/www.noticiasradioreflejos.com.ar\/2021\/wp-content\/uploads\/2022\/02\/lluvia-en-sierra.jpg\",\"datePublished\":\"2022-10-26T10:53:24+00:00\",\"dateModified\":\"2022-10-26T12:57:25+00:00\",\"author\":{\"@id\":\"https:\/\/www.noticiasradioreflejos.com.ar\/2021\/#\/schema\/person\/ad82545263dcc5ec0996818884fd5fb1\"},\"breadcrumb\":{\"@id\":\"https:\/\/www.noticiasradioreflejos.com.ar\/2021\/abundantes-lluvias-durante-el-martes-y-se-esperan-mas-para-hoy\/#breadcrumb\"},\"inLanguage\":\"es\",\"potentialAction\":[{\"@type\":\"ReadAction\",\"target\":[\"https:\/\/www.noticiasradioreflejos.com.ar\/2021\/abundantes-lluvias-durante-el-martes-y-se-esperan-mas-para-hoy\/\"]}]},{\"@type\":\"ImageObject\",\"inLanguage\":\"es\",\"@id\":\"https:\/\/www.noticiasradioreflejos.com.ar\/2021\/abundantes-lluvias-durante-el-martes-y-se-esperan-mas-para-hoy\/#primaryimage\",\"url\":\"https:\/\/www.noticiasradioreflejos.com.ar\/2021\/wp-content\/uploads\/2022\/02\/lluvia-en-sierra.jpg\",\"contentUrl\":\"https:\/\/www.noticiasradioreflejos.com.ar\/2021\/wp-content\/uploads\/2022\/02\/lluvia-en-sierra.jpg\",\"width\":2048,\"height\":1365},{\"@type\":\"BreadcrumbList\",\"@id\":\"https:\/\/www.noticiasradioreflejos.com.ar\/2021\/abundantes-lluvias-durante-el-martes-y-se-esperan-mas-para-hoy\/#breadcrumb\",\"itemListElement\":[{\"@type\":\"ListItem\",\"position\":1,\"name\":\"Portada\",\"item\":\"https:\/\/www.noticiasradioreflejos.com.ar\/2021\/\"},{\"@type\":\"ListItem\",\"position\":2,\"name\":\"Abundantes lluvias durante el martes y se esperan m\u00e1s para hoy.\"}]},{\"@type\":\"WebSite\",\"@id\":\"https:\/\/www.noticiasradioreflejos.com.ar\/2021\/#website\",\"url\":\"https:\/\/www.noticiasradioreflejos.com.ar\/2021\/\",\"name\":\"Noticias Radio Reflejos\",\"description\":\"Las noticias de mi comarca\",\"potentialAction\":[{\"@type\":\"SearchAction\",\"target\":{\"@type\":\"EntryPoint\",\"urlTemplate\":\"https:\/\/www.noticiasradioreflejos.com.ar\/2021\/?s={search_term_string}\"},\"query-input\":{\"@type\":\"PropertyValueSpecification\",\"valueRequired\":true,\"valueName\":\"search_term_string\"}}],\"inLanguage\":\"es\"},{\"@type\":\"Person\",\"@id\":\"https:\/\/www.noticiasradioreflejos.com.ar\/2021\/#\/schema\/person\/ad82545263dcc5ec0996818884fd5fb1\",\"name\":\"Arnaldo Botto\",\"image\":{\"@type\":\"ImageObject\",\"inLanguage\":\"es\",\"@id\":\"https:\/\/www.noticiasradioreflejos.com.ar\/2021\/#\/schema\/person\/image\/\",\"url\":\"https:\/\/secure.gravatar.com\/avatar\/55cb5e37c1efa326397366e6974cb338056df65cb50e7d64d1cf314e87504837?s=96&d=mm&r=g\",\"contentUrl\":\"https:\/\/secure.gravatar.com\/avatar\/55cb5e37c1efa326397366e6974cb338056df65cb50e7d64d1cf314e87504837?s=96&d=mm&r=g\",\"caption\":\"Arnaldo Botto\"},\"url\":\"https:\/\/www.noticiasradioreflejos.com.ar\/2021\/author\/arnaldo\/\"}]}<\/script>\n<!-- \/ Yoast SEO plugin. -->","yoast_head_json":{"title":"Abundantes lluvias durante el martes y se esperan m\u00e1s para hoy. - Noticias Radio Reflejos","robots":{"index":"index","follow":"follow","max-snippet":"max-snippet:-1","max-image-preview":"max-image-preview:large","max-video-preview":"max-video-preview:-1"},"canonical":"https:\/\/www.noticiasradioreflejos.com.ar\/2021\/abundantes-lluvias-durante-el-martes-y-se-esperan-mas-para-hoy\/","og_locale":"es_ES","og_type":"article","og_title":"Abundantes lluvias durante el martes y se esperan m\u00e1s para hoy. - Noticias Radio Reflejos","og_description":"Toda la regi\u00f3n sudoeste de Buenos Aires tuvo registros de lluvias muy abundantes durante la jornada pasada; en Sierra de la Ventana se alcanz\u00f3 los 52 mm y Tornquist tuvo 85 mm.","og_url":"https:\/\/www.noticiasradioreflejos.com.ar\/2021\/abundantes-lluvias-durante-el-martes-y-se-esperan-mas-para-hoy\/","og_site_name":"Noticias Radio Reflejos","article_published_time":"2022-10-26T10:53:24+00:00","article_modified_time":"2022-10-26T12:57:25+00:00","og_image":[{"width":2048,"height":1365,"url":"https:\/\/www.noticiasradioreflejos.com.ar\/2021\/wp-content\/uploads\/2022\/02\/lluvia-en-sierra.jpg","type":"image\/jpeg"}],"author":"Arnaldo Botto","twitter_card":"summary_large_image","schema":{"@context":"https:\/\/schema.org","@graph":[{"@type":"WebPage","@id":"https:\/\/www.noticiasradioreflejos.com.ar\/2021\/abundantes-lluvias-durante-el-martes-y-se-esperan-mas-para-hoy\/","url":"https:\/\/www.noticiasradioreflejos.com.ar\/2021\/abundantes-lluvias-durante-el-martes-y-se-esperan-mas-para-hoy\/","name":"Abundantes lluvias durante el martes y se esperan m\u00e1s para hoy. - Noticias Radio Reflejos","isPartOf":{"@id":"https:\/\/www.noticiasradioreflejos.com.ar\/2021\/#website"},"primaryImageOfPage":{"@id":"https:\/\/www.noticiasradioreflejos.com.ar\/2021\/abundantes-lluvias-durante-el-martes-y-se-esperan-mas-para-hoy\/#primaryimage"},"image":{"@id":"https:\/\/www.noticiasradioreflejos.com.ar\/2021\/abundantes-lluvias-durante-el-martes-y-se-esperan-mas-para-hoy\/#primaryimage"},"thumbnailUrl":"https:\/\/www.noticiasradioreflejos.com.ar\/2021\/wp-content\/uploads\/2022\/02\/lluvia-en-sierra.jpg","datePublished":"2022-10-26T10:53:24+00:00","dateModified":"2022-10-26T12:57:25+00:00","author":{"@id":"https:\/\/www.noticiasradioreflejos.com.ar\/2021\/#\/schema\/person\/ad82545263dcc5ec0996818884fd5fb1"},"breadcrumb":{"@id":"https:\/\/www.noticiasradioreflejos.com.ar\/2021\/abundantes-lluvias-durante-el-martes-y-se-esperan-mas-para-hoy\/#breadcrumb"},"inLanguage":"es","potentialAction":[{"@type":"ReadAction","target":["https:\/\/www.noticiasradioreflejos.com.ar\/2021\/abundantes-lluvias-durante-el-martes-y-se-esperan-mas-para-hoy\/"]}]},{"@type":"ImageObject","inLanguage":"es","@id":"https:\/\/www.noticiasradioreflejos.com.ar\/2021\/abundantes-lluvias-durante-el-martes-y-se-esperan-mas-para-hoy\/#primaryimage","url":"https:\/\/www.noticiasradioreflejos.com.ar\/2021\/wp-content\/uploads\/2022\/02\/lluvia-en-sierra.jpg","contentUrl":"https:\/\/www.noticiasradioreflejos.com.ar\/2021\/wp-content\/uploads\/2022\/02\/lluvia-en-sierra.jpg","width":2048,"height":1365},{"@type":"BreadcrumbList","@id":"https:\/\/www.noticiasradioreflejos.com.ar\/2021\/abundantes-lluvias-durante-el-martes-y-se-esperan-mas-para-hoy\/#breadcrumb","itemListElement":[{"@type":"ListItem","position":1,"name":"Portada","item":"https:\/\/www.noticiasradioreflejos.com.ar\/2021\/"},{"@type":"ListItem","position":2,"name":"Abundantes lluvias durante el martes y se esperan m\u00e1s para hoy."}]},{"@type":"WebSite","@id":"https:\/\/www.noticiasradioreflejos.com.ar\/2021\/#website","url":"https:\/\/www.noticiasradioreflejos.com.ar\/2021\/","name":"Noticias Radio Reflejos","description":"Las noticias de mi comarca","potentialAction":[{"@type":"SearchAction","target":{"@type":"EntryPoint","urlTemplate":"https:\/\/www.noticiasradioreflejos.com.ar\/2021\/?s={search_term_string}"},"query-input":{"@type":"PropertyValueSpecification","valueRequired":true,"valueName":"search_term_string"}}],"inLanguage":"es"},{"@type":"Person","@id":"https:\/\/www.noticiasradioreflejos.com.ar\/2021\/#\/schema\/person\/ad82545263dcc5ec0996818884fd5fb1","name":"Arnaldo Botto","image":{"@type":"ImageObject","inLanguage":"es","@id":"https:\/\/www.noticiasradioreflejos.com.ar\/2021\/#\/schema\/person\/image\/","url":"https:\/\/secure.gravatar.com\/avatar\/55cb5e37c1efa326397366e6974cb338056df65cb50e7d64d1cf314e87504837?s=96&d=mm&r=g","contentUrl":"https:\/\/secure.gravatar.com\/avatar\/55cb5e37c1efa326397366e6974cb338056df65cb50e7d64d1cf314e87504837?s=96&d=mm&r=g","caption":"Arnaldo Botto"},"url":"https:\/\/www.noticiasradioreflejos.com.ar\/2021\/author\/arnaldo\/"}]}},"_links":{"self":[{"href":"https:\/\/www.noticiasradioreflejos.com.ar\/2021\/wp-json\/wp\/v2\/posts\/79390","targetHints":{"allow":["GET"]}}],"collection":[{"href":"https:\/\/www.noticiasradioreflejos.com.ar\/2021\/wp-json\/wp\/v2\/posts"}],"about":[{"href":"https:\/\/www.noticiasradioreflejos.com.ar\/2021\/wp-json\/wp\/v2\/types\/post"}],"author":[{"embeddable":true,"href":"https:\/\/www.noticiasradioreflejos.com.ar\/2021\/wp-json\/wp\/v2\/users\/3"}],"replies":[{"embeddable":true,"href":"https:\/\/www.noticiasradioreflejos.com.ar\/2021\/wp-json\/wp\/v2\/comments?post=79390"}],"version-history":[{"count":5,"href":"https:\/\/www.noticiasradioreflejos.com.ar\/2021\/wp-json\/wp\/v2\/posts\/79390\/revisions"}],"predecessor-version":[{"id":79405,"href":"https:\/\/www.noticiasradioreflejos.com.ar\/2021\/wp-json\/wp\/v2\/posts\/79390\/revisions\/79405"}],"wp:featuredmedia":[{"embeddable":true,"href":"https:\/\/www.noticiasradioreflejos.com.ar\/2021\/wp-json\/wp\/v2\/media\/67902"}],"wp:attachment":[{"href":"https:\/\/www.noticiasradioreflejos.com.ar\/2021\/wp-json\/wp\/v2\/media?parent=79390"}],"wp:term":[{"taxonomy":"category","embeddable":true,"href":"https:\/\/www.noticiasradioreflejos.com.ar\/2021\/wp-json\/wp\/v2\/categories?post=79390"},{"taxonomy":"post_tag","embeddable":true,"href":"https:\/\/www.noticiasradioreflejos.com.ar\/2021\/wp-json\/wp\/v2\/tags?post=79390"}],"curies":[{"name":"wp","href":"https:\/\/api.w.org\/{rel}","templated":true}]}}