{"id":79387,"date":"2022-10-25T20:52:33","date_gmt":"2022-10-25T20:52:33","guid":{"rendered":"http:\/\/www.noticiasradioreflejos.com.ar\/2021\/?p=79387"},"modified":"2022-10-25T20:52:33","modified_gmt":"2022-10-25T20:52:33","slug":"diputados-debate-el-presupuesto-2023-en-una-sesion-que-durara-mas-de-20-horas","status":"publish","type":"post","link":"https:\/\/www.noticiasradioreflejos.com.ar\/2021\/diputados-debate-el-presupuesto-2023-en-una-sesion-que-durara-mas-de-20-horas\/","title":{"rendered":"Diputados debate el Presupuesto 2023 en una sesi\u00f3n que durar\u00e1 m\u00e1s de 20 horas"},"content":{"rendered":"<p>El tratamiento de la ley se da en medio de un fuerte debate por la inclusi\u00f3n de un art\u00edculo que elimina la exenci\u00f3n en el pago del impuesto a las Ganancias que gozan los miembros del Poder Judicial.&lt;<br \/>\n<!--more--><span style=\"color: #1d1f20; font-size: 1.953em;\">Diputados: la sesi\u00f3n en vivo<\/span><\/p>\n<p><iframe loading=\"lazy\" title=\"\ud83d\udd34 SESI\u00d3N EN VIVO: 25 de octubre de 2022 - Diputados Argentina - PRESUPUESTO 2023\" src=\"https:\/\/www.youtube.com\/embed\/lD8eHPncSyw\" width=\"843\" height=\"474\" frameborder=\"0\" allowfullscreen=\"allowfullscreen\"><\/iframe><\/p>\n<p>La C\u00e1mara de Diputados inici\u00f3 esta tarde la sesi\u00f3n especial para debatir el proyecto de Presupuesto 2023, que proyecta un crecimiento del Producto Bruto Interno (PBI) del 2%, una inflaci\u00f3n del 60%, un d\u00e9ficit del 1,9 por ciento y que destinar\u00e1 m\u00e1s del 70% de los recursos a gastos sociales.<\/p>\n<p>Impulsada por el Frente de Todos, la sesi\u00f3n comenz\u00f3 a las 13.45 y\u00a0<strong>podr\u00eda extenderse por espacio de 20 horas<\/strong>, con lo cual la votaci\u00f3n en general se producir\u00eda cerca de las 3 de la madrugada, para luego avanzar con los art\u00edculos en particular.<\/p>\n<p>La sesi\u00f3n comenz\u00f3 con la presencia de 130 legisladores en el recinto pertenecientes al Frente de Todos, Provincias Unidas, Evoluci\u00f3n Radical y la UCR.<\/p>\n<div id=\"note_carousel\" class=\"carousel slide\" data-ride=\"carousel\">\n<p><img decoding=\"async\" class=\"d-block w-100\" src=\"https:\/\/www.telam.com.ar\/thumbs\/bluesteel\/advf\/imagenes\/2022\/10\/635847446e559_655.jpg\" alt=\"Telam SE\" width=\"100%\" height=\"100%\" \/><\/p>\n<p>&nbsp;<\/p>\n<\/div>\n<p>Fotos:\u00a0Maximiliano Luna<\/p>\n<h2 class=\"\">\u00abNo es un presupuesto de ajuste\u00bb<\/h2>\n<p>El diputado del Frente de Todos Carlos Heller afirm\u00f3 que el proyecto de gastos y recursos impulsado por el oficialismo para 2023 \u00abno es un presupuesto de ajuste\u00bb y rechaz\u00f3 que hayan disminuido las partidas destinadas a gastos sociales, al se\u00f1alar que suman m\u00e1s de 300.000 millones de pesos.<\/p>\n<p>Al exponer como miembro informante de la mayor\u00eda, en el inicio de la sesi\u00f3n, Heller asegur\u00f3 que el Presupuesto 2023 \u00abest\u00e1 orientado a la inversi\u00f3n en infraestructura que ocupar\u00e1 un rol preocupante, a fortalecer el sistema de salud, la educaci\u00f3n en todos los niveles, la extensi\u00f3n de las becas, la ciencia e innovaci\u00f3n y el fomento del empleo\u00bb.<\/p>\n<p>\u00abHemos visto algunos informes period\u00edsticos que se han centrado en el presupuesto del Ministerio de Educaci\u00f3n pero eso es solo una parcialidad del gasto asignado a este concepto.\u00a0<strong>Lo l\u00f3gico es analizar los gastos por finalidad y funci\u00f3n en los cuales se integran los gastos que proceden de diferentes fuentes.<\/strong>\u00a0Por ejemplo hay partidas que est\u00e1n en el Ministerio de Obras y que tiene que ver con la realizaci\u00f3n de edificios para las escuelas pero que forman parte de los gastos destinados a la Educaci\u00f3n\u00bb, dijo el legislador.<\/p>\n<p>En ese contexto, se\u00f1al\u00f3 que se han incrementado partidas sociales por un monto de 322 mil millones de pesos, con lo cual \u00abno es un presupuesto de ajuste\u00bb.<\/p>\n<p>Tambi\u00e9n se refiri\u00f3 al proceso inflacionario que existe en el pa\u00eds y en ese sentido se\u00f1al\u00f3 que \u00abla\u00a0<strong>b\u00fasqueda de un descenso gradual sin recurrir a un shock antiinflacionario<\/strong>\u00a0es lo aconsejable porque conocemos los argentinos las consecuencias que tienen los shocks antiinflacionarias y devaluatorios\u00bb.<\/p>\n<figure class=\"mb-3\"><img decoding=\"async\" src=\"https:\/\/www.telam.com.ar\/thumbs\/bluesteel\/advf\/imagenes\/2022\/10\/635833153dffb_1200.jpg\" alt=\"Diputados debate en sesin el proyecto de Presupuesto 2023 Foto Prensa\" width=\"100%\" height=\"100%\" \/><\/figure>\n<div class=\"media-icons\"><\/div>\n<p>Diputados debate en sesi\u00f3n el proyecto de Presupuesto 2023 \/ Foto: Prensa.<\/p>\n<p>Se\u00f1alo que en ese marco \u00abel crecimiento es fundamental para poder encarar los diversos problemas que tenemos por delante, aunque est\u00e1 claro que hace falta un Estado activo que act\u00fae en la regulaci\u00f3n de la puja a favor de los que menos tienen y m\u00e1s necesitan\u00bb.<\/p>\n<p>\u00abSon much\u00edsimas las cosas que tenemos por delante y que hay que resolver y entendemos que el proyecto de presupuesto va en esa direcci\u00f3n\u00bb, agreg\u00f3.<\/p>\n<p>Tambi\u00e9n destac\u00f3 que el Gobierno tuvo que renegociar el acuerdo con el FMI que firm\u00f3 la administraci\u00f3n de Mauricio Macri y que no hubo \u00abotro camino que la renegociaci\u00f3n, ya que si no en el 2022 hab\u00eda que pagar 19 mil millones de d\u00f3lares y eso era imposible. Por eso hemos logrado un acuerdo posible\u00bb.<\/p>\n<p>En su exposici\u00f3n, Heller destac\u00f3 el crecimiento de la actividad econ\u00f3mica tras \u00abhaber superado la pandemia al se\u00f1alar la suba del 6,4% interanual registrada en agosto respecto a igual mes de 2021\u00bb.<\/p>\n<h2 class=\"\">La oposici\u00f3n<\/h2>\n<p>Evoluci\u00f3n Radical y Encuentro Federal son dos de los diez bloques que votar\u00e1n en general a favor del proyecto, mientras que\u00a0<strong>el PRO se abstendr\u00e1 y la Coalici\u00f3n C\u00edvica y Republicanos Unidos lo har\u00e1 en contra<\/strong>.<\/p>\n<p>La bancada radical que conduce Mario Negri aun discute si lo har\u00e1 a favor o se abstendr\u00e1 en la votaci\u00f3n general.<\/p>\n<blockquote class=\"twitter-tweet\" data-width=\"500\" data-dnt=\"true\">\n<p lang=\"es\" dir=\"ltr\">\ud83c\udfdb\ufe0f| LABOR PARLAMENTARIA<\/p>\n<p>Se dio por finalizada la reuni\u00f3n junto a la Presidenta de la C\u00e1mara <a href=\"https:\/\/twitter.com\/ceciliamoreauok?ref_src=twsrc%5Etfw\">@ceciliamoreauok<\/a> y los Jefes de Bloques, para organizar la <a href=\"https:\/\/twitter.com\/hashtag\/Sesi%C3%B3nEspecial?src=hash&amp;ref_src=twsrc%5Etfw\">#Sesi\u00f3nEspecial<\/a>.<\/p>\n<p>Segu\u00ed la transmisi\u00f3n en vivo desde nuestras redes.<a href=\"https:\/\/twitter.com\/hashtag\/UniendoVoces?src=hash&amp;ref_src=twsrc%5Etfw\">#UniendoVoces<\/a>\ud83c\udde6\ud83c\uddf7 <a href=\"https:\/\/t.co\/QjqnanNEl8\">pic.twitter.com\/QjqnanNEl8<\/a><\/p>\n<p>&mdash; Diputados Argentina (@DiputadosAR) <a href=\"https:\/\/twitter.com\/DiputadosAR\/status\/1584935529749307392?ref_src=twsrc%5Etfw\">October 25, 2022<\/a><\/p><\/blockquote>\n<p><script async src=\"https:\/\/platform.twitter.com\/widgets.js\" charset=\"utf-8\"><\/script><\/p>\n<p>En forma previa a la sesi\u00f3n, se reuni\u00f3 la comisi\u00f3n la Comisi\u00f3n de Labor Parlamentaria -encabezada por Cecilia Moreau- donde se defini\u00f3 que habr\u00e1 once horas de debate y luego, tras la votaci\u00f3n general, comenzar\u00e1 la discusi\u00f3n en particular.<\/p>\n<blockquote class=\"\"><p>El oficialismo ya tiene garantizada la aprobaci\u00f3n del proyecto debido a que cuenta con 117 legisladores del FdT, 8 del Interbloque Federal, 4 de Provincias Unidas, 1 del Movimiento Popular Neuquino, y espera sumar dos de la bancada Ser, con lo que tiene asegurados m\u00e1s de 130 votos<\/p><\/blockquote>\n<p>La discusi\u00f3n en el pleno del cuerpo se dar\u00e1 en medio de un fuerte debate por la inclusi\u00f3n de un art\u00edculo que elimina la exenci\u00f3n en el pago del impuesto a las Ganancias de la que gozan los miembros del Poder Judicial, por un monto total estimado en alrededor de $ 237.000 millones.<\/p>\n<p>El lunes se realiz\u00f3 una reuni\u00f3n de la comisi\u00f3n de Presupuesto y Hacienda con la conducci\u00f3n de la Asociaci\u00f3n de Magistrados y Funcionarios de la Justicia Nacional, que explicitaron su rechazo al art\u00edculo incluido por el Frente de Todos en el dictamen de mayor\u00eda.<\/p>\n<p>Entre las distintas fuerzas pol\u00edticas,\u00a0<strong>el debate estuvo tambi\u00e9n centrado en la pauta de inflaci\u00f3n del 60% proyectada por el oficialismo para 2023<\/strong>, as\u00ed como sobre los subsidios al transporte a las provincias, la facultad para aumentar las retenciones y los recursos destinados a gastos sociales y educaci\u00f3n.<\/p>\n<div class=\"video_repositive\">\n<div id=\"DOtzQkXnicM\" class=\"video_telam\">\n<div class=\"feature_article_inner\">\n<div class=\"feature_article_title\">\n<h2 class=\"text-center\">La C\u00e1mara de Diputados debate el Presupuesto 2023 en una sesi\u00f3n que durar\u00e1 m\u00e1s de 12 horas<\/h2>\n<\/div>\n<\/div>\n<div class=\"definition\">VER VIDEO<\/div>\n<\/div>\n<\/div>\n<p>El oficialismo ya tiene garantizada la aprobaci\u00f3n del proyecto debido a que cuenta con 117 legisladores del FdT, 8 del Interbloque Federal, 4 de Provincias Unidas, 1 del Movimiento Popular Neuquino, y espera sumar dos de la bancada Ser, con lo que tiene asegurados m\u00e1s de 130 votos.<\/p>\n<blockquote class=\"\"><p>El proyecto estima un gasto total de casi $ 29 billones, con una recaudaci\u00f3n aproximada de $ 22,5 billones y un d\u00e9ficit primario de $ 6,3 billones<\/p><\/blockquote>\n<p><strong>El proyecto estima un gasto total de casi $ 29 billones, con una recaudaci\u00f3n aproximada de $ 22,5 billones y un d\u00e9ficit primario de $ 6,3 billones.<\/strong><\/p>\n<p>De todos los puntos que incluye el proyecto de Presupuesto 2023, el que modifica la exenci\u00f3n de ganancias para magistrados y funcionarios del Poder Judicial es uno de los m\u00e1s controvertidos.<\/p>\n<p>Se trata de un aspecto propuesto por el oficialista Marcelo Casaretto en la reuni\u00f3n de la Comisi\u00f3n de Presupuesto, donde estim\u00f3 que esa incorporaci\u00f3n permitir\u00eda recaudar unos 237.000 millones de pesos m\u00e1s a los recursos.<\/p>\n<p><strong>En 2017, una ley dispuso que los jueces que ingresaran desde ese momento en adelante al Poder Judicial comenzaran a tributar Ganancias.<\/strong><\/p>\n<p>Sin embargo, como consecuencia de las medidas cautelares que presentaron, son muy pocos los magistrados a los que se les descuenta el cobro de este impuesto de sus haberes.<\/p>\n","protected":false},"excerpt":{"rendered":"<p>El tratamiento de la ley se da en medio de un fuerte debate por la inclusi\u00f3n de un art\u00edculo que elimina la exenci\u00f3n en el pago del impuesto a las Ganancias que gozan los miembros del Poder Judicial.&lt;<\/p>\n","protected":false},"author":3,"featured_media":0,"comment_status":"closed","ping_status":"closed","sticky":false,"template":"","format":"standard","meta":{"footnotes":""},"categories":[24],"tags":[],"class_list":["post-79387","post","type-post","status-publish","format-standard","hentry","category-politica"],"yoast_head":"<!-- This site is optimized with the Yoast SEO plugin v25.9 - https:\/\/yoast.com\/wordpress\/plugins\/seo\/ -->\n<title>Diputados debate el Presupuesto 2023 en una sesi\u00f3n que durar\u00e1 m\u00e1s de 20 horas - Noticias Radio Reflejos<\/title>\n<meta name=\"robots\" content=\"index, follow, max-snippet:-1, max-image-preview:large, max-video-preview:-1\" \/>\n<link rel=\"canonical\" href=\"https:\/\/www.noticiasradioreflejos.com.ar\/2021\/diputados-debate-el-presupuesto-2023-en-una-sesion-que-durara-mas-de-20-horas\/\" \/>\n<meta property=\"og:locale\" content=\"es_ES\" \/>\n<meta property=\"og:type\" content=\"article\" \/>\n<meta property=\"og:title\" content=\"Diputados debate el Presupuesto 2023 en una sesi\u00f3n que durar\u00e1 m\u00e1s de 20 horas - Noticias Radio Reflejos\" \/>\n<meta property=\"og:description\" content=\"El tratamiento de la ley se da en medio de un fuerte debate por la inclusi\u00f3n de un art\u00edculo que elimina la exenci\u00f3n en el pago del impuesto a las Ganancias que gozan los miembros del Poder Judicial.&lt;\" \/>\n<meta property=\"og:url\" content=\"https:\/\/www.noticiasradioreflejos.com.ar\/2021\/diputados-debate-el-presupuesto-2023-en-una-sesion-que-durara-mas-de-20-horas\/\" \/>\n<meta property=\"og:site_name\" content=\"Noticias Radio Reflejos\" \/>\n<meta property=\"article:published_time\" content=\"2022-10-25T20:52:33+00:00\" \/>\n<meta property=\"og:image\" content=\"https:\/\/www.telam.com.ar\/thumbs\/bluesteel\/advf\/imagenes\/2022\/10\/635847446e559_655.jpg\" \/>\n<meta name=\"author\" content=\"Arnaldo Botto\" \/>\n<meta name=\"twitter:card\" content=\"summary_large_image\" \/>\n<script type=\"application\/ld+json\" class=\"yoast-schema-graph\">{\"@context\":\"https:\/\/schema.org\",\"@graph\":[{\"@type\":\"WebPage\",\"@id\":\"https:\/\/www.noticiasradioreflejos.com.ar\/2021\/diputados-debate-el-presupuesto-2023-en-una-sesion-que-durara-mas-de-20-horas\/\",\"url\":\"https:\/\/www.noticiasradioreflejos.com.ar\/2021\/diputados-debate-el-presupuesto-2023-en-una-sesion-que-durara-mas-de-20-horas\/\",\"name\":\"Diputados debate el Presupuesto 2023 en una sesi\u00f3n que durar\u00e1 m\u00e1s de 20 horas - Noticias Radio Reflejos\",\"isPartOf\":{\"@id\":\"https:\/\/www.noticiasradioreflejos.com.ar\/2021\/#website\"},\"primaryImageOfPage\":{\"@id\":\"https:\/\/www.noticiasradioreflejos.com.ar\/2021\/diputados-debate-el-presupuesto-2023-en-una-sesion-que-durara-mas-de-20-horas\/#primaryimage\"},\"image\":{\"@id\":\"https:\/\/www.noticiasradioreflejos.com.ar\/2021\/diputados-debate-el-presupuesto-2023-en-una-sesion-que-durara-mas-de-20-horas\/#primaryimage\"},\"thumbnailUrl\":\"https:\/\/www.telam.com.ar\/thumbs\/bluesteel\/advf\/imagenes\/2022\/10\/635847446e559_655.jpg\",\"datePublished\":\"2022-10-25T20:52:33+00:00\",\"author\":{\"@id\":\"https:\/\/www.noticiasradioreflejos.com.ar\/2021\/#\/schema\/person\/ad82545263dcc5ec0996818884fd5fb1\"},\"breadcrumb\":{\"@id\":\"https:\/\/www.noticiasradioreflejos.com.ar\/2021\/diputados-debate-el-presupuesto-2023-en-una-sesion-que-durara-mas-de-20-horas\/#breadcrumb\"},\"inLanguage\":\"es\",\"potentialAction\":[{\"@type\":\"ReadAction\",\"target\":[\"https:\/\/www.noticiasradioreflejos.com.ar\/2021\/diputados-debate-el-presupuesto-2023-en-una-sesion-que-durara-mas-de-20-horas\/\"]}]},{\"@type\":\"ImageObject\",\"inLanguage\":\"es\",\"@id\":\"https:\/\/www.noticiasradioreflejos.com.ar\/2021\/diputados-debate-el-presupuesto-2023-en-una-sesion-que-durara-mas-de-20-horas\/#primaryimage\",\"url\":\"https:\/\/www.telam.com.ar\/thumbs\/bluesteel\/advf\/imagenes\/2022\/10\/635847446e559_655.jpg\",\"contentUrl\":\"https:\/\/www.telam.com.ar\/thumbs\/bluesteel\/advf\/imagenes\/2022\/10\/635847446e559_655.jpg\"},{\"@type\":\"BreadcrumbList\",\"@id\":\"https:\/\/www.noticiasradioreflejos.com.ar\/2021\/diputados-debate-el-presupuesto-2023-en-una-sesion-que-durara-mas-de-20-horas\/#breadcrumb\",\"itemListElement\":[{\"@type\":\"ListItem\",\"position\":1,\"name\":\"Portada\",\"item\":\"https:\/\/www.noticiasradioreflejos.com.ar\/2021\/\"},{\"@type\":\"ListItem\",\"position\":2,\"name\":\"Diputados debate el Presupuesto 2023 en una sesi\u00f3n que durar\u00e1 m\u00e1s de 20 horas\"}]},{\"@type\":\"WebSite\",\"@id\":\"https:\/\/www.noticiasradioreflejos.com.ar\/2021\/#website\",\"url\":\"https:\/\/www.noticiasradioreflejos.com.ar\/2021\/\",\"name\":\"Noticias Radio Reflejos\",\"description\":\"Las noticias de mi comarca\",\"potentialAction\":[{\"@type\":\"SearchAction\",\"target\":{\"@type\":\"EntryPoint\",\"urlTemplate\":\"https:\/\/www.noticiasradioreflejos.com.ar\/2021\/?s={search_term_string}\"},\"query-input\":{\"@type\":\"PropertyValueSpecification\",\"valueRequired\":true,\"valueName\":\"search_term_string\"}}],\"inLanguage\":\"es\"},{\"@type\":\"Person\",\"@id\":\"https:\/\/www.noticiasradioreflejos.com.ar\/2021\/#\/schema\/person\/ad82545263dcc5ec0996818884fd5fb1\",\"name\":\"Arnaldo Botto\",\"image\":{\"@type\":\"ImageObject\",\"inLanguage\":\"es\",\"@id\":\"https:\/\/www.noticiasradioreflejos.com.ar\/2021\/#\/schema\/person\/image\/\",\"url\":\"https:\/\/secure.gravatar.com\/avatar\/55cb5e37c1efa326397366e6974cb338056df65cb50e7d64d1cf314e87504837?s=96&d=mm&r=g\",\"contentUrl\":\"https:\/\/secure.gravatar.com\/avatar\/55cb5e37c1efa326397366e6974cb338056df65cb50e7d64d1cf314e87504837?s=96&d=mm&r=g\",\"caption\":\"Arnaldo Botto\"},\"url\":\"https:\/\/www.noticiasradioreflejos.com.ar\/2021\/author\/arnaldo\/\"}]}<\/script>\n<!-- \/ Yoast SEO plugin. -->","yoast_head_json":{"title":"Diputados debate el Presupuesto 2023 en una sesi\u00f3n que durar\u00e1 m\u00e1s de 20 horas - Noticias Radio Reflejos","robots":{"index":"index","follow":"follow","max-snippet":"max-snippet:-1","max-image-preview":"max-image-preview:large","max-video-preview":"max-video-preview:-1"},"canonical":"https:\/\/www.noticiasradioreflejos.com.ar\/2021\/diputados-debate-el-presupuesto-2023-en-una-sesion-que-durara-mas-de-20-horas\/","og_locale":"es_ES","og_type":"article","og_title":"Diputados debate el Presupuesto 2023 en una sesi\u00f3n que durar\u00e1 m\u00e1s de 20 horas - Noticias Radio Reflejos","og_description":"El tratamiento de la ley se da en medio de un fuerte debate por la inclusi\u00f3n de un art\u00edculo que elimina la exenci\u00f3n en el pago del impuesto a las Ganancias que gozan los miembros del Poder Judicial.&lt;","og_url":"https:\/\/www.noticiasradioreflejos.com.ar\/2021\/diputados-debate-el-presupuesto-2023-en-una-sesion-que-durara-mas-de-20-horas\/","og_site_name":"Noticias Radio Reflejos","article_published_time":"2022-10-25T20:52:33+00:00","og_image":[{"url":"https:\/\/www.telam.com.ar\/thumbs\/bluesteel\/advf\/imagenes\/2022\/10\/635847446e559_655.jpg","type":"","width":"","height":""}],"author":"Arnaldo Botto","twitter_card":"summary_large_image","schema":{"@context":"https:\/\/schema.org","@graph":[{"@type":"WebPage","@id":"https:\/\/www.noticiasradioreflejos.com.ar\/2021\/diputados-debate-el-presupuesto-2023-en-una-sesion-que-durara-mas-de-20-horas\/","url":"https:\/\/www.noticiasradioreflejos.com.ar\/2021\/diputados-debate-el-presupuesto-2023-en-una-sesion-que-durara-mas-de-20-horas\/","name":"Diputados debate el Presupuesto 2023 en una sesi\u00f3n que durar\u00e1 m\u00e1s de 20 horas - Noticias Radio Reflejos","isPartOf":{"@id":"https:\/\/www.noticiasradioreflejos.com.ar\/2021\/#website"},"primaryImageOfPage":{"@id":"https:\/\/www.noticiasradioreflejos.com.ar\/2021\/diputados-debate-el-presupuesto-2023-en-una-sesion-que-durara-mas-de-20-horas\/#primaryimage"},"image":{"@id":"https:\/\/www.noticiasradioreflejos.com.ar\/2021\/diputados-debate-el-presupuesto-2023-en-una-sesion-que-durara-mas-de-20-horas\/#primaryimage"},"thumbnailUrl":"https:\/\/www.telam.com.ar\/thumbs\/bluesteel\/advf\/imagenes\/2022\/10\/635847446e559_655.jpg","datePublished":"2022-10-25T20:52:33+00:00","author":{"@id":"https:\/\/www.noticiasradioreflejos.com.ar\/2021\/#\/schema\/person\/ad82545263dcc5ec0996818884fd5fb1"},"breadcrumb":{"@id":"https:\/\/www.noticiasradioreflejos.com.ar\/2021\/diputados-debate-el-presupuesto-2023-en-una-sesion-que-durara-mas-de-20-horas\/#breadcrumb"},"inLanguage":"es","potentialAction":[{"@type":"ReadAction","target":["https:\/\/www.noticiasradioreflejos.com.ar\/2021\/diputados-debate-el-presupuesto-2023-en-una-sesion-que-durara-mas-de-20-horas\/"]}]},{"@type":"ImageObject","inLanguage":"es","@id":"https:\/\/www.noticiasradioreflejos.com.ar\/2021\/diputados-debate-el-presupuesto-2023-en-una-sesion-que-durara-mas-de-20-horas\/#primaryimage","url":"https:\/\/www.telam.com.ar\/thumbs\/bluesteel\/advf\/imagenes\/2022\/10\/635847446e559_655.jpg","contentUrl":"https:\/\/www.telam.com.ar\/thumbs\/bluesteel\/advf\/imagenes\/2022\/10\/635847446e559_655.jpg"},{"@type":"BreadcrumbList","@id":"https:\/\/www.noticiasradioreflejos.com.ar\/2021\/diputados-debate-el-presupuesto-2023-en-una-sesion-que-durara-mas-de-20-horas\/#breadcrumb","itemListElement":[{"@type":"ListItem","position":1,"name":"Portada","item":"https:\/\/www.noticiasradioreflejos.com.ar\/2021\/"},{"@type":"ListItem","position":2,"name":"Diputados debate el Presupuesto 2023 en una sesi\u00f3n que durar\u00e1 m\u00e1s de 20 horas"}]},{"@type":"WebSite","@id":"https:\/\/www.noticiasradioreflejos.com.ar\/2021\/#website","url":"https:\/\/www.noticiasradioreflejos.com.ar\/2021\/","name":"Noticias Radio Reflejos","description":"Las noticias de mi comarca","potentialAction":[{"@type":"SearchAction","target":{"@type":"EntryPoint","urlTemplate":"https:\/\/www.noticiasradioreflejos.com.ar\/2021\/?s={search_term_string}"},"query-input":{"@type":"PropertyValueSpecification","valueRequired":true,"valueName":"search_term_string"}}],"inLanguage":"es"},{"@type":"Person","@id":"https:\/\/www.noticiasradioreflejos.com.ar\/2021\/#\/schema\/person\/ad82545263dcc5ec0996818884fd5fb1","name":"Arnaldo Botto","image":{"@type":"ImageObject","inLanguage":"es","@id":"https:\/\/www.noticiasradioreflejos.com.ar\/2021\/#\/schema\/person\/image\/","url":"https:\/\/secure.gravatar.com\/avatar\/55cb5e37c1efa326397366e6974cb338056df65cb50e7d64d1cf314e87504837?s=96&d=mm&r=g","contentUrl":"https:\/\/secure.gravatar.com\/avatar\/55cb5e37c1efa326397366e6974cb338056df65cb50e7d64d1cf314e87504837?s=96&d=mm&r=g","caption":"Arnaldo Botto"},"url":"https:\/\/www.noticiasradioreflejos.com.ar\/2021\/author\/arnaldo\/"}]}},"_links":{"self":[{"href":"https:\/\/www.noticiasradioreflejos.com.ar\/2021\/wp-json\/wp\/v2\/posts\/79387","targetHints":{"allow":["GET"]}}],"collection":[{"href":"https:\/\/www.noticiasradioreflejos.com.ar\/2021\/wp-json\/wp\/v2\/posts"}],"about":[{"href":"https:\/\/www.noticiasradioreflejos.com.ar\/2021\/wp-json\/wp\/v2\/types\/post"}],"author":[{"embeddable":true,"href":"https:\/\/www.noticiasradioreflejos.com.ar\/2021\/wp-json\/wp\/v2\/users\/3"}],"replies":[{"embeddable":true,"href":"https:\/\/www.noticiasradioreflejos.com.ar\/2021\/wp-json\/wp\/v2\/comments?post=79387"}],"version-history":[{"count":1,"href":"https:\/\/www.noticiasradioreflejos.com.ar\/2021\/wp-json\/wp\/v2\/posts\/79387\/revisions"}],"predecessor-version":[{"id":79389,"href":"https:\/\/www.noticiasradioreflejos.com.ar\/2021\/wp-json\/wp\/v2\/posts\/79387\/revisions\/79389"}],"wp:attachment":[{"href":"https:\/\/www.noticiasradioreflejos.com.ar\/2021\/wp-json\/wp\/v2\/media?parent=79387"}],"wp:term":[{"taxonomy":"category","embeddable":true,"href":"https:\/\/www.noticiasradioreflejos.com.ar\/2021\/wp-json\/wp\/v2\/categories?post=79387"},{"taxonomy":"post_tag","embeddable":true,"href":"https:\/\/www.noticiasradioreflejos.com.ar\/2021\/wp-json\/wp\/v2\/tags?post=79387"}],"curies":[{"name":"wp","href":"https:\/\/api.w.org\/{rel}","templated":true}]}}