{"id":79384,"date":"2022-10-25T20:45:26","date_gmt":"2022-10-25T20:45:26","guid":{"rendered":"http:\/\/www.noticiasradioreflejos.com.ar\/2021\/?p=79384"},"modified":"2022-10-25T20:45:26","modified_gmt":"2022-10-25T20:45:26","slug":"denunciaron-a-los-jueces-que-viajaron-en-un-vuelo-privado-a-la-estancia-de-joe-lewis","status":"publish","type":"post","link":"https:\/\/www.noticiasradioreflejos.com.ar\/2021\/denunciaron-a-los-jueces-que-viajaron-en-un-vuelo-privado-a-la-estancia-de-joe-lewis\/","title":{"rendered":"Denunciaron a los jueces que viajaron en un vuelo privado a la estancia de Joe Lewis"},"content":{"rendered":"<p>Los magistrados Juli\u00e1n Ercolini, Carlos Mahiques, Pablo Cayssials y Pablo Yadarola fueron acusados por presunto \u201cmal desempe\u00f1o de sus funciones\u201d.<!--more--><\/p>\n<figure class=\"mb-3\"><img decoding=\"async\" src=\"https:\/\/www.telam.com.ar\/thumbs\/bluesteel\/advf\/imagenes\/2022\/10\/6358107126ffe_1200.jpg\" alt=\"La denuncia indica que los magistrados habran hecho un vuelo privado a la estancia de Joe Lewis Foto Alejandra Bartoliche\" width=\"100%\" height=\"100%\" \/><\/p>\n<div class=\"media-icons\"><\/div><figcaption>La denuncia indica que los magistrados habr\u00edan hecho un vuelo privado a la estancia de Joe Lewis. \/ Foto: Alejandra Bartoliche<\/figcaption><\/figure>\n<p>El abogado penalista Luciano Almonacid present\u00f3 una denuncia ante el Consejo de la Magistratura contra cinco jueces, motivada por una revelaci\u00f3n period\u00edstica que consign\u00f3 que los magistrados habr\u00edan viajado en un avi\u00f3n privado a la estancia que el empresario ingl\u00e9s Joe Lewis posee en R\u00edo Negro.<\/p>\n<p>Los denunciados por presunto \u201cmal desempe\u00f1o de sus funciones\u201d son Juli\u00e1n Ercolini, del Juzgado Federal 10; Carlos Mahiques, presidente de la sala II de Casaci\u00f3n Penal; Pablo Cayssials, del Contencioso Administrativo Federal 9 y Pablo Yadarola, del Penal Econ\u00f3mico 2.<\/p>\n<p>Como fuente principal de su denuncia, Almonacid present\u00f3 una nota publicada por el diario P\u00e1gina\/12 con el t\u00edtulo\u00a0<strong>\u201cC\u00f3nclave pol\u00edtico judicial secreto en Lago Escondido para garantizar la impunidad de Mauricio Macri\u201d<\/strong>, firmada por los periodistas Ra\u00fal Kollmann e Irina Hauser.<\/p>\n<blockquote class=\"\"><p>\u201cEs indiscutible que hay est\u00e1ndares objetivos que se habr\u00edan violado a tener en cuenta respecto de las supuestas conductas ejercidas por los magistrados denunciados\u201d<cite class=\"author\">Luciano Almonacid<\/cite><\/p><\/blockquote>\n<p>La nota, publicada la semana pasada, sostiene que estos jueces, y otros invitados, concurrieron el jueves 13 de este mes, en un vuelo privado, a la estancia de 12 mil hect\u00e1reas de Lewis.<\/p>\n<p>\u201cEs indiscutible que hay est\u00e1ndares objetivos que se habr\u00edan violado a tener en cuenta respecto de las supuestas conductas ejercidas por los magistrados denunciados\u201d, sostuvo Almonacid en su presentaci\u00f3n.<\/p>\n<p>Para el abogado penalista, los magistrados incurrieron en<strong>\u00a0\u00abincumplimiento reiterado de la Constituci\u00f3n Nacional, normas legales o reglamentarias\u00bb<\/strong>\u00a0y en \u00abgrave desorden de conducta personal\u00bb, al haber viajado presuntamente a cuenta y cargo del millonario brit\u00e1nico.<\/p>\n<p>Como es de rigor, la denuncia de Almonacid ahora deber\u00e1 ser evaluada por la Comisi\u00f3n de Disciplina del Consejo de la Magistratura, que, de encontrarla fundada, iniciar\u00e1 un expediente.<\/p>\n<p>Entre las medidas de prueba, el abogado solicit\u00f3 que se reclame la planilla original del vuelo 26917, que se pidan informes al aeropuerto de San Carlos de Bariloche y que se le solicite a la empresa privada de aviaci\u00f3n \u00abFlyzar\u00bb el comprobante de pago del vuelo investigado.<\/p>\n","protected":false},"excerpt":{"rendered":"<p>Los magistrados Juli\u00e1n Ercolini, Carlos Mahiques, Pablo Cayssials y Pablo Yadarola fueron acusados por presunto \u201cmal desempe\u00f1o de sus funciones\u201d.<\/p>\n","protected":false},"author":3,"featured_media":0,"comment_status":"closed","ping_status":"closed","sticky":false,"template":"","format":"standard","meta":{"footnotes":""},"categories":[57,24],"tags":[],"class_list":["post-79384","post","type-post","status-publish","format-standard","hentry","category-judiciales","category-politica"],"yoast_head":"<!-- This site is optimized with the Yoast SEO plugin v25.9 - https:\/\/yoast.com\/wordpress\/plugins\/seo\/ -->\n<title>Denunciaron a los jueces que viajaron en un vuelo privado a la estancia de Joe Lewis - Noticias Radio Reflejos<\/title>\n<meta name=\"robots\" content=\"index, follow, max-snippet:-1, max-image-preview:large, max-video-preview:-1\" \/>\n<link rel=\"canonical\" href=\"https:\/\/www.noticiasradioreflejos.com.ar\/2021\/denunciaron-a-los-jueces-que-viajaron-en-un-vuelo-privado-a-la-estancia-de-joe-lewis\/\" \/>\n<meta property=\"og:locale\" content=\"es_ES\" \/>\n<meta property=\"og:type\" content=\"article\" \/>\n<meta property=\"og:title\" content=\"Denunciaron a los jueces que viajaron en un vuelo privado a la estancia de Joe Lewis - Noticias Radio Reflejos\" \/>\n<meta property=\"og:description\" content=\"Los magistrados Juli\u00e1n Ercolini, Carlos Mahiques, Pablo Cayssials y Pablo Yadarola fueron acusados por presunto \u201cmal desempe\u00f1o de sus funciones\u201d.\" \/>\n<meta property=\"og:url\" content=\"https:\/\/www.noticiasradioreflejos.com.ar\/2021\/denunciaron-a-los-jueces-que-viajaron-en-un-vuelo-privado-a-la-estancia-de-joe-lewis\/\" \/>\n<meta property=\"og:site_name\" content=\"Noticias Radio Reflejos\" \/>\n<meta property=\"article:published_time\" content=\"2022-10-25T20:45:26+00:00\" \/>\n<meta property=\"og:image\" content=\"https:\/\/www.telam.com.ar\/thumbs\/bluesteel\/advf\/imagenes\/2022\/10\/6358107126ffe_1200.jpg\" \/>\n<meta name=\"author\" content=\"Arnaldo Botto\" \/>\n<meta name=\"twitter:card\" content=\"summary_large_image\" \/>\n<script type=\"application\/ld+json\" class=\"yoast-schema-graph\">{\"@context\":\"https:\/\/schema.org\",\"@graph\":[{\"@type\":\"WebPage\",\"@id\":\"https:\/\/www.noticiasradioreflejos.com.ar\/2021\/denunciaron-a-los-jueces-que-viajaron-en-un-vuelo-privado-a-la-estancia-de-joe-lewis\/\",\"url\":\"https:\/\/www.noticiasradioreflejos.com.ar\/2021\/denunciaron-a-los-jueces-que-viajaron-en-un-vuelo-privado-a-la-estancia-de-joe-lewis\/\",\"name\":\"Denunciaron a los jueces que viajaron en un vuelo privado a la estancia de Joe Lewis - Noticias Radio Reflejos\",\"isPartOf\":{\"@id\":\"https:\/\/www.noticiasradioreflejos.com.ar\/2021\/#website\"},\"primaryImageOfPage\":{\"@id\":\"https:\/\/www.noticiasradioreflejos.com.ar\/2021\/denunciaron-a-los-jueces-que-viajaron-en-un-vuelo-privado-a-la-estancia-de-joe-lewis\/#primaryimage\"},\"image\":{\"@id\":\"https:\/\/www.noticiasradioreflejos.com.ar\/2021\/denunciaron-a-los-jueces-que-viajaron-en-un-vuelo-privado-a-la-estancia-de-joe-lewis\/#primaryimage\"},\"thumbnailUrl\":\"https:\/\/www.telam.com.ar\/thumbs\/bluesteel\/advf\/imagenes\/2022\/10\/6358107126ffe_1200.jpg\",\"datePublished\":\"2022-10-25T20:45:26+00:00\",\"author\":{\"@id\":\"https:\/\/www.noticiasradioreflejos.com.ar\/2021\/#\/schema\/person\/ad82545263dcc5ec0996818884fd5fb1\"},\"breadcrumb\":{\"@id\":\"https:\/\/www.noticiasradioreflejos.com.ar\/2021\/denunciaron-a-los-jueces-que-viajaron-en-un-vuelo-privado-a-la-estancia-de-joe-lewis\/#breadcrumb\"},\"inLanguage\":\"es\",\"potentialAction\":[{\"@type\":\"ReadAction\",\"target\":[\"https:\/\/www.noticiasradioreflejos.com.ar\/2021\/denunciaron-a-los-jueces-que-viajaron-en-un-vuelo-privado-a-la-estancia-de-joe-lewis\/\"]}]},{\"@type\":\"ImageObject\",\"inLanguage\":\"es\",\"@id\":\"https:\/\/www.noticiasradioreflejos.com.ar\/2021\/denunciaron-a-los-jueces-que-viajaron-en-un-vuelo-privado-a-la-estancia-de-joe-lewis\/#primaryimage\",\"url\":\"https:\/\/www.telam.com.ar\/thumbs\/bluesteel\/advf\/imagenes\/2022\/10\/6358107126ffe_1200.jpg\",\"contentUrl\":\"https:\/\/www.telam.com.ar\/thumbs\/bluesteel\/advf\/imagenes\/2022\/10\/6358107126ffe_1200.jpg\"},{\"@type\":\"BreadcrumbList\",\"@id\":\"https:\/\/www.noticiasradioreflejos.com.ar\/2021\/denunciaron-a-los-jueces-que-viajaron-en-un-vuelo-privado-a-la-estancia-de-joe-lewis\/#breadcrumb\",\"itemListElement\":[{\"@type\":\"ListItem\",\"position\":1,\"name\":\"Portada\",\"item\":\"https:\/\/www.noticiasradioreflejos.com.ar\/2021\/\"},{\"@type\":\"ListItem\",\"position\":2,\"name\":\"Denunciaron a los jueces que viajaron en un vuelo privado a la estancia de Joe Lewis\"}]},{\"@type\":\"WebSite\",\"@id\":\"https:\/\/www.noticiasradioreflejos.com.ar\/2021\/#website\",\"url\":\"https:\/\/www.noticiasradioreflejos.com.ar\/2021\/\",\"name\":\"Noticias Radio Reflejos\",\"description\":\"Las noticias de mi comarca\",\"potentialAction\":[{\"@type\":\"SearchAction\",\"target\":{\"@type\":\"EntryPoint\",\"urlTemplate\":\"https:\/\/www.noticiasradioreflejos.com.ar\/2021\/?s={search_term_string}\"},\"query-input\":{\"@type\":\"PropertyValueSpecification\",\"valueRequired\":true,\"valueName\":\"search_term_string\"}}],\"inLanguage\":\"es\"},{\"@type\":\"Person\",\"@id\":\"https:\/\/www.noticiasradioreflejos.com.ar\/2021\/#\/schema\/person\/ad82545263dcc5ec0996818884fd5fb1\",\"name\":\"Arnaldo Botto\",\"image\":{\"@type\":\"ImageObject\",\"inLanguage\":\"es\",\"@id\":\"https:\/\/www.noticiasradioreflejos.com.ar\/2021\/#\/schema\/person\/image\/\",\"url\":\"https:\/\/secure.gravatar.com\/avatar\/55cb5e37c1efa326397366e6974cb338056df65cb50e7d64d1cf314e87504837?s=96&d=mm&r=g\",\"contentUrl\":\"https:\/\/secure.gravatar.com\/avatar\/55cb5e37c1efa326397366e6974cb338056df65cb50e7d64d1cf314e87504837?s=96&d=mm&r=g\",\"caption\":\"Arnaldo Botto\"},\"url\":\"https:\/\/www.noticiasradioreflejos.com.ar\/2021\/author\/arnaldo\/\"}]}<\/script>\n<!-- \/ Yoast SEO plugin. -->","yoast_head_json":{"title":"Denunciaron a los jueces que viajaron en un vuelo privado a la estancia de Joe Lewis - Noticias Radio Reflejos","robots":{"index":"index","follow":"follow","max-snippet":"max-snippet:-1","max-image-preview":"max-image-preview:large","max-video-preview":"max-video-preview:-1"},"canonical":"https:\/\/www.noticiasradioreflejos.com.ar\/2021\/denunciaron-a-los-jueces-que-viajaron-en-un-vuelo-privado-a-la-estancia-de-joe-lewis\/","og_locale":"es_ES","og_type":"article","og_title":"Denunciaron a los jueces que viajaron en un vuelo privado a la estancia de Joe Lewis - Noticias Radio Reflejos","og_description":"Los magistrados Juli\u00e1n Ercolini, Carlos Mahiques, Pablo Cayssials y Pablo Yadarola fueron acusados por presunto \u201cmal desempe\u00f1o de sus funciones\u201d.","og_url":"https:\/\/www.noticiasradioreflejos.com.ar\/2021\/denunciaron-a-los-jueces-que-viajaron-en-un-vuelo-privado-a-la-estancia-de-joe-lewis\/","og_site_name":"Noticias Radio Reflejos","article_published_time":"2022-10-25T20:45:26+00:00","og_image":[{"url":"https:\/\/www.telam.com.ar\/thumbs\/bluesteel\/advf\/imagenes\/2022\/10\/6358107126ffe_1200.jpg","type":"","width":"","height":""}],"author":"Arnaldo Botto","twitter_card":"summary_large_image","schema":{"@context":"https:\/\/schema.org","@graph":[{"@type":"WebPage","@id":"https:\/\/www.noticiasradioreflejos.com.ar\/2021\/denunciaron-a-los-jueces-que-viajaron-en-un-vuelo-privado-a-la-estancia-de-joe-lewis\/","url":"https:\/\/www.noticiasradioreflejos.com.ar\/2021\/denunciaron-a-los-jueces-que-viajaron-en-un-vuelo-privado-a-la-estancia-de-joe-lewis\/","name":"Denunciaron a los jueces que viajaron en un vuelo privado a la estancia de Joe Lewis - Noticias Radio Reflejos","isPartOf":{"@id":"https:\/\/www.noticiasradioreflejos.com.ar\/2021\/#website"},"primaryImageOfPage":{"@id":"https:\/\/www.noticiasradioreflejos.com.ar\/2021\/denunciaron-a-los-jueces-que-viajaron-en-un-vuelo-privado-a-la-estancia-de-joe-lewis\/#primaryimage"},"image":{"@id":"https:\/\/www.noticiasradioreflejos.com.ar\/2021\/denunciaron-a-los-jueces-que-viajaron-en-un-vuelo-privado-a-la-estancia-de-joe-lewis\/#primaryimage"},"thumbnailUrl":"https:\/\/www.telam.com.ar\/thumbs\/bluesteel\/advf\/imagenes\/2022\/10\/6358107126ffe_1200.jpg","datePublished":"2022-10-25T20:45:26+00:00","author":{"@id":"https:\/\/www.noticiasradioreflejos.com.ar\/2021\/#\/schema\/person\/ad82545263dcc5ec0996818884fd5fb1"},"breadcrumb":{"@id":"https:\/\/www.noticiasradioreflejos.com.ar\/2021\/denunciaron-a-los-jueces-que-viajaron-en-un-vuelo-privado-a-la-estancia-de-joe-lewis\/#breadcrumb"},"inLanguage":"es","potentialAction":[{"@type":"ReadAction","target":["https:\/\/www.noticiasradioreflejos.com.ar\/2021\/denunciaron-a-los-jueces-que-viajaron-en-un-vuelo-privado-a-la-estancia-de-joe-lewis\/"]}]},{"@type":"ImageObject","inLanguage":"es","@id":"https:\/\/www.noticiasradioreflejos.com.ar\/2021\/denunciaron-a-los-jueces-que-viajaron-en-un-vuelo-privado-a-la-estancia-de-joe-lewis\/#primaryimage","url":"https:\/\/www.telam.com.ar\/thumbs\/bluesteel\/advf\/imagenes\/2022\/10\/6358107126ffe_1200.jpg","contentUrl":"https:\/\/www.telam.com.ar\/thumbs\/bluesteel\/advf\/imagenes\/2022\/10\/6358107126ffe_1200.jpg"},{"@type":"BreadcrumbList","@id":"https:\/\/www.noticiasradioreflejos.com.ar\/2021\/denunciaron-a-los-jueces-que-viajaron-en-un-vuelo-privado-a-la-estancia-de-joe-lewis\/#breadcrumb","itemListElement":[{"@type":"ListItem","position":1,"name":"Portada","item":"https:\/\/www.noticiasradioreflejos.com.ar\/2021\/"},{"@type":"ListItem","position":2,"name":"Denunciaron a los jueces que viajaron en un vuelo privado a la estancia de Joe Lewis"}]},{"@type":"WebSite","@id":"https:\/\/www.noticiasradioreflejos.com.ar\/2021\/#website","url":"https:\/\/www.noticiasradioreflejos.com.ar\/2021\/","name":"Noticias Radio Reflejos","description":"Las noticias de mi comarca","potentialAction":[{"@type":"SearchAction","target":{"@type":"EntryPoint","urlTemplate":"https:\/\/www.noticiasradioreflejos.com.ar\/2021\/?s={search_term_string}"},"query-input":{"@type":"PropertyValueSpecification","valueRequired":true,"valueName":"search_term_string"}}],"inLanguage":"es"},{"@type":"Person","@id":"https:\/\/www.noticiasradioreflejos.com.ar\/2021\/#\/schema\/person\/ad82545263dcc5ec0996818884fd5fb1","name":"Arnaldo Botto","image":{"@type":"ImageObject","inLanguage":"es","@id":"https:\/\/www.noticiasradioreflejos.com.ar\/2021\/#\/schema\/person\/image\/","url":"https:\/\/secure.gravatar.com\/avatar\/55cb5e37c1efa326397366e6974cb338056df65cb50e7d64d1cf314e87504837?s=96&d=mm&r=g","contentUrl":"https:\/\/secure.gravatar.com\/avatar\/55cb5e37c1efa326397366e6974cb338056df65cb50e7d64d1cf314e87504837?s=96&d=mm&r=g","caption":"Arnaldo Botto"},"url":"https:\/\/www.noticiasradioreflejos.com.ar\/2021\/author\/arnaldo\/"}]}},"_links":{"self":[{"href":"https:\/\/www.noticiasradioreflejos.com.ar\/2021\/wp-json\/wp\/v2\/posts\/79384","targetHints":{"allow":["GET"]}}],"collection":[{"href":"https:\/\/www.noticiasradioreflejos.com.ar\/2021\/wp-json\/wp\/v2\/posts"}],"about":[{"href":"https:\/\/www.noticiasradioreflejos.com.ar\/2021\/wp-json\/wp\/v2\/types\/post"}],"author":[{"embeddable":true,"href":"https:\/\/www.noticiasradioreflejos.com.ar\/2021\/wp-json\/wp\/v2\/users\/3"}],"replies":[{"embeddable":true,"href":"https:\/\/www.noticiasradioreflejos.com.ar\/2021\/wp-json\/wp\/v2\/comments?post=79384"}],"version-history":[{"count":1,"href":"https:\/\/www.noticiasradioreflejos.com.ar\/2021\/wp-json\/wp\/v2\/posts\/79384\/revisions"}],"predecessor-version":[{"id":79386,"href":"https:\/\/www.noticiasradioreflejos.com.ar\/2021\/wp-json\/wp\/v2\/posts\/79384\/revisions\/79386"}],"wp:attachment":[{"href":"https:\/\/www.noticiasradioreflejos.com.ar\/2021\/wp-json\/wp\/v2\/media?parent=79384"}],"wp:term":[{"taxonomy":"category","embeddable":true,"href":"https:\/\/www.noticiasradioreflejos.com.ar\/2021\/wp-json\/wp\/v2\/categories?post=79384"},{"taxonomy":"post_tag","embeddable":true,"href":"https:\/\/www.noticiasradioreflejos.com.ar\/2021\/wp-json\/wp\/v2\/tags?post=79384"}],"curies":[{"name":"wp","href":"https:\/\/api.w.org\/{rel}","templated":true}]}}