{"id":79381,"date":"2022-10-25T20:35:32","date_gmt":"2022-10-25T20:35:32","guid":{"rendered":"http:\/\/www.noticiasradioreflejos.com.ar\/2021\/?p=79381"},"modified":"2022-10-25T20:35:32","modified_gmt":"2022-10-25T20:35:32","slug":"quedo-formalizado-el-espacio-de-formacion-permanente-de-la-secretaria-de-salud","status":"publish","type":"post","link":"https:\/\/www.noticiasradioreflejos.com.ar\/2021\/quedo-formalizado-el-espacio-de-formacion-permanente-de-la-secretaria-de-salud\/","title":{"rendered":"Qued\u00f3 formalizado el Espacio de Formaci\u00f3n Permanente de la Secretar\u00eda de Salud"},"content":{"rendered":"<p>Este martes fue formalizado el Espacio de Formaci\u00f3n Permanente (EFP) de la Secretar\u00eda de Salud de Tornquist Municipio, destinado a la capacitaci\u00f3n de todo el personal del \u00e1rea.<!--more--><\/p>\n<p><a data-flickr-embed=\"true\" href=\"https:\/\/www.flickr.com\/photos\/182279889@N02\/52453594427\/in\/dateposted-public\/\" title=\"EFP (4)\"><img loading=\"lazy\" decoding=\"async\" src=\"https:\/\/live.staticflickr.com\/65535\/52453594427_a171149d0c_c.jpg\" width=\"800\" height=\"533\" alt=\"EFP (4)\"><\/a><script async src=\"\/\/embedr.flickr.com\/assets\/client-code.js\" charset=\"utf-8\"><\/script><\/p>\n<p>El flamante lugar, ubicado en el nuevo sector de la Secretar\u00eda de Salud frente al Hospital Municipal \u2018Dr. Alberto Castro\u2019, fue generado para que las jornadas y cursos que se ven\u00edan dictando hasta ahora in situ (en el lugar de trabajo), tengan su sala espec\u00edfica, remodelada y equipada para tal fin.<\/p>\n<p>La inauguraci\u00f3n oficial del espacio se dio con la \u2018Jornada de Gases Medicinales, caracter\u00edsticas y aspectos de seguridad\u2019, a cargo del Ing. Carlos Tolcachir, con una duraci\u00f3n de 3 horas y la presencia de unas 30 personas.<\/p>\n<p>El EFP fue creado ante la necesidad de capacitar al personal frente al crecimiento exponencial que tuvo en los \u00faltimos dos a\u00f1os el \u00e1rea de salud, con la ampliaci\u00f3n de las diferentes dependencias y la incorporaci\u00f3n de nuevos servicios y especialidades.<\/p>\n<p>De las diferentes jornadas, participan tanto mucamas como agentes de mantenimiento, enfermeras y enfermeros, administrativos, camilleros, m\u00e9dicos y todos los profesionales que se desempe\u00f1an en los centros de salud.<\/p>\n<p><a data-flickr-embed=\"true\" href=\"https:\/\/www.flickr.com\/photos\/182279889@N02\/52454385694\/in\/dateposted-public\/\" title=\"EFP (6)\"><img loading=\"lazy\" decoding=\"async\" src=\"https:\/\/live.staticflickr.com\/65535\/52454385694_2c73fc5b32_c.jpg\" width=\"800\" height=\"533\" alt=\"EFP (6)\"><\/a><script async src=\"\/\/embedr.flickr.com\/assets\/client-code.js\" charset=\"utf-8\"><\/script><\/p>\n","protected":false},"excerpt":{"rendered":"<p>Este martes fue formalizado el Espacio de Formaci\u00f3n Permanente (EFP) de la Secretar\u00eda de Salud de Tornquist Municipio, destinado a la capacitaci\u00f3n de todo el personal del \u00e1rea.<\/p>\n","protected":false},"author":3,"featured_media":0,"comment_status":"closed","ping_status":"closed","sticky":false,"template":"","format":"standard","meta":{"footnotes":""},"categories":[28,30],"tags":[],"class_list":["post-79381","post","type-post","status-publish","format-standard","hentry","category-municipales","category-salud"],"yoast_head":"<!-- This site is optimized with the Yoast SEO plugin v25.9 - https:\/\/yoast.com\/wordpress\/plugins\/seo\/ -->\n<title>Qued\u00f3 formalizado el Espacio de Formaci\u00f3n Permanente de la Secretar\u00eda de Salud - Noticias Radio Reflejos<\/title>\n<meta name=\"robots\" content=\"index, follow, max-snippet:-1, max-image-preview:large, max-video-preview:-1\" \/>\n<link rel=\"canonical\" href=\"https:\/\/www.noticiasradioreflejos.com.ar\/2021\/quedo-formalizado-el-espacio-de-formacion-permanente-de-la-secretaria-de-salud\/\" \/>\n<meta property=\"og:locale\" content=\"es_ES\" \/>\n<meta property=\"og:type\" content=\"article\" \/>\n<meta property=\"og:title\" content=\"Qued\u00f3 formalizado el Espacio de Formaci\u00f3n Permanente de la Secretar\u00eda de Salud - Noticias Radio Reflejos\" \/>\n<meta property=\"og:description\" content=\"Este martes fue formalizado el Espacio de Formaci\u00f3n Permanente (EFP) de la Secretar\u00eda de Salud de Tornquist Municipio, destinado a la capacitaci\u00f3n de todo el personal del \u00e1rea.\" \/>\n<meta property=\"og:url\" content=\"https:\/\/www.noticiasradioreflejos.com.ar\/2021\/quedo-formalizado-el-espacio-de-formacion-permanente-de-la-secretaria-de-salud\/\" \/>\n<meta property=\"og:site_name\" content=\"Noticias Radio Reflejos\" \/>\n<meta property=\"article:published_time\" content=\"2022-10-25T20:35:32+00:00\" \/>\n<meta property=\"og:image\" content=\"https:\/\/live.staticflickr.com\/65535\/52453594427_a171149d0c_c.jpg\" \/>\n<meta name=\"author\" content=\"Arnaldo Botto\" \/>\n<meta name=\"twitter:card\" content=\"summary_large_image\" \/>\n<script type=\"application\/ld+json\" class=\"yoast-schema-graph\">{\"@context\":\"https:\/\/schema.org\",\"@graph\":[{\"@type\":\"WebPage\",\"@id\":\"https:\/\/www.noticiasradioreflejos.com.ar\/2021\/quedo-formalizado-el-espacio-de-formacion-permanente-de-la-secretaria-de-salud\/\",\"url\":\"https:\/\/www.noticiasradioreflejos.com.ar\/2021\/quedo-formalizado-el-espacio-de-formacion-permanente-de-la-secretaria-de-salud\/\",\"name\":\"Qued\u00f3 formalizado el Espacio de Formaci\u00f3n Permanente de la Secretar\u00eda de Salud - Noticias Radio Reflejos\",\"isPartOf\":{\"@id\":\"https:\/\/www.noticiasradioreflejos.com.ar\/2021\/#website\"},\"primaryImageOfPage\":{\"@id\":\"https:\/\/www.noticiasradioreflejos.com.ar\/2021\/quedo-formalizado-el-espacio-de-formacion-permanente-de-la-secretaria-de-salud\/#primaryimage\"},\"image\":{\"@id\":\"https:\/\/www.noticiasradioreflejos.com.ar\/2021\/quedo-formalizado-el-espacio-de-formacion-permanente-de-la-secretaria-de-salud\/#primaryimage\"},\"thumbnailUrl\":\"https:\/\/live.staticflickr.com\/65535\/52453594427_a171149d0c_c.jpg\",\"datePublished\":\"2022-10-25T20:35:32+00:00\",\"author\":{\"@id\":\"https:\/\/www.noticiasradioreflejos.com.ar\/2021\/#\/schema\/person\/ad82545263dcc5ec0996818884fd5fb1\"},\"breadcrumb\":{\"@id\":\"https:\/\/www.noticiasradioreflejos.com.ar\/2021\/quedo-formalizado-el-espacio-de-formacion-permanente-de-la-secretaria-de-salud\/#breadcrumb\"},\"inLanguage\":\"es\",\"potentialAction\":[{\"@type\":\"ReadAction\",\"target\":[\"https:\/\/www.noticiasradioreflejos.com.ar\/2021\/quedo-formalizado-el-espacio-de-formacion-permanente-de-la-secretaria-de-salud\/\"]}]},{\"@type\":\"ImageObject\",\"inLanguage\":\"es\",\"@id\":\"https:\/\/www.noticiasradioreflejos.com.ar\/2021\/quedo-formalizado-el-espacio-de-formacion-permanente-de-la-secretaria-de-salud\/#primaryimage\",\"url\":\"https:\/\/live.staticflickr.com\/65535\/52453594427_a171149d0c_c.jpg\",\"contentUrl\":\"https:\/\/live.staticflickr.com\/65535\/52453594427_a171149d0c_c.jpg\"},{\"@type\":\"BreadcrumbList\",\"@id\":\"https:\/\/www.noticiasradioreflejos.com.ar\/2021\/quedo-formalizado-el-espacio-de-formacion-permanente-de-la-secretaria-de-salud\/#breadcrumb\",\"itemListElement\":[{\"@type\":\"ListItem\",\"position\":1,\"name\":\"Portada\",\"item\":\"https:\/\/www.noticiasradioreflejos.com.ar\/2021\/\"},{\"@type\":\"ListItem\",\"position\":2,\"name\":\"Qued\u00f3 formalizado el Espacio de Formaci\u00f3n Permanente de la Secretar\u00eda de Salud\"}]},{\"@type\":\"WebSite\",\"@id\":\"https:\/\/www.noticiasradioreflejos.com.ar\/2021\/#website\",\"url\":\"https:\/\/www.noticiasradioreflejos.com.ar\/2021\/\",\"name\":\"Noticias Radio Reflejos\",\"description\":\"Las noticias de mi comarca\",\"potentialAction\":[{\"@type\":\"SearchAction\",\"target\":{\"@type\":\"EntryPoint\",\"urlTemplate\":\"https:\/\/www.noticiasradioreflejos.com.ar\/2021\/?s={search_term_string}\"},\"query-input\":{\"@type\":\"PropertyValueSpecification\",\"valueRequired\":true,\"valueName\":\"search_term_string\"}}],\"inLanguage\":\"es\"},{\"@type\":\"Person\",\"@id\":\"https:\/\/www.noticiasradioreflejos.com.ar\/2021\/#\/schema\/person\/ad82545263dcc5ec0996818884fd5fb1\",\"name\":\"Arnaldo Botto\",\"image\":{\"@type\":\"ImageObject\",\"inLanguage\":\"es\",\"@id\":\"https:\/\/www.noticiasradioreflejos.com.ar\/2021\/#\/schema\/person\/image\/\",\"url\":\"https:\/\/secure.gravatar.com\/avatar\/55cb5e37c1efa326397366e6974cb338056df65cb50e7d64d1cf314e87504837?s=96&d=mm&r=g\",\"contentUrl\":\"https:\/\/secure.gravatar.com\/avatar\/55cb5e37c1efa326397366e6974cb338056df65cb50e7d64d1cf314e87504837?s=96&d=mm&r=g\",\"caption\":\"Arnaldo Botto\"},\"url\":\"https:\/\/www.noticiasradioreflejos.com.ar\/2021\/author\/arnaldo\/\"}]}<\/script>\n<!-- \/ Yoast SEO plugin. -->","yoast_head_json":{"title":"Qued\u00f3 formalizado el Espacio de Formaci\u00f3n Permanente de la Secretar\u00eda de Salud - Noticias Radio Reflejos","robots":{"index":"index","follow":"follow","max-snippet":"max-snippet:-1","max-image-preview":"max-image-preview:large","max-video-preview":"max-video-preview:-1"},"canonical":"https:\/\/www.noticiasradioreflejos.com.ar\/2021\/quedo-formalizado-el-espacio-de-formacion-permanente-de-la-secretaria-de-salud\/","og_locale":"es_ES","og_type":"article","og_title":"Qued\u00f3 formalizado el Espacio de Formaci\u00f3n Permanente de la Secretar\u00eda de Salud - Noticias Radio Reflejos","og_description":"Este martes fue formalizado el Espacio de Formaci\u00f3n Permanente (EFP) de la Secretar\u00eda de Salud de Tornquist Municipio, destinado a la capacitaci\u00f3n de todo el personal del \u00e1rea.","og_url":"https:\/\/www.noticiasradioreflejos.com.ar\/2021\/quedo-formalizado-el-espacio-de-formacion-permanente-de-la-secretaria-de-salud\/","og_site_name":"Noticias Radio Reflejos","article_published_time":"2022-10-25T20:35:32+00:00","og_image":[{"url":"https:\/\/live.staticflickr.com\/65535\/52453594427_a171149d0c_c.jpg","type":"","width":"","height":""}],"author":"Arnaldo Botto","twitter_card":"summary_large_image","schema":{"@context":"https:\/\/schema.org","@graph":[{"@type":"WebPage","@id":"https:\/\/www.noticiasradioreflejos.com.ar\/2021\/quedo-formalizado-el-espacio-de-formacion-permanente-de-la-secretaria-de-salud\/","url":"https:\/\/www.noticiasradioreflejos.com.ar\/2021\/quedo-formalizado-el-espacio-de-formacion-permanente-de-la-secretaria-de-salud\/","name":"Qued\u00f3 formalizado el Espacio de Formaci\u00f3n Permanente de la Secretar\u00eda de Salud - Noticias Radio Reflejos","isPartOf":{"@id":"https:\/\/www.noticiasradioreflejos.com.ar\/2021\/#website"},"primaryImageOfPage":{"@id":"https:\/\/www.noticiasradioreflejos.com.ar\/2021\/quedo-formalizado-el-espacio-de-formacion-permanente-de-la-secretaria-de-salud\/#primaryimage"},"image":{"@id":"https:\/\/www.noticiasradioreflejos.com.ar\/2021\/quedo-formalizado-el-espacio-de-formacion-permanente-de-la-secretaria-de-salud\/#primaryimage"},"thumbnailUrl":"https:\/\/live.staticflickr.com\/65535\/52453594427_a171149d0c_c.jpg","datePublished":"2022-10-25T20:35:32+00:00","author":{"@id":"https:\/\/www.noticiasradioreflejos.com.ar\/2021\/#\/schema\/person\/ad82545263dcc5ec0996818884fd5fb1"},"breadcrumb":{"@id":"https:\/\/www.noticiasradioreflejos.com.ar\/2021\/quedo-formalizado-el-espacio-de-formacion-permanente-de-la-secretaria-de-salud\/#breadcrumb"},"inLanguage":"es","potentialAction":[{"@type":"ReadAction","target":["https:\/\/www.noticiasradioreflejos.com.ar\/2021\/quedo-formalizado-el-espacio-de-formacion-permanente-de-la-secretaria-de-salud\/"]}]},{"@type":"ImageObject","inLanguage":"es","@id":"https:\/\/www.noticiasradioreflejos.com.ar\/2021\/quedo-formalizado-el-espacio-de-formacion-permanente-de-la-secretaria-de-salud\/#primaryimage","url":"https:\/\/live.staticflickr.com\/65535\/52453594427_a171149d0c_c.jpg","contentUrl":"https:\/\/live.staticflickr.com\/65535\/52453594427_a171149d0c_c.jpg"},{"@type":"BreadcrumbList","@id":"https:\/\/www.noticiasradioreflejos.com.ar\/2021\/quedo-formalizado-el-espacio-de-formacion-permanente-de-la-secretaria-de-salud\/#breadcrumb","itemListElement":[{"@type":"ListItem","position":1,"name":"Portada","item":"https:\/\/www.noticiasradioreflejos.com.ar\/2021\/"},{"@type":"ListItem","position":2,"name":"Qued\u00f3 formalizado el Espacio de Formaci\u00f3n Permanente de la Secretar\u00eda de Salud"}]},{"@type":"WebSite","@id":"https:\/\/www.noticiasradioreflejos.com.ar\/2021\/#website","url":"https:\/\/www.noticiasradioreflejos.com.ar\/2021\/","name":"Noticias Radio Reflejos","description":"Las noticias de mi comarca","potentialAction":[{"@type":"SearchAction","target":{"@type":"EntryPoint","urlTemplate":"https:\/\/www.noticiasradioreflejos.com.ar\/2021\/?s={search_term_string}"},"query-input":{"@type":"PropertyValueSpecification","valueRequired":true,"valueName":"search_term_string"}}],"inLanguage":"es"},{"@type":"Person","@id":"https:\/\/www.noticiasradioreflejos.com.ar\/2021\/#\/schema\/person\/ad82545263dcc5ec0996818884fd5fb1","name":"Arnaldo Botto","image":{"@type":"ImageObject","inLanguage":"es","@id":"https:\/\/www.noticiasradioreflejos.com.ar\/2021\/#\/schema\/person\/image\/","url":"https:\/\/secure.gravatar.com\/avatar\/55cb5e37c1efa326397366e6974cb338056df65cb50e7d64d1cf314e87504837?s=96&d=mm&r=g","contentUrl":"https:\/\/secure.gravatar.com\/avatar\/55cb5e37c1efa326397366e6974cb338056df65cb50e7d64d1cf314e87504837?s=96&d=mm&r=g","caption":"Arnaldo Botto"},"url":"https:\/\/www.noticiasradioreflejos.com.ar\/2021\/author\/arnaldo\/"}]}},"_links":{"self":[{"href":"https:\/\/www.noticiasradioreflejos.com.ar\/2021\/wp-json\/wp\/v2\/posts\/79381","targetHints":{"allow":["GET"]}}],"collection":[{"href":"https:\/\/www.noticiasradioreflejos.com.ar\/2021\/wp-json\/wp\/v2\/posts"}],"about":[{"href":"https:\/\/www.noticiasradioreflejos.com.ar\/2021\/wp-json\/wp\/v2\/types\/post"}],"author":[{"embeddable":true,"href":"https:\/\/www.noticiasradioreflejos.com.ar\/2021\/wp-json\/wp\/v2\/users\/3"}],"replies":[{"embeddable":true,"href":"https:\/\/www.noticiasradioreflejos.com.ar\/2021\/wp-json\/wp\/v2\/comments?post=79381"}],"version-history":[{"count":1,"href":"https:\/\/www.noticiasradioreflejos.com.ar\/2021\/wp-json\/wp\/v2\/posts\/79381\/revisions"}],"predecessor-version":[{"id":79383,"href":"https:\/\/www.noticiasradioreflejos.com.ar\/2021\/wp-json\/wp\/v2\/posts\/79381\/revisions\/79383"}],"wp:attachment":[{"href":"https:\/\/www.noticiasradioreflejos.com.ar\/2021\/wp-json\/wp\/v2\/media?parent=79381"}],"wp:term":[{"taxonomy":"category","embeddable":true,"href":"https:\/\/www.noticiasradioreflejos.com.ar\/2021\/wp-json\/wp\/v2\/categories?post=79381"},{"taxonomy":"post_tag","embeddable":true,"href":"https:\/\/www.noticiasradioreflejos.com.ar\/2021\/wp-json\/wp\/v2\/tags?post=79381"}],"curies":[{"name":"wp","href":"https:\/\/api.w.org\/{rel}","templated":true}]}}