{"id":79378,"date":"2022-10-25T20:32:39","date_gmt":"2022-10-25T20:32:39","guid":{"rendered":"http:\/\/www.noticiasradioreflejos.com.ar\/2021\/?p=79378"},"modified":"2022-10-25T20:32:39","modified_gmt":"2022-10-25T20:32:39","slug":"cambio-climatico-la-utn-brindara-en-tornquist-una-charla-abierta-sobre-resiliencia-espacio-publico-y-movilidad-sustentable","status":"publish","type":"post","link":"https:\/\/www.noticiasradioreflejos.com.ar\/2021\/cambio-climatico-la-utn-brindara-en-tornquist-una-charla-abierta-sobre-resiliencia-espacio-publico-y-movilidad-sustentable\/","title":{"rendered":"Cambio clim\u00e1tico: La UTN brindar\u00e1 en Tornquist una charla abierta sobre resiliencia, espacio p\u00fablico y movilidad sustentable"},"content":{"rendered":"<p>En el marco del proyecto \u2018Educaci\u00f3n y Cambio Clim\u00e1tico\u2019 que llevan adelante en conjunto la Subsecretar\u00eda de Medio Ambiente de Tornquist Municipio y la Universidad Tecnol\u00f3gica Nacional, este mi\u00e9rcoles 26 se realizar\u00e1 una charla.<!--more--><\/p>\n<p>La jornada, abierta a toda la comunidad, se denomina \u2018Resiliencia, Espacio P\u00fablico y Movilidad Sustentable\u2019, tendr\u00e1 lugar en la Biblioteca Popular \u2018Ernesto Tornquist\u2019 a partir de las 19.30 hs y estar\u00e1 a cargo del Ing. Horacio Varela, docente de la casa de altos estudios sede Bah\u00eda Blanca.<\/p>\n<p>Durante la charla, se abordar\u00e1 la funci\u00f3n de la calle como espacio p\u00fablico de socializaci\u00f3n; alternativas sustentables de pavimentaci\u00f3n; la vereda como parte de la infraestructura p\u00fablica; y la velocidad como factor disruptivo.<\/p>\n","protected":false},"excerpt":{"rendered":"<p>En el marco del proyecto \u2018Educaci\u00f3n y Cambio Clim\u00e1tico\u2019 que llevan adelante en conjunto la Subsecretar\u00eda de Medio Ambiente de Tornquist Municipio y la Universidad Tecnol\u00f3gica Nacional, este mi\u00e9rcoles 26 se realizar\u00e1 una charla.<\/p>\n","protected":false},"author":3,"featured_media":0,"comment_status":"closed","ping_status":"closed","sticky":false,"template":"","format":"standard","meta":{"footnotes":""},"categories":[28],"tags":[],"class_list":["post-79378","post","type-post","status-publish","format-standard","hentry","category-municipales"],"yoast_head":"<!-- This site is optimized with the Yoast SEO plugin v25.9 - https:\/\/yoast.com\/wordpress\/plugins\/seo\/ -->\n<title>Cambio clim\u00e1tico: La UTN brindar\u00e1 en Tornquist una charla abierta sobre resiliencia, espacio p\u00fablico y movilidad sustentable - Noticias Radio Reflejos<\/title>\n<meta name=\"robots\" content=\"index, follow, max-snippet:-1, max-image-preview:large, max-video-preview:-1\" \/>\n<link rel=\"canonical\" href=\"https:\/\/www.noticiasradioreflejos.com.ar\/2021\/cambio-climatico-la-utn-brindara-en-tornquist-una-charla-abierta-sobre-resiliencia-espacio-publico-y-movilidad-sustentable\/\" \/>\n<meta property=\"og:locale\" content=\"es_ES\" \/>\n<meta property=\"og:type\" content=\"article\" \/>\n<meta property=\"og:title\" content=\"Cambio clim\u00e1tico: La UTN brindar\u00e1 en Tornquist una charla abierta sobre resiliencia, espacio p\u00fablico y movilidad sustentable - Noticias Radio Reflejos\" \/>\n<meta property=\"og:description\" content=\"En el marco del proyecto \u2018Educaci\u00f3n y Cambio Clim\u00e1tico\u2019 que llevan adelante en conjunto la Subsecretar\u00eda de Medio Ambiente de Tornquist Municipio y la Universidad Tecnol\u00f3gica Nacional, este mi\u00e9rcoles 26 se realizar\u00e1 una charla.\" \/>\n<meta property=\"og:url\" content=\"https:\/\/www.noticiasradioreflejos.com.ar\/2021\/cambio-climatico-la-utn-brindara-en-tornquist-una-charla-abierta-sobre-resiliencia-espacio-publico-y-movilidad-sustentable\/\" \/>\n<meta property=\"og:site_name\" content=\"Noticias Radio Reflejos\" \/>\n<meta property=\"article:published_time\" content=\"2022-10-25T20:32:39+00:00\" \/>\n<meta property=\"og:image\" content=\"https:\/\/www.noticiasradioreflejos.com.ar\/2021\/wp-content\/uploads\/2021\/07\/logosol300x200.png\" \/>\n\t<meta property=\"og:image:width\" content=\"300\" \/>\n\t<meta property=\"og:image:height\" content=\"200\" \/>\n\t<meta property=\"og:image:type\" content=\"image\/png\" \/>\n<meta name=\"author\" content=\"Arnaldo Botto\" \/>\n<meta name=\"twitter:card\" content=\"summary_large_image\" \/>\n<script type=\"application\/ld+json\" class=\"yoast-schema-graph\">{\"@context\":\"https:\/\/schema.org\",\"@graph\":[{\"@type\":\"WebPage\",\"@id\":\"https:\/\/www.noticiasradioreflejos.com.ar\/2021\/cambio-climatico-la-utn-brindara-en-tornquist-una-charla-abierta-sobre-resiliencia-espacio-publico-y-movilidad-sustentable\/\",\"url\":\"https:\/\/www.noticiasradioreflejos.com.ar\/2021\/cambio-climatico-la-utn-brindara-en-tornquist-una-charla-abierta-sobre-resiliencia-espacio-publico-y-movilidad-sustentable\/\",\"name\":\"Cambio clim\u00e1tico: La UTN brindar\u00e1 en Tornquist una charla abierta sobre resiliencia, espacio p\u00fablico y movilidad sustentable - Noticias Radio Reflejos\",\"isPartOf\":{\"@id\":\"https:\/\/www.noticiasradioreflejos.com.ar\/2021\/#website\"},\"datePublished\":\"2022-10-25T20:32:39+00:00\",\"author\":{\"@id\":\"https:\/\/www.noticiasradioreflejos.com.ar\/2021\/#\/schema\/person\/ad82545263dcc5ec0996818884fd5fb1\"},\"breadcrumb\":{\"@id\":\"https:\/\/www.noticiasradioreflejos.com.ar\/2021\/cambio-climatico-la-utn-brindara-en-tornquist-una-charla-abierta-sobre-resiliencia-espacio-publico-y-movilidad-sustentable\/#breadcrumb\"},\"inLanguage\":\"es\",\"potentialAction\":[{\"@type\":\"ReadAction\",\"target\":[\"https:\/\/www.noticiasradioreflejos.com.ar\/2021\/cambio-climatico-la-utn-brindara-en-tornquist-una-charla-abierta-sobre-resiliencia-espacio-publico-y-movilidad-sustentable\/\"]}]},{\"@type\":\"BreadcrumbList\",\"@id\":\"https:\/\/www.noticiasradioreflejos.com.ar\/2021\/cambio-climatico-la-utn-brindara-en-tornquist-una-charla-abierta-sobre-resiliencia-espacio-publico-y-movilidad-sustentable\/#breadcrumb\",\"itemListElement\":[{\"@type\":\"ListItem\",\"position\":1,\"name\":\"Portada\",\"item\":\"https:\/\/www.noticiasradioreflejos.com.ar\/2021\/\"},{\"@type\":\"ListItem\",\"position\":2,\"name\":\"Cambio clim\u00e1tico: La UTN brindar\u00e1 en Tornquist una charla abierta sobre resiliencia, espacio p\u00fablico y movilidad sustentable\"}]},{\"@type\":\"WebSite\",\"@id\":\"https:\/\/www.noticiasradioreflejos.com.ar\/2021\/#website\",\"url\":\"https:\/\/www.noticiasradioreflejos.com.ar\/2021\/\",\"name\":\"Noticias Radio Reflejos\",\"description\":\"Las noticias de mi comarca\",\"potentialAction\":[{\"@type\":\"SearchAction\",\"target\":{\"@type\":\"EntryPoint\",\"urlTemplate\":\"https:\/\/www.noticiasradioreflejos.com.ar\/2021\/?s={search_term_string}\"},\"query-input\":{\"@type\":\"PropertyValueSpecification\",\"valueRequired\":true,\"valueName\":\"search_term_string\"}}],\"inLanguage\":\"es\"},{\"@type\":\"Person\",\"@id\":\"https:\/\/www.noticiasradioreflejos.com.ar\/2021\/#\/schema\/person\/ad82545263dcc5ec0996818884fd5fb1\",\"name\":\"Arnaldo Botto\",\"image\":{\"@type\":\"ImageObject\",\"inLanguage\":\"es\",\"@id\":\"https:\/\/www.noticiasradioreflejos.com.ar\/2021\/#\/schema\/person\/image\/\",\"url\":\"https:\/\/secure.gravatar.com\/avatar\/55cb5e37c1efa326397366e6974cb338056df65cb50e7d64d1cf314e87504837?s=96&d=mm&r=g\",\"contentUrl\":\"https:\/\/secure.gravatar.com\/avatar\/55cb5e37c1efa326397366e6974cb338056df65cb50e7d64d1cf314e87504837?s=96&d=mm&r=g\",\"caption\":\"Arnaldo Botto\"},\"url\":\"https:\/\/www.noticiasradioreflejos.com.ar\/2021\/author\/arnaldo\/\"}]}<\/script>\n<!-- \/ Yoast SEO plugin. -->","yoast_head_json":{"title":"Cambio clim\u00e1tico: La UTN brindar\u00e1 en Tornquist una charla abierta sobre resiliencia, espacio p\u00fablico y movilidad sustentable - Noticias Radio Reflejos","robots":{"index":"index","follow":"follow","max-snippet":"max-snippet:-1","max-image-preview":"max-image-preview:large","max-video-preview":"max-video-preview:-1"},"canonical":"https:\/\/www.noticiasradioreflejos.com.ar\/2021\/cambio-climatico-la-utn-brindara-en-tornquist-una-charla-abierta-sobre-resiliencia-espacio-publico-y-movilidad-sustentable\/","og_locale":"es_ES","og_type":"article","og_title":"Cambio clim\u00e1tico: La UTN brindar\u00e1 en Tornquist una charla abierta sobre resiliencia, espacio p\u00fablico y movilidad sustentable - Noticias Radio Reflejos","og_description":"En el marco del proyecto \u2018Educaci\u00f3n y Cambio Clim\u00e1tico\u2019 que llevan adelante en conjunto la Subsecretar\u00eda de Medio Ambiente de Tornquist Municipio y la Universidad Tecnol\u00f3gica Nacional, este mi\u00e9rcoles 26 se realizar\u00e1 una charla.","og_url":"https:\/\/www.noticiasradioreflejos.com.ar\/2021\/cambio-climatico-la-utn-brindara-en-tornquist-una-charla-abierta-sobre-resiliencia-espacio-publico-y-movilidad-sustentable\/","og_site_name":"Noticias Radio Reflejos","article_published_time":"2022-10-25T20:32:39+00:00","og_image":[{"width":300,"height":200,"url":"https:\/\/www.noticiasradioreflejos.com.ar\/2021\/wp-content\/uploads\/2021\/07\/logosol300x200.png","type":"image\/png"}],"author":"Arnaldo Botto","twitter_card":"summary_large_image","schema":{"@context":"https:\/\/schema.org","@graph":[{"@type":"WebPage","@id":"https:\/\/www.noticiasradioreflejos.com.ar\/2021\/cambio-climatico-la-utn-brindara-en-tornquist-una-charla-abierta-sobre-resiliencia-espacio-publico-y-movilidad-sustentable\/","url":"https:\/\/www.noticiasradioreflejos.com.ar\/2021\/cambio-climatico-la-utn-brindara-en-tornquist-una-charla-abierta-sobre-resiliencia-espacio-publico-y-movilidad-sustentable\/","name":"Cambio clim\u00e1tico: La UTN brindar\u00e1 en Tornquist una charla abierta sobre resiliencia, espacio p\u00fablico y movilidad sustentable - Noticias Radio Reflejos","isPartOf":{"@id":"https:\/\/www.noticiasradioreflejos.com.ar\/2021\/#website"},"datePublished":"2022-10-25T20:32:39+00:00","author":{"@id":"https:\/\/www.noticiasradioreflejos.com.ar\/2021\/#\/schema\/person\/ad82545263dcc5ec0996818884fd5fb1"},"breadcrumb":{"@id":"https:\/\/www.noticiasradioreflejos.com.ar\/2021\/cambio-climatico-la-utn-brindara-en-tornquist-una-charla-abierta-sobre-resiliencia-espacio-publico-y-movilidad-sustentable\/#breadcrumb"},"inLanguage":"es","potentialAction":[{"@type":"ReadAction","target":["https:\/\/www.noticiasradioreflejos.com.ar\/2021\/cambio-climatico-la-utn-brindara-en-tornquist-una-charla-abierta-sobre-resiliencia-espacio-publico-y-movilidad-sustentable\/"]}]},{"@type":"BreadcrumbList","@id":"https:\/\/www.noticiasradioreflejos.com.ar\/2021\/cambio-climatico-la-utn-brindara-en-tornquist-una-charla-abierta-sobre-resiliencia-espacio-publico-y-movilidad-sustentable\/#breadcrumb","itemListElement":[{"@type":"ListItem","position":1,"name":"Portada","item":"https:\/\/www.noticiasradioreflejos.com.ar\/2021\/"},{"@type":"ListItem","position":2,"name":"Cambio clim\u00e1tico: La UTN brindar\u00e1 en Tornquist una charla abierta sobre resiliencia, espacio p\u00fablico y movilidad sustentable"}]},{"@type":"WebSite","@id":"https:\/\/www.noticiasradioreflejos.com.ar\/2021\/#website","url":"https:\/\/www.noticiasradioreflejos.com.ar\/2021\/","name":"Noticias Radio Reflejos","description":"Las noticias de mi comarca","potentialAction":[{"@type":"SearchAction","target":{"@type":"EntryPoint","urlTemplate":"https:\/\/www.noticiasradioreflejos.com.ar\/2021\/?s={search_term_string}"},"query-input":{"@type":"PropertyValueSpecification","valueRequired":true,"valueName":"search_term_string"}}],"inLanguage":"es"},{"@type":"Person","@id":"https:\/\/www.noticiasradioreflejos.com.ar\/2021\/#\/schema\/person\/ad82545263dcc5ec0996818884fd5fb1","name":"Arnaldo Botto","image":{"@type":"ImageObject","inLanguage":"es","@id":"https:\/\/www.noticiasradioreflejos.com.ar\/2021\/#\/schema\/person\/image\/","url":"https:\/\/secure.gravatar.com\/avatar\/55cb5e37c1efa326397366e6974cb338056df65cb50e7d64d1cf314e87504837?s=96&d=mm&r=g","contentUrl":"https:\/\/secure.gravatar.com\/avatar\/55cb5e37c1efa326397366e6974cb338056df65cb50e7d64d1cf314e87504837?s=96&d=mm&r=g","caption":"Arnaldo Botto"},"url":"https:\/\/www.noticiasradioreflejos.com.ar\/2021\/author\/arnaldo\/"}]}},"_links":{"self":[{"href":"https:\/\/www.noticiasradioreflejos.com.ar\/2021\/wp-json\/wp\/v2\/posts\/79378","targetHints":{"allow":["GET"]}}],"collection":[{"href":"https:\/\/www.noticiasradioreflejos.com.ar\/2021\/wp-json\/wp\/v2\/posts"}],"about":[{"href":"https:\/\/www.noticiasradioreflejos.com.ar\/2021\/wp-json\/wp\/v2\/types\/post"}],"author":[{"embeddable":true,"href":"https:\/\/www.noticiasradioreflejos.com.ar\/2021\/wp-json\/wp\/v2\/users\/3"}],"replies":[{"embeddable":true,"href":"https:\/\/www.noticiasradioreflejos.com.ar\/2021\/wp-json\/wp\/v2\/comments?post=79378"}],"version-history":[{"count":1,"href":"https:\/\/www.noticiasradioreflejos.com.ar\/2021\/wp-json\/wp\/v2\/posts\/79378\/revisions"}],"predecessor-version":[{"id":79380,"href":"https:\/\/www.noticiasradioreflejos.com.ar\/2021\/wp-json\/wp\/v2\/posts\/79378\/revisions\/79380"}],"wp:attachment":[{"href":"https:\/\/www.noticiasradioreflejos.com.ar\/2021\/wp-json\/wp\/v2\/media?parent=79378"}],"wp:term":[{"taxonomy":"category","embeddable":true,"href":"https:\/\/www.noticiasradioreflejos.com.ar\/2021\/wp-json\/wp\/v2\/categories?post=79378"},{"taxonomy":"post_tag","embeddable":true,"href":"https:\/\/www.noticiasradioreflejos.com.ar\/2021\/wp-json\/wp\/v2\/tags?post=79378"}],"curies":[{"name":"wp","href":"https:\/\/api.w.org\/{rel}","templated":true}]}}