{"id":79373,"date":"2022-10-25T17:39:51","date_gmt":"2022-10-25T17:39:51","guid":{"rendered":"http:\/\/www.noticiasradioreflejos.com.ar\/2021\/?p=79373"},"modified":"2022-10-25T17:39:51","modified_gmt":"2022-10-25T17:39:51","slug":"las-armas-cola-de-pescado-causaron-la-extincion-de-la-megafauna-en-sudamerica","status":"publish","type":"post","link":"https:\/\/www.noticiasradioreflejos.com.ar\/2021\/las-armas-cola-de-pescado-causaron-la-extincion-de-la-megafauna-en-sudamerica\/","title":{"rendered":"Las armas \u00abcola de pescado\u00bb causaron la extinci\u00f3n de la megafauna en Sudam\u00e9rica"},"content":{"rendered":"<p>Un grupo de investigadores determin\u00f3 que hace m\u00e1s de 10 mil a\u00f1os los seres humanos idearon puntas de lanza tan letales para cazar mam\u00edferos de gran porte que su utilizaci\u00f3n provoc\u00f3 la extinci\u00f3n de las grandes especies.<!--more--><\/p>\n<figure class=\"mb-3\"><img decoding=\"async\" src=\"https:\/\/www.telam.com.ar\/thumbs\/bluesteel\/advf\/imagenes\/2021\/04\/6074898c44d0f_1200.jpg\" alt=\"Prez asegur que encontraron evidencia de que las puntas cola de pescado se usaron para matar megafauna Foto Prensa Conicet\" width=\"100%\" height=\"100%\" \/><\/p>\n<div class=\"media-icons\"><\/div><figcaption>P\u00e9rez asegur\u00f3 que encontraron evidencia de que las puntas \u00abcola de pescado\u00bb se usaron para matar megafauna \/ Foto: Prensa Conicet.<\/figcaption><\/figure>\n<p>Investigadores del Conicet determinaron\u00a0<strong>que hace m\u00e1s de 10 mil a\u00f1os los seres humanos idearon, dise\u00f1aron y construyeron un arma tan eficiente y letal para cazar mam\u00edferos de hasta varios cientos de kilos<\/strong>, que su uso desencaden\u00f3 el proceso de extinci\u00f3n de la megafauna en Sudam\u00e9rica.<\/p>\n<p>Se trata de<strong>\u00a0las \u00abcolas de pescado\u00bb, puntas de lanza con tecnolog\u00eda muy sofisticada,<\/strong>\u00a0que de acuerdo a un estudio cient\u00edfico publicado este martes en la revista Scientific Reports del grupo Nature, fueron las que causaron la desaparici\u00f3n de los mam\u00edferos de gran tama\u00f1o durante el Pleistoceno, per\u00edodo ubicado entre 2.600.000 y 11.500 a\u00f1os atr\u00e1s.<\/p>\n<p>Los autores del trabajo,<strong>\u00a0los antrop\u00f3logos de la Facultad de Ciencias Naturales y Museo de la Universidad Nacional de La Plata (UNLP) Luciano Prates e Iv\u00e1n P\u00e9rez,\u00a0<\/strong>explicaron a T\u00e9lam que en aquel momento habitaban en Sudam\u00e9rica \u00abfelinos, osos, pecar\u00edes, elefantes, perezosos, armadillos, caballos, cam\u00e9lidos, c\u00e9rvidos y otros ungulados nativos que desaparecieron de manera repentina entre 13.000 y 12.000 atr\u00e1s\u00bb.<\/p>\n<p>En un trabajo reciente,<strong>\u00a0los expertos hab\u00edan propuesto que los efectos directos e indirectos de la depredaci\u00f3n humana,<\/strong>\u00a0y no los cambios clim\u00e1ticos y las alteraciones en la vegetaci\u00f3n ocurridos luego de la \u00faltima glaciaci\u00f3n, fueron el factor desencadenante del colapso masivo de estos animales de gran porte.<\/p>\n<figure class=\"mb-3\"><img decoding=\"async\" src=\"https:\/\/www.telam.com.ar\/thumbs\/bluesteel\/advf\/imagenes\/2021\/04\/607df573cfadf_1200.jpg\" alt=\"Prates dijo que hay una correlacin muy clara entre el colapso de la megafauna y la aparicin de las cola de pescado Foto Prensa Conicet\" width=\"100%\" height=\"100%\" \/><\/p>\n<div class=\"media-icons\"><\/div><figcaption>Prates dijo que hay una correlaci\u00f3n muy clara entre el colapso de la megafauna y la aparici\u00f3n de las \u00abcola de pescado\u00bb \/ Foto: Prensa Conicet<\/figcaption><\/figure>\n<p>Concretamente, mostraron que\u00a0<strong>los humanos llegaron a Sudam\u00e9rica hace al menos 15.000 a\u00f1os, pero hace alrededor de 13.000, justo cuando incorporaron el uso de las \u00abcola de pescado\u00bb<\/strong>, la poblaci\u00f3n de megafauna inici\u00f3 un repentino colapso poblacional. Alrededor de 1000 a\u00f1os despu\u00e9s, desaparecieron, al mismo tiempo la megafauna y las puntas cola de pescado.<\/p>\n<p>\u00abEl a\u00f1o pasado publicamos con Iv\u00e1n un trabajo en el que mostramos\u00a0<strong>con correlaci\u00f3n muy clara entre el momento en que colaps\u00f3 la megafauna y la aparici\u00f3n de esas puntas de lanza.\u00a0<\/strong>Tambi\u00e9n encontramos que esas armas aparecieron exactamente en las regiones donde m\u00e1s cantidad y diversidad de megafauna hab\u00eda\u00bb, cont\u00f3 Prates.<\/p>\n<p>Sostuvo que \u00abm\u00e1s all\u00e1 de lo contundente de este estudio\u00bb,\u00a0<strong>segu\u00eda sin esclarecerse<\/strong>\u00a0\u00absi estas sofisticadas armas fueron verdaderamente pensadas, dise\u00f1adas y empleadas para cazar estos animales\u00bb.<\/p>\n<p>\u00abUn problema importante que ten\u00edamos era que, a\u00fan si fueron los humanos con sus \u00abpuntas cola de pescado\u00bb los responsables de las extinciones,\u00a0<strong>es casi imposible encontrar evidencias directas de esas matanzas y de que para ellas se utilizaran esas armas<\/strong>, por ejemplo cuerpos con puntas clavadas\u00bb, grafic\u00f3 el antrop\u00f3logo.<\/p>\n<p>Detall\u00f3 que<strong>\u00a0\u00abel proceso de extinci\u00f3n fue muy r\u00e1pido como para que se hayan preservado muchas evidencias<\/strong>\u00a0y, adem\u00e1s, porque por el tama\u00f1o de los animales, los humanos probablemente s\u00f3lo transportaron a los campamentos la carne y no los huesos, que son lo \u00fanico que se preserva\u00bb.<\/p>\n<p>\u00abPor todos estos motivos pensamos que para validar a\u00fan mas nuestra idea sobre las extinciones\u00a0<strong>era necesario encontrar evidencia de que las puntas \u00abcola de pescado\u00bb fueron empleadas para matar megafauna y no otros animales.<\/strong>\u00a0Y eso es lo que hicimos en el trabajo nuevo\u00bb, asever\u00f3 Prates.<\/p>\n<figure class=\"mb-3\"><img decoding=\"async\" src=\"https:\/\/www.telam.com.ar\/thumbs\/bluesteel\/advf\/imagenes\/2021\/04\/607de291eba83_1200.jpg\" alt=\"La infografa muestra el declive de las grandes especies debido a la aparicin de las flechas con cola de pescado Infografa Conicet\" width=\"100%\" height=\"100%\" \/><\/p>\n<div class=\"media-icons\"><\/div><figcaption>La infograf\u00eda muestra el declive de las grandes especies debido a la aparici\u00f3n de las flechas con \u00abcola de pescado\u00bb \/ Infograf\u00eda: Conicet.<\/figcaption><\/figure>\n<p>Para esa evaluaci\u00f3n,\u00a0<strong>convocaron al arque\u00f3logo Diego Rivero,<\/strong>\u00a0especialista en el estudio de puntas de proyectil de la Universidad Nacional de C\u00f3rdoba, con quien Prates y P\u00e9rez realizaron el estudio publicado este martes, que refuerza el rol central de la predaci\u00f3n humana en las extinciones.<\/p>\n<p>\u00abAsumiendo que las \u00abpuntas cola de pescado\u00bb fueron una tecnolog\u00eda clave y determinante para que los humanos puedan cazar megafauna y desencadenar su colapso poblacional,<strong>\u00a0en este nuevo trabajo era necesario demostrar en qu\u00e9 medida las puntas estuvieron indudablemente asociadas a estos animales\u00a0<\/strong>desde el punto de vista funcional, y no solo espacial y temporal\u00bb, narraron.<\/p>\n<p>Para eso,<strong>\u00a0evaluaron los cambios en la tecnolog\u00eda de las puntas de proyectil utilizadas en Sudam\u00e9rica entre 13.000 y 8.000 a\u00f1os<\/strong>\u00a0atr\u00e1s a partir del an\u00e1lisis de la efectividad y capacidad de da\u00f1o de 127 puntas colas de pescado y unas 303 de otros tipos de puntas contempor\u00e1neas e inmediatamente posteriores a las cola de pescado de distintos puntos del continente americano.<\/p>\n<p>Tambi\u00e9n se estudiaron las caracter\u00edsticas de las puntas\u00a0<strong>en relaci\u00f3n a los tama\u00f1os corporales de las presas disponibles\u00a0<\/strong>para la caza en los diferentes momentos y regiones.<\/p>\n<p>\u00abLa investigaci\u00f3n concluy\u00f3 que\u00a0<strong>las \u00abpuntas de pescado\u00bb fueron las armas m\u00e1s efectivas para cazar grandes mam\u00edferos<\/strong>, como las especies de megafauna extintas -mastodontes, megaterios, caballos americanos, entre otros- debido a la mayor capacidad de da\u00f1o frente al resto de las puntas tempranas\u00bb, dijo Prates.<\/p>\n<p>El profesional a\u00f1adi\u00f3 que \u00abotra se\u00f1al de que las puntas se dise\u00f1aron y usaron para megafauna es que\u00a0<strong>la capacidad de da\u00f1o de esas puntas es mayor en las zonas donde las especies de megafauna eran m\u00e1s grandes<\/strong>\u00a0(por ejemplo la regi\u00f3n pampeana y sur de Brasil) y menor donde las especies eran mas peque\u00f1as (como la Patagonia)\u00bb.<\/p>\n<blockquote class=\"\"><p>\u00abEl a\u00f1o pasado publicamos con Iv\u00e1n un trabajo en el que mostramos\u00a0con correlaci\u00f3n muy clara entre el momento en que colaps\u00f3 la megafauna y la aparici\u00f3n de esas puntas de lanza.\u00a0Tambi\u00e9n encontramos que esas armas aparecieron exactamente en las regiones donde m\u00e1s cantidad y diversidad de megafauna hab\u00eda\u00bb<cite class=\"author\">Luciano Prates, antrop\u00f3logo de la Facultad de Ciencias Naturales y Museo de la Universidad Nacional de La Plata<\/cite><\/p><\/blockquote>\n<p>.<\/p>\n<p>En el art\u00edculo, Prates, P\u00e9rez y Rivero tambi\u00e9n mostraron\u00a0<strong>que cuando desapareci\u00f3 la megafauna las \u00abpuntas cola de pescado\u00bb se abandonaron<\/strong>\u00a0\u00abposiblemente porque la fabricaci\u00f3n de armas tan eficientes demandaba un costo injustificado para presas menores disponibles a partir de ese momento, como guanacos, vicu\u00f1as y ciervos\u00bb.<\/p>\n<p>Por \u00faltimo, lograron comprobar que las puntas que reemplazaron a las \u00abcola de pescado\u00bb luego de las extinciones de megafauna (puntas Tuina en Andes, triangulares medianas en Patagonia, Ayampit\u00edn en sierras centrales y Pay Paso en Uruguay)<strong>\u00a0no solo eran menos eficientes y letales, sino que variaban conforme los tama\u00f1os de las presas\u00a0<\/strong>para las que fueron utilizadas.<\/p>\n<p>\u00abEn definitiva, los resultados del estudio revelan que<strong>\u00a0las \u00abpuntas cola de pescado\u00bb fueron una verdadera revoluci\u00f3n tecnol\u00f3gica orientada a la caza de megafauna<\/strong>\u00a0y refuerzan la hip\u00f3tesis de que los seres humanos tuvieron un efecto directo y significativo sobre su extinci\u00f3n\u00bb, concluy\u00f3 Prates.<\/p>\n","protected":false},"excerpt":{"rendered":"<p>Un grupo de investigadores determin\u00f3 que hace m\u00e1s de 10 mil a\u00f1os los seres humanos idearon puntas de lanza tan letales para cazar mam\u00edferos de gran porte que su utilizaci\u00f3n provoc\u00f3 la extinci\u00f3n de las grandes especies.<\/p>\n","protected":false},"author":3,"featured_media":79374,"comment_status":"closed","ping_status":"closed","sticky":false,"template":"","format":"standard","meta":{"footnotes":""},"categories":[46],"tags":[],"class_list":["post-79373","post","type-post","status-publish","format-standard","has-post-thumbnail","hentry","category-ciencia-y-tecnologia"],"yoast_head":"<!-- This site is optimized with the Yoast SEO plugin v25.9 - https:\/\/yoast.com\/wordpress\/plugins\/seo\/ -->\n<title>Las armas &quot;cola de pescado&quot; causaron la extinci\u00f3n de la megafauna en Sudam\u00e9rica - Noticias Radio Reflejos<\/title>\n<meta name=\"robots\" content=\"index, follow, max-snippet:-1, max-image-preview:large, max-video-preview:-1\" \/>\n<link rel=\"canonical\" href=\"https:\/\/www.noticiasradioreflejos.com.ar\/2021\/las-armas-cola-de-pescado-causaron-la-extincion-de-la-megafauna-en-sudamerica\/\" \/>\n<meta property=\"og:locale\" content=\"es_ES\" \/>\n<meta property=\"og:type\" content=\"article\" \/>\n<meta property=\"og:title\" content=\"Las armas &quot;cola de pescado&quot; causaron la extinci\u00f3n de la megafauna en Sudam\u00e9rica - Noticias Radio Reflejos\" \/>\n<meta property=\"og:description\" content=\"Un grupo de investigadores determin\u00f3 que hace m\u00e1s de 10 mil a\u00f1os los seres humanos idearon puntas de lanza tan letales para cazar mam\u00edferos de gran porte que su utilizaci\u00f3n provoc\u00f3 la extinci\u00f3n de las grandes especies.\" \/>\n<meta property=\"og:url\" content=\"https:\/\/www.noticiasradioreflejos.com.ar\/2021\/las-armas-cola-de-pescado-causaron-la-extincion-de-la-megafauna-en-sudamerica\/\" \/>\n<meta property=\"og:site_name\" content=\"Noticias Radio Reflejos\" \/>\n<meta property=\"article:published_time\" content=\"2022-10-25T17:39:51+00:00\" \/>\n<meta property=\"og:image\" content=\"https:\/\/www.noticiasradioreflejos.com.ar\/2021\/wp-content\/uploads\/2022\/10\/megafauna.jpg\" \/>\n\t<meta property=\"og:image:width\" content=\"1004\" \/>\n\t<meta property=\"og:image:height\" content=\"565\" \/>\n\t<meta property=\"og:image:type\" content=\"image\/jpeg\" \/>\n<meta name=\"author\" content=\"Arnaldo Botto\" \/>\n<meta name=\"twitter:card\" content=\"summary_large_image\" \/>\n<script type=\"application\/ld+json\" class=\"yoast-schema-graph\">{\"@context\":\"https:\/\/schema.org\",\"@graph\":[{\"@type\":\"WebPage\",\"@id\":\"https:\/\/www.noticiasradioreflejos.com.ar\/2021\/las-armas-cola-de-pescado-causaron-la-extincion-de-la-megafauna-en-sudamerica\/\",\"url\":\"https:\/\/www.noticiasradioreflejos.com.ar\/2021\/las-armas-cola-de-pescado-causaron-la-extincion-de-la-megafauna-en-sudamerica\/\",\"name\":\"Las armas \\\"cola de pescado\\\" causaron la extinci\u00f3n de la megafauna en Sudam\u00e9rica - Noticias Radio Reflejos\",\"isPartOf\":{\"@id\":\"https:\/\/www.noticiasradioreflejos.com.ar\/2021\/#website\"},\"primaryImageOfPage\":{\"@id\":\"https:\/\/www.noticiasradioreflejos.com.ar\/2021\/las-armas-cola-de-pescado-causaron-la-extincion-de-la-megafauna-en-sudamerica\/#primaryimage\"},\"image\":{\"@id\":\"https:\/\/www.noticiasradioreflejos.com.ar\/2021\/las-armas-cola-de-pescado-causaron-la-extincion-de-la-megafauna-en-sudamerica\/#primaryimage\"},\"thumbnailUrl\":\"https:\/\/www.noticiasradioreflejos.com.ar\/2021\/wp-content\/uploads\/2022\/10\/megafauna.jpg\",\"datePublished\":\"2022-10-25T17:39:51+00:00\",\"author\":{\"@id\":\"https:\/\/www.noticiasradioreflejos.com.ar\/2021\/#\/schema\/person\/ad82545263dcc5ec0996818884fd5fb1\"},\"breadcrumb\":{\"@id\":\"https:\/\/www.noticiasradioreflejos.com.ar\/2021\/las-armas-cola-de-pescado-causaron-la-extincion-de-la-megafauna-en-sudamerica\/#breadcrumb\"},\"inLanguage\":\"es\",\"potentialAction\":[{\"@type\":\"ReadAction\",\"target\":[\"https:\/\/www.noticiasradioreflejos.com.ar\/2021\/las-armas-cola-de-pescado-causaron-la-extincion-de-la-megafauna-en-sudamerica\/\"]}]},{\"@type\":\"ImageObject\",\"inLanguage\":\"es\",\"@id\":\"https:\/\/www.noticiasradioreflejos.com.ar\/2021\/las-armas-cola-de-pescado-causaron-la-extincion-de-la-megafauna-en-sudamerica\/#primaryimage\",\"url\":\"https:\/\/www.noticiasradioreflejos.com.ar\/2021\/wp-content\/uploads\/2022\/10\/megafauna.jpg\",\"contentUrl\":\"https:\/\/www.noticiasradioreflejos.com.ar\/2021\/wp-content\/uploads\/2022\/10\/megafauna.jpg\",\"width\":1004,\"height\":565},{\"@type\":\"BreadcrumbList\",\"@id\":\"https:\/\/www.noticiasradioreflejos.com.ar\/2021\/las-armas-cola-de-pescado-causaron-la-extincion-de-la-megafauna-en-sudamerica\/#breadcrumb\",\"itemListElement\":[{\"@type\":\"ListItem\",\"position\":1,\"name\":\"Portada\",\"item\":\"https:\/\/www.noticiasradioreflejos.com.ar\/2021\/\"},{\"@type\":\"ListItem\",\"position\":2,\"name\":\"Las armas \u00abcola de pescado\u00bb causaron la extinci\u00f3n de la megafauna en Sudam\u00e9rica\"}]},{\"@type\":\"WebSite\",\"@id\":\"https:\/\/www.noticiasradioreflejos.com.ar\/2021\/#website\",\"url\":\"https:\/\/www.noticiasradioreflejos.com.ar\/2021\/\",\"name\":\"Noticias Radio Reflejos\",\"description\":\"Las noticias de mi comarca\",\"potentialAction\":[{\"@type\":\"SearchAction\",\"target\":{\"@type\":\"EntryPoint\",\"urlTemplate\":\"https:\/\/www.noticiasradioreflejos.com.ar\/2021\/?s={search_term_string}\"},\"query-input\":{\"@type\":\"PropertyValueSpecification\",\"valueRequired\":true,\"valueName\":\"search_term_string\"}}],\"inLanguage\":\"es\"},{\"@type\":\"Person\",\"@id\":\"https:\/\/www.noticiasradioreflejos.com.ar\/2021\/#\/schema\/person\/ad82545263dcc5ec0996818884fd5fb1\",\"name\":\"Arnaldo Botto\",\"image\":{\"@type\":\"ImageObject\",\"inLanguage\":\"es\",\"@id\":\"https:\/\/www.noticiasradioreflejos.com.ar\/2021\/#\/schema\/person\/image\/\",\"url\":\"https:\/\/secure.gravatar.com\/avatar\/55cb5e37c1efa326397366e6974cb338056df65cb50e7d64d1cf314e87504837?s=96&d=mm&r=g\",\"contentUrl\":\"https:\/\/secure.gravatar.com\/avatar\/55cb5e37c1efa326397366e6974cb338056df65cb50e7d64d1cf314e87504837?s=96&d=mm&r=g\",\"caption\":\"Arnaldo Botto\"},\"url\":\"https:\/\/www.noticiasradioreflejos.com.ar\/2021\/author\/arnaldo\/\"}]}<\/script>\n<!-- \/ Yoast SEO plugin. -->","yoast_head_json":{"title":"Las armas \"cola de pescado\" causaron la extinci\u00f3n de la megafauna en Sudam\u00e9rica - Noticias Radio Reflejos","robots":{"index":"index","follow":"follow","max-snippet":"max-snippet:-1","max-image-preview":"max-image-preview:large","max-video-preview":"max-video-preview:-1"},"canonical":"https:\/\/www.noticiasradioreflejos.com.ar\/2021\/las-armas-cola-de-pescado-causaron-la-extincion-de-la-megafauna-en-sudamerica\/","og_locale":"es_ES","og_type":"article","og_title":"Las armas \"cola de pescado\" causaron la extinci\u00f3n de la megafauna en Sudam\u00e9rica - Noticias Radio Reflejos","og_description":"Un grupo de investigadores determin\u00f3 que hace m\u00e1s de 10 mil a\u00f1os los seres humanos idearon puntas de lanza tan letales para cazar mam\u00edferos de gran porte que su utilizaci\u00f3n provoc\u00f3 la extinci\u00f3n de las grandes especies.","og_url":"https:\/\/www.noticiasradioreflejos.com.ar\/2021\/las-armas-cola-de-pescado-causaron-la-extincion-de-la-megafauna-en-sudamerica\/","og_site_name":"Noticias Radio Reflejos","article_published_time":"2022-10-25T17:39:51+00:00","og_image":[{"width":1004,"height":565,"url":"https:\/\/www.noticiasradioreflejos.com.ar\/2021\/wp-content\/uploads\/2022\/10\/megafauna.jpg","type":"image\/jpeg"}],"author":"Arnaldo Botto","twitter_card":"summary_large_image","schema":{"@context":"https:\/\/schema.org","@graph":[{"@type":"WebPage","@id":"https:\/\/www.noticiasradioreflejos.com.ar\/2021\/las-armas-cola-de-pescado-causaron-la-extincion-de-la-megafauna-en-sudamerica\/","url":"https:\/\/www.noticiasradioreflejos.com.ar\/2021\/las-armas-cola-de-pescado-causaron-la-extincion-de-la-megafauna-en-sudamerica\/","name":"Las armas \"cola de pescado\" causaron la extinci\u00f3n de la megafauna en Sudam\u00e9rica - Noticias Radio Reflejos","isPartOf":{"@id":"https:\/\/www.noticiasradioreflejos.com.ar\/2021\/#website"},"primaryImageOfPage":{"@id":"https:\/\/www.noticiasradioreflejos.com.ar\/2021\/las-armas-cola-de-pescado-causaron-la-extincion-de-la-megafauna-en-sudamerica\/#primaryimage"},"image":{"@id":"https:\/\/www.noticiasradioreflejos.com.ar\/2021\/las-armas-cola-de-pescado-causaron-la-extincion-de-la-megafauna-en-sudamerica\/#primaryimage"},"thumbnailUrl":"https:\/\/www.noticiasradioreflejos.com.ar\/2021\/wp-content\/uploads\/2022\/10\/megafauna.jpg","datePublished":"2022-10-25T17:39:51+00:00","author":{"@id":"https:\/\/www.noticiasradioreflejos.com.ar\/2021\/#\/schema\/person\/ad82545263dcc5ec0996818884fd5fb1"},"breadcrumb":{"@id":"https:\/\/www.noticiasradioreflejos.com.ar\/2021\/las-armas-cola-de-pescado-causaron-la-extincion-de-la-megafauna-en-sudamerica\/#breadcrumb"},"inLanguage":"es","potentialAction":[{"@type":"ReadAction","target":["https:\/\/www.noticiasradioreflejos.com.ar\/2021\/las-armas-cola-de-pescado-causaron-la-extincion-de-la-megafauna-en-sudamerica\/"]}]},{"@type":"ImageObject","inLanguage":"es","@id":"https:\/\/www.noticiasradioreflejos.com.ar\/2021\/las-armas-cola-de-pescado-causaron-la-extincion-de-la-megafauna-en-sudamerica\/#primaryimage","url":"https:\/\/www.noticiasradioreflejos.com.ar\/2021\/wp-content\/uploads\/2022\/10\/megafauna.jpg","contentUrl":"https:\/\/www.noticiasradioreflejos.com.ar\/2021\/wp-content\/uploads\/2022\/10\/megafauna.jpg","width":1004,"height":565},{"@type":"BreadcrumbList","@id":"https:\/\/www.noticiasradioreflejos.com.ar\/2021\/las-armas-cola-de-pescado-causaron-la-extincion-de-la-megafauna-en-sudamerica\/#breadcrumb","itemListElement":[{"@type":"ListItem","position":1,"name":"Portada","item":"https:\/\/www.noticiasradioreflejos.com.ar\/2021\/"},{"@type":"ListItem","position":2,"name":"Las armas \u00abcola de pescado\u00bb causaron la extinci\u00f3n de la megafauna en Sudam\u00e9rica"}]},{"@type":"WebSite","@id":"https:\/\/www.noticiasradioreflejos.com.ar\/2021\/#website","url":"https:\/\/www.noticiasradioreflejos.com.ar\/2021\/","name":"Noticias Radio Reflejos","description":"Las noticias de mi comarca","potentialAction":[{"@type":"SearchAction","target":{"@type":"EntryPoint","urlTemplate":"https:\/\/www.noticiasradioreflejos.com.ar\/2021\/?s={search_term_string}"},"query-input":{"@type":"PropertyValueSpecification","valueRequired":true,"valueName":"search_term_string"}}],"inLanguage":"es"},{"@type":"Person","@id":"https:\/\/www.noticiasradioreflejos.com.ar\/2021\/#\/schema\/person\/ad82545263dcc5ec0996818884fd5fb1","name":"Arnaldo Botto","image":{"@type":"ImageObject","inLanguage":"es","@id":"https:\/\/www.noticiasradioreflejos.com.ar\/2021\/#\/schema\/person\/image\/","url":"https:\/\/secure.gravatar.com\/avatar\/55cb5e37c1efa326397366e6974cb338056df65cb50e7d64d1cf314e87504837?s=96&d=mm&r=g","contentUrl":"https:\/\/secure.gravatar.com\/avatar\/55cb5e37c1efa326397366e6974cb338056df65cb50e7d64d1cf314e87504837?s=96&d=mm&r=g","caption":"Arnaldo Botto"},"url":"https:\/\/www.noticiasradioreflejos.com.ar\/2021\/author\/arnaldo\/"}]}},"_links":{"self":[{"href":"https:\/\/www.noticiasradioreflejos.com.ar\/2021\/wp-json\/wp\/v2\/posts\/79373","targetHints":{"allow":["GET"]}}],"collection":[{"href":"https:\/\/www.noticiasradioreflejos.com.ar\/2021\/wp-json\/wp\/v2\/posts"}],"about":[{"href":"https:\/\/www.noticiasradioreflejos.com.ar\/2021\/wp-json\/wp\/v2\/types\/post"}],"author":[{"embeddable":true,"href":"https:\/\/www.noticiasradioreflejos.com.ar\/2021\/wp-json\/wp\/v2\/users\/3"}],"replies":[{"embeddable":true,"href":"https:\/\/www.noticiasradioreflejos.com.ar\/2021\/wp-json\/wp\/v2\/comments?post=79373"}],"version-history":[{"count":1,"href":"https:\/\/www.noticiasradioreflejos.com.ar\/2021\/wp-json\/wp\/v2\/posts\/79373\/revisions"}],"predecessor-version":[{"id":79375,"href":"https:\/\/www.noticiasradioreflejos.com.ar\/2021\/wp-json\/wp\/v2\/posts\/79373\/revisions\/79375"}],"wp:featuredmedia":[{"embeddable":true,"href":"https:\/\/www.noticiasradioreflejos.com.ar\/2021\/wp-json\/wp\/v2\/media\/79374"}],"wp:attachment":[{"href":"https:\/\/www.noticiasradioreflejos.com.ar\/2021\/wp-json\/wp\/v2\/media?parent=79373"}],"wp:term":[{"taxonomy":"category","embeddable":true,"href":"https:\/\/www.noticiasradioreflejos.com.ar\/2021\/wp-json\/wp\/v2\/categories?post=79373"},{"taxonomy":"post_tag","embeddable":true,"href":"https:\/\/www.noticiasradioreflejos.com.ar\/2021\/wp-json\/wp\/v2\/tags?post=79373"}],"curies":[{"name":"wp","href":"https:\/\/api.w.org\/{rel}","templated":true}]}}