{"id":79367,"date":"2022-10-25T16:27:34","date_gmt":"2022-10-25T16:27:34","guid":{"rendered":"http:\/\/www.noticiasradioreflejos.com.ar\/2021\/?p=79367"},"modified":"2022-10-25T16:27:34","modified_gmt":"2022-10-25T16:27:34","slug":"invitan-a-los-comercios-a-adherirse-al-plan-ahora-30","status":"publish","type":"post","link":"https:\/\/www.noticiasradioreflejos.com.ar\/2021\/invitan-a-los-comercios-a-adherirse-al-plan-ahora-30\/","title":{"rendered":"Invitan a los comercios a adherirse al Plan Ahora 30"},"content":{"rendered":"<p>La Secretaria Hacienda de Tornquist Municipio, informa que el Ministerio de Econom\u00eda dispuso el Plan Ahora 30, con el objetivo de impulsar el consumo de productos electr\u00f3nicos de producci\u00f3n nacional. En tal sentido, se invita a todos los comercios del distrito a adherirse al programa de financiaci\u00f3n. <!--more--><\/p>\n<p>Para formar del plan, los comerciantes deber\u00e1n seguir el siguiente instructivo:<br \/>\n1-\tIngresar al sitio https:\/\/autogestion.produccion.gob.ar\/ahora30<br \/>\n2-\tLoguearse con el m\u00e9todo de autenticaci\u00f3n deseado (AFIP Clave Fiscal, Mi Argentina o RENAPER DNI).<br \/>\n3-\tCompletar los datos del comercio y del\/la apoderado\/a firmante en la plataforma web.<br \/>\n4-\tDescargar plantilla con modelo de convenio.<br \/>\n5-\tSuscribir convenio en letra legible (o firma digital) con fecha cierta y adjuntar archivo en el sitio en formato PDF.<br \/>\n6-\tDescargar plantilla con Anexos I (canasta de productos incluidos en el Programa) y II (puntos de venta del establecimiento).<br \/>\n7-\tLuego de descargada la plantilla, indicar en la pesta\u00f1a Anexo I aquellos productos de la canasta general trabajados por el comercio a adherir, seleccionando la lista desplegable de la plantilla excel ofrecida por el sitio.<br \/>\n8-\tIntroducir en la pesta\u00f1a Anexo II las sucursales del comercio.<br \/>\n9-\tAdjuntar archivo excel con la informaci\u00f3n de productos comercializados por el establecimiento (Anexo I) y los puntos de venta existentes (Anexo II) .<br \/>\n10-\tAdjuntar poder habilitante para la firma del convenio.<br \/>\n11-\tAdjuntar copia de ambas caras del DNI de la persona autorizada en el poder.<br \/>\n12-\tAdjuntar constancia de inscripci\u00f3n de AFIP del comercio a adherir al Programa.<br \/>\n13-\tAdjuntar foto del comercio f\u00edsico (de alguna sucursal). Cabe recordar que son plausibles de ser adheridos aquellos comercios que cuentan con, al menos, un local f\u00edsico.<br \/>\nDel programa podr\u00e1n participar no solo las grandes cadenas, sino tambi\u00e9n peque\u00f1os y medianos comercios; que ofrezcan productos como heladeras, lavarropas, celulares, televisores y equipos de aire acondicionado de bajo consumo, todos de producci\u00f3n nacional.<br \/>\nLos proveedores y comercios adheridos podr\u00e1n elegir cobrar las operaciones realizadas con tarjeta de cr\u00e9dito en un plazo de 60 d\u00edas corridos con una tasa m\u00e1xima de descuento de 37,79% o de hasta diez d\u00edas con una tasa m\u00e1xima de 41,31%.<\/p>\n","protected":false},"excerpt":{"rendered":"<p>La Secretaria Hacienda de Tornquist Municipio, informa que el Ministerio de Econom\u00eda dispuso el Plan Ahora 30, con el objetivo de impulsar el consumo de productos electr\u00f3nicos de producci\u00f3n nacional. En tal sentido, se invita a todos los comercios del distrito a adherirse al programa de financiaci\u00f3n.<\/p>\n","protected":false},"author":3,"featured_media":0,"comment_status":"closed","ping_status":"closed","sticky":false,"template":"","format":"standard","meta":{"footnotes":""},"categories":[36],"tags":[],"class_list":["post-79367","post","type-post","status-publish","format-standard","hentry","category-economia"],"yoast_head":"<!-- This site is optimized with the Yoast SEO plugin v25.9 - https:\/\/yoast.com\/wordpress\/plugins\/seo\/ -->\n<title>Invitan a los comercios a adherirse al Plan Ahora 30 - Noticias Radio Reflejos<\/title>\n<meta name=\"robots\" content=\"index, follow, max-snippet:-1, max-image-preview:large, max-video-preview:-1\" \/>\n<link rel=\"canonical\" href=\"https:\/\/www.noticiasradioreflejos.com.ar\/2021\/invitan-a-los-comercios-a-adherirse-al-plan-ahora-30\/\" \/>\n<meta property=\"og:locale\" content=\"es_ES\" \/>\n<meta property=\"og:type\" content=\"article\" \/>\n<meta property=\"og:title\" content=\"Invitan a los comercios a adherirse al Plan Ahora 30 - Noticias Radio Reflejos\" \/>\n<meta property=\"og:description\" content=\"La Secretaria Hacienda de Tornquist Municipio, informa que el Ministerio de Econom\u00eda dispuso el Plan Ahora 30, con el objetivo de impulsar el consumo de productos electr\u00f3nicos de producci\u00f3n nacional. En tal sentido, se invita a todos los comercios del distrito a adherirse al programa de financiaci\u00f3n.\" \/>\n<meta property=\"og:url\" content=\"https:\/\/www.noticiasradioreflejos.com.ar\/2021\/invitan-a-los-comercios-a-adherirse-al-plan-ahora-30\/\" \/>\n<meta property=\"og:site_name\" content=\"Noticias Radio Reflejos\" \/>\n<meta property=\"article:published_time\" content=\"2022-10-25T16:27:34+00:00\" \/>\n<meta property=\"og:image\" content=\"https:\/\/www.noticiasradioreflejos.com.ar\/2021\/wp-content\/uploads\/2021\/07\/logosol300x200.png\" \/>\n\t<meta property=\"og:image:width\" content=\"300\" \/>\n\t<meta property=\"og:image:height\" content=\"200\" \/>\n\t<meta property=\"og:image:type\" content=\"image\/png\" \/>\n<meta name=\"author\" content=\"Arnaldo Botto\" \/>\n<meta name=\"twitter:card\" content=\"summary_large_image\" \/>\n<script type=\"application\/ld+json\" class=\"yoast-schema-graph\">{\"@context\":\"https:\/\/schema.org\",\"@graph\":[{\"@type\":\"WebPage\",\"@id\":\"https:\/\/www.noticiasradioreflejos.com.ar\/2021\/invitan-a-los-comercios-a-adherirse-al-plan-ahora-30\/\",\"url\":\"https:\/\/www.noticiasradioreflejos.com.ar\/2021\/invitan-a-los-comercios-a-adherirse-al-plan-ahora-30\/\",\"name\":\"Invitan a los comercios a adherirse al Plan Ahora 30 - Noticias Radio Reflejos\",\"isPartOf\":{\"@id\":\"https:\/\/www.noticiasradioreflejos.com.ar\/2021\/#website\"},\"datePublished\":\"2022-10-25T16:27:34+00:00\",\"author\":{\"@id\":\"https:\/\/www.noticiasradioreflejos.com.ar\/2021\/#\/schema\/person\/ad82545263dcc5ec0996818884fd5fb1\"},\"breadcrumb\":{\"@id\":\"https:\/\/www.noticiasradioreflejos.com.ar\/2021\/invitan-a-los-comercios-a-adherirse-al-plan-ahora-30\/#breadcrumb\"},\"inLanguage\":\"es\",\"potentialAction\":[{\"@type\":\"ReadAction\",\"target\":[\"https:\/\/www.noticiasradioreflejos.com.ar\/2021\/invitan-a-los-comercios-a-adherirse-al-plan-ahora-30\/\"]}]},{\"@type\":\"BreadcrumbList\",\"@id\":\"https:\/\/www.noticiasradioreflejos.com.ar\/2021\/invitan-a-los-comercios-a-adherirse-al-plan-ahora-30\/#breadcrumb\",\"itemListElement\":[{\"@type\":\"ListItem\",\"position\":1,\"name\":\"Portada\",\"item\":\"https:\/\/www.noticiasradioreflejos.com.ar\/2021\/\"},{\"@type\":\"ListItem\",\"position\":2,\"name\":\"Invitan a los comercios a adherirse al Plan Ahora 30\"}]},{\"@type\":\"WebSite\",\"@id\":\"https:\/\/www.noticiasradioreflejos.com.ar\/2021\/#website\",\"url\":\"https:\/\/www.noticiasradioreflejos.com.ar\/2021\/\",\"name\":\"Noticias Radio Reflejos\",\"description\":\"Las noticias de mi comarca\",\"potentialAction\":[{\"@type\":\"SearchAction\",\"target\":{\"@type\":\"EntryPoint\",\"urlTemplate\":\"https:\/\/www.noticiasradioreflejos.com.ar\/2021\/?s={search_term_string}\"},\"query-input\":{\"@type\":\"PropertyValueSpecification\",\"valueRequired\":true,\"valueName\":\"search_term_string\"}}],\"inLanguage\":\"es\"},{\"@type\":\"Person\",\"@id\":\"https:\/\/www.noticiasradioreflejos.com.ar\/2021\/#\/schema\/person\/ad82545263dcc5ec0996818884fd5fb1\",\"name\":\"Arnaldo Botto\",\"image\":{\"@type\":\"ImageObject\",\"inLanguage\":\"es\",\"@id\":\"https:\/\/www.noticiasradioreflejos.com.ar\/2021\/#\/schema\/person\/image\/\",\"url\":\"https:\/\/secure.gravatar.com\/avatar\/55cb5e37c1efa326397366e6974cb338056df65cb50e7d64d1cf314e87504837?s=96&d=mm&r=g\",\"contentUrl\":\"https:\/\/secure.gravatar.com\/avatar\/55cb5e37c1efa326397366e6974cb338056df65cb50e7d64d1cf314e87504837?s=96&d=mm&r=g\",\"caption\":\"Arnaldo Botto\"},\"url\":\"https:\/\/www.noticiasradioreflejos.com.ar\/2021\/author\/arnaldo\/\"}]}<\/script>\n<!-- \/ Yoast SEO plugin. -->","yoast_head_json":{"title":"Invitan a los comercios a adherirse al Plan Ahora 30 - Noticias Radio Reflejos","robots":{"index":"index","follow":"follow","max-snippet":"max-snippet:-1","max-image-preview":"max-image-preview:large","max-video-preview":"max-video-preview:-1"},"canonical":"https:\/\/www.noticiasradioreflejos.com.ar\/2021\/invitan-a-los-comercios-a-adherirse-al-plan-ahora-30\/","og_locale":"es_ES","og_type":"article","og_title":"Invitan a los comercios a adherirse al Plan Ahora 30 - Noticias Radio Reflejos","og_description":"La Secretaria Hacienda de Tornquist Municipio, informa que el Ministerio de Econom\u00eda dispuso el Plan Ahora 30, con el objetivo de impulsar el consumo de productos electr\u00f3nicos de producci\u00f3n nacional. En tal sentido, se invita a todos los comercios del distrito a adherirse al programa de financiaci\u00f3n.","og_url":"https:\/\/www.noticiasradioreflejos.com.ar\/2021\/invitan-a-los-comercios-a-adherirse-al-plan-ahora-30\/","og_site_name":"Noticias Radio Reflejos","article_published_time":"2022-10-25T16:27:34+00:00","og_image":[{"width":300,"height":200,"url":"https:\/\/www.noticiasradioreflejos.com.ar\/2021\/wp-content\/uploads\/2021\/07\/logosol300x200.png","type":"image\/png"}],"author":"Arnaldo Botto","twitter_card":"summary_large_image","schema":{"@context":"https:\/\/schema.org","@graph":[{"@type":"WebPage","@id":"https:\/\/www.noticiasradioreflejos.com.ar\/2021\/invitan-a-los-comercios-a-adherirse-al-plan-ahora-30\/","url":"https:\/\/www.noticiasradioreflejos.com.ar\/2021\/invitan-a-los-comercios-a-adherirse-al-plan-ahora-30\/","name":"Invitan a los comercios a adherirse al Plan Ahora 30 - Noticias Radio Reflejos","isPartOf":{"@id":"https:\/\/www.noticiasradioreflejos.com.ar\/2021\/#website"},"datePublished":"2022-10-25T16:27:34+00:00","author":{"@id":"https:\/\/www.noticiasradioreflejos.com.ar\/2021\/#\/schema\/person\/ad82545263dcc5ec0996818884fd5fb1"},"breadcrumb":{"@id":"https:\/\/www.noticiasradioreflejos.com.ar\/2021\/invitan-a-los-comercios-a-adherirse-al-plan-ahora-30\/#breadcrumb"},"inLanguage":"es","potentialAction":[{"@type":"ReadAction","target":["https:\/\/www.noticiasradioreflejos.com.ar\/2021\/invitan-a-los-comercios-a-adherirse-al-plan-ahora-30\/"]}]},{"@type":"BreadcrumbList","@id":"https:\/\/www.noticiasradioreflejos.com.ar\/2021\/invitan-a-los-comercios-a-adherirse-al-plan-ahora-30\/#breadcrumb","itemListElement":[{"@type":"ListItem","position":1,"name":"Portada","item":"https:\/\/www.noticiasradioreflejos.com.ar\/2021\/"},{"@type":"ListItem","position":2,"name":"Invitan a los comercios a adherirse al Plan Ahora 30"}]},{"@type":"WebSite","@id":"https:\/\/www.noticiasradioreflejos.com.ar\/2021\/#website","url":"https:\/\/www.noticiasradioreflejos.com.ar\/2021\/","name":"Noticias Radio Reflejos","description":"Las noticias de mi comarca","potentialAction":[{"@type":"SearchAction","target":{"@type":"EntryPoint","urlTemplate":"https:\/\/www.noticiasradioreflejos.com.ar\/2021\/?s={search_term_string}"},"query-input":{"@type":"PropertyValueSpecification","valueRequired":true,"valueName":"search_term_string"}}],"inLanguage":"es"},{"@type":"Person","@id":"https:\/\/www.noticiasradioreflejos.com.ar\/2021\/#\/schema\/person\/ad82545263dcc5ec0996818884fd5fb1","name":"Arnaldo Botto","image":{"@type":"ImageObject","inLanguage":"es","@id":"https:\/\/www.noticiasradioreflejos.com.ar\/2021\/#\/schema\/person\/image\/","url":"https:\/\/secure.gravatar.com\/avatar\/55cb5e37c1efa326397366e6974cb338056df65cb50e7d64d1cf314e87504837?s=96&d=mm&r=g","contentUrl":"https:\/\/secure.gravatar.com\/avatar\/55cb5e37c1efa326397366e6974cb338056df65cb50e7d64d1cf314e87504837?s=96&d=mm&r=g","caption":"Arnaldo Botto"},"url":"https:\/\/www.noticiasradioreflejos.com.ar\/2021\/author\/arnaldo\/"}]}},"_links":{"self":[{"href":"https:\/\/www.noticiasradioreflejos.com.ar\/2021\/wp-json\/wp\/v2\/posts\/79367","targetHints":{"allow":["GET"]}}],"collection":[{"href":"https:\/\/www.noticiasradioreflejos.com.ar\/2021\/wp-json\/wp\/v2\/posts"}],"about":[{"href":"https:\/\/www.noticiasradioreflejos.com.ar\/2021\/wp-json\/wp\/v2\/types\/post"}],"author":[{"embeddable":true,"href":"https:\/\/www.noticiasradioreflejos.com.ar\/2021\/wp-json\/wp\/v2\/users\/3"}],"replies":[{"embeddable":true,"href":"https:\/\/www.noticiasradioreflejos.com.ar\/2021\/wp-json\/wp\/v2\/comments?post=79367"}],"version-history":[{"count":1,"href":"https:\/\/www.noticiasradioreflejos.com.ar\/2021\/wp-json\/wp\/v2\/posts\/79367\/revisions"}],"predecessor-version":[{"id":79369,"href":"https:\/\/www.noticiasradioreflejos.com.ar\/2021\/wp-json\/wp\/v2\/posts\/79367\/revisions\/79369"}],"wp:attachment":[{"href":"https:\/\/www.noticiasradioreflejos.com.ar\/2021\/wp-json\/wp\/v2\/media?parent=79367"}],"wp:term":[{"taxonomy":"category","embeddable":true,"href":"https:\/\/www.noticiasradioreflejos.com.ar\/2021\/wp-json\/wp\/v2\/categories?post=79367"},{"taxonomy":"post_tag","embeddable":true,"href":"https:\/\/www.noticiasradioreflejos.com.ar\/2021\/wp-json\/wp\/v2\/tags?post=79367"}],"curies":[{"name":"wp","href":"https:\/\/api.w.org\/{rel}","templated":true}]}}