{"id":79364,"date":"2022-10-25T16:24:33","date_gmt":"2022-10-25T16:24:33","guid":{"rendered":"http:\/\/www.noticiasradioreflejos.com.ar\/2021\/?p=79364"},"modified":"2022-10-25T16:24:33","modified_gmt":"2022-10-25T16:24:33","slug":"bordoni-mantuvo-una-nueva-reunion-para-avanzar-en-la-restitucion-del-tren-via-pringles","status":"publish","type":"post","link":"https:\/\/www.noticiasradioreflejos.com.ar\/2021\/bordoni-mantuvo-una-nueva-reunion-para-avanzar-en-la-restitucion-del-tren-via-pringles\/","title":{"rendered":"Bordoni mantuvo una nueva reuni\u00f3n para avanzar en la restituci\u00f3n del tren v\u00eda Pr\u00edngles"},"content":{"rendered":"<p>El intendente Sergio Bordoni, particip\u00f3 este lunes de una nueva reuni\u00f3n para avanzar en la restituci\u00f3n del servicio del tren de pasajeros v\u00eda Pr\u00edngles, que se encuentra suspendido desde junio de 2016.<!--more--><\/p>\n<p>El encuentro tuvo lugar en Coronel Pr\u00edngles y estuvieron presentes, adem\u00e1s de Bordoni, el Secretario de Gobierno y Hacienda, Ezequiel Gabella; el jefe comunal anfitri\u00f3n, Lisandro Matzkin; el de Laprida, Pablo Torres; y el senador provincial Alfredo Fisher.<br \/>\nLos funcionarios destacaron la importancia de la vuelta del servicio por ese ramal, indispensable en materia de conectividad y que beneficia de manera directa a numerosas localidades como Pr\u00edngles, Laprida, Sierra de la Ventana, Saldungaray y Cabildo.<br \/>\nEn ese sentido, subrayaron la trascendencia de mantener el trabajo mancomunado entre los intendentes y legisladores, que m\u00e1s all\u00e1 de pertenecer a diferentes fuerzas pol\u00edticas, se unieron en la gesti\u00f3n y las tareas para suplir una necesidad imperiosa para las poblaciones por donde, durante d\u00e9cadas, pas\u00f3 el tren.<br \/>\nAl respecto, acordaron mantener, a la brevedad, una reuni\u00f3n con el ministro de Transporte de la Naci\u00f3n, Alexis Guerrera, a fin de que, en el corto plazo, se solucione la problem\u00e1tica.<\/p>\n","protected":false},"excerpt":{"rendered":"<p>El intendente Sergio Bordoni, particip\u00f3 este lunes de una nueva reuni\u00f3n para avanzar en la restituci\u00f3n del servicio del tren de pasajeros v\u00eda Pr\u00edngles, que se encuentra suspendido desde junio de 2016.<\/p>\n","protected":false},"author":3,"featured_media":0,"comment_status":"closed","ping_status":"closed","sticky":false,"template":"","format":"standard","meta":{"footnotes":""},"categories":[28],"tags":[],"class_list":["post-79364","post","type-post","status-publish","format-standard","hentry","category-municipales"],"yoast_head":"<!-- This site is optimized with the Yoast SEO plugin v25.9 - https:\/\/yoast.com\/wordpress\/plugins\/seo\/ -->\n<title>Bordoni mantuvo una nueva reuni\u00f3n para avanzar en la restituci\u00f3n del tren v\u00eda Pr\u00edngles - Noticias Radio Reflejos<\/title>\n<meta name=\"robots\" content=\"index, follow, max-snippet:-1, max-image-preview:large, max-video-preview:-1\" \/>\n<link rel=\"canonical\" href=\"https:\/\/www.noticiasradioreflejos.com.ar\/2021\/bordoni-mantuvo-una-nueva-reunion-para-avanzar-en-la-restitucion-del-tren-via-pringles\/\" \/>\n<meta property=\"og:locale\" content=\"es_ES\" \/>\n<meta property=\"og:type\" content=\"article\" \/>\n<meta property=\"og:title\" content=\"Bordoni mantuvo una nueva reuni\u00f3n para avanzar en la restituci\u00f3n del tren v\u00eda Pr\u00edngles - Noticias Radio Reflejos\" \/>\n<meta property=\"og:description\" content=\"El intendente Sergio Bordoni, particip\u00f3 este lunes de una nueva reuni\u00f3n para avanzar en la restituci\u00f3n del servicio del tren de pasajeros v\u00eda Pr\u00edngles, que se encuentra suspendido desde junio de 2016.\" \/>\n<meta property=\"og:url\" content=\"https:\/\/www.noticiasradioreflejos.com.ar\/2021\/bordoni-mantuvo-una-nueva-reunion-para-avanzar-en-la-restitucion-del-tren-via-pringles\/\" \/>\n<meta property=\"og:site_name\" content=\"Noticias Radio Reflejos\" \/>\n<meta property=\"article:published_time\" content=\"2022-10-25T16:24:33+00:00\" \/>\n<meta property=\"og:image\" content=\"https:\/\/www.noticiasradioreflejos.com.ar\/2021\/wp-content\/uploads\/2021\/07\/logosol300x200.png\" \/>\n\t<meta property=\"og:image:width\" content=\"300\" \/>\n\t<meta property=\"og:image:height\" content=\"200\" \/>\n\t<meta property=\"og:image:type\" content=\"image\/png\" \/>\n<meta name=\"author\" content=\"Arnaldo Botto\" \/>\n<meta name=\"twitter:card\" content=\"summary_large_image\" \/>\n<script type=\"application\/ld+json\" class=\"yoast-schema-graph\">{\"@context\":\"https:\/\/schema.org\",\"@graph\":[{\"@type\":\"WebPage\",\"@id\":\"https:\/\/www.noticiasradioreflejos.com.ar\/2021\/bordoni-mantuvo-una-nueva-reunion-para-avanzar-en-la-restitucion-del-tren-via-pringles\/\",\"url\":\"https:\/\/www.noticiasradioreflejos.com.ar\/2021\/bordoni-mantuvo-una-nueva-reunion-para-avanzar-en-la-restitucion-del-tren-via-pringles\/\",\"name\":\"Bordoni mantuvo una nueva reuni\u00f3n para avanzar en la restituci\u00f3n del tren v\u00eda Pr\u00edngles - Noticias Radio Reflejos\",\"isPartOf\":{\"@id\":\"https:\/\/www.noticiasradioreflejos.com.ar\/2021\/#website\"},\"datePublished\":\"2022-10-25T16:24:33+00:00\",\"author\":{\"@id\":\"https:\/\/www.noticiasradioreflejos.com.ar\/2021\/#\/schema\/person\/ad82545263dcc5ec0996818884fd5fb1\"},\"breadcrumb\":{\"@id\":\"https:\/\/www.noticiasradioreflejos.com.ar\/2021\/bordoni-mantuvo-una-nueva-reunion-para-avanzar-en-la-restitucion-del-tren-via-pringles\/#breadcrumb\"},\"inLanguage\":\"es\",\"potentialAction\":[{\"@type\":\"ReadAction\",\"target\":[\"https:\/\/www.noticiasradioreflejos.com.ar\/2021\/bordoni-mantuvo-una-nueva-reunion-para-avanzar-en-la-restitucion-del-tren-via-pringles\/\"]}]},{\"@type\":\"BreadcrumbList\",\"@id\":\"https:\/\/www.noticiasradioreflejos.com.ar\/2021\/bordoni-mantuvo-una-nueva-reunion-para-avanzar-en-la-restitucion-del-tren-via-pringles\/#breadcrumb\",\"itemListElement\":[{\"@type\":\"ListItem\",\"position\":1,\"name\":\"Portada\",\"item\":\"https:\/\/www.noticiasradioreflejos.com.ar\/2021\/\"},{\"@type\":\"ListItem\",\"position\":2,\"name\":\"Bordoni mantuvo una nueva reuni\u00f3n para avanzar en la restituci\u00f3n del tren v\u00eda Pr\u00edngles\"}]},{\"@type\":\"WebSite\",\"@id\":\"https:\/\/www.noticiasradioreflejos.com.ar\/2021\/#website\",\"url\":\"https:\/\/www.noticiasradioreflejos.com.ar\/2021\/\",\"name\":\"Noticias Radio Reflejos\",\"description\":\"Las noticias de mi comarca\",\"potentialAction\":[{\"@type\":\"SearchAction\",\"target\":{\"@type\":\"EntryPoint\",\"urlTemplate\":\"https:\/\/www.noticiasradioreflejos.com.ar\/2021\/?s={search_term_string}\"},\"query-input\":{\"@type\":\"PropertyValueSpecification\",\"valueRequired\":true,\"valueName\":\"search_term_string\"}}],\"inLanguage\":\"es\"},{\"@type\":\"Person\",\"@id\":\"https:\/\/www.noticiasradioreflejos.com.ar\/2021\/#\/schema\/person\/ad82545263dcc5ec0996818884fd5fb1\",\"name\":\"Arnaldo Botto\",\"image\":{\"@type\":\"ImageObject\",\"inLanguage\":\"es\",\"@id\":\"https:\/\/www.noticiasradioreflejos.com.ar\/2021\/#\/schema\/person\/image\/\",\"url\":\"https:\/\/secure.gravatar.com\/avatar\/55cb5e37c1efa326397366e6974cb338056df65cb50e7d64d1cf314e87504837?s=96&d=mm&r=g\",\"contentUrl\":\"https:\/\/secure.gravatar.com\/avatar\/55cb5e37c1efa326397366e6974cb338056df65cb50e7d64d1cf314e87504837?s=96&d=mm&r=g\",\"caption\":\"Arnaldo Botto\"},\"url\":\"https:\/\/www.noticiasradioreflejos.com.ar\/2021\/author\/arnaldo\/\"}]}<\/script>\n<!-- \/ Yoast SEO plugin. -->","yoast_head_json":{"title":"Bordoni mantuvo una nueva reuni\u00f3n para avanzar en la restituci\u00f3n del tren v\u00eda Pr\u00edngles - Noticias Radio Reflejos","robots":{"index":"index","follow":"follow","max-snippet":"max-snippet:-1","max-image-preview":"max-image-preview:large","max-video-preview":"max-video-preview:-1"},"canonical":"https:\/\/www.noticiasradioreflejos.com.ar\/2021\/bordoni-mantuvo-una-nueva-reunion-para-avanzar-en-la-restitucion-del-tren-via-pringles\/","og_locale":"es_ES","og_type":"article","og_title":"Bordoni mantuvo una nueva reuni\u00f3n para avanzar en la restituci\u00f3n del tren v\u00eda Pr\u00edngles - Noticias Radio Reflejos","og_description":"El intendente Sergio Bordoni, particip\u00f3 este lunes de una nueva reuni\u00f3n para avanzar en la restituci\u00f3n del servicio del tren de pasajeros v\u00eda Pr\u00edngles, que se encuentra suspendido desde junio de 2016.","og_url":"https:\/\/www.noticiasradioreflejos.com.ar\/2021\/bordoni-mantuvo-una-nueva-reunion-para-avanzar-en-la-restitucion-del-tren-via-pringles\/","og_site_name":"Noticias Radio Reflejos","article_published_time":"2022-10-25T16:24:33+00:00","og_image":[{"width":300,"height":200,"url":"https:\/\/www.noticiasradioreflejos.com.ar\/2021\/wp-content\/uploads\/2021\/07\/logosol300x200.png","type":"image\/png"}],"author":"Arnaldo Botto","twitter_card":"summary_large_image","schema":{"@context":"https:\/\/schema.org","@graph":[{"@type":"WebPage","@id":"https:\/\/www.noticiasradioreflejos.com.ar\/2021\/bordoni-mantuvo-una-nueva-reunion-para-avanzar-en-la-restitucion-del-tren-via-pringles\/","url":"https:\/\/www.noticiasradioreflejos.com.ar\/2021\/bordoni-mantuvo-una-nueva-reunion-para-avanzar-en-la-restitucion-del-tren-via-pringles\/","name":"Bordoni mantuvo una nueva reuni\u00f3n para avanzar en la restituci\u00f3n del tren v\u00eda Pr\u00edngles - Noticias Radio Reflejos","isPartOf":{"@id":"https:\/\/www.noticiasradioreflejos.com.ar\/2021\/#website"},"datePublished":"2022-10-25T16:24:33+00:00","author":{"@id":"https:\/\/www.noticiasradioreflejos.com.ar\/2021\/#\/schema\/person\/ad82545263dcc5ec0996818884fd5fb1"},"breadcrumb":{"@id":"https:\/\/www.noticiasradioreflejos.com.ar\/2021\/bordoni-mantuvo-una-nueva-reunion-para-avanzar-en-la-restitucion-del-tren-via-pringles\/#breadcrumb"},"inLanguage":"es","potentialAction":[{"@type":"ReadAction","target":["https:\/\/www.noticiasradioreflejos.com.ar\/2021\/bordoni-mantuvo-una-nueva-reunion-para-avanzar-en-la-restitucion-del-tren-via-pringles\/"]}]},{"@type":"BreadcrumbList","@id":"https:\/\/www.noticiasradioreflejos.com.ar\/2021\/bordoni-mantuvo-una-nueva-reunion-para-avanzar-en-la-restitucion-del-tren-via-pringles\/#breadcrumb","itemListElement":[{"@type":"ListItem","position":1,"name":"Portada","item":"https:\/\/www.noticiasradioreflejos.com.ar\/2021\/"},{"@type":"ListItem","position":2,"name":"Bordoni mantuvo una nueva reuni\u00f3n para avanzar en la restituci\u00f3n del tren v\u00eda Pr\u00edngles"}]},{"@type":"WebSite","@id":"https:\/\/www.noticiasradioreflejos.com.ar\/2021\/#website","url":"https:\/\/www.noticiasradioreflejos.com.ar\/2021\/","name":"Noticias Radio Reflejos","description":"Las noticias de mi comarca","potentialAction":[{"@type":"SearchAction","target":{"@type":"EntryPoint","urlTemplate":"https:\/\/www.noticiasradioreflejos.com.ar\/2021\/?s={search_term_string}"},"query-input":{"@type":"PropertyValueSpecification","valueRequired":true,"valueName":"search_term_string"}}],"inLanguage":"es"},{"@type":"Person","@id":"https:\/\/www.noticiasradioreflejos.com.ar\/2021\/#\/schema\/person\/ad82545263dcc5ec0996818884fd5fb1","name":"Arnaldo Botto","image":{"@type":"ImageObject","inLanguage":"es","@id":"https:\/\/www.noticiasradioreflejos.com.ar\/2021\/#\/schema\/person\/image\/","url":"https:\/\/secure.gravatar.com\/avatar\/55cb5e37c1efa326397366e6974cb338056df65cb50e7d64d1cf314e87504837?s=96&d=mm&r=g","contentUrl":"https:\/\/secure.gravatar.com\/avatar\/55cb5e37c1efa326397366e6974cb338056df65cb50e7d64d1cf314e87504837?s=96&d=mm&r=g","caption":"Arnaldo Botto"},"url":"https:\/\/www.noticiasradioreflejos.com.ar\/2021\/author\/arnaldo\/"}]}},"_links":{"self":[{"href":"https:\/\/www.noticiasradioreflejos.com.ar\/2021\/wp-json\/wp\/v2\/posts\/79364","targetHints":{"allow":["GET"]}}],"collection":[{"href":"https:\/\/www.noticiasradioreflejos.com.ar\/2021\/wp-json\/wp\/v2\/posts"}],"about":[{"href":"https:\/\/www.noticiasradioreflejos.com.ar\/2021\/wp-json\/wp\/v2\/types\/post"}],"author":[{"embeddable":true,"href":"https:\/\/www.noticiasradioreflejos.com.ar\/2021\/wp-json\/wp\/v2\/users\/3"}],"replies":[{"embeddable":true,"href":"https:\/\/www.noticiasradioreflejos.com.ar\/2021\/wp-json\/wp\/v2\/comments?post=79364"}],"version-history":[{"count":1,"href":"https:\/\/www.noticiasradioreflejos.com.ar\/2021\/wp-json\/wp\/v2\/posts\/79364\/revisions"}],"predecessor-version":[{"id":79366,"href":"https:\/\/www.noticiasradioreflejos.com.ar\/2021\/wp-json\/wp\/v2\/posts\/79364\/revisions\/79366"}],"wp:attachment":[{"href":"https:\/\/www.noticiasradioreflejos.com.ar\/2021\/wp-json\/wp\/v2\/media?parent=79364"}],"wp:term":[{"taxonomy":"category","embeddable":true,"href":"https:\/\/www.noticiasradioreflejos.com.ar\/2021\/wp-json\/wp\/v2\/categories?post=79364"},{"taxonomy":"post_tag","embeddable":true,"href":"https:\/\/www.noticiasradioreflejos.com.ar\/2021\/wp-json\/wp\/v2\/tags?post=79364"}],"curies":[{"name":"wp","href":"https:\/\/api.w.org\/{rel}","templated":true}]}}