{"id":79354,"date":"2022-10-25T15:47:06","date_gmt":"2022-10-25T15:47:06","guid":{"rendered":"http:\/\/www.noticiasradioreflejos.com.ar\/2021\/?p=79354"},"modified":"2022-10-25T15:47:06","modified_gmt":"2022-10-25T15:47:06","slug":"se-viene-la-19-edicion-de-la-muestra-floral-de-sierra-de-la-ventana","status":"publish","type":"post","link":"https:\/\/www.noticiasradioreflejos.com.ar\/2021\/se-viene-la-19-edicion-de-la-muestra-floral-de-sierra-de-la-ventana\/","title":{"rendered":"Se viene la 19\u00b0 edici\u00f3n de la Muestra Floral de Sierra de la Ventana"},"content":{"rendered":"<p>A cargo, como tradicionalmente ocurre, de la Agrupaci\u00f3n Floral Ventania, tendr\u00e1 acceso libre y gratuito tanto s\u00e1bado como domingo. Habr\u00e1 premios y los ganadores ser\u00e1n elegidos por el p\u00fablico.<!--more--><\/p>\n<p>Este s\u00e1bado y domingo en el Sal\u00f3n Comunitario de Sierra de la Ventana, ubicado en al Avenida San Mart\u00edn N\u00b0515, se llevar\u00e1 adelante la 19\u00b0 edici\u00f3n de la Muestra Floral a cargo de la Agrupaci\u00f3n Floral Ventania.<\/p>\n<p>Con entrada libre y gratuita, en esta ocasi\u00f3n la tem\u00e1tica ser\u00e1 los cuentos de hadas. Al respecto, una de las organizadoras, Marcela Giacon\u00eda, brind\u00f3 mayores detalles.<\/p>\n<p>En primer t\u00e9rmino reafirm\u00f3 que \u201cesta muestra est\u00e1 orientada a los cuentos infantiles que todos conocemos. Todos los a\u00f1os le damos una tem\u00e1tica a la muestra. Hab\u00eda muchas opciones en los cuentos tradicionales, as\u00ed que cost\u00f3 un poquito ponernos de acuerdo. La idea es que todos vengan y vean c\u00f3mo aplicamos esta tem\u00e1tica con las plantas\u201d.<\/p>\n<p><a title=\"WhatsApp Image 2022-10-20 at 11.12.09\" href=\"https:\/\/www.flickr.com\/photos\/182279889@N02\/52453734390\/in\/dateposted-public\/\" data-flickr-embed=\"true\"><img loading=\"lazy\" decoding=\"async\" class=\"alignleft\" src=\"https:\/\/live.staticflickr.com\/65535\/52453734390_6c5477e944_c.jpg\" alt=\"WhatsApp Image 2022-10-20 at 11.12.09\" width=\"445\" height=\"627\" \/><\/a>Haciendo un poco de historia, mencion\u00f3 que \u201ctradicionalmente la muestra la hacemos en noviembre. Este a\u00f1o la adelantamos un poquito por un tema de organizaci\u00f3n, ya que algunas integrantes no iban a poder estar. Volvimos a los dos d\u00edas, por eso ser\u00e1 29 y 30 de octubre, s\u00e1bado y domingo\u201d.<\/p>\n<p>Yendo a\u00fan m\u00e1s atr\u00e1s en el tiempo, Marcela cont\u00f3 que \u201ceste grupo surge por el amor que tenemos en com\u00fan a las plantas, a producir nuestras propias plantas. Ve\u00edamos que en otros lugares se hac\u00edan muestras florales, por qu\u00e9 no hacerlo en Sierra\u201d.<\/p>\n<p>Uno de los pilares de la muestra pasa por la interacci\u00f3n con la gente, y es de all\u00ed que Giacon\u00eda subray\u00f3 el hecho de que \u201cla gente participe; invitamos a los amantes de las plantas, para que vengan, traigan a su planta favorita y la muestren\u201d.<\/p>\n<p>Esta situaci\u00f3n se dar\u00e1 \u201cel s\u00e1bado, de 9 a 12, donde recepcionaremos plantas y arreglos florales. Aprovechar la \u00e9poca del a\u00f1o, donde por ejemplo las rosas est\u00e1n a full. Se premiar\u00e1 por votaci\u00f3n de la gente que visite la muestra, a la flor de corte, a la planta y al arreglo floral. Pondr\u00e1n sus favoritos en una urna, luego se hace el conteo y se premia\u201d.<\/p>\n<p>Seg\u00fan aclar\u00f3, \u201cen otras oportunidades tuvimos jurados, pero por lo general no coincid\u00eda el gusto del p\u00fablico con lo que ve\u00eda el jurado\u2026 entonces para evitar ese desacuerdo, decidimos que sea m\u00e1s popular\u201d.<\/p>\n<p>Por \u00faltimo sostuvo que \u201cdurante todo el a\u00f1o trabajamos. Nos tomamos un receso tras la exposici\u00f3n, y en marzo o abril ya comenzamos con las reuniones para definir las tem\u00e1ticas. Entre todos aportamos ideas, y la que nos atrape m\u00e1s, la elegimos\u201d.<\/p>\n<p><iframe loading=\"lazy\" src=\"https:\/\/w.soundcloud.com\/player\/?url=https%3A\/\/api.soundcloud.com\/tracks\/1369806463&amp;color=%23ff5500&amp;auto_play=false&amp;hide_related=false&amp;show_comments=true&amp;show_user=true&amp;show_reposts=false&amp;show_teaser=true\" width=\"100%\" height=\"166\" frameborder=\"no\" scrolling=\"no\"><\/iframe><\/p>\n<div style=\"font-size: 10px; color: #cccccc; line-break: anywhere; word-break: normal; overflow: hidden; white-space: nowrap; text-overflow: ellipsis; font-family: Interstate,Lucida Grande,Lucida Sans Unicode,Lucida Sans,Garuda,Verdana,Tahoma,sans-serif; font-weight: 100;\"><a style=\"color: #cccccc; text-decoration: none;\" title=\"fmreflejos 103.7\" href=\"https:\/\/soundcloud.com\/fmreflejos-103-7\" target=\"_blank\" rel=\"noopener\">fmreflejos 103.7<\/a> \u00b7 <a style=\"color: #cccccc; text-decoration: none;\" title=\"Marcela Giaconia\" href=\"https:\/\/soundcloud.com\/fmreflejos-103-7\/marcela-giaconia-4\" target=\"_blank\" rel=\"noopener\">Marcela Giaconia<\/a><\/div>\n","protected":false},"excerpt":{"rendered":"<p>A cargo, como tradicionalmente ocurre, de la Agrupaci\u00f3n Floral Ventania, tendr\u00e1 acceso libre y gratuito tanto s\u00e1bado como domingo. Habr\u00e1 premios y los ganadores ser\u00e1n elegidos por el p\u00fablico.<\/p>\n","protected":false},"author":3,"featured_media":0,"comment_status":"closed","ping_status":"closed","sticky":false,"template":"","format":"standard","meta":{"footnotes":""},"categories":[26],"tags":[],"class_list":["post-79354","post","type-post","status-publish","format-standard","hentry","category-sociedad"],"yoast_head":"<!-- This site is optimized with the Yoast SEO plugin v25.9 - https:\/\/yoast.com\/wordpress\/plugins\/seo\/ -->\n<title>Se viene la 19\u00b0 edici\u00f3n de la Muestra Floral de Sierra de la Ventana - Noticias Radio Reflejos<\/title>\n<meta name=\"robots\" content=\"index, follow, max-snippet:-1, max-image-preview:large, max-video-preview:-1\" \/>\n<link rel=\"canonical\" href=\"https:\/\/www.noticiasradioreflejos.com.ar\/2021\/se-viene-la-19-edicion-de-la-muestra-floral-de-sierra-de-la-ventana\/\" \/>\n<meta property=\"og:locale\" content=\"es_ES\" \/>\n<meta property=\"og:type\" content=\"article\" \/>\n<meta property=\"og:title\" content=\"Se viene la 19\u00b0 edici\u00f3n de la Muestra Floral de Sierra de la Ventana - Noticias Radio Reflejos\" \/>\n<meta property=\"og:description\" content=\"A cargo, como tradicionalmente ocurre, de la Agrupaci\u00f3n Floral Ventania, tendr\u00e1 acceso libre y gratuito tanto s\u00e1bado como domingo. Habr\u00e1 premios y los ganadores ser\u00e1n elegidos por el p\u00fablico.\" \/>\n<meta property=\"og:url\" content=\"https:\/\/www.noticiasradioreflejos.com.ar\/2021\/se-viene-la-19-edicion-de-la-muestra-floral-de-sierra-de-la-ventana\/\" \/>\n<meta property=\"og:site_name\" content=\"Noticias Radio Reflejos\" \/>\n<meta property=\"article:published_time\" content=\"2022-10-25T15:47:06+00:00\" \/>\n<meta property=\"og:image\" content=\"https:\/\/live.staticflickr.com\/65535\/52453734390_6c5477e944_c.jpg\" \/>\n<meta name=\"author\" content=\"Arnaldo Botto\" \/>\n<meta name=\"twitter:card\" content=\"summary_large_image\" \/>\n<script type=\"application\/ld+json\" class=\"yoast-schema-graph\">{\"@context\":\"https:\/\/schema.org\",\"@graph\":[{\"@type\":\"WebPage\",\"@id\":\"https:\/\/www.noticiasradioreflejos.com.ar\/2021\/se-viene-la-19-edicion-de-la-muestra-floral-de-sierra-de-la-ventana\/\",\"url\":\"https:\/\/www.noticiasradioreflejos.com.ar\/2021\/se-viene-la-19-edicion-de-la-muestra-floral-de-sierra-de-la-ventana\/\",\"name\":\"Se viene la 19\u00b0 edici\u00f3n de la Muestra Floral de Sierra de la Ventana - Noticias Radio Reflejos\",\"isPartOf\":{\"@id\":\"https:\/\/www.noticiasradioreflejos.com.ar\/2021\/#website\"},\"primaryImageOfPage\":{\"@id\":\"https:\/\/www.noticiasradioreflejos.com.ar\/2021\/se-viene-la-19-edicion-de-la-muestra-floral-de-sierra-de-la-ventana\/#primaryimage\"},\"image\":{\"@id\":\"https:\/\/www.noticiasradioreflejos.com.ar\/2021\/se-viene-la-19-edicion-de-la-muestra-floral-de-sierra-de-la-ventana\/#primaryimage\"},\"thumbnailUrl\":\"https:\/\/live.staticflickr.com\/65535\/52453734390_6c5477e944_c.jpg\",\"datePublished\":\"2022-10-25T15:47:06+00:00\",\"author\":{\"@id\":\"https:\/\/www.noticiasradioreflejos.com.ar\/2021\/#\/schema\/person\/ad82545263dcc5ec0996818884fd5fb1\"},\"breadcrumb\":{\"@id\":\"https:\/\/www.noticiasradioreflejos.com.ar\/2021\/se-viene-la-19-edicion-de-la-muestra-floral-de-sierra-de-la-ventana\/#breadcrumb\"},\"inLanguage\":\"es\",\"potentialAction\":[{\"@type\":\"ReadAction\",\"target\":[\"https:\/\/www.noticiasradioreflejos.com.ar\/2021\/se-viene-la-19-edicion-de-la-muestra-floral-de-sierra-de-la-ventana\/\"]}]},{\"@type\":\"ImageObject\",\"inLanguage\":\"es\",\"@id\":\"https:\/\/www.noticiasradioreflejos.com.ar\/2021\/se-viene-la-19-edicion-de-la-muestra-floral-de-sierra-de-la-ventana\/#primaryimage\",\"url\":\"https:\/\/live.staticflickr.com\/65535\/52453734390_6c5477e944_c.jpg\",\"contentUrl\":\"https:\/\/live.staticflickr.com\/65535\/52453734390_6c5477e944_c.jpg\"},{\"@type\":\"BreadcrumbList\",\"@id\":\"https:\/\/www.noticiasradioreflejos.com.ar\/2021\/se-viene-la-19-edicion-de-la-muestra-floral-de-sierra-de-la-ventana\/#breadcrumb\",\"itemListElement\":[{\"@type\":\"ListItem\",\"position\":1,\"name\":\"Portada\",\"item\":\"https:\/\/www.noticiasradioreflejos.com.ar\/2021\/\"},{\"@type\":\"ListItem\",\"position\":2,\"name\":\"Se viene la 19\u00b0 edici\u00f3n de la Muestra Floral de Sierra de la Ventana\"}]},{\"@type\":\"WebSite\",\"@id\":\"https:\/\/www.noticiasradioreflejos.com.ar\/2021\/#website\",\"url\":\"https:\/\/www.noticiasradioreflejos.com.ar\/2021\/\",\"name\":\"Noticias Radio Reflejos\",\"description\":\"Las noticias de mi comarca\",\"potentialAction\":[{\"@type\":\"SearchAction\",\"target\":{\"@type\":\"EntryPoint\",\"urlTemplate\":\"https:\/\/www.noticiasradioreflejos.com.ar\/2021\/?s={search_term_string}\"},\"query-input\":{\"@type\":\"PropertyValueSpecification\",\"valueRequired\":true,\"valueName\":\"search_term_string\"}}],\"inLanguage\":\"es\"},{\"@type\":\"Person\",\"@id\":\"https:\/\/www.noticiasradioreflejos.com.ar\/2021\/#\/schema\/person\/ad82545263dcc5ec0996818884fd5fb1\",\"name\":\"Arnaldo Botto\",\"image\":{\"@type\":\"ImageObject\",\"inLanguage\":\"es\",\"@id\":\"https:\/\/www.noticiasradioreflejos.com.ar\/2021\/#\/schema\/person\/image\/\",\"url\":\"https:\/\/secure.gravatar.com\/avatar\/55cb5e37c1efa326397366e6974cb338056df65cb50e7d64d1cf314e87504837?s=96&d=mm&r=g\",\"contentUrl\":\"https:\/\/secure.gravatar.com\/avatar\/55cb5e37c1efa326397366e6974cb338056df65cb50e7d64d1cf314e87504837?s=96&d=mm&r=g\",\"caption\":\"Arnaldo Botto\"},\"url\":\"https:\/\/www.noticiasradioreflejos.com.ar\/2021\/author\/arnaldo\/\"}]}<\/script>\n<!-- \/ Yoast SEO plugin. -->","yoast_head_json":{"title":"Se viene la 19\u00b0 edici\u00f3n de la Muestra Floral de Sierra de la Ventana - Noticias Radio Reflejos","robots":{"index":"index","follow":"follow","max-snippet":"max-snippet:-1","max-image-preview":"max-image-preview:large","max-video-preview":"max-video-preview:-1"},"canonical":"https:\/\/www.noticiasradioreflejos.com.ar\/2021\/se-viene-la-19-edicion-de-la-muestra-floral-de-sierra-de-la-ventana\/","og_locale":"es_ES","og_type":"article","og_title":"Se viene la 19\u00b0 edici\u00f3n de la Muestra Floral de Sierra de la Ventana - Noticias Radio Reflejos","og_description":"A cargo, como tradicionalmente ocurre, de la Agrupaci\u00f3n Floral Ventania, tendr\u00e1 acceso libre y gratuito tanto s\u00e1bado como domingo. Habr\u00e1 premios y los ganadores ser\u00e1n elegidos por el p\u00fablico.","og_url":"https:\/\/www.noticiasradioreflejos.com.ar\/2021\/se-viene-la-19-edicion-de-la-muestra-floral-de-sierra-de-la-ventana\/","og_site_name":"Noticias Radio Reflejos","article_published_time":"2022-10-25T15:47:06+00:00","og_image":[{"url":"https:\/\/live.staticflickr.com\/65535\/52453734390_6c5477e944_c.jpg","type":"","width":"","height":""}],"author":"Arnaldo Botto","twitter_card":"summary_large_image","schema":{"@context":"https:\/\/schema.org","@graph":[{"@type":"WebPage","@id":"https:\/\/www.noticiasradioreflejos.com.ar\/2021\/se-viene-la-19-edicion-de-la-muestra-floral-de-sierra-de-la-ventana\/","url":"https:\/\/www.noticiasradioreflejos.com.ar\/2021\/se-viene-la-19-edicion-de-la-muestra-floral-de-sierra-de-la-ventana\/","name":"Se viene la 19\u00b0 edici\u00f3n de la Muestra Floral de Sierra de la Ventana - Noticias Radio Reflejos","isPartOf":{"@id":"https:\/\/www.noticiasradioreflejos.com.ar\/2021\/#website"},"primaryImageOfPage":{"@id":"https:\/\/www.noticiasradioreflejos.com.ar\/2021\/se-viene-la-19-edicion-de-la-muestra-floral-de-sierra-de-la-ventana\/#primaryimage"},"image":{"@id":"https:\/\/www.noticiasradioreflejos.com.ar\/2021\/se-viene-la-19-edicion-de-la-muestra-floral-de-sierra-de-la-ventana\/#primaryimage"},"thumbnailUrl":"https:\/\/live.staticflickr.com\/65535\/52453734390_6c5477e944_c.jpg","datePublished":"2022-10-25T15:47:06+00:00","author":{"@id":"https:\/\/www.noticiasradioreflejos.com.ar\/2021\/#\/schema\/person\/ad82545263dcc5ec0996818884fd5fb1"},"breadcrumb":{"@id":"https:\/\/www.noticiasradioreflejos.com.ar\/2021\/se-viene-la-19-edicion-de-la-muestra-floral-de-sierra-de-la-ventana\/#breadcrumb"},"inLanguage":"es","potentialAction":[{"@type":"ReadAction","target":["https:\/\/www.noticiasradioreflejos.com.ar\/2021\/se-viene-la-19-edicion-de-la-muestra-floral-de-sierra-de-la-ventana\/"]}]},{"@type":"ImageObject","inLanguage":"es","@id":"https:\/\/www.noticiasradioreflejos.com.ar\/2021\/se-viene-la-19-edicion-de-la-muestra-floral-de-sierra-de-la-ventana\/#primaryimage","url":"https:\/\/live.staticflickr.com\/65535\/52453734390_6c5477e944_c.jpg","contentUrl":"https:\/\/live.staticflickr.com\/65535\/52453734390_6c5477e944_c.jpg"},{"@type":"BreadcrumbList","@id":"https:\/\/www.noticiasradioreflejos.com.ar\/2021\/se-viene-la-19-edicion-de-la-muestra-floral-de-sierra-de-la-ventana\/#breadcrumb","itemListElement":[{"@type":"ListItem","position":1,"name":"Portada","item":"https:\/\/www.noticiasradioreflejos.com.ar\/2021\/"},{"@type":"ListItem","position":2,"name":"Se viene la 19\u00b0 edici\u00f3n de la Muestra Floral de Sierra de la Ventana"}]},{"@type":"WebSite","@id":"https:\/\/www.noticiasradioreflejos.com.ar\/2021\/#website","url":"https:\/\/www.noticiasradioreflejos.com.ar\/2021\/","name":"Noticias Radio Reflejos","description":"Las noticias de mi comarca","potentialAction":[{"@type":"SearchAction","target":{"@type":"EntryPoint","urlTemplate":"https:\/\/www.noticiasradioreflejos.com.ar\/2021\/?s={search_term_string}"},"query-input":{"@type":"PropertyValueSpecification","valueRequired":true,"valueName":"search_term_string"}}],"inLanguage":"es"},{"@type":"Person","@id":"https:\/\/www.noticiasradioreflejos.com.ar\/2021\/#\/schema\/person\/ad82545263dcc5ec0996818884fd5fb1","name":"Arnaldo Botto","image":{"@type":"ImageObject","inLanguage":"es","@id":"https:\/\/www.noticiasradioreflejos.com.ar\/2021\/#\/schema\/person\/image\/","url":"https:\/\/secure.gravatar.com\/avatar\/55cb5e37c1efa326397366e6974cb338056df65cb50e7d64d1cf314e87504837?s=96&d=mm&r=g","contentUrl":"https:\/\/secure.gravatar.com\/avatar\/55cb5e37c1efa326397366e6974cb338056df65cb50e7d64d1cf314e87504837?s=96&d=mm&r=g","caption":"Arnaldo Botto"},"url":"https:\/\/www.noticiasradioreflejos.com.ar\/2021\/author\/arnaldo\/"}]}},"_links":{"self":[{"href":"https:\/\/www.noticiasradioreflejos.com.ar\/2021\/wp-json\/wp\/v2\/posts\/79354","targetHints":{"allow":["GET"]}}],"collection":[{"href":"https:\/\/www.noticiasradioreflejos.com.ar\/2021\/wp-json\/wp\/v2\/posts"}],"about":[{"href":"https:\/\/www.noticiasradioreflejos.com.ar\/2021\/wp-json\/wp\/v2\/types\/post"}],"author":[{"embeddable":true,"href":"https:\/\/www.noticiasradioreflejos.com.ar\/2021\/wp-json\/wp\/v2\/users\/3"}],"replies":[{"embeddable":true,"href":"https:\/\/www.noticiasradioreflejos.com.ar\/2021\/wp-json\/wp\/v2\/comments?post=79354"}],"version-history":[{"count":2,"href":"https:\/\/www.noticiasradioreflejos.com.ar\/2021\/wp-json\/wp\/v2\/posts\/79354\/revisions"}],"predecessor-version":[{"id":79359,"href":"https:\/\/www.noticiasradioreflejos.com.ar\/2021\/wp-json\/wp\/v2\/posts\/79354\/revisions\/79359"}],"wp:attachment":[{"href":"https:\/\/www.noticiasradioreflejos.com.ar\/2021\/wp-json\/wp\/v2\/media?parent=79354"}],"wp:term":[{"taxonomy":"category","embeddable":true,"href":"https:\/\/www.noticiasradioreflejos.com.ar\/2021\/wp-json\/wp\/v2\/categories?post=79354"},{"taxonomy":"post_tag","embeddable":true,"href":"https:\/\/www.noticiasradioreflejos.com.ar\/2021\/wp-json\/wp\/v2\/tags?post=79354"}],"curies":[{"name":"wp","href":"https:\/\/api.w.org\/{rel}","templated":true}]}}