{"id":79350,"date":"2022-10-25T15:38:29","date_gmt":"2022-10-25T15:38:29","guid":{"rendered":"http:\/\/www.noticiasradioreflejos.com.ar\/2021\/?p=79350"},"modified":"2022-10-25T16:12:27","modified_gmt":"2022-10-25T16:12:27","slug":"liniers-sera-el-unico-representante-argentino-en-un-certamen-internacional-de-voley","status":"publish","type":"post","link":"https:\/\/www.noticiasradioreflejos.com.ar\/2021\/liniers-sera-el-unico-representante-argentino-en-un-certamen-internacional-de-voley\/","title":{"rendered":"Liniers ser\u00e1 el \u00fanico representante argentino en un certamen internacional de Voley"},"content":{"rendered":"<p>Se disputar\u00e1 este fin de semana en Temuco, Chile. \u201cEste tipo de torneos te da una experiencia tremenda\u201d afirm\u00f3 el entrenador Claudio Rodr\u00edguez. Los Tornquistenses\u00a0<strong> Josefina Candal y Juan Piedrabuena integran la delegaci\u00f3n.<\/strong><!--more--><\/p>\n<p><a title=\"Liniers Voley (2)\" href=\"https:\/\/www.flickr.com\/photos\/182279889@N02\/52453252666\/in\/dateposted-public\/\" data-flickr-embed=\"true\"><img loading=\"lazy\" decoding=\"async\" src=\"https:\/\/live.staticflickr.com\/65535\/52453252666_c68382f897_c.jpg\" alt=\"Liniers Voley (2)\" width=\"800\" height=\"600\" \/><\/a><script async src=\"\/\/embedr.flickr.com\/assets\/client-code.js\" charset=\"utf-8\"><\/script><\/p>\n<p>Este jueves por la noche una importante delegaci\u00f3n del Club Liniers de Bah\u00eda Blanca partir\u00e1 con destino a Chile. Embanderados en la ilusi\u00f3n y responsabilidad de saberse el \u00fanico representante argentino, ser\u00e1n parte de un certamen de voley para ambas ramas.<\/p>\n<p>Al respecto, el entrenador Claudio Rodr\u00edguez explic\u00f3 que \u201ceste es un torneo que se disputa en Temuco, a 1300 km de Bah\u00eda Blanca. Juegan todos los equipos de la regi\u00f3n de Chile, algunos de m\u00e1s al sur. Hace tres a\u00f1os que venimos viajando y tras la pandemia nos volvieron a convocar\u201d.<\/p>\n<p>Dando m\u00e1s detalles, mencion\u00f3 que \u201ceste jueves por la noche comenzaremos el viaje, con los dos equipos de primera (masculino y femenino), el sub 19 masculino y el sub 17 femenino. Es un torneo de cuatro d\u00edas y seremos el \u00fanico representante argentino. En total son 47 los chicos que forman parte de la delegaci\u00f3n, m\u00e1s tres entrenadores, y ocho padres\u201d.<\/p>\n<p><a title=\"Liniers Voley (1)\" href=\"https:\/\/www.flickr.com\/photos\/182279889@N02\/52452730627\/in\/dateposted-public\/\" data-flickr-embed=\"true\"><img loading=\"lazy\" decoding=\"async\" src=\"https:\/\/live.staticflickr.com\/65535\/52452730627_b4cb5f99cd_c.jpg\" alt=\"Liniers Voley (1)\" width=\"750\" height=\"659\" \/><\/a><script async src=\"\/\/embedr.flickr.com\/assets\/client-code.js\" charset=\"utf-8\"><\/script><\/p>\n<p>En otro pasaje de la charla, y haciendo foco en los refuerzos, Rodr\u00edguez enumer\u00f3 que \u201cen U17 llevaremos a Bianca Gerbaudo, una chica que juega en Olimpo. En primera femenina, Camila Esqu\u00edvela, una chiquita de Pehuaj\u00f3, que ya jug\u00f3 la liga federal con nosotros, y tambi\u00e9n repetir\u00e1 el a\u00f1o que viene. En varones va Francisco Calles, que es de Su\u00e1rez, y tambi\u00e9n estar\u00e1n Juan Valacco y Facundo Long, que son de Bah\u00eda y ya juegan con nosotros como refuerzos\u201d.<\/p>\n<p>Analizando las semblanzas que dan este tipo de eventos, el entrenador no dud\u00f3 en sostener que \u201cte dan una experiencia tremenda, adem\u00e1s de compartir con chicos de otro pa\u00eds, algo que no se da habitualmente en Bah\u00eda. Todo es crecimiento. Va m\u00e1s all\u00e1 de los resultados. Es lo que intentamos\u2026 que nuestros chicos sigan creciendo, en la cancha y en lo humano\u201d.<\/p>\n<p><a title=\"Liniers Voley (4)\" href=\"https:\/\/www.flickr.com\/photos\/182279889@N02\/52452730582\/in\/dateposted-public\/\" data-flickr-embed=\"true\"><img loading=\"lazy\" decoding=\"async\" src=\"https:\/\/live.staticflickr.com\/65535\/52452730582_eecfb0ddd6_c.jpg\" alt=\"Liniers Voley (4)\" width=\"800\" height=\"548\" \/><\/a><\/p>\n<p>Por \u00faltimo, no perdi\u00f3 la oportunidad para resaltar el esfuerzo mancomunado que hacen entre todos, para organizarse, recaudar fondos y llevar adelante estos sue\u00f1os. En esa l\u00ednea explic\u00f3:<\/p>\n<p>\u201cNosotros jugamos la Liga Federal este a\u00f1o, en La Rioja, 12 d\u00edas\u2026 y los chicos no tuvieron que poner un peso. Conseguimos sponsors, el apoyo del club\u2026 y el presupuesto era de casi 2 millones de pesos. Este viaje nos costaba m\u00e1s de 600 mil pesos y los chicos trabajaron en conjunto y consiguieron m\u00e1s del 70% trabajando, vendiendo pollos, atendiendo los kioscos\u201d.<\/p>\n<p><iframe loading=\"lazy\" src=\"https:\/\/w.soundcloud.com\/player\/?url=https%3A\/\/api.soundcloud.com\/tracks\/1369773733&amp;color=%23ff5500&amp;auto_play=false&amp;hide_related=false&amp;show_comments=true&amp;show_user=true&amp;show_reposts=false&amp;show_teaser=true\" width=\"100%\" height=\"166\" frameborder=\"no\" scrolling=\"no\"><\/iframe><\/p>\n<div style=\"font-size: 10px; color: #cccccc; line-break: anywhere; word-break: normal; overflow: hidden; white-space: nowrap; text-overflow: ellipsis; font-family: Interstate,Lucida Grande,Lucida Sans Unicode,Lucida Sans,Garuda,Verdana,Tahoma,sans-serif; font-weight: 100;\"><a style=\"color: #cccccc; text-decoration: none;\" title=\"fmreflejos 103.7\" href=\"https:\/\/soundcloud.com\/fmreflejos-103-7\" target=\"_blank\" rel=\"noopener\">fmreflejos 103.7<\/a> \u00b7 <a style=\"color: #cccccc; text-decoration: none;\" title=\"Claudio Rodriguez\" href=\"https:\/\/soundcloud.com\/fmreflejos-103-7\/claudio-rodriguez\" target=\"_blank\" rel=\"noopener\">Claudio Rodriguez<\/a><\/div>\n<p>&nbsp;<\/p>\n<p><strong>Foto de Portada: Primera Divisi\u00f3n de Liniers Masculina.<\/strong><\/p>\n","protected":false},"excerpt":{"rendered":"<p>Se disputar\u00e1 este fin de semana en Temuco, Chile. \u201cEste tipo de torneos te da una experiencia tremenda\u201d afirm\u00f3 el entrenador Claudio Rodr\u00edguez. Los Tornquistenses\u00a0 Josefina Candal y Juan Piedrabuena integran la delegaci\u00f3n.<\/p>\n","protected":false},"author":3,"featured_media":0,"comment_status":"closed","ping_status":"closed","sticky":false,"template":"","format":"standard","meta":{"footnotes":""},"categories":[27],"tags":[48],"class_list":["post-79350","post","type-post","status-publish","format-standard","hentry","category-deportes","tag-destacada"],"yoast_head":"<!-- This site is optimized with the Yoast SEO plugin v25.9 - https:\/\/yoast.com\/wordpress\/plugins\/seo\/ -->\n<title>Liniers ser\u00e1 el \u00fanico representante argentino en un certamen internacional de Voley - Noticias Radio Reflejos<\/title>\n<meta name=\"robots\" content=\"index, follow, max-snippet:-1, max-image-preview:large, max-video-preview:-1\" \/>\n<link rel=\"canonical\" href=\"https:\/\/www.noticiasradioreflejos.com.ar\/2021\/liniers-sera-el-unico-representante-argentino-en-un-certamen-internacional-de-voley\/\" \/>\n<meta property=\"og:locale\" content=\"es_ES\" \/>\n<meta property=\"og:type\" content=\"article\" \/>\n<meta property=\"og:title\" content=\"Liniers ser\u00e1 el \u00fanico representante argentino en un certamen internacional de Voley - Noticias Radio Reflejos\" \/>\n<meta property=\"og:description\" content=\"Se disputar\u00e1 este fin de semana en Temuco, Chile. \u201cEste tipo de torneos te da una experiencia tremenda\u201d afirm\u00f3 el entrenador Claudio Rodr\u00edguez. Los Tornquistenses\u00a0 Josefina Candal y Juan Piedrabuena integran la delegaci\u00f3n.\" \/>\n<meta property=\"og:url\" content=\"https:\/\/www.noticiasradioreflejos.com.ar\/2021\/liniers-sera-el-unico-representante-argentino-en-un-certamen-internacional-de-voley\/\" \/>\n<meta property=\"og:site_name\" content=\"Noticias Radio Reflejos\" \/>\n<meta property=\"article:published_time\" content=\"2022-10-25T15:38:29+00:00\" \/>\n<meta property=\"article:modified_time\" content=\"2022-10-25T16:12:27+00:00\" \/>\n<meta property=\"og:image\" content=\"https:\/\/live.staticflickr.com\/65535\/52453252666_c68382f897_c.jpg\" \/>\n<meta name=\"author\" content=\"Arnaldo Botto\" \/>\n<meta name=\"twitter:card\" content=\"summary_large_image\" \/>\n<script type=\"application\/ld+json\" class=\"yoast-schema-graph\">{\"@context\":\"https:\/\/schema.org\",\"@graph\":[{\"@type\":\"WebPage\",\"@id\":\"https:\/\/www.noticiasradioreflejos.com.ar\/2021\/liniers-sera-el-unico-representante-argentino-en-un-certamen-internacional-de-voley\/\",\"url\":\"https:\/\/www.noticiasradioreflejos.com.ar\/2021\/liniers-sera-el-unico-representante-argentino-en-un-certamen-internacional-de-voley\/\",\"name\":\"Liniers ser\u00e1 el \u00fanico representante argentino en un certamen internacional de Voley - Noticias Radio Reflejos\",\"isPartOf\":{\"@id\":\"https:\/\/www.noticiasradioreflejos.com.ar\/2021\/#website\"},\"primaryImageOfPage\":{\"@id\":\"https:\/\/www.noticiasradioreflejos.com.ar\/2021\/liniers-sera-el-unico-representante-argentino-en-un-certamen-internacional-de-voley\/#primaryimage\"},\"image\":{\"@id\":\"https:\/\/www.noticiasradioreflejos.com.ar\/2021\/liniers-sera-el-unico-representante-argentino-en-un-certamen-internacional-de-voley\/#primaryimage\"},\"thumbnailUrl\":\"https:\/\/live.staticflickr.com\/65535\/52453252666_c68382f897_c.jpg\",\"datePublished\":\"2022-10-25T15:38:29+00:00\",\"dateModified\":\"2022-10-25T16:12:27+00:00\",\"author\":{\"@id\":\"https:\/\/www.noticiasradioreflejos.com.ar\/2021\/#\/schema\/person\/ad82545263dcc5ec0996818884fd5fb1\"},\"breadcrumb\":{\"@id\":\"https:\/\/www.noticiasradioreflejos.com.ar\/2021\/liniers-sera-el-unico-representante-argentino-en-un-certamen-internacional-de-voley\/#breadcrumb\"},\"inLanguage\":\"es\",\"potentialAction\":[{\"@type\":\"ReadAction\",\"target\":[\"https:\/\/www.noticiasradioreflejos.com.ar\/2021\/liniers-sera-el-unico-representante-argentino-en-un-certamen-internacional-de-voley\/\"]}]},{\"@type\":\"ImageObject\",\"inLanguage\":\"es\",\"@id\":\"https:\/\/www.noticiasradioreflejos.com.ar\/2021\/liniers-sera-el-unico-representante-argentino-en-un-certamen-internacional-de-voley\/#primaryimage\",\"url\":\"https:\/\/live.staticflickr.com\/65535\/52453252666_c68382f897_c.jpg\",\"contentUrl\":\"https:\/\/live.staticflickr.com\/65535\/52453252666_c68382f897_c.jpg\"},{\"@type\":\"BreadcrumbList\",\"@id\":\"https:\/\/www.noticiasradioreflejos.com.ar\/2021\/liniers-sera-el-unico-representante-argentino-en-un-certamen-internacional-de-voley\/#breadcrumb\",\"itemListElement\":[{\"@type\":\"ListItem\",\"position\":1,\"name\":\"Portada\",\"item\":\"https:\/\/www.noticiasradioreflejos.com.ar\/2021\/\"},{\"@type\":\"ListItem\",\"position\":2,\"name\":\"Liniers ser\u00e1 el \u00fanico representante argentino en un certamen internacional de Voley\"}]},{\"@type\":\"WebSite\",\"@id\":\"https:\/\/www.noticiasradioreflejos.com.ar\/2021\/#website\",\"url\":\"https:\/\/www.noticiasradioreflejos.com.ar\/2021\/\",\"name\":\"Noticias Radio Reflejos\",\"description\":\"Las noticias de mi comarca\",\"potentialAction\":[{\"@type\":\"SearchAction\",\"target\":{\"@type\":\"EntryPoint\",\"urlTemplate\":\"https:\/\/www.noticiasradioreflejos.com.ar\/2021\/?s={search_term_string}\"},\"query-input\":{\"@type\":\"PropertyValueSpecification\",\"valueRequired\":true,\"valueName\":\"search_term_string\"}}],\"inLanguage\":\"es\"},{\"@type\":\"Person\",\"@id\":\"https:\/\/www.noticiasradioreflejos.com.ar\/2021\/#\/schema\/person\/ad82545263dcc5ec0996818884fd5fb1\",\"name\":\"Arnaldo Botto\",\"image\":{\"@type\":\"ImageObject\",\"inLanguage\":\"es\",\"@id\":\"https:\/\/www.noticiasradioreflejos.com.ar\/2021\/#\/schema\/person\/image\/\",\"url\":\"https:\/\/secure.gravatar.com\/avatar\/55cb5e37c1efa326397366e6974cb338056df65cb50e7d64d1cf314e87504837?s=96&d=mm&r=g\",\"contentUrl\":\"https:\/\/secure.gravatar.com\/avatar\/55cb5e37c1efa326397366e6974cb338056df65cb50e7d64d1cf314e87504837?s=96&d=mm&r=g\",\"caption\":\"Arnaldo Botto\"},\"url\":\"https:\/\/www.noticiasradioreflejos.com.ar\/2021\/author\/arnaldo\/\"}]}<\/script>\n<!-- \/ Yoast SEO plugin. -->","yoast_head_json":{"title":"Liniers ser\u00e1 el \u00fanico representante argentino en un certamen internacional de Voley - Noticias Radio Reflejos","robots":{"index":"index","follow":"follow","max-snippet":"max-snippet:-1","max-image-preview":"max-image-preview:large","max-video-preview":"max-video-preview:-1"},"canonical":"https:\/\/www.noticiasradioreflejos.com.ar\/2021\/liniers-sera-el-unico-representante-argentino-en-un-certamen-internacional-de-voley\/","og_locale":"es_ES","og_type":"article","og_title":"Liniers ser\u00e1 el \u00fanico representante argentino en un certamen internacional de Voley - Noticias Radio Reflejos","og_description":"Se disputar\u00e1 este fin de semana en Temuco, Chile. \u201cEste tipo de torneos te da una experiencia tremenda\u201d afirm\u00f3 el entrenador Claudio Rodr\u00edguez. Los Tornquistenses\u00a0 Josefina Candal y Juan Piedrabuena integran la delegaci\u00f3n.","og_url":"https:\/\/www.noticiasradioreflejos.com.ar\/2021\/liniers-sera-el-unico-representante-argentino-en-un-certamen-internacional-de-voley\/","og_site_name":"Noticias Radio Reflejos","article_published_time":"2022-10-25T15:38:29+00:00","article_modified_time":"2022-10-25T16:12:27+00:00","og_image":[{"url":"https:\/\/live.staticflickr.com\/65535\/52453252666_c68382f897_c.jpg","type":"","width":"","height":""}],"author":"Arnaldo Botto","twitter_card":"summary_large_image","schema":{"@context":"https:\/\/schema.org","@graph":[{"@type":"WebPage","@id":"https:\/\/www.noticiasradioreflejos.com.ar\/2021\/liniers-sera-el-unico-representante-argentino-en-un-certamen-internacional-de-voley\/","url":"https:\/\/www.noticiasradioreflejos.com.ar\/2021\/liniers-sera-el-unico-representante-argentino-en-un-certamen-internacional-de-voley\/","name":"Liniers ser\u00e1 el \u00fanico representante argentino en un certamen internacional de Voley - Noticias Radio Reflejos","isPartOf":{"@id":"https:\/\/www.noticiasradioreflejos.com.ar\/2021\/#website"},"primaryImageOfPage":{"@id":"https:\/\/www.noticiasradioreflejos.com.ar\/2021\/liniers-sera-el-unico-representante-argentino-en-un-certamen-internacional-de-voley\/#primaryimage"},"image":{"@id":"https:\/\/www.noticiasradioreflejos.com.ar\/2021\/liniers-sera-el-unico-representante-argentino-en-un-certamen-internacional-de-voley\/#primaryimage"},"thumbnailUrl":"https:\/\/live.staticflickr.com\/65535\/52453252666_c68382f897_c.jpg","datePublished":"2022-10-25T15:38:29+00:00","dateModified":"2022-10-25T16:12:27+00:00","author":{"@id":"https:\/\/www.noticiasradioreflejos.com.ar\/2021\/#\/schema\/person\/ad82545263dcc5ec0996818884fd5fb1"},"breadcrumb":{"@id":"https:\/\/www.noticiasradioreflejos.com.ar\/2021\/liniers-sera-el-unico-representante-argentino-en-un-certamen-internacional-de-voley\/#breadcrumb"},"inLanguage":"es","potentialAction":[{"@type":"ReadAction","target":["https:\/\/www.noticiasradioreflejos.com.ar\/2021\/liniers-sera-el-unico-representante-argentino-en-un-certamen-internacional-de-voley\/"]}]},{"@type":"ImageObject","inLanguage":"es","@id":"https:\/\/www.noticiasradioreflejos.com.ar\/2021\/liniers-sera-el-unico-representante-argentino-en-un-certamen-internacional-de-voley\/#primaryimage","url":"https:\/\/live.staticflickr.com\/65535\/52453252666_c68382f897_c.jpg","contentUrl":"https:\/\/live.staticflickr.com\/65535\/52453252666_c68382f897_c.jpg"},{"@type":"BreadcrumbList","@id":"https:\/\/www.noticiasradioreflejos.com.ar\/2021\/liniers-sera-el-unico-representante-argentino-en-un-certamen-internacional-de-voley\/#breadcrumb","itemListElement":[{"@type":"ListItem","position":1,"name":"Portada","item":"https:\/\/www.noticiasradioreflejos.com.ar\/2021\/"},{"@type":"ListItem","position":2,"name":"Liniers ser\u00e1 el \u00fanico representante argentino en un certamen internacional de Voley"}]},{"@type":"WebSite","@id":"https:\/\/www.noticiasradioreflejos.com.ar\/2021\/#website","url":"https:\/\/www.noticiasradioreflejos.com.ar\/2021\/","name":"Noticias Radio Reflejos","description":"Las noticias de mi comarca","potentialAction":[{"@type":"SearchAction","target":{"@type":"EntryPoint","urlTemplate":"https:\/\/www.noticiasradioreflejos.com.ar\/2021\/?s={search_term_string}"},"query-input":{"@type":"PropertyValueSpecification","valueRequired":true,"valueName":"search_term_string"}}],"inLanguage":"es"},{"@type":"Person","@id":"https:\/\/www.noticiasradioreflejos.com.ar\/2021\/#\/schema\/person\/ad82545263dcc5ec0996818884fd5fb1","name":"Arnaldo Botto","image":{"@type":"ImageObject","inLanguage":"es","@id":"https:\/\/www.noticiasradioreflejos.com.ar\/2021\/#\/schema\/person\/image\/","url":"https:\/\/secure.gravatar.com\/avatar\/55cb5e37c1efa326397366e6974cb338056df65cb50e7d64d1cf314e87504837?s=96&d=mm&r=g","contentUrl":"https:\/\/secure.gravatar.com\/avatar\/55cb5e37c1efa326397366e6974cb338056df65cb50e7d64d1cf314e87504837?s=96&d=mm&r=g","caption":"Arnaldo Botto"},"url":"https:\/\/www.noticiasradioreflejos.com.ar\/2021\/author\/arnaldo\/"}]}},"_links":{"self":[{"href":"https:\/\/www.noticiasradioreflejos.com.ar\/2021\/wp-json\/wp\/v2\/posts\/79350","targetHints":{"allow":["GET"]}}],"collection":[{"href":"https:\/\/www.noticiasradioreflejos.com.ar\/2021\/wp-json\/wp\/v2\/posts"}],"about":[{"href":"https:\/\/www.noticiasradioreflejos.com.ar\/2021\/wp-json\/wp\/v2\/types\/post"}],"author":[{"embeddable":true,"href":"https:\/\/www.noticiasradioreflejos.com.ar\/2021\/wp-json\/wp\/v2\/users\/3"}],"replies":[{"embeddable":true,"href":"https:\/\/www.noticiasradioreflejos.com.ar\/2021\/wp-json\/wp\/v2\/comments?post=79350"}],"version-history":[{"count":6,"href":"https:\/\/www.noticiasradioreflejos.com.ar\/2021\/wp-json\/wp\/v2\/posts\/79350\/revisions"}],"predecessor-version":[{"id":79363,"href":"https:\/\/www.noticiasradioreflejos.com.ar\/2021\/wp-json\/wp\/v2\/posts\/79350\/revisions\/79363"}],"wp:attachment":[{"href":"https:\/\/www.noticiasradioreflejos.com.ar\/2021\/wp-json\/wp\/v2\/media?parent=79350"}],"wp:term":[{"taxonomy":"category","embeddable":true,"href":"https:\/\/www.noticiasradioreflejos.com.ar\/2021\/wp-json\/wp\/v2\/categories?post=79350"},{"taxonomy":"post_tag","embeddable":true,"href":"https:\/\/www.noticiasradioreflejos.com.ar\/2021\/wp-json\/wp\/v2\/tags?post=79350"}],"curies":[{"name":"wp","href":"https:\/\/api.w.org\/{rel}","templated":true}]}}