{"id":79346,"date":"2022-10-25T14:51:37","date_gmt":"2022-10-25T14:51:37","guid":{"rendered":"http:\/\/www.noticiasradioreflejos.com.ar\/2021\/?p=79346"},"modified":"2022-10-26T11:18:10","modified_gmt":"2022-10-26T11:18:10","slug":"rige-alerta-meteorologico-en-toda-la-region","status":"publish","type":"post","link":"https:\/\/www.noticiasradioreflejos.com.ar\/2021\/rige-alerta-meteorologico-en-toda-la-region\/","title":{"rendered":"Rige alerta meteorol\u00f3gico en toda la regi\u00f3n."},"content":{"rendered":"<p>El Servicio Meteorol\u00f3gico Nacional inform\u00f3 este martes que para el sur cordob\u00e9s y el centro norte pampeano rigen alertas naranjas, con tormentas fuertes y abundante ca\u00edda de agua en cortos per\u00edodos, acompa\u00f1adas por intensas r\u00e1fagas y ca\u00edda de granizo. Para nuestra comarca se anuncian <strong>lluvias y tormentas, algunas fuertes, acompa\u00f1adas por r\u00e1fagas, ocasional ca\u00edda de granizo, importante actividad el\u00e9ctrica y abundante ca\u00edda de agua.<\/strong><br \/>\n<!--more--><\/p>\n<div class=\"wrapper-editable-content\">\n<div>\n<div class=\"wrapper-editable-content\">\n<div>\n<div class=\"container-md\">\n<div class=\"row\">\n<div class=\"col-md-12 speak\">\n<div class=\"paragraph\">\n<figure class=\"mb-3\"><img decoding=\"async\" src=\"https:\/\/www.telam.com.ar\/thumbs\/bluesteel\/advf\/imagenes\/2022\/03\/6225fc1575cba_1200.jpg\" alt=\"En algunas zonas se esperan tormentas severas rfagas intensas fuerte actividad elctrica y cada de granizo\" width=\"100%\" height=\"100%\" \/><\/p>\n<div class=\"media-icons\"><\/div><figcaption>En algunas zonas se esperan tormentas severas, r\u00e1fagas intensas, fuerte actividad el\u00e9ctrica y ca\u00edda de granizo.<\/figcaption><\/figure>\n<p>La\u00a0<strong>provincia de Buenos Aires, San Luis, Mendoza, La Rioja, C\u00f3rdoba, R\u00edo Negro y La Pampa<\/strong>\u00a0presentan alertas amarillas por tormentas, mientras que para el<strong>\u00a0sur cordob\u00e9s y el centro norte pampeano<\/strong>\u00a0rigen alertas naranjas por el mismo fen\u00f3meno meteorol\u00f3gico, inform\u00f3 este martes el Servicio Meteorol\u00f3gico Nacional (SMN).<\/p>\n<p>En C\u00f3rdoba, las zonas serranas de Calamuchita y de R\u00edo Cuarto, la zona baja de R\u00edo Cuarto, Ju\u00e1rez Celman, General Roca, Presidente Roque S\u00e1enz Pe\u00f1a esperan tormentas fuertes o severas, acompa\u00f1adas por intensas r\u00e1fagas, fuerte actividad el\u00e9ctrica, ca\u00edda de granizo abundante ca\u00edda de agua en cortos per\u00edodos.<\/p>\n<p>Tambi\u00e9n rige este alerta, en la que<strong>\u00a0se esperan valores de precipitaci\u00f3n acumulada entre 45 y 60 mil\u00edmetros<\/strong>, que pueden ser superados de forma localizada, para las localidades pampeanas de Chapaleuf\u00fa, Marac\u00f3, Rancul, Realic\u00f3, Trenel, Atreuc\u00f3, la capital, Catril\u00f3, Conhelo, Guatrach\u00e9, Quem\u00fa Quem\u00fa, Toay y Utrac\u00e1n.<\/p>\n<p>El SMN recomend\u00f3 para estas zonas permanecer en construcciones cerradas como casas, escuelas o edificios; mantenerse alejado de artefactos el\u00e9ctricos y evitar el uso de tel\u00e9fonos con cable; y quedarse en el interior del veh\u00edculo en caso de estar viajando.<\/p>\n<p>Adem\u00e1s, evitar circular por calles inundadas o afectadas; si hay riesgo de que el agua ingrese en la casa, cortar el suministro el\u00e9ctrico; comunicarse con los organismos de emergencias locales en caso de verse afectado por este fen\u00f3meno; y tener siempre lista una mochila de emergencias.<\/p>\n<h2 class=\"\"><\/h2>\n<p>Alertas amarillas\u00a0En tanto, el servicio emiti\u00f3 alertas amarillas en las localidades de Chamical, General Belgrano, General Ocampo, General Juan Facundo Quiroga, General San Mart\u00edn, Rosario Vera Pe\u00f1aloza de La Rioja; el este de Las Heras, La Paz, Lavalle, San Mart\u00edn, Santa Rosa, General Alvear y la zona baja de San Rafael de la provincia de Mendoza.<\/p>\n<p>Tambi\u00e9n en los departamentos de Avellaneda y Pichi Mahuida de R\u00edo Negro y Chalileo, Limay Mahuida, Loventu\u00e9, Chical Co, Puel\u00e9n, Curac\u00f3, Lihuel Calel, Caleu Caleu y Hucal de La Pampa.<\/p>\n<p>Asimismo en C\u00f3rdoba rigen alertas amarillas por tormentas en las zonas bajas y serranas de Cruz del Eje y Minas; Zona serrana de Pocho, de San Alberto, de San Javier, de Col\u00f3n, de Ischil\u00edn, de Santa Mar\u00eda, de Totoral; las zonas bajas de Calamuchita, de Santa Mar\u00eda, de Col\u00f3n, de Totoral; General San Mart\u00edn; Marcos Ju\u00e1rez; Uni\u00f3n; y Punilla.<\/p>\n<p>En San Luis ser\u00e1n afectadas por este alerta las zonas bajas y serranas de Ayacucho, Belgrano, Juan Mart\u00edn de Pueyrred\u00f3n y Coronel Pringles; adem\u00e1s de General Pedernera; Libertador General San Mart\u00edn; y Gobernador Dupuy.<\/p>\n<p>Finalmente, el alerta amarilla se extiende en las localidades bonaerenses de Bol\u00edvar, Carlos Casares, Carlos Tejedor, Hip\u00f3lito Yrigoyen, Pehuaj\u00f3, Adolfo Alsina, Daireaux, Guamin\u00ed, Pellegrini, Salliquel\u00f3, Trenque Lauquen, Tres Lomas, General La Madrid, Laprida, Olavarr\u00eda, Bah\u00eda Blanca, Patagones, Villarino, Puan, Coronel Pringles, Coronel Su\u00e1rez y Saavedra.<\/p>\n<p>Tambi\u00e9n en Tornquist, Adolfo Gonzales Chaves, Lober\u00eda, Coronel Dorrego, Necochea, San Cayetano, Tres Arroyos; costa de Patagones, de Bah\u00eda Blanca, de Coronel Dorrego, de Coronel de Marina Leonardo Rosales, de Villarino; y Monte Hermoso.<\/p>\n<p>Para estas zonas con alertas amarillas\u00a0<strong>se esperan lluvias y tormentas, algunas fuertes, acompa\u00f1adas por r\u00e1fagas, ocasional ca\u00edda de granizo, importante actividad el\u00e9ctrica y abundante ca\u00edda de agua\u00a0<\/strong>en cortos per\u00edodos, con valores de precipitaci\u00f3n acumulada entre 20 y 45 mil\u00edmetros, que pueden ser superados localmente.<\/p>\n<p>El SMN recomend\u00f3 para estos lugares no sacar la basura; retirar objetos que impidan que el agua escurra; evitar actividades al aire libre; no refugiarse cerca de \u00e1rboles y postes de electricidad que puedan caerse; no permanecer en playas, r\u00edos, lagunas o piletas; estar atento ante la posible ca\u00edda de granizo; informarse por las autoridades; y tener siempre lista una mochila de emergencias con linterna, radio, documentos y tel\u00e9fono.<\/p>\n<\/div>\n<\/div>\n<\/div>\n<\/div>\n<\/div>\n<\/div>\n<\/div>\n<\/div>\n","protected":false},"excerpt":{"rendered":"<p>El Servicio Meteorol\u00f3gico Nacional inform\u00f3 este martes que para el sur cordob\u00e9s y el centro norte pampeano rigen alertas naranjas, con tormentas fuertes y abundante ca\u00edda de agua en cortos per\u00edodos, acompa\u00f1adas por intensas r\u00e1fagas y ca\u00edda de granizo. Para nuestra comarca se anuncian lluvias y tormentas, algunas fuertes, acompa\u00f1adas por r\u00e1fagas, ocasional ca\u00edda de [&hellip;]<\/p>\n","protected":false},"author":3,"featured_media":36042,"comment_status":"closed","ping_status":"closed","sticky":false,"template":"","format":"standard","meta":{"footnotes":""},"categories":[46],"tags":[],"class_list":["post-79346","post","type-post","status-publish","format-standard","has-post-thumbnail","hentry","category-ciencia-y-tecnologia"],"yoast_head":"<!-- This site is optimized with the Yoast SEO plugin v25.9 - https:\/\/yoast.com\/wordpress\/plugins\/seo\/ -->\n<title>Rige alerta meteorol\u00f3gico en toda la regi\u00f3n. - Noticias Radio Reflejos<\/title>\n<meta name=\"robots\" content=\"index, follow, max-snippet:-1, max-image-preview:large, max-video-preview:-1\" \/>\n<link rel=\"canonical\" href=\"https:\/\/www.noticiasradioreflejos.com.ar\/2021\/rige-alerta-meteorologico-en-toda-la-region\/\" \/>\n<meta property=\"og:locale\" content=\"es_ES\" \/>\n<meta property=\"og:type\" content=\"article\" \/>\n<meta property=\"og:title\" content=\"Rige alerta meteorol\u00f3gico en toda la regi\u00f3n. - Noticias Radio Reflejos\" \/>\n<meta property=\"og:description\" content=\"El Servicio Meteorol\u00f3gico Nacional inform\u00f3 este martes que para el sur cordob\u00e9s y el centro norte pampeano rigen alertas naranjas, con tormentas fuertes y abundante ca\u00edda de agua en cortos per\u00edodos, acompa\u00f1adas por intensas r\u00e1fagas y ca\u00edda de granizo. Para nuestra comarca se anuncian lluvias y tormentas, algunas fuertes, acompa\u00f1adas por r\u00e1fagas, ocasional ca\u00edda de [&hellip;]\" \/>\n<meta property=\"og:url\" content=\"https:\/\/www.noticiasradioreflejos.com.ar\/2021\/rige-alerta-meteorologico-en-toda-la-region\/\" \/>\n<meta property=\"og:site_name\" content=\"Noticias Radio Reflejos\" \/>\n<meta property=\"article:published_time\" content=\"2022-10-25T14:51:37+00:00\" \/>\n<meta property=\"article:modified_time\" content=\"2022-10-26T11:18:10+00:00\" \/>\n<meta property=\"og:image\" content=\"https:\/\/www.noticiasradioreflejos.com.ar\/2021\/wp-content\/uploads\/2019\/11\/Alerta-Mete.png\" \/>\n\t<meta property=\"og:image:width\" content=\"877\" \/>\n\t<meta property=\"og:image:height\" content=\"395\" \/>\n\t<meta property=\"og:image:type\" content=\"image\/png\" \/>\n<meta name=\"author\" content=\"Arnaldo Botto\" \/>\n<meta name=\"twitter:card\" content=\"summary_large_image\" \/>\n<script type=\"application\/ld+json\" class=\"yoast-schema-graph\">{\"@context\":\"https:\/\/schema.org\",\"@graph\":[{\"@type\":\"WebPage\",\"@id\":\"https:\/\/www.noticiasradioreflejos.com.ar\/2021\/rige-alerta-meteorologico-en-toda-la-region\/\",\"url\":\"https:\/\/www.noticiasradioreflejos.com.ar\/2021\/rige-alerta-meteorologico-en-toda-la-region\/\",\"name\":\"Rige alerta meteorol\u00f3gico en toda la regi\u00f3n. - Noticias Radio Reflejos\",\"isPartOf\":{\"@id\":\"https:\/\/www.noticiasradioreflejos.com.ar\/2021\/#website\"},\"primaryImageOfPage\":{\"@id\":\"https:\/\/www.noticiasradioreflejos.com.ar\/2021\/rige-alerta-meteorologico-en-toda-la-region\/#primaryimage\"},\"image\":{\"@id\":\"https:\/\/www.noticiasradioreflejos.com.ar\/2021\/rige-alerta-meteorologico-en-toda-la-region\/#primaryimage\"},\"thumbnailUrl\":\"https:\/\/www.noticiasradioreflejos.com.ar\/2021\/wp-content\/uploads\/2019\/11\/Alerta-Mete.png\",\"datePublished\":\"2022-10-25T14:51:37+00:00\",\"dateModified\":\"2022-10-26T11:18:10+00:00\",\"author\":{\"@id\":\"https:\/\/www.noticiasradioreflejos.com.ar\/2021\/#\/schema\/person\/ad82545263dcc5ec0996818884fd5fb1\"},\"breadcrumb\":{\"@id\":\"https:\/\/www.noticiasradioreflejos.com.ar\/2021\/rige-alerta-meteorologico-en-toda-la-region\/#breadcrumb\"},\"inLanguage\":\"es\",\"potentialAction\":[{\"@type\":\"ReadAction\",\"target\":[\"https:\/\/www.noticiasradioreflejos.com.ar\/2021\/rige-alerta-meteorologico-en-toda-la-region\/\"]}]},{\"@type\":\"ImageObject\",\"inLanguage\":\"es\",\"@id\":\"https:\/\/www.noticiasradioreflejos.com.ar\/2021\/rige-alerta-meteorologico-en-toda-la-region\/#primaryimage\",\"url\":\"https:\/\/www.noticiasradioreflejos.com.ar\/2021\/wp-content\/uploads\/2019\/11\/Alerta-Mete.png\",\"contentUrl\":\"https:\/\/www.noticiasradioreflejos.com.ar\/2021\/wp-content\/uploads\/2019\/11\/Alerta-Mete.png\",\"width\":877,\"height\":395},{\"@type\":\"BreadcrumbList\",\"@id\":\"https:\/\/www.noticiasradioreflejos.com.ar\/2021\/rige-alerta-meteorologico-en-toda-la-region\/#breadcrumb\",\"itemListElement\":[{\"@type\":\"ListItem\",\"position\":1,\"name\":\"Portada\",\"item\":\"https:\/\/www.noticiasradioreflejos.com.ar\/2021\/\"},{\"@type\":\"ListItem\",\"position\":2,\"name\":\"Rige alerta meteorol\u00f3gico en toda la regi\u00f3n.\"}]},{\"@type\":\"WebSite\",\"@id\":\"https:\/\/www.noticiasradioreflejos.com.ar\/2021\/#website\",\"url\":\"https:\/\/www.noticiasradioreflejos.com.ar\/2021\/\",\"name\":\"Noticias Radio Reflejos\",\"description\":\"Las noticias de mi comarca\",\"potentialAction\":[{\"@type\":\"SearchAction\",\"target\":{\"@type\":\"EntryPoint\",\"urlTemplate\":\"https:\/\/www.noticiasradioreflejos.com.ar\/2021\/?s={search_term_string}\"},\"query-input\":{\"@type\":\"PropertyValueSpecification\",\"valueRequired\":true,\"valueName\":\"search_term_string\"}}],\"inLanguage\":\"es\"},{\"@type\":\"Person\",\"@id\":\"https:\/\/www.noticiasradioreflejos.com.ar\/2021\/#\/schema\/person\/ad82545263dcc5ec0996818884fd5fb1\",\"name\":\"Arnaldo Botto\",\"image\":{\"@type\":\"ImageObject\",\"inLanguage\":\"es\",\"@id\":\"https:\/\/www.noticiasradioreflejos.com.ar\/2021\/#\/schema\/person\/image\/\",\"url\":\"https:\/\/secure.gravatar.com\/avatar\/55cb5e37c1efa326397366e6974cb338056df65cb50e7d64d1cf314e87504837?s=96&d=mm&r=g\",\"contentUrl\":\"https:\/\/secure.gravatar.com\/avatar\/55cb5e37c1efa326397366e6974cb338056df65cb50e7d64d1cf314e87504837?s=96&d=mm&r=g\",\"caption\":\"Arnaldo Botto\"},\"url\":\"https:\/\/www.noticiasradioreflejos.com.ar\/2021\/author\/arnaldo\/\"}]}<\/script>\n<!-- \/ Yoast SEO plugin. -->","yoast_head_json":{"title":"Rige alerta meteorol\u00f3gico en toda la regi\u00f3n. - Noticias Radio Reflejos","robots":{"index":"index","follow":"follow","max-snippet":"max-snippet:-1","max-image-preview":"max-image-preview:large","max-video-preview":"max-video-preview:-1"},"canonical":"https:\/\/www.noticiasradioreflejos.com.ar\/2021\/rige-alerta-meteorologico-en-toda-la-region\/","og_locale":"es_ES","og_type":"article","og_title":"Rige alerta meteorol\u00f3gico en toda la regi\u00f3n. - Noticias Radio Reflejos","og_description":"El Servicio Meteorol\u00f3gico Nacional inform\u00f3 este martes que para el sur cordob\u00e9s y el centro norte pampeano rigen alertas naranjas, con tormentas fuertes y abundante ca\u00edda de agua en cortos per\u00edodos, acompa\u00f1adas por intensas r\u00e1fagas y ca\u00edda de granizo. Para nuestra comarca se anuncian lluvias y tormentas, algunas fuertes, acompa\u00f1adas por r\u00e1fagas, ocasional ca\u00edda de [&hellip;]","og_url":"https:\/\/www.noticiasradioreflejos.com.ar\/2021\/rige-alerta-meteorologico-en-toda-la-region\/","og_site_name":"Noticias Radio Reflejos","article_published_time":"2022-10-25T14:51:37+00:00","article_modified_time":"2022-10-26T11:18:10+00:00","og_image":[{"width":877,"height":395,"url":"https:\/\/www.noticiasradioreflejos.com.ar\/2021\/wp-content\/uploads\/2019\/11\/Alerta-Mete.png","type":"image\/png"}],"author":"Arnaldo Botto","twitter_card":"summary_large_image","schema":{"@context":"https:\/\/schema.org","@graph":[{"@type":"WebPage","@id":"https:\/\/www.noticiasradioreflejos.com.ar\/2021\/rige-alerta-meteorologico-en-toda-la-region\/","url":"https:\/\/www.noticiasradioreflejos.com.ar\/2021\/rige-alerta-meteorologico-en-toda-la-region\/","name":"Rige alerta meteorol\u00f3gico en toda la regi\u00f3n. - Noticias Radio Reflejos","isPartOf":{"@id":"https:\/\/www.noticiasradioreflejos.com.ar\/2021\/#website"},"primaryImageOfPage":{"@id":"https:\/\/www.noticiasradioreflejos.com.ar\/2021\/rige-alerta-meteorologico-en-toda-la-region\/#primaryimage"},"image":{"@id":"https:\/\/www.noticiasradioreflejos.com.ar\/2021\/rige-alerta-meteorologico-en-toda-la-region\/#primaryimage"},"thumbnailUrl":"https:\/\/www.noticiasradioreflejos.com.ar\/2021\/wp-content\/uploads\/2019\/11\/Alerta-Mete.png","datePublished":"2022-10-25T14:51:37+00:00","dateModified":"2022-10-26T11:18:10+00:00","author":{"@id":"https:\/\/www.noticiasradioreflejos.com.ar\/2021\/#\/schema\/person\/ad82545263dcc5ec0996818884fd5fb1"},"breadcrumb":{"@id":"https:\/\/www.noticiasradioreflejos.com.ar\/2021\/rige-alerta-meteorologico-en-toda-la-region\/#breadcrumb"},"inLanguage":"es","potentialAction":[{"@type":"ReadAction","target":["https:\/\/www.noticiasradioreflejos.com.ar\/2021\/rige-alerta-meteorologico-en-toda-la-region\/"]}]},{"@type":"ImageObject","inLanguage":"es","@id":"https:\/\/www.noticiasradioreflejos.com.ar\/2021\/rige-alerta-meteorologico-en-toda-la-region\/#primaryimage","url":"https:\/\/www.noticiasradioreflejos.com.ar\/2021\/wp-content\/uploads\/2019\/11\/Alerta-Mete.png","contentUrl":"https:\/\/www.noticiasradioreflejos.com.ar\/2021\/wp-content\/uploads\/2019\/11\/Alerta-Mete.png","width":877,"height":395},{"@type":"BreadcrumbList","@id":"https:\/\/www.noticiasradioreflejos.com.ar\/2021\/rige-alerta-meteorologico-en-toda-la-region\/#breadcrumb","itemListElement":[{"@type":"ListItem","position":1,"name":"Portada","item":"https:\/\/www.noticiasradioreflejos.com.ar\/2021\/"},{"@type":"ListItem","position":2,"name":"Rige alerta meteorol\u00f3gico en toda la regi\u00f3n."}]},{"@type":"WebSite","@id":"https:\/\/www.noticiasradioreflejos.com.ar\/2021\/#website","url":"https:\/\/www.noticiasradioreflejos.com.ar\/2021\/","name":"Noticias Radio Reflejos","description":"Las noticias de mi comarca","potentialAction":[{"@type":"SearchAction","target":{"@type":"EntryPoint","urlTemplate":"https:\/\/www.noticiasradioreflejos.com.ar\/2021\/?s={search_term_string}"},"query-input":{"@type":"PropertyValueSpecification","valueRequired":true,"valueName":"search_term_string"}}],"inLanguage":"es"},{"@type":"Person","@id":"https:\/\/www.noticiasradioreflejos.com.ar\/2021\/#\/schema\/person\/ad82545263dcc5ec0996818884fd5fb1","name":"Arnaldo Botto","image":{"@type":"ImageObject","inLanguage":"es","@id":"https:\/\/www.noticiasradioreflejos.com.ar\/2021\/#\/schema\/person\/image\/","url":"https:\/\/secure.gravatar.com\/avatar\/55cb5e37c1efa326397366e6974cb338056df65cb50e7d64d1cf314e87504837?s=96&d=mm&r=g","contentUrl":"https:\/\/secure.gravatar.com\/avatar\/55cb5e37c1efa326397366e6974cb338056df65cb50e7d64d1cf314e87504837?s=96&d=mm&r=g","caption":"Arnaldo Botto"},"url":"https:\/\/www.noticiasradioreflejos.com.ar\/2021\/author\/arnaldo\/"}]}},"_links":{"self":[{"href":"https:\/\/www.noticiasradioreflejos.com.ar\/2021\/wp-json\/wp\/v2\/posts\/79346","targetHints":{"allow":["GET"]}}],"collection":[{"href":"https:\/\/www.noticiasradioreflejos.com.ar\/2021\/wp-json\/wp\/v2\/posts"}],"about":[{"href":"https:\/\/www.noticiasradioreflejos.com.ar\/2021\/wp-json\/wp\/v2\/types\/post"}],"author":[{"embeddable":true,"href":"https:\/\/www.noticiasradioreflejos.com.ar\/2021\/wp-json\/wp\/v2\/users\/3"}],"replies":[{"embeddable":true,"href":"https:\/\/www.noticiasradioreflejos.com.ar\/2021\/wp-json\/wp\/v2\/comments?post=79346"}],"version-history":[{"count":2,"href":"https:\/\/www.noticiasradioreflejos.com.ar\/2021\/wp-json\/wp\/v2\/posts\/79346\/revisions"}],"predecessor-version":[{"id":79348,"href":"https:\/\/www.noticiasradioreflejos.com.ar\/2021\/wp-json\/wp\/v2\/posts\/79346\/revisions\/79348"}],"wp:featuredmedia":[{"embeddable":true,"href":"https:\/\/www.noticiasradioreflejos.com.ar\/2021\/wp-json\/wp\/v2\/media\/36042"}],"wp:attachment":[{"href":"https:\/\/www.noticiasradioreflejos.com.ar\/2021\/wp-json\/wp\/v2\/media?parent=79346"}],"wp:term":[{"taxonomy":"category","embeddable":true,"href":"https:\/\/www.noticiasradioreflejos.com.ar\/2021\/wp-json\/wp\/v2\/categories?post=79346"},{"taxonomy":"post_tag","embeddable":true,"href":"https:\/\/www.noticiasradioreflejos.com.ar\/2021\/wp-json\/wp\/v2\/tags?post=79346"}],"curies":[{"name":"wp","href":"https:\/\/api.w.org\/{rel}","templated":true}]}}